{"id":117505,"date":"2025-12-11T10:00:00","date_gmt":"2025-12-11T14:00:00","guid":{"rendered":"https:\/\/lasprimeras.com.do\/?p=117505"},"modified":"2025-12-11T09:37:07","modified_gmt":"2025-12-11T13:37:07","slug":"comite-de-adquirientes-reclama-respuesta-oficial-sobre-solares-pagados-al-estado","status":"publish","type":"post","link":"https:\/\/lasprimeras.com.do\/index.php\/2025\/12\/11\/comite-de-adquirientes-reclama-respuesta-oficial-sobre-solares-pagados-al-estado\/","title":{"rendered":"Comit\u00e9 de Adquirientes reclama respuesta oficial sobre solares pagados al Estado"},"content":{"rendered":"\n<p>ORLANDO ARIAS<\/p>\n\n\n\n<p>M\u00e1s de 400 familias que integran el Comit\u00e9 de Adquirientes de solares pagados al Estado dominicano, a trav\u00e9s de la Direcci\u00f3n General de Bienes Nacionales, manifestaron su profunda preocupaci\u00f3n ante la falta de respuesta sobre la ubicaci\u00f3n de los terrenos por los que aseguran haber aportado m\u00e1s de 30 millones de pesos.<\/p>\n\n\n\n<p>El vocero del grupo, Julio Moreta, explic\u00f3 que la incertidumbre marcar\u00e1 las celebraciones navide\u00f1as de estas familias, quienes esperaban recibir avances concretos sobre la entrega de los solares ubicados en la Parcela 37-C Reformada 1, en el Bonito de San Isidro (actual avenida Freddy Beras Goico), en Santo Domingo Este.<\/p>\n\n\n\n<p>Moreta sostuvo que, pese a varias gestiones y a\u00f1os de espera, a\u00fan no han sido ubicados en los terrenos que ya pagaron, seg\u00fan indican los contratos, recibos oficiales y cheques emitidos a nombre de Bienes Nacionales. Se\u00f1al\u00f3 que la comunidad albergaba la esperanza de que 2025 iniciar\u00eda con una soluci\u00f3n definitiva.<\/p>\n\n\n\n<p>\u201cPara estas familias, la Navidad llega cargada de angustia. No pedimos favores ni reclamamos lo que no nos corresponde; se trata de un derecho adquirido\u201d, afirm\u00f3 el vocero, quien reiter\u00f3 que la parcela en cuesti\u00f3n supera el mill\u00f3n de metros cuadrados, mientras que el Comit\u00e9 solo solicita la porci\u00f3n que ya fue pagada.<\/p>\n\n\n\n<p>El dirigente apel\u00f3 a la sensibilidad del presidente Luis Abinader, a quien reconoce como un mandatario cercano y dispuesto al di\u00e1logo, para que instruya a las autoridades competentes a ofrecer una salida clara y definitiva que les devuelva la tranquilidad.<\/p>\n\n\n\n<p>\u201cEl mejor regalo en esta \u00e9poca ser\u00eda que cada familia pueda recibir el solar por el cual cumpli\u00f3 con todos los compromisos econ\u00f3micos. Se\u00f1or Presidente, seguimos confiando en usted; no permita que esta gente quede en el olvido\u201d, concluy\u00f3 Moreta.<\/p>\n","protected":false},"excerpt":{"rendered":"<p>ORLANDO ARIAS M\u00e1s de 400 familias que integran el Comit\u00e9 de Adquirientes de solares pagados al Estado dominicano, a trav\u00e9s de la Direcci\u00f3n General de Bienes Nacionales, manifestaron su profunda&hellip;<\/p>\n","protected":false},"author":10,"featured_media":117506,"comment_status":"open","ping_status":"open","sticky":false,"template":"","format":"standard","meta":{"content-type":"","jetpack_post_was_ever_published":false,"_jetpack_newsletter_access":"","_jetpack_dont_email_post_to_subs":false,"_jetpack_newsletter_tier_id":0,"_jetpack_memberships_contains_paywalled_content":false,"_jetpack_memberships_contains_paid_content":false,"footnotes":""},"categories":[35,25],"tags":[28473,1068,339,28474,761],"class_list":["post-117505","post","type-post","status-publish","format-standard","has-post-thumbnail","hentry","category-nacionales","category-portada","tag-comite-de-adquirientes","tag-estado","tag-pagados","tag-respuesta-oficial","tag-solares"],"jetpack_featured_media_url":"https:\/\/lasprimeras.com.do\/wp-content\/uploads\/2025\/12\/Comite-de-Adquirientes.jpg","jetpack-related-posts":[{"id":121079,"url":"https:\/\/lasprimeras.com.do\/index.php\/2026\/01\/31\/presidente-abinader-entrega-200-apartamentos-en-sdo-financiados-por-banreservas\/","url_meta":{"origin":117505,"position":0},"title":"Presidente Abinader entrega 200 apartamentos en SDO financiados por Banreservas","author":"Nelson Feliz","date":"31 de enero de 2026","format":false,"excerpt":"La entidad financiera dispuso de una tasa de 8%, fija a siete a\u00f1os, para los adquirientes El presidente Luis Abinader entreg\u00f3 este s\u00e1bado 200 apartamentos del proyecto Lolita II, en el sector de Manoguayabo, Santo Domingo Oeste, como parte del programa Mi Vivienda a familias, cuyas adquisiciones fueron financiadas por\u2026","rel":"","context":"En \u00abECONOM\u00cdA\u00bb","block_context":{"text":"ECONOM\u00cdA","link":"https:\/\/lasprimeras.com.do\/index.php\/category\/economia\/"},"img":{"alt_text":"","src":"https:\/\/i0.wp.com\/lasprimeras.com.do\/wp-content\/uploads\/2026\/01\/Residencial-Lolita-II-2.jpg?resize=350%2C200&ssl=1","width":350,"height":200,"srcset":"https:\/\/i0.wp.com\/lasprimeras.com.do\/wp-content\/uploads\/2026\/01\/Residencial-Lolita-II-2.jpg?resize=350%2C200&ssl=1 1x, https:\/\/i0.wp.com\/lasprimeras.com.do\/wp-content\/uploads\/2026\/01\/Residencial-Lolita-II-2.jpg?resize=525%2C300&ssl=1 1.5x, https:\/\/i0.wp.com\/lasprimeras.com.do\/wp-content\/uploads\/2026\/01\/Residencial-Lolita-II-2.jpg?resize=700%2C400&ssl=1 2x"},"classes":[]},{"id":113410,"url":"https:\/\/lasprimeras.com.do\/index.php\/2025\/11\/02\/expomovil-banreservas-cierracon-financiamientos-por-mas-de-rs8653-millones\/","url_meta":{"origin":117505,"position":1},"title":"Expom\u00f3vil Banreservas cierracon financiamientos por m\u00e1s de RS$8,653 millones","author":"Nelson Feliz","date":"2 de noviembre de 2025","format":false,"excerpt":"Leonardo Aguilera resalta que la feria dinamiza el sector automotriz; tambi\u00e9n respalda a familias y empresas para adquirir su medio de transporte El Banco de Reservas cerr\u00f3 este domingo su tradicional feria de veh\u00edculos con financiamientos que superaron los RD$8,653 millones, durante la cual el sector automotriz vendi\u00f3 m\u00e1s de\u2026","rel":"","context":"En \u00abECONOM\u00cdA\u00bb","block_context":{"text":"ECONOM\u00cdA","link":"https:\/\/lasprimeras.com.do\/index.php\/category\/economia\/"},"img":{"alt_text":"","src":"https:\/\/i0.wp.com\/lasprimeras.com.do\/wp-content\/uploads\/2025\/11\/AGUILERA-1.jpg?resize=350%2C200&ssl=1","width":350,"height":200,"srcset":"https:\/\/i0.wp.com\/lasprimeras.com.do\/wp-content\/uploads\/2025\/11\/AGUILERA-1.jpg?resize=350%2C200&ssl=1 1x, https:\/\/i0.wp.com\/lasprimeras.com.do\/wp-content\/uploads\/2025\/11\/AGUILERA-1.jpg?resize=525%2C300&ssl=1 1.5x, https:\/\/i0.wp.com\/lasprimeras.com.do\/wp-content\/uploads\/2025\/11\/AGUILERA-1.jpg?resize=700%2C400&ssl=1 2x"},"classes":[]},{"id":49084,"url":"https:\/\/lasprimeras.com.do\/index.php\/2023\/05\/07\/descubren-como-las-explosiones-solares-pudieron-haber-originado-la-vida-en-la-tierra\/","url_meta":{"origin":117505,"position":2},"title":"Descubren c\u00f3mo las explosiones solares pudieron haber originado la vida en la Tierra","author":"prenxa100","date":"7 de mayo de 2023","format":false,"excerpt":"Un nuevo estudio sugiere que las reacciones qu\u00edmicas que dieron origen a los amino\u00e1cidos pudieron haberse generado gracias a erupciones de nuestro Sol. ATLANTA, RT.-.Una de las teor\u00edas m\u00e1s aceptadas sobre el origen de la vida en la Tierra sugiere que esta comenz\u00f3 durante el e\u00f3n H\u00e1dico, hace entre 4.000\u2026","rel":"","context":"En \u00abSin categor\u00eda\u00bb","block_context":{"text":"Sin categor\u00eda","link":"https:\/\/lasprimeras.com.do\/index.php\/category\/sin-categoria\/"},"img":{"alt_text":"","src":"","width":0,"height":0},"classes":[]},{"id":61613,"url":"https:\/\/lasprimeras.com.do\/index.php\/2023\/09\/28\/gobierno-inicia-plan-de-viviendas-familia-feliz-para-la-policia-nacional\/","url_meta":{"origin":117505,"position":3},"title":"Gobierno inicia Plan de Viviendas Familia Feliz para la Polic\u00eda Nacional","author":"Nelson Feliz","date":"28 de septiembre de 2023","format":false,"excerpt":"El presidente Luis Abinader da primer picazo para la construcci\u00f3n de 250 apartamentos ubicadas en el residencial Praderas del Norte, en Los Alcarrizos. Por Martin Restituyo El presidente Luis Abinader dej\u00f3 iniciados los trabajos de construcci\u00f3n de 250 apartamentos, correspondientes al nuevo Plan de Viviendas Familia Feliz para la Polic\u00eda\u2026","rel":"","context":"En \u00abECONOM\u00cdA\u00bb","block_context":{"text":"ECONOM\u00cdA","link":"https:\/\/lasprimeras.com.do\/index.php\/category\/economia\/"},"img":{"alt_text":"Luis Abinader","src":"https:\/\/i0.wp.com\/lasprimeras.com.do\/wp-content\/uploads\/2023\/09\/Luis-Abinader-1-6.jpg?resize=350%2C200&ssl=1","width":350,"height":200,"srcset":"https:\/\/i0.wp.com\/lasprimeras.com.do\/wp-content\/uploads\/2023\/09\/Luis-Abinader-1-6.jpg?resize=350%2C200&ssl=1 1x, https:\/\/i0.wp.com\/lasprimeras.com.do\/wp-content\/uploads\/2023\/09\/Luis-Abinader-1-6.jpg?resize=525%2C300&ssl=1 1.5x, https:\/\/i0.wp.com\/lasprimeras.com.do\/wp-content\/uploads\/2023\/09\/Luis-Abinader-1-6.jpg?resize=700%2C400&ssl=1 2x"},"classes":[]},{"id":98457,"url":"https:\/\/lasprimeras.com.do\/index.php\/2025\/05\/07\/gobernador-de-puerto-rico-bajo-fuego-mientras-fondos-federales-para-proyectos-solares-se-estancan\/","url_meta":{"origin":117505,"position":4},"title":"Gobernador de Puerto Rico bajo fuego mientras fondos federales para proyectos solares se estancan","author":"Nelson Feliz","date":"7 de mayo de 2025","format":false,"excerpt":"Por D\u00c1NICA COTO SAN JUAN, Puerto Rico (AP) \u2014 La gobernadora de Puerto Rico fue criticada el martes luego de que su promesa de apoyar la inversi\u00f3n de millones de d\u00f3lares federales en proyectos solares en todo el territorio estadounidense pareci\u00f3 desvanecerse. Ha transcurrido m\u00e1s de una semana desde que\u2026","rel":"","context":"En \u00abINTERNACIONALES\u00bb","block_context":{"text":"INTERNACIONALES","link":"https:\/\/lasprimeras.com.do\/index.php\/category\/sin-categoria\/internacionales\/"},"img":{"alt_text":"","src":"https:\/\/i0.wp.com\/lasprimeras.com.do\/wp-content\/uploads\/2025\/05\/Jenniffer-Gonzalez.jpg?resize=350%2C200&ssl=1","width":350,"height":200,"srcset":"https:\/\/i0.wp.com\/lasprimeras.com.do\/wp-content\/uploads\/2025\/05\/Jenniffer-Gonzalez.jpg?resize=350%2C200&ssl=1 1x, https:\/\/i0.wp.com\/lasprimeras.com.do\/wp-content\/uploads\/2025\/05\/Jenniffer-Gonzalez.jpg?resize=525%2C300&ssl=1 1.5x, https:\/\/i0.wp.com\/lasprimeras.com.do\/wp-content\/uploads\/2025\/05\/Jenniffer-Gonzalez.jpg?resize=700%2C400&ssl=1 2x"},"classes":[]},{"id":65764,"url":"https:\/\/lasprimeras.com.do\/index.php\/2023\/10\/31\/comision-revisora-del-cea-recomienda-crear-fideicomiso-publico-para-administracion-eficaz-de-activos\/","url_meta":{"origin":117505,"position":5},"title":"Comisi\u00f3n revisora del CEA recomienda crear fideicomiso p\u00fablico para administraci\u00f3n eficaz de activos","author":"Nelson Feliz","date":"31 de octubre de 2023","format":false,"excerpt":"La comisi\u00f3n recomend\u00f3, adem\u00e1s, proteger a familias de bajos ingresos adquirientes de peque\u00f1as porciones de terrenos del CEA. La comisi\u00f3n creada por el presidente Luis Abinader para revisar los contratos sobre ventas de terrenos propiedad de los ingenios del Estado suscritos entre el Consejo Estatal del Az\u00facar (CEA) y particulares\u2026","rel":"","context":"En \u00abECONOM\u00cdA\u00bb","block_context":{"text":"ECONOM\u00cdA","link":"https:\/\/lasprimeras.com.do\/index.php\/category\/economia\/"},"img":{"alt_text":"CEA","src":"https:\/\/i0.wp.com\/lasprimeras.com.do\/wp-content\/uploads\/2023\/10\/CEA.jpg?resize=350%2C200&ssl=1","width":350,"height":200,"srcset":"https:\/\/i0.wp.com\/lasprimeras.com.do\/wp-content\/uploads\/2023\/10\/CEA.jpg?resize=350%2C200&ssl=1 1x, https:\/\/i0.wp.com\/lasprimeras.com.do\/wp-content\/uploads\/2023\/10\/CEA.jpg?resize=525%2C300&ssl=1 1.5x, https:\/\/i0.wp.com\/lasprimeras.com.do\/wp-content\/uploads\/2023\/10\/CEA.jpg?resize=700%2C400&ssl=1 2x"},"classes":[]}],"jetpack_sharing_enabled":true,"_links":{"self":[{"href":"https:\/\/lasprimeras.com.do\/index.php\/wp-json\/wp\/v2\/posts\/117505","targetHints":{"allow":["GET"]}}],"collection":[{"href":"https:\/\/lasprimeras.com.do\/index.php\/wp-json\/wp\/v2\/posts"}],"about":[{"href":"https:\/\/lasprimeras.com.do\/index.php\/wp-json\/wp\/v2\/types\/post"}],"author":[{"embeddable":true,"href":"https:\/\/lasprimeras.com.do\/index.php\/wp-json\/wp\/v2\/users\/10"}],"replies":[{"embeddable":true,"href":"https:\/\/lasprimeras.com.do\/index.php\/wp-json\/wp\/v2\/comments?post=117505"}],"version-history":[{"count":1,"href":"https:\/\/lasprimeras.com.do\/index.php\/wp-json\/wp\/v2\/posts\/117505\/revisions"}],"predecessor-version":[{"id":117507,"href":"https:\/\/lasprimeras.com.do\/index.php\/wp-json\/wp\/v2\/posts\/117505\/revisions\/117507"}],"wp:featuredmedia":[{"embeddable":true,"href":"https:\/\/lasprimeras.com.do\/index.php\/wp-json\/wp\/v2\/media\/117506"}],"wp:attachment":[{"href":"https:\/\/lasprimeras.com.do\/index.php\/wp-json\/wp\/v2\/media?parent=117505"}],"wp:term":[{"taxonomy":"category","embeddable":true,"href":"https:\/\/lasprimeras.com.do\/index.php\/wp-json\/wp\/v2\/categories?post=117505"},{"taxonomy":"post_tag","embeddable":true,"href":"https:\/\/lasprimeras.com.do\/index.php\/wp-json\/wp\/v2\/tags?post=117505"}],"curies":[{"name":"wp","href":"https:\/\/api.w.org\/{rel}","templated":true}]}}