{"id":117508,"date":"2025-12-11T10:30:00","date_gmt":"2025-12-11T14:30:00","guid":{"rendered":"https:\/\/lasprimeras.com.do\/?p=117508"},"modified":"2025-12-11T09:41:05","modified_gmt":"2025-12-11T13:41:05","slug":"senasa-implementa-nuevas-coberturas-segun-actualizacion-del-plan-de-servicios-de-salud","status":"publish","type":"post","link":"https:\/\/lasprimeras.com.do\/index.php\/2025\/12\/11\/senasa-implementa-nuevas-coberturas-segun-actualizacion-del-plan-de-servicios-de-salud\/","title":{"rendered":"SeNaSa implementa nuevas coberturas seg\u00fan actualizaci\u00f3n del Plan de Servicios de Salud"},"content":{"rendered":"\n<p>El Seguro Nacional de Salud (SeNaSa) inform\u00f3 la incorporaci\u00f3n de nuevas coberturas exclusivas para sus afiliados del R\u00e9gimen Contributivo, en cumplimiento con la Resoluci\u00f3n 624-02 aprobada por el Consejo Nacional de Seguridad Social (CNSS), la cual actualiza el cat\u00e1logo del Plan de Servicios de Salud (PDSS).<\/p>\n\n\n\n<p>Estas medidas fortalecen el acceso a servicios esenciales, medicamentos y procedimientos de alto impacto para la salud de la poblaci\u00f3n afiliada.<\/p>\n\n\n\n<p>Entre las nuevas coberturas aprobadas se encuentran procedimientos quir\u00fargicos especializados, incluyendo mamoplastia de reducci\u00f3n por gigantomastia, mamoplastia de reducci\u00f3n por hipertrofia mamaria sintom\u00e1tica y mamoplastia de reducci\u00f3n por ginecomastia, todos orientados a mejorar la calidad de vida de los pacientes que requieren dichas intervenciones.<\/p>\n\n\n\n<p>En el rengl\u00f3n de medicamentos ambulatorios, la resoluci\u00f3n integra 40 nuevos f\u00e1rmacos, entre ellos 20 nuevos principios activos de primer, segundo y tercer nivel.<\/p>\n\n\n\n<p>Tambi\u00e9n se incorporan medicamentos pertenecientes a Programas Especiales de Salud P\u00fablica, as\u00ed como tratamientos actualizados para el VIH, la Hepatitis B y la Tuberculosis, ampliando significativamente las opciones terap\u00e9uticas disponibles para los afiliados.<\/p>\n\n\n\n<p>Asimismo, se incluyen nuevos procedimientos para el diagn\u00f3stico y control de la tuberculosis, fortaleciendo la capacidad de respuesta frente a esta enfermedad y contribuyendo a una atenci\u00f3n m\u00e1s oportuna y efectiva.<\/p>\n\n\n\n<p>De igual manera, la resoluci\u00f3n establece un incremento en los honorarios m\u00e9dicos ambulatorios, que abarca consultas m\u00e9dicas especializadas, consultas odontol\u00f3gicas y consultas psiqui\u00e1tricas y de psicolog\u00eda, con el objetivo de garantizar una atenci\u00f3n m\u00e1s accesible y de calidad para todos los beneficiarios.<\/p>\n\n\n\n<p>Finalmente, se incorpora un c\u00e1pita diferenciado por grupo etario y factores de riesgo dentro del R\u00e9gimen Contributivo, lo que permitir\u00e1 una gesti\u00f3n m\u00e1s equitativa y eficiente de los recursos, ajust\u00e1ndose a las necesidades reales de cada segmento poblacional.<\/p>\n\n\n\n<p>Con estas nuevas coberturas, SeNaSa contin\u00faa fortaleciendo la protecci\u00f3n social en salud y ofreciendo prestaciones oportunas, integrales y alineadas con las demandas actuales del sistema sanitario.<\/p>\n","protected":false},"excerpt":{"rendered":"<p>El Seguro Nacional de Salud (SeNaSa) inform\u00f3 la incorporaci\u00f3n de nuevas coberturas exclusivas para sus afiliados del R\u00e9gimen Contributivo, en cumplimiento con la Resoluci\u00f3n 624-02 aprobada por el Consejo Nacional&hellip;<\/p>\n","protected":false},"author":10,"featured_media":94333,"comment_status":"open","ping_status":"open","sticky":false,"template":"","format":"standard","meta":{"content-type":"","jetpack_post_was_ever_published":false,"_jetpack_newsletter_access":"","_jetpack_dont_email_post_to_subs":false,"_jetpack_newsletter_tier_id":0,"_jetpack_memberships_contains_paywalled_content":false,"_jetpack_memberships_contains_paid_content":false,"footnotes":""},"categories":[25,16558],"tags":[1134,28475,28476,580],"class_list":["post-117508","post","type-post","status-publish","format-standard","has-post-thumbnail","hentry","category-portada","category-salud","tag-actualizacion","tag-nuevas-coberturas","tag-plan-de-servicios-de-salud","tag-senasa"],"jetpack_featured_media_url":"https:\/\/lasprimeras.com.do\/wp-content\/uploads\/2025\/02\/SeNaSa.jpg","jetpack-related-posts":[{"id":94332,"url":"https:\/\/lasprimeras.com.do\/index.php\/2025\/02\/27\/gobierno-amplia-cobertura-de-salud-a-mas-de-80-mil-militares-a-traves-de-senasa\/","url_meta":{"origin":117508,"position":0},"title":"Gobierno ampl\u00eda cobertura de salud a m\u00e1s de 80 mil militares a trav\u00e9s de SeNaSa","author":"Nelson Feliz","date":"27 de febrero de 2025","format":false,"excerpt":"Como parte de las pol\u00edticas de protecci\u00f3n social impulsadas por el presidente Luis Abinader, el Gobierno a trav\u00e9s de SeNaSa ampli\u00f3 la cobertura en salud para los miembros de las Fuerzas Armadas, pasando del plan b\u00e1sico al m\u00e1ximo nivel de cobertura. Esta medida beneficia a unos 82 mil militares activos\u2026","rel":"","context":"En \u00abSALUD\u00bb","block_context":{"text":"SALUD","link":"https:\/\/lasprimeras.com.do\/index.php\/category\/salud\/"},"img":{"alt_text":"","src":"https:\/\/i0.wp.com\/lasprimeras.com.do\/wp-content\/uploads\/2025\/02\/SeNaSa.jpg?resize=350%2C200&ssl=1","width":350,"height":200,"srcset":"https:\/\/i0.wp.com\/lasprimeras.com.do\/wp-content\/uploads\/2025\/02\/SeNaSa.jpg?resize=350%2C200&ssl=1 1x, https:\/\/i0.wp.com\/lasprimeras.com.do\/wp-content\/uploads\/2025\/02\/SeNaSa.jpg?resize=525%2C300&ssl=1 1.5x, https:\/\/i0.wp.com\/lasprimeras.com.do\/wp-content\/uploads\/2025\/02\/SeNaSa.jpg?resize=700%2C400&ssl=1 2x"},"classes":[]},{"id":98175,"url":"https:\/\/lasprimeras.com.do\/index.php\/2025\/05\/02\/senasa-entrega-carnets-de-afiliados-a-miembros-de-conatra\/","url_meta":{"origin":117508,"position":1},"title":"SENASA entrega carnets de afiliados a miembros de CONATRA","author":"Nelson Feliz","date":"2 de mayo de 2025","format":false,"excerpt":"Cientos de miembros de la Confederaci\u00f3n Nacional de Organizaciones de Transporte (CONATRA), en coordinaci\u00f3n con el Seguro Nacional de Salud (SENASA), recibieron sus carnets que los acreditan como afiliados al r\u00e9gimen contributivo de esa Administradora de Riesgos de Salud (ARS). Seg\u00fan establece el acuerdo de colaboraci\u00f3n firmado entre ambas instituciones\u2026","rel":"","context":"En \u00abNACIONALES\u00bb","block_context":{"text":"NACIONALES","link":"https:\/\/lasprimeras.com.do\/index.php\/category\/nacionales\/"},"img":{"alt_text":"","src":"https:\/\/i0.wp.com\/lasprimeras.com.do\/wp-content\/uploads\/2025\/05\/senasa-1.jpg?resize=350%2C200&ssl=1","width":350,"height":200,"srcset":"https:\/\/i0.wp.com\/lasprimeras.com.do\/wp-content\/uploads\/2025\/05\/senasa-1.jpg?resize=350%2C200&ssl=1 1x, https:\/\/i0.wp.com\/lasprimeras.com.do\/wp-content\/uploads\/2025\/05\/senasa-1.jpg?resize=525%2C300&ssl=1 1.5x, https:\/\/i0.wp.com\/lasprimeras.com.do\/wp-content\/uploads\/2025\/05\/senasa-1.jpg?resize=700%2C400&ssl=1 2x"},"classes":[]},{"id":98050,"url":"https:\/\/lasprimeras.com.do\/index.php\/2025\/05\/01\/senasa-propone-actualizar-cobertura-del-plan-de-salud-para-incluir-terapias-a-ninos-con-tea\/","url_meta":{"origin":117508,"position":2},"title":"SeNaSa propone actualizar cobertura del plan de salud para incluir terapias a ni\u00f1os con TEA","author":"Nelson Feliz","date":"1 de mayo de 2025","format":false,"excerpt":"El Seguro Nacional de Salud (SeNaSa) inform\u00f3 este mi\u00e9rcoles que, tras una auditor\u00eda m\u00e9dica realizada al Centro Integral de Atenci\u00f3n al Desarrollo Infanto-Juvenil y la Familia (CIADIF), se detectaron irregularidades en la facturaci\u00f3n de servicios no contemplados en el Cat\u00e1logo de Prestaciones del Plan de Servicios de Salud (PDSS). La\u2026","rel":"","context":"En \u00abSALUD\u00bb","block_context":{"text":"SALUD","link":"https:\/\/lasprimeras.com.do\/index.php\/category\/salud\/"},"img":{"alt_text":"","src":"https:\/\/i0.wp.com\/lasprimeras.com.do\/wp-content\/uploads\/2025\/02\/SeNaSa.jpg?resize=350%2C200&ssl=1","width":350,"height":200,"srcset":"https:\/\/i0.wp.com\/lasprimeras.com.do\/wp-content\/uploads\/2025\/02\/SeNaSa.jpg?resize=350%2C200&ssl=1 1x, https:\/\/i0.wp.com\/lasprimeras.com.do\/wp-content\/uploads\/2025\/02\/SeNaSa.jpg?resize=525%2C300&ssl=1 1.5x, https:\/\/i0.wp.com\/lasprimeras.com.do\/wp-content\/uploads\/2025\/02\/SeNaSa.jpg?resize=700%2C400&ssl=1 2x"},"classes":[]},{"id":63263,"url":"https:\/\/lasprimeras.com.do\/index.php\/2023\/10\/11\/santiago-hazimsenasa-es-principal-aseguradora-rd-con-75-millones-afiliados\/","url_meta":{"origin":117508,"position":3},"title":"Santiago Hazim:&#8221;SENASA es principal aseguradora RD con 7,5 millones afiliados&#8221;","author":"Nelson Feliz","date":"11 de octubre de 2023","format":false,"excerpt":"Por Mart\u00edn Restituyo El Seguro Nacional de Salud (SENASA) se ha convertido en la principal aseguradora del pa\u00eds, impactando en la vida de m\u00e1s de 7,5 millones dominicanos afiliados activos con una inversi\u00f3n que sobre pasa los 102 mil 321 millones de pesos. El director ejecutivo del Seguro Nacional de\u2026","rel":"","context":"En \u00abECONOM\u00cdA\u00bb","block_context":{"text":"ECONOM\u00cdA","link":"https:\/\/lasprimeras.com.do\/index.php\/category\/economia\/"},"img":{"alt_text":"Santiago Hazim","src":"https:\/\/i0.wp.com\/lasprimeras.com.do\/wp-content\/uploads\/2023\/10\/Santiago-Hazim.jpg?resize=350%2C200&ssl=1","width":350,"height":200,"srcset":"https:\/\/i0.wp.com\/lasprimeras.com.do\/wp-content\/uploads\/2023\/10\/Santiago-Hazim.jpg?resize=350%2C200&ssl=1 1x, https:\/\/i0.wp.com\/lasprimeras.com.do\/wp-content\/uploads\/2023\/10\/Santiago-Hazim.jpg?resize=525%2C300&ssl=1 1.5x, https:\/\/i0.wp.com\/lasprimeras.com.do\/wp-content\/uploads\/2023\/10\/Santiago-Hazim.jpg?resize=700%2C400&ssl=1 2x"},"classes":[]},{"id":70870,"url":"https:\/\/lasprimeras.com.do\/index.php\/2023\/12\/15\/aumentan-50-a-cobertura-de-medicamentos-ambulatorios-del-sfs\/","url_meta":{"origin":117508,"position":4},"title":"Aumentan 50% a cobertura de medicamentos ambulatorios del SFS","author":"BIMARY DE JES\u00daS Matos","date":"15 de diciembre de 2023","format":false,"excerpt":"Santo Domingo.-El Consejo Nacional de Seguridad Social (CNSS) aprob\u00f3 este jueves el aumento de la cobertura de medicamentos ambulatorios, pasando de RD$8,000 a RD$12,000 por a\u00f1o a favor de los afiliados del Seguro Familiar de Salud (SFS) del R\u00e9gimen Contributivo, lo que contribuye a disminuir el gasto de bolsillo de\u2026","rel":"","context":"En \u00abPORTADA\u00bb","block_context":{"text":"PORTADA","link":"https:\/\/lasprimeras.com.do\/index.php\/category\/portada\/"},"img":{"alt_text":"","src":"https:\/\/i0.wp.com\/lasprimeras.com.do\/wp-content\/uploads\/2023\/12\/WhatsApp-Image-2023-12-14-at-4.48.00-PM-1.jpeg?resize=350%2C200&ssl=1","width":350,"height":200,"srcset":"https:\/\/i0.wp.com\/lasprimeras.com.do\/wp-content\/uploads\/2023\/12\/WhatsApp-Image-2023-12-14-at-4.48.00-PM-1.jpeg?resize=350%2C200&ssl=1 1x, https:\/\/i0.wp.com\/lasprimeras.com.do\/wp-content\/uploads\/2023\/12\/WhatsApp-Image-2023-12-14-at-4.48.00-PM-1.jpeg?resize=525%2C300&ssl=1 1.5x"},"classes":[]},{"id":87583,"url":"https:\/\/lasprimeras.com.do\/index.php\/2024\/08\/14\/santiago-hazim-el-98-de-la-poblacion-tiene-acceso-al-seguro-familiar-de-salud\/","url_meta":{"origin":117508,"position":5},"title":"Santiago Hazim: El 98% de la poblaci\u00f3n tiene acceso al Seguro Familiar de Salud","author":"Nelson Feliz","date":"14 de agosto de 2024","format":false,"excerpt":"En 4 a\u00f1os SeNaSa ofreci\u00f3 m\u00e1s 336 millones de servicios de salud. Con la celebraci\u00f3n de una eucarist\u00eda de acci\u00f3n de gracia en la Parroquia San Judas Tadeo, el Seguro Nacional de Salud (SeNaSa) agradeci\u00f3 a Dios por cada uno de los colaboradores quienes han hecho posible que el 72%\u2026","rel":"","context":"En \u00abECONOM\u00cdA\u00bb","block_context":{"text":"ECONOM\u00cdA","link":"https:\/\/lasprimeras.com.do\/index.php\/category\/economia\/"},"img":{"alt_text":"misa","src":"https:\/\/i0.wp.com\/lasprimeras.com.do\/wp-content\/uploads\/2024\/08\/misa.jpeg?resize=350%2C200&ssl=1","width":350,"height":200,"srcset":"https:\/\/i0.wp.com\/lasprimeras.com.do\/wp-content\/uploads\/2024\/08\/misa.jpeg?resize=350%2C200&ssl=1 1x, https:\/\/i0.wp.com\/lasprimeras.com.do\/wp-content\/uploads\/2024\/08\/misa.jpeg?resize=525%2C300&ssl=1 1.5x, https:\/\/i0.wp.com\/lasprimeras.com.do\/wp-content\/uploads\/2024\/08\/misa.jpeg?resize=700%2C400&ssl=1 2x"},"classes":[]}],"jetpack_sharing_enabled":true,"_links":{"self":[{"href":"https:\/\/lasprimeras.com.do\/index.php\/wp-json\/wp\/v2\/posts\/117508","targetHints":{"allow":["GET"]}}],"collection":[{"href":"https:\/\/lasprimeras.com.do\/index.php\/wp-json\/wp\/v2\/posts"}],"about":[{"href":"https:\/\/lasprimeras.com.do\/index.php\/wp-json\/wp\/v2\/types\/post"}],"author":[{"embeddable":true,"href":"https:\/\/lasprimeras.com.do\/index.php\/wp-json\/wp\/v2\/users\/10"}],"replies":[{"embeddable":true,"href":"https:\/\/lasprimeras.com.do\/index.php\/wp-json\/wp\/v2\/comments?post=117508"}],"version-history":[{"count":1,"href":"https:\/\/lasprimeras.com.do\/index.php\/wp-json\/wp\/v2\/posts\/117508\/revisions"}],"predecessor-version":[{"id":117509,"href":"https:\/\/lasprimeras.com.do\/index.php\/wp-json\/wp\/v2\/posts\/117508\/revisions\/117509"}],"wp:featuredmedia":[{"embeddable":true,"href":"https:\/\/lasprimeras.com.do\/index.php\/wp-json\/wp\/v2\/media\/94333"}],"wp:attachment":[{"href":"https:\/\/lasprimeras.com.do\/index.php\/wp-json\/wp\/v2\/media?parent=117508"}],"wp:term":[{"taxonomy":"category","embeddable":true,"href":"https:\/\/lasprimeras.com.do\/index.php\/wp-json\/wp\/v2\/categories?post=117508"},{"taxonomy":"post_tag","embeddable":true,"href":"https:\/\/lasprimeras.com.do\/index.php\/wp-json\/wp\/v2\/tags?post=117508"}],"curies":[{"name":"wp","href":"https:\/\/api.w.org\/{rel}","templated":true}]}}