{"id":117515,"date":"2025-12-11T11:34:57","date_gmt":"2025-12-11T15:34:57","guid":{"rendered":"https:\/\/lasprimeras.com.do\/?p=117515"},"modified":"2025-12-11T11:34:58","modified_gmt":"2025-12-11T15:34:58","slug":"gobierno-fortalece-vinculos-con-periodistas-de-santiago","status":"publish","type":"post","link":"https:\/\/lasprimeras.com.do\/index.php\/2025\/12\/11\/gobierno-fortalece-vinculos-con-periodistas-de-santiago\/","title":{"rendered":"Gobierno fortalece v\u00ednculos con periodistas de Santiago"},"content":{"rendered":"\n<p><strong>La actividad reuni\u00f3 a las principales autoridades de la provincia de Santiago, que se integraron al compartir navide\u00f1o con periodistas y comunicadores.<\/strong><\/p>\n\n\n\n<p>El director de Prensa del Presidente, Carlos Alberto Caminero, encabez\u00f3 un encuentro con periodistas y comunicadores de la provincia de Santiago, realizado en el Sal\u00f3n Juan Pablo Duarte de la Gobernaci\u00f3n Provincial, con el objetivo de compartir los logros de la gesti\u00f3n del presidente Luis Abinader y fortalecer los lazos de colaboraci\u00f3n entre el Gobierno y los medios de comunicaci\u00f3n.<\/p>\n\n\n\n<p>En un ambiente acorde con la \u00e9poca festiva de la Navidad, decenas de profesionales de la comunicaci\u00f3n compartieron un almuerzo y participaron en un espacio de di\u00e1logo cercano con las autoridades presentes.<\/p>\n\n\n\n<p>En sus palabras centrales, Caminero destac\u00f3 la entrega y la responsabilidad social de los comunicadores, subrayando que su trabajo va m\u00e1s all\u00e1 de informar.<\/p>\n\n\n\n<figure class=\"wp-block-image size-full\"><img decoding=\"async\" width=\"900\" height=\"600\" src=\"https:\/\/lasprimeras.com.do\/wp-content\/uploads\/2025\/12\/1.jpg\" alt=\"\" class=\"wp-image-117517\" srcset=\"https:\/\/lasprimeras.com.do\/wp-content\/uploads\/2025\/12\/1.jpg 900w, https:\/\/lasprimeras.com.do\/wp-content\/uploads\/2025\/12\/1-300x200.jpg 300w, https:\/\/lasprimeras.com.do\/wp-content\/uploads\/2025\/12\/1-768x512.jpg 768w\" sizes=\"(max-width: 900px) 100vw, 900px\" \/><\/figure>\n\n\n\n<p>\u201cCon su entrega, porque no solamente ofrecen informaciones al pa\u00eds y a las sociedades donde est\u00e9n, sino que tambi\u00e9n orientan, hacen un gran servicio al pa\u00eds. vamos a darnos un apret\u00f3n de manos, aunque sea simb\u00f3lico, entre todos los colegas que estamos aqu\u00ed, para que tengamos un pa\u00eds pr\u00f3spero, que tengamos unas Navidades completamente felices y en paz, y que la democracia sea lo fundamental en nuestra naci\u00f3n. Much\u00edsimas gracias por su presencia\u201d, expres\u00f3 el director de Prensa del Presidente, cuyas palabras se convirtieron en el eje del encuentro.<\/p>\n\n\n\n<figure class=\"wp-block-image size-full\"><img decoding=\"async\" width=\"900\" height=\"600\" src=\"https:\/\/lasprimeras.com.do\/wp-content\/uploads\/2025\/12\/2.jpg\" alt=\"\" class=\"wp-image-117518\" srcset=\"https:\/\/lasprimeras.com.do\/wp-content\/uploads\/2025\/12\/2.jpg 900w, https:\/\/lasprimeras.com.do\/wp-content\/uploads\/2025\/12\/2-300x200.jpg 300w, https:\/\/lasprimeras.com.do\/wp-content\/uploads\/2025\/12\/2-768x512.jpg 768w\" sizes=\"(max-width: 900px) 100vw, 900px\" \/><\/figure>\n\n\n\n<p>Tambi\u00e9n particip\u00f3 el subdirector de Prensa del Presidente, Lucildo G\u00f3mez, quien ofreci\u00f3 la acogida a los asistentes, resaltando el respaldo y apoyo brindado por los periodistas y comunicadores a las diferentes iniciativas del Gobierno, record\u00f3 adem\u00e1s que el gobierno central ya ha entregado las ayudas que env\u00eda a las comunidades para llevar a cada rinc\u00f3n del pa\u00eds, llevando alegr\u00eda y entusiasmo a las familias en Navidad.<\/p>\n\n\n\n<figure class=\"wp-block-image size-full\"><img decoding=\"async\" width=\"900\" height=\"677\" src=\"https:\/\/lasprimeras.com.do\/wp-content\/uploads\/2025\/12\/3.jpg\" alt=\"\" class=\"wp-image-117519\" srcset=\"https:\/\/lasprimeras.com.do\/wp-content\/uploads\/2025\/12\/3.jpg 900w, https:\/\/lasprimeras.com.do\/wp-content\/uploads\/2025\/12\/3-300x226.jpg 300w, https:\/\/lasprimeras.com.do\/wp-content\/uploads\/2025\/12\/3-768x578.jpg 768w\" sizes=\"(max-width: 900px) 100vw, 900px\" \/><\/figure>\n\n\n\n<p>De su lado, la gobernadora provincial de Santiago, licenciada Rosa Santos, exhort\u00f3 a los presentes a ser conscientes del poder que tienen en sus manos al comunicar, record\u00e1ndoles que &#8220;con nuestra comunicaci\u00f3n podemos elevar a alguien, pero tambi\u00e9n podemos destruirlo&#8221;.<\/p>\n\n\n\n<p>Se\u00f1al\u00f3 que en la labor diaria de los comunicadores se ponen en juego la moral, los valores y hasta la salud de las personas, por lo que llam\u00f3 a ejercer el oficio con criterio y responsabilidad.<\/p>\n\n\n\n<p>En la actividad estuvieron presentes el alcalde del municipio de Santiago, Ulises Rodr\u00edguez; el doctor Bernardo Hilario, director regional del Servicio Nacional de Salud; Alexis Sosa, encargado de infraestructura escolar en la provincia; y el exdirector de CORAASAN, Andr\u00e9s Burgos.<\/p>\n\n\n\n<p>Asimismo, participaron directores y representantes de los principales gremios de la comunicaci\u00f3n de Santiago, entre ellos el Sindicato Nacional de Trabajadores de la Prensa (SNTP), filial Santiago; el Colegio Dominicano de Periodistas (CDP); la Asociaci\u00f3n de Locutores Dominicanos (ALS) y otros colectivos de comunicadores de la provincia.<\/p>\n\n\n\n<p>El encuentro estuvo amenizado por el conjunto t\u00edpico del Ej\u00e9rcito de la Rep\u00fablica Dominicana, de la Segunda Brigada, que puso el toque festivo y navide\u00f1o a esta jornada de confraternidad y reconocimiento al rol esencial de la prensa en la consolidaci\u00f3n de la democracia.<\/p>\n","protected":false},"excerpt":{"rendered":"<p>La actividad reuni\u00f3 a las principales autoridades de la provincia de Santiago, que se integraron al compartir navide\u00f1o con periodistas y comunicadores. El director de Prensa del Presidente, Carlos Alberto&hellip;<\/p>\n","protected":false},"author":10,"featured_media":117516,"comment_status":"open","ping_status":"open","sticky":false,"template":"","format":"standard","meta":{"content-type":"","jetpack_post_was_ever_published":false,"_jetpack_newsletter_access":"","_jetpack_dont_email_post_to_subs":false,"_jetpack_newsletter_tier_id":0,"_jetpack_memberships_contains_paywalled_content":false,"_jetpack_memberships_contains_paid_content":false,"footnotes":""},"categories":[35,25],"tags":[352,607,247,2086,89,2080,94,1049],"class_list":["post-117515","post","type-post","status-publish","format-standard","has-post-thumbnail","hentry","category-nacionales","category-portada","tag-comunicadores","tag-democracia","tag-director","tag-encuentro","tag-periodistas","tag-prensa","tag-presidencia","tag-santiago"],"jetpack_featured_media_url":"https:\/\/lasprimeras.com.do\/wp-content\/uploads\/2025\/12\/Carlos-Alberto-Caminero-1.jpg","jetpack-related-posts":[{"id":113601,"url":"https:\/\/lasprimeras.com.do\/index.php\/2025\/11\/04\/gremios-de-la-comunicacion-anuncian-encendido-arbol-de-navidad\/","url_meta":{"origin":117515,"position":0},"title":"Gremios de la Comunicaci\u00f3n anuncian encendido \u00c1rbol de Navidad","author":"Nelson Feliz","date":"4 de noviembre de 2025","format":false,"excerpt":"El Club Recreativo de los Periodistas y los diferentes gremios de la Comunicaci\u00f3n de Santiago anunciaron este martes su tradicional encendido del \u00c1rbol Navide\u00f1o de la Comunicaci\u00f3n. La actividad se llevar\u00e1 a efecto este viernes 7 de noviembre a partir de las 6: 30 P.M. en las instalaciones del Club\u2026","rel":"","context":"En \u00abENTRETENIMIENTO\u00bb","block_context":{"text":"ENTRETENIMIENTO","link":"https:\/\/lasprimeras.com.do\/index.php\/category\/entretenimiento\/"},"img":{"alt_text":"","src":"https:\/\/i0.wp.com\/lasprimeras.com.do\/wp-content\/uploads\/2025\/11\/Arbol-de-Navidad.jpg?resize=350%2C200&ssl=1","width":350,"height":200,"srcset":"https:\/\/i0.wp.com\/lasprimeras.com.do\/wp-content\/uploads\/2025\/11\/Arbol-de-Navidad.jpg?resize=350%2C200&ssl=1 1x, https:\/\/i0.wp.com\/lasprimeras.com.do\/wp-content\/uploads\/2025\/11\/Arbol-de-Navidad.jpg?resize=525%2C300&ssl=1 1.5x, https:\/\/i0.wp.com\/lasprimeras.com.do\/wp-content\/uploads\/2025\/11\/Arbol-de-Navidad.jpg?resize=700%2C400&ssl=1 2x"},"classes":[]},{"id":109464,"url":"https:\/\/lasprimeras.com.do\/index.php\/2025\/09\/18\/director-de-prensa-presidencia-rd-se-reune-en-ny-con-medio-centenar-de-periodistas\/","url_meta":{"origin":117515,"position":1},"title":"Director de Prensa Presidencia RD se re\u00fane en NY con medio centenar de periodistas","author":"Nelson Feliz","date":"18 de septiembre de 2025","format":false,"excerpt":"https:\/\/www.youtube.com\/watch?v=SjlGMj6Z-3Q Por Ram\u00f3n Mercedes NUEVA YORK.- El director de prensa de la Presidencia de la Rep\u00fablica Dominicana, Alberto Caminero, sostuvo un encuentro la ma\u00f1ana de mi\u00e9rcoles con m\u00e1s de 50 periodistas y comunicadores dominicanos que ejercen para diferentes medios y residen en esta ciudad. Caminero, un periodista de larga data,\u2026","rel":"","context":"En \u00abINTERNACIONALES\u00bb","block_context":{"text":"INTERNACIONALES","link":"https:\/\/lasprimeras.com.do\/index.php\/category\/sin-categoria\/internacionales\/"},"img":{"alt_text":"","src":"https:\/\/i0.wp.com\/lasprimeras.com.do\/wp-content\/uploads\/2025\/09\/WhatsApp-Image-2025-09-18-at-7.28.40-AM-1.jpeg?resize=350%2C200&ssl=1","width":350,"height":200,"srcset":"https:\/\/i0.wp.com\/lasprimeras.com.do\/wp-content\/uploads\/2025\/09\/WhatsApp-Image-2025-09-18-at-7.28.40-AM-1.jpeg?resize=350%2C200&ssl=1 1x, https:\/\/i0.wp.com\/lasprimeras.com.do\/wp-content\/uploads\/2025\/09\/WhatsApp-Image-2025-09-18-at-7.28.40-AM-1.jpeg?resize=525%2C300&ssl=1 1.5x, https:\/\/i0.wp.com\/lasprimeras.com.do\/wp-content\/uploads\/2025\/09\/WhatsApp-Image-2025-09-18-at-7.28.40-AM-1.jpeg?resize=700%2C400&ssl=1 2x, https:\/\/i0.wp.com\/lasprimeras.com.do\/wp-content\/uploads\/2025\/09\/WhatsApp-Image-2025-09-18-at-7.28.40-AM-1.jpeg?resize=1050%2C600&ssl=1 3x"},"classes":[]},{"id":90883,"url":"https:\/\/lasprimeras.com.do\/index.php\/2024\/11\/02\/gobernadora-de-santiago-pide-cierre-del-canal-luna-tv\/","url_meta":{"origin":117515,"position":2},"title":"Gobernadora de Santiago pide cierre del canal Luna TV","author":"Nelson Feliz","date":"2 de noviembre de 2024","format":false,"excerpt":"Demand\u00f3 a periodistas Roberto Tineo, David Lantigua y Carlos Benoit y pide 550 millones de pesos de indemnizaci\u00f3n. Reputados comunicadores de Santiago y el canal de televisi\u00f3n Luna TV deploraron este viernes que la gobernadora provincial, Rosa Santos, en un acto avasallante, temerario y sin precedentes atente contra la libertad\u2026","rel":"","context":"En \u00abNACIONALES\u00bb","block_context":{"text":"NACIONALES","link":"https:\/\/lasprimeras.com.do\/index.php\/category\/nacionales\/"},"img":{"alt_text":"Luna TV","src":"https:\/\/i0.wp.com\/lasprimeras.com.do\/wp-content\/uploads\/2024\/11\/Luna-TV-1.jpg?resize=350%2C200&ssl=1","width":350,"height":200,"srcset":"https:\/\/i0.wp.com\/lasprimeras.com.do\/wp-content\/uploads\/2024\/11\/Luna-TV-1.jpg?resize=350%2C200&ssl=1 1x, https:\/\/i0.wp.com\/lasprimeras.com.do\/wp-content\/uploads\/2024\/11\/Luna-TV-1.jpg?resize=525%2C300&ssl=1 1.5x"},"classes":[]},{"id":81488,"url":"https:\/\/lasprimeras.com.do\/index.php\/2024\/04\/21\/fp-reitera-convocatoria-para-el-lunes-en-santiago-del-encuentro-de-leonel-con-la-prensa\/","url_meta":{"origin":117515,"position":3},"title":"FP reitera convocatoria para el lunes en Santiago del encuentro de Leonel con la prensa","author":"Nelson Feliz","date":"21 de abril de 2024","format":false,"excerpt":"Leonel llevar\u00e1 #LaVozDelPueblo a la Ciudad Coraz\u00f3n el pr\u00f3ximo lunes. La Secretar\u00eda de Comunicaciones del partido Fuerza del Pueblo reiter\u00f3 la convocatoria a los miembros de la prensa para que asistan este lunes 22 de abril en Santiago, al encuentro denominado: La Voz Del Pueblo. El encuentro con los representantes\u2026","rel":"","context":"En \u00abSin categor\u00eda\u00bb","block_context":{"text":"Sin categor\u00eda","link":"https:\/\/lasprimeras.com.do\/index.php\/category\/sin-categoria\/"},"img":{"alt_text":"LaVozDelPueblo","src":"https:\/\/i0.wp.com\/lasprimeras.com.do\/wp-content\/uploads\/2024\/04\/WhatsApp-Image-2024-04-19-at-7.25.02-PM.jpeg?resize=350%2C200&ssl=1","width":350,"height":200,"srcset":"https:\/\/i0.wp.com\/lasprimeras.com.do\/wp-content\/uploads\/2024\/04\/WhatsApp-Image-2024-04-19-at-7.25.02-PM.jpeg?resize=350%2C200&ssl=1 1x, https:\/\/i0.wp.com\/lasprimeras.com.do\/wp-content\/uploads\/2024\/04\/WhatsApp-Image-2024-04-19-at-7.25.02-PM.jpeg?resize=525%2C300&ssl=1 1.5x, https:\/\/i0.wp.com\/lasprimeras.com.do\/wp-content\/uploads\/2024\/04\/WhatsApp-Image-2024-04-19-at-7.25.02-PM.jpeg?resize=700%2C400&ssl=1 2x, https:\/\/i0.wp.com\/lasprimeras.com.do\/wp-content\/uploads\/2024\/04\/WhatsApp-Image-2024-04-19-at-7.25.02-PM.jpeg?resize=1050%2C600&ssl=1 3x"},"classes":[]},{"id":86829,"url":"https:\/\/lasprimeras.com.do\/index.php\/2024\/08\/02\/nelson-gutierrez-condena-agresion-contra-tres-miembros-de-la-prensa-en-santiago\/","url_meta":{"origin":117515,"position":4},"title":"Nelson Guti\u00e9rrez condena agresi\u00f3n contra tres miembros de la prensa en Santiago","author":"Nelson Feliz","date":"2 de agosto de 2024","format":false,"excerpt":"El Director Ejecutivo Nacional del Consejo Nacional de los Derechos Humanos (Conadehu), Nelson Guti\u00e9rrez, calific\u00f3 como un atentado a la libertad de prensa, la agresi\u00f3n f\u00edsica por parte de un agente de la Polic\u00eda Nacional contra un reportero gr\u00e1fico, y maltratos verbales a dos periodistas de distintos medios de comunicaci\u00f3n.\u2026","rel":"","context":"En \u00abNACIONALES\u00bb","block_context":{"text":"NACIONALES","link":"https:\/\/lasprimeras.com.do\/index.php\/category\/nacionales\/"},"img":{"alt_text":"Nelson Guti\u00e9rrez","src":"https:\/\/i0.wp.com\/lasprimeras.com.do\/wp-content\/uploads\/2024\/08\/nelson-gutierrez.jpg?resize=350%2C200&ssl=1","width":350,"height":200,"srcset":"https:\/\/i0.wp.com\/lasprimeras.com.do\/wp-content\/uploads\/2024\/08\/nelson-gutierrez.jpg?resize=350%2C200&ssl=1 1x, https:\/\/i0.wp.com\/lasprimeras.com.do\/wp-content\/uploads\/2024\/08\/nelson-gutierrez.jpg?resize=525%2C300&ssl=1 1.5x, https:\/\/i0.wp.com\/lasprimeras.com.do\/wp-content\/uploads\/2024\/08\/nelson-gutierrez.jpg?resize=700%2C400&ssl=1 2x"},"classes":[]},{"id":111870,"url":"https:\/\/lasprimeras.com.do\/index.php\/2025\/10\/14\/con-homenaje-postumo-a-maria-cristina-camilo-adompretur-juramenta-nueva-directiva-en-nueva-york\/","url_meta":{"origin":117515,"position":5},"title":"Con homenaje p\u00f3stumo a Mar\u00eda Cristina Camilo, Adompretur juramenta nueva directiva en Nueva York","author":"Nelson Feliz","date":"14 de octubre de 2025","format":false,"excerpt":"Por Aquiles Rojas NUEVA YORK. \u2013 La Asociaci\u00f3n Dominicana de Prensa Tur\u00edstica (Adompretur) filial Nueva York celebr\u00f3 este domingo el acto de juramentaci\u00f3n de su directiva correspondiente al per\u00edodo 2025-2027, durante una emotiva ceremonia realizada en los salones de la Direcci\u00f3n Dominicana de Cultura, en el alto Manhattan. El evento\u2026","rel":"","context":"En \u00abTURISMO\u00bb","block_context":{"text":"TURISMO","link":"https:\/\/lasprimeras.com.do\/index.php\/category\/turismo\/"},"img":{"alt_text":"","src":"https:\/\/i0.wp.com\/lasprimeras.com.do\/wp-content\/uploads\/2025\/10\/Adompretur.jpg?resize=350%2C200&ssl=1","width":350,"height":200,"srcset":"https:\/\/i0.wp.com\/lasprimeras.com.do\/wp-content\/uploads\/2025\/10\/Adompretur.jpg?resize=350%2C200&ssl=1 1x, https:\/\/i0.wp.com\/lasprimeras.com.do\/wp-content\/uploads\/2025\/10\/Adompretur.jpg?resize=525%2C300&ssl=1 1.5x, https:\/\/i0.wp.com\/lasprimeras.com.do\/wp-content\/uploads\/2025\/10\/Adompretur.jpg?resize=700%2C400&ssl=1 2x"},"classes":[]}],"jetpack_sharing_enabled":true,"_links":{"self":[{"href":"https:\/\/lasprimeras.com.do\/index.php\/wp-json\/wp\/v2\/posts\/117515","targetHints":{"allow":["GET"]}}],"collection":[{"href":"https:\/\/lasprimeras.com.do\/index.php\/wp-json\/wp\/v2\/posts"}],"about":[{"href":"https:\/\/lasprimeras.com.do\/index.php\/wp-json\/wp\/v2\/types\/post"}],"author":[{"embeddable":true,"href":"https:\/\/lasprimeras.com.do\/index.php\/wp-json\/wp\/v2\/users\/10"}],"replies":[{"embeddable":true,"href":"https:\/\/lasprimeras.com.do\/index.php\/wp-json\/wp\/v2\/comments?post=117515"}],"version-history":[{"count":1,"href":"https:\/\/lasprimeras.com.do\/index.php\/wp-json\/wp\/v2\/posts\/117515\/revisions"}],"predecessor-version":[{"id":117520,"href":"https:\/\/lasprimeras.com.do\/index.php\/wp-json\/wp\/v2\/posts\/117515\/revisions\/117520"}],"wp:featuredmedia":[{"embeddable":true,"href":"https:\/\/lasprimeras.com.do\/index.php\/wp-json\/wp\/v2\/media\/117516"}],"wp:attachment":[{"href":"https:\/\/lasprimeras.com.do\/index.php\/wp-json\/wp\/v2\/media?parent=117515"}],"wp:term":[{"taxonomy":"category","embeddable":true,"href":"https:\/\/lasprimeras.com.do\/index.php\/wp-json\/wp\/v2\/categories?post=117515"},{"taxonomy":"post_tag","embeddable":true,"href":"https:\/\/lasprimeras.com.do\/index.php\/wp-json\/wp\/v2\/tags?post=117515"}],"curies":[{"name":"wp","href":"https:\/\/api.w.org\/{rel}","templated":true}]}}