{"id":117521,"date":"2025-12-11T11:48:16","date_gmt":"2025-12-11T15:48:16","guid":{"rendered":"https:\/\/lasprimeras.com.do\/?p=117521"},"modified":"2025-12-11T11:48:18","modified_gmt":"2025-12-11T15:48:18","slug":"voluntariado-banreservas-lleva-navidad-a-cientos-de-ninos-y-ejecuta-operativo-ambiental-en-el-ozama","status":"publish","type":"post","link":"https:\/\/lasprimeras.com.do\/index.php\/2025\/12\/11\/voluntariado-banreservas-lleva-navidad-a-cientos-de-ninos-y-ejecuta-operativo-ambiental-en-el-ozama\/","title":{"rendered":"Voluntariado Banreservas lleva Navidad a cientos de ni\u00f1os y ejecuta operativo ambiental en el Ozama"},"content":{"rendered":"\n<p>El Voluntariado Banreservas llev\u00f3 alegr\u00eda a decenas de ni\u00f1os de la Escuela Movearte, en el Dique del r\u00edo Ozama, durante su tradicional Fiesta de Navidad, actividad que se realiz\u00f3 de manera simult\u00e1nea con un operativo masivo del programa ambiental \u201cVida para el Ozama\u201d.<\/p>\n\n\n\n<p>El acto fue encabezado por la presidenta del Voluntariado Banreservas, Dra. Carmen Alicia Quijano de Aguilera, acompa\u00f1ada del presidente ejecutivo del Banco de Reservas, Dr. Leonardo Aguilera, y del obispo Manuel Ruiz, fundador del centro educativo.<\/p>\n\n\n\n<figure class=\"wp-block-image size-full\"><img decoding=\"async\" width=\"900\" height=\"598\" src=\"https:\/\/lasprimeras.com.do\/wp-content\/uploads\/2025\/12\/reservas-1.jpg\" alt=\"\" class=\"wp-image-117522\" srcset=\"https:\/\/lasprimeras.com.do\/wp-content\/uploads\/2025\/12\/reservas-1.jpg 900w, https:\/\/lasprimeras.com.do\/wp-content\/uploads\/2025\/12\/reservas-1-300x199.jpg 300w, https:\/\/lasprimeras.com.do\/wp-content\/uploads\/2025\/12\/reservas-1-768x510.jpg 768w\" sizes=\"(max-width: 900px) 100vw, 900px\" \/><\/figure>\n\n\n\n<p>Durante el encuentro, la presidenta del Voluntariado destac\u00f3 la importancia de acompa\u00f1ar a la comunidad en la \u00e9poca navide\u00f1a y reiter\u00f3 el compromiso de la instituci\u00f3n con la promoci\u00f3n de valores de solidaridad y fe.<\/p>\n\n\n\n<figure class=\"wp-block-image size-full\"><img decoding=\"async\" width=\"900\" height=\"598\" src=\"https:\/\/lasprimeras.com.do\/wp-content\/uploads\/2025\/12\/reservas-2.jpg\" alt=\"\" class=\"wp-image-117523\" srcset=\"https:\/\/lasprimeras.com.do\/wp-content\/uploads\/2025\/12\/reservas-2.jpg 900w, https:\/\/lasprimeras.com.do\/wp-content\/uploads\/2025\/12\/reservas-2-300x199.jpg 300w, https:\/\/lasprimeras.com.do\/wp-content\/uploads\/2025\/12\/reservas-2-768x510.jpg 768w\" sizes=\"(max-width: 900px) 100vw, 900px\" \/><\/figure>\n\n\n\n<p>Los representantes del Banco recorrieron las instalaciones de la escuela, donde compartieron con los ni\u00f1os, visitaron aulas y entregaron juguetes.<\/p>\n\n\n\n<p>La celebraci\u00f3n incluy\u00f3 juegos tradicionales, presentaciones art\u00edsticas, pinta caritas y un brindis especial, actividades que mantuvieron un ambiente festivo para los estudiantes y sus familias.<\/p>\n\n\n\n<figure class=\"wp-block-image size-full\"><img decoding=\"async\" width=\"900\" height=\"598\" src=\"https:\/\/lasprimeras.com.do\/wp-content\/uploads\/2025\/12\/reservas-3.jpg\" alt=\"\" class=\"wp-image-117524\" srcset=\"https:\/\/lasprimeras.com.do\/wp-content\/uploads\/2025\/12\/reservas-3.jpg 900w, https:\/\/lasprimeras.com.do\/wp-content\/uploads\/2025\/12\/reservas-3-300x199.jpg 300w, https:\/\/lasprimeras.com.do\/wp-content\/uploads\/2025\/12\/reservas-3-768x510.jpg 768w\" sizes=\"(max-width: 900px) 100vw, 900px\" \/><\/figure>\n\n\n\n<p>De forma paralela, el Voluntariado Banreservas desarroll\u00f3 el operativo \u201cVida para el Ozama\u201d, que benefici\u00f3 a m\u00e1s de 1,000 residentes de zonas aleda\u00f1as al r\u00edo. Los participantes intercambiaron pl\u00e1sticos por raciones de alimentos de la canasta b\u00e1sica.<\/p>\n\n\n\n<p>En total se distribuyeron 713 raciones y se recolectaron 8,400 libras de pl\u00e1stico, como parte de las acciones para promover el saneamiento ambiental en la zona.<\/p>\n","protected":false},"excerpt":{"rendered":"<p>El Voluntariado Banreservas llev\u00f3 alegr\u00eda a decenas de ni\u00f1os de la Escuela Movearte, en el Dique del r\u00edo Ozama, durante su tradicional Fiesta de Navidad, actividad que se realiz\u00f3 de&hellip;<\/p>\n","protected":false},"author":10,"featured_media":117525,"comment_status":"open","ping_status":"open","sticky":false,"template":"","format":"standard","meta":{"content-type":"","jetpack_post_was_ever_published":false,"_jetpack_newsletter_access":"","_jetpack_dont_email_post_to_subs":false,"_jetpack_newsletter_tier_id":0,"_jetpack_memberships_contains_paywalled_content":false,"_jetpack_memberships_contains_paid_content":false,"footnotes":""},"categories":[39,25],"tags":[2592,23622,28479,9341,3485,9476,25058,25056],"class_list":["post-117521","post","type-post","status-publish","format-standard","has-post-thumbnail","hentry","category-economia","category-portada","tag-ambiental","tag-cientos-de-ninos","tag-dique-del-rio-ozama","tag-navidad","tag-operativo","tag-ozama","tag-vida-para-el-ozama","tag-voluntariado-banreservas"],"jetpack_featured_media_url":"https:\/\/lasprimeras.com.do\/wp-content\/uploads\/2025\/12\/reservas.jpg","jetpack-related-posts":[{"id":115117,"url":"https:\/\/lasprimeras.com.do\/index.php\/2025\/11\/19\/voluntariado-banreservas-beneficia-cientos-de-personas-en-jornada-del-programa-vida-para-el-ozama\/","url_meta":{"origin":117521,"position":0},"title":"Voluntariado Banreservas beneficia cientos de personas en jornada del programa \u201cVida para el Ozama\u201d","author":"Nelson Feliz","date":"19 de noviembre de 2025","format":false,"excerpt":"El Voluntariado Banreservas realiz\u00f3 una jornada masiva del programa \u201cVida para el Ozama\u201d, en la que m\u00e1s de 1,000 residentes de comunidades pr\u00f3ximas al r\u00edo Ozama se beneficiaron con el intercambio de raciones de alimentos de la canasta b\u00e1sica a cambio de fundas repletas de pl\u00e1sticos. La actividad estuvo encabezada\u2026","rel":"","context":"En \u00abECONOM\u00cdA\u00bb","block_context":{"text":"ECONOM\u00cdA","link":"https:\/\/lasprimeras.com.do\/index.php\/category\/economia\/"},"img":{"alt_text":"La Dra. Carmen Alicia Quijano de Aguilera, presidenta del Voluntariado Banreservas y el obispo Manuel Ruiz, fundador del proyecto Movearte.","src":"https:\/\/i0.wp.com\/lasprimeras.com.do\/wp-content\/uploads\/2025\/11\/Voluntariado-Banreservas.jpg?resize=350%2C200&ssl=1","width":350,"height":200,"srcset":"https:\/\/i0.wp.com\/lasprimeras.com.do\/wp-content\/uploads\/2025\/11\/Voluntariado-Banreservas.jpg?resize=350%2C200&ssl=1 1x, https:\/\/i0.wp.com\/lasprimeras.com.do\/wp-content\/uploads\/2025\/11\/Voluntariado-Banreservas.jpg?resize=525%2C300&ssl=1 1.5x, https:\/\/i0.wp.com\/lasprimeras.com.do\/wp-content\/uploads\/2025\/11\/Voluntariado-Banreservas.jpg?resize=700%2C400&ssl=1 2x"},"classes":[]},{"id":110031,"url":"https:\/\/lasprimeras.com.do\/index.php\/2025\/09\/25\/banreservas-beneficia-a-mas-de-700-familias-en-jornada-del-programa-vida-para-el-ozama\/","url_meta":{"origin":117521,"position":1},"title":"Banreservas beneficia a m\u00e1s de 700 familias en jornada del programa \u201cVida para el Ozama\u201d","author":"Nelson Feliz","date":"25 de septiembre de 2025","format":false,"excerpt":"El Voluntariado Banreservas realiz\u00f3 una jornada masiva del programa \u201cVida para el Ozama\u201d, en la que m\u00e1s de 700 residentes de comunidades aleda\u00f1as al r\u00edo intercambiaron bolsas de pl\u00e1sticos por raciones de alimentos de la canasta b\u00e1sica. La actividad tuvo lugar en el sector El Dique y se enmarca en\u2026","rel":"","context":"En \u00abNACIONALES\u00bb","block_context":{"text":"NACIONALES","link":"https:\/\/lasprimeras.com.do\/index.php\/category\/nacionales\/"},"img":{"alt_text":"","src":"https:\/\/i0.wp.com\/lasprimeras.com.do\/wp-content\/uploads\/2025\/09\/Voluntariado-Banreservas.jpg?resize=350%2C200&ssl=1","width":350,"height":200,"srcset":"https:\/\/i0.wp.com\/lasprimeras.com.do\/wp-content\/uploads\/2025\/09\/Voluntariado-Banreservas.jpg?resize=350%2C200&ssl=1 1x, https:\/\/i0.wp.com\/lasprimeras.com.do\/wp-content\/uploads\/2025\/09\/Voluntariado-Banreservas.jpg?resize=525%2C300&ssl=1 1.5x, https:\/\/i0.wp.com\/lasprimeras.com.do\/wp-content\/uploads\/2025\/09\/Voluntariado-Banreservas.jpg?resize=700%2C400&ssl=1 2x"},"classes":[]},{"id":118411,"url":"https:\/\/lasprimeras.com.do\/index.php\/2025\/12\/28\/voluntariado-banreservas-celebra-la-navidad-con-jornada-de-entrega-de-juguetes-en-la-zona-norte\/","url_meta":{"origin":117521,"position":2},"title":"Voluntariado Banreservas celebra la Navidad con jornada de entrega de juguetes en la zona norte","author":"Nelson Feliz","date":"28 de diciembre de 2025","format":false,"excerpt":"El Voluntariado celebr\u00f3 la Navidad junto a cientos de ni\u00f1os, hijos de colaboradores del Banco de Reservas en la zona norte del pa\u00eds, durante una jornada de entrega de juguetes realizada en el Club Banreservas de Santiago. La actividad fue encabezada por la presidenta del Voluntariado Banreservas, la doctora Carmen\u2026","rel":"","context":"En \u00abNACIONALES\u00bb","block_context":{"text":"NACIONALES","link":"https:\/\/lasprimeras.com.do\/index.php\/category\/nacionales\/"},"img":{"alt_text":"Integrantes del equipo de voluntarios junto a la presidenta del Voluntariado Banreservas, doctora Carmen Alicia Quijano de Aguilera.","src":"https:\/\/i0.wp.com\/lasprimeras.com.do\/wp-content\/uploads\/2025\/12\/Voluntariado-Banreservas.jpg?resize=350%2C200&ssl=1","width":350,"height":200,"srcset":"https:\/\/i0.wp.com\/lasprimeras.com.do\/wp-content\/uploads\/2025\/12\/Voluntariado-Banreservas.jpg?resize=350%2C200&ssl=1 1x, https:\/\/i0.wp.com\/lasprimeras.com.do\/wp-content\/uploads\/2025\/12\/Voluntariado-Banreservas.jpg?resize=525%2C300&ssl=1 1.5x, https:\/\/i0.wp.com\/lasprimeras.com.do\/wp-content\/uploads\/2025\/12\/Voluntariado-Banreservas.jpg?resize=700%2C400&ssl=1 2x"},"classes":[]},{"id":116551,"url":"https:\/\/lasprimeras.com.do\/index.php\/2025\/12\/02\/abinader-inaugura-villa-navidad-junto-al-presidente-de-br-leonardo-aguilera-y-la-alcaldesa-carolina-mejia\/","url_meta":{"origin":117521,"position":3},"title":"Abinader inaugura &#8220;Villa Navidad&#8221; junto al presidente de BR, Leonardo Aguilera y la alcaldesa Carolina Mej\u00eda","author":"Nelson Feliz","date":"2 de diciembre de 2025","format":false,"excerpt":"El presidente de la Rep\u00fablica, Luis Abinader, junto a la primera dama, Raquel Arbaje, encabez\u00f3 la inauguraci\u00f3n oficial de Villa Navidad 2025. Le acompa\u00f1aron el doctor Leonardo Aguilera, presidente ejecutivo del Banco de Reservas; la alcaldesa del Distrito Nacional, Carolina Mej\u00eda, y varios ni\u00f1os invitados.","rel":"","context":"En \u00abENTRETENIMIENTO\u00bb","block_context":{"text":"ENTRETENIMIENTO","link":"https:\/\/lasprimeras.com.do\/index.php\/category\/entretenimiento\/"},"img":{"alt_text":"El presidente de la Rep\u00fablica, Luis Abinader, junto a la primera dama, Raquel Arbaje, encabez\u00f3 la inauguraci\u00f3n oficial de Villa Navidad 2025. Le acompa\u00f1aron el doctor Leonardo Aguilera, presidente ejecutivo del Banco de Reservas; la alcaldesa del Distrito Nacional, Carolina Mej\u00eda, y varios ni\u00f1os invitados.","src":"https:\/\/i0.wp.com\/lasprimeras.com.do\/wp-content\/uploads\/2025\/12\/Banco-de-Reservas.jpg?resize=350%2C200&ssl=1","width":350,"height":200,"srcset":"https:\/\/i0.wp.com\/lasprimeras.com.do\/wp-content\/uploads\/2025\/12\/Banco-de-Reservas.jpg?resize=350%2C200&ssl=1 1x, https:\/\/i0.wp.com\/lasprimeras.com.do\/wp-content\/uploads\/2025\/12\/Banco-de-Reservas.jpg?resize=525%2C300&ssl=1 1.5x, https:\/\/i0.wp.com\/lasprimeras.com.do\/wp-content\/uploads\/2025\/12\/Banco-de-Reservas.jpg?resize=700%2C400&ssl=1 2x"},"classes":[]},{"id":118980,"url":"https:\/\/lasprimeras.com.do\/index.php\/2026\/01\/05\/voluntariado-banreservas-llena-de-alegria-el-dia-de-reyes-con-entrega-de-juguetes\/","url_meta":{"origin":117521,"position":4},"title":"Voluntariado Banreservas llena de alegr\u00eda el D\u00eda de Reyes con entrega de juguetes","author":"Nelson Feliz","date":"5 de enero de 2026","format":false,"excerpt":"Voluntarios participantes en la jornada de entrega de juguetes dirigida a los hijos de colaboradores del Banco de Reservas.","rel":"","context":"En \u00abNACIONALES\u00bb","block_context":{"text":"NACIONALES","link":"https:\/\/lasprimeras.com.do\/index.php\/category\/nacionales\/"},"img":{"alt_text":"Voluntarios participantes en la jornada de entrega de juguetes dirigida a los hijos de colaboradores del Banco de Reservas.","src":"https:\/\/i0.wp.com\/lasprimeras.com.do\/wp-content\/uploads\/2026\/01\/Voluntariado-Banreservas.jpg?resize=350%2C200&ssl=1","width":350,"height":200,"srcset":"https:\/\/i0.wp.com\/lasprimeras.com.do\/wp-content\/uploads\/2026\/01\/Voluntariado-Banreservas.jpg?resize=350%2C200&ssl=1 1x, https:\/\/i0.wp.com\/lasprimeras.com.do\/wp-content\/uploads\/2026\/01\/Voluntariado-Banreservas.jpg?resize=525%2C300&ssl=1 1.5x, https:\/\/i0.wp.com\/lasprimeras.com.do\/wp-content\/uploads\/2026\/01\/Voluntariado-Banreservas.jpg?resize=700%2C400&ssl=1 2x"},"classes":[]},{"id":113653,"url":"https:\/\/lasprimeras.com.do\/index.php\/2025\/11\/04\/voluntariado-banreservas-lanza-convocatoria-a-la-56-a-edicion-del-concurso-de-pintura-infantil-navideno-nidia-serra\/","url_meta":{"origin":117521,"position":5},"title":"Voluntariado Banreservas lanza convocatoria a la 56.\u00aa edici\u00f3n del Concurso de Pintura Infantil Navide\u00f1o Nidia Serra","author":"Nelson Feliz","date":"4 de noviembre de 2025","format":false,"excerpt":"Con el lema \u201cTradici\u00f3n dominicana desde los ojos de nuestros ni\u00f1os\u201d, el Voluntariado Banreservas anunci\u00f3 la apertura de la 56.\u00aa edici\u00f3n del Concurso de Pintura Infantil Navide\u00f1o Nidia Serra, una iniciativa que promueve la creatividad y el talento art\u00edstico de ni\u00f1os y ni\u00f1as de 6 a 14 a\u00f1os, inspir\u00e1ndolos a\u2026","rel":"","context":"En \u00abECONOM\u00cdA\u00bb","block_context":{"text":"ECONOM\u00cdA","link":"https:\/\/lasprimeras.com.do\/index.php\/category\/economia\/"},"img":{"alt_text":"","src":"https:\/\/i0.wp.com\/lasprimeras.com.do\/wp-content\/uploads\/2025\/11\/RESERVAS.jpg?resize=350%2C200&ssl=1","width":350,"height":200,"srcset":"https:\/\/i0.wp.com\/lasprimeras.com.do\/wp-content\/uploads\/2025\/11\/RESERVAS.jpg?resize=350%2C200&ssl=1 1x, https:\/\/i0.wp.com\/lasprimeras.com.do\/wp-content\/uploads\/2025\/11\/RESERVAS.jpg?resize=525%2C300&ssl=1 1.5x, https:\/\/i0.wp.com\/lasprimeras.com.do\/wp-content\/uploads\/2025\/11\/RESERVAS.jpg?resize=700%2C400&ssl=1 2x"},"classes":[]}],"jetpack_sharing_enabled":true,"_links":{"self":[{"href":"https:\/\/lasprimeras.com.do\/index.php\/wp-json\/wp\/v2\/posts\/117521","targetHints":{"allow":["GET"]}}],"collection":[{"href":"https:\/\/lasprimeras.com.do\/index.php\/wp-json\/wp\/v2\/posts"}],"about":[{"href":"https:\/\/lasprimeras.com.do\/index.php\/wp-json\/wp\/v2\/types\/post"}],"author":[{"embeddable":true,"href":"https:\/\/lasprimeras.com.do\/index.php\/wp-json\/wp\/v2\/users\/10"}],"replies":[{"embeddable":true,"href":"https:\/\/lasprimeras.com.do\/index.php\/wp-json\/wp\/v2\/comments?post=117521"}],"version-history":[{"count":1,"href":"https:\/\/lasprimeras.com.do\/index.php\/wp-json\/wp\/v2\/posts\/117521\/revisions"}],"predecessor-version":[{"id":117526,"href":"https:\/\/lasprimeras.com.do\/index.php\/wp-json\/wp\/v2\/posts\/117521\/revisions\/117526"}],"wp:featuredmedia":[{"embeddable":true,"href":"https:\/\/lasprimeras.com.do\/index.php\/wp-json\/wp\/v2\/media\/117525"}],"wp:attachment":[{"href":"https:\/\/lasprimeras.com.do\/index.php\/wp-json\/wp\/v2\/media?parent=117521"}],"wp:term":[{"taxonomy":"category","embeddable":true,"href":"https:\/\/lasprimeras.com.do\/index.php\/wp-json\/wp\/v2\/categories?post=117521"},{"taxonomy":"post_tag","embeddable":true,"href":"https:\/\/lasprimeras.com.do\/index.php\/wp-json\/wp\/v2\/tags?post=117521"}],"curies":[{"name":"wp","href":"https:\/\/api.w.org\/{rel}","templated":true}]}}