{"id":117545,"date":"2025-12-11T18:30:57","date_gmt":"2025-12-11T22:30:57","guid":{"rendered":"https:\/\/lasprimeras.com.do\/?p=117545"},"modified":"2025-12-11T18:30:59","modified_gmt":"2025-12-11T22:30:59","slug":"jce-cierra-segundo-ciclo-de-auditoria-interna-del-sgi-con-exito-ratifica-cumplimiento-de-normas-iso","status":"publish","type":"post","link":"https:\/\/lasprimeras.com.do\/index.php\/2025\/12\/11\/jce-cierra-segundo-ciclo-de-auditoria-interna-del-sgi-con-exito-ratifica-cumplimiento-de-normas-iso\/","title":{"rendered":"JCE cierra segundo ciclo de auditor\u00eda interna del SGI con \u00e9xito; ratifica cumplimiento de normas ISO"},"content":{"rendered":"\n<p>La Junta Central Electoral (JCE) concluy\u00f3 este jueves con resultados satisfactorios el proceso de auditor\u00eda interna de las normas ISO 9001, de Gesti\u00f3n de la Calidad; 54001, de Sistema de Calidad de la Gesti\u00f3n Electoral; la 22301, de Continuidad de la Operaci\u00f3n; y la 27001, de Sistema de Gesti\u00f3n de la Seguridad de la Informaci\u00f3n.<\/p>\n\n\n\n<p>Los resultados de la auditor\u00eda interna, realizada del 1 al 11 de diciembre de 2025, confirman que el Sistema de Gesti\u00f3n Integrado (SGI) de la instituci\u00f3n opera bajo cumplimiento de est\u00e1ndares internacionales.<\/p>\n\n\n<div class=\"wp-block-image\">\n<figure class=\"alignleft size-full is-resized\"><img decoding=\"async\" width=\"900\" height=\"599\" src=\"https:\/\/lasprimeras.com.do\/wp-content\/uploads\/2025\/12\/Roman-Andres-Jaquez-Liranzo.jpg\" alt=\"\" class=\"wp-image-117547\" style=\"aspect-ratio:1.502527632593608;width:411px;height:auto\" srcset=\"https:\/\/lasprimeras.com.do\/wp-content\/uploads\/2025\/12\/Roman-Andres-Jaquez-Liranzo.jpg 900w, https:\/\/lasprimeras.com.do\/wp-content\/uploads\/2025\/12\/Roman-Andres-Jaquez-Liranzo-300x200.jpg 300w, https:\/\/lasprimeras.com.do\/wp-content\/uploads\/2025\/12\/Roman-Andres-Jaquez-Liranzo-768x511.jpg 768w\" sizes=\"(max-width: 900px) 100vw, 900px\" \/><\/figure>\n<\/div>\n\n\n<p>El acto fue encabezado por el presidente de la JCE, Rom\u00e1n Andr\u00e9s J\u00e1quez Liranzo; la miembro titular Dolores Fern\u00e1ndez S\u00e1nchez; el secretario general de la JCE, Sonne Beltr\u00e9; y la subdirectora encargada del SGI de la JCE, Ana Margarita G\u00f3mez Pont\u00f3n.<\/p>\n\n\n\n<p>Tambi\u00e9n estuvieron presentes directores, subdirectores, auditores, observadores (encargados y subencargados), enlaces y colaboradores de la instituci\u00f3n.<\/p>\n\n\n\n<p>J\u00e1quez Liranzo felicit\u00f3 al &#8220;ej\u00e9rcito de colaboradores, directores, junteros, observadores y SGI, destacando su disciplina y sentido de prop\u00f3sito\u201d.<\/p>\n\n\n\n<p>&#8220;Queremos expresar nuestra satisfacci\u00f3n como Pleno de la JCE porque este segundo ciclo de auditor\u00edas internas ha concluido conforme a lo planificado\u2026 Estamos en un blindaje institucional por todos los lares,&#8221; afirm\u00f3.<\/p>\n\n\n\n<figure class=\"wp-block-image size-full\"><img decoding=\"async\" width=\"900\" height=\"599\" src=\"https:\/\/lasprimeras.com.do\/wp-content\/uploads\/2025\/12\/Auditoria-02.jpg\" alt=\"\" class=\"wp-image-117548\" srcset=\"https:\/\/lasprimeras.com.do\/wp-content\/uploads\/2025\/12\/Auditoria-02.jpg 900w, https:\/\/lasprimeras.com.do\/wp-content\/uploads\/2025\/12\/Auditoria-02-300x200.jpg 300w, https:\/\/lasprimeras.com.do\/wp-content\/uploads\/2025\/12\/Auditoria-02-768x511.jpg 768w\" sizes=\"(max-width: 900px) 100vw, 900px\" \/><\/figure>\n\n\n\n<p>Expres\u00f3 que la auditor\u00eda se llev\u00f3 a cabo mientras la JCE est\u00e1 inmersa en varios procesos claves para su fortalecimiento.<\/p>\n\n\n\n<p>\u201cEsta semana se est\u00e1 recibiendo el informe preliminar del Centro de Asesor\u00eda y Promoci\u00f3n Electoral (CAPEL) y sus auditores, que incluye un estudio cualitativo y cuantitativo sobre las causas de la abstenci\u00f3n electoral, con miras a dise\u00f1ar estrategias para mejorar la participaci\u00f3n ciudadana en 2028\u201d.<\/p>\n\n\n<div class=\"wp-block-image\">\n<figure class=\"alignright size-full is-resized\"><img decoding=\"async\" width=\"900\" height=\"599\" src=\"https:\/\/lasprimeras.com.do\/wp-content\/uploads\/2025\/12\/Auditoria-03.jpg\" alt=\"\" class=\"wp-image-117549\" style=\"aspect-ratio:1.502527632593608;width:453px;height:auto\" srcset=\"https:\/\/lasprimeras.com.do\/wp-content\/uploads\/2025\/12\/Auditoria-03.jpg 900w, https:\/\/lasprimeras.com.do\/wp-content\/uploads\/2025\/12\/Auditoria-03-300x200.jpg 300w, https:\/\/lasprimeras.com.do\/wp-content\/uploads\/2025\/12\/Auditoria-03-768x511.jpg 768w\" sizes=\"(max-width: 900px) 100vw, 900px\" \/><\/figure>\n<\/div>\n\n\n<p><strong>Se trabaja para quinta norma ISO: la de antisoborno<\/strong><\/p>\n\n\n\n<p>Igualmente, el presidente de la JCE se\u00f1al\u00f3 la visita de la representante de la Organizaci\u00f3n de los Estados Americanos (OEA), Mar\u00eda T. Mellenkamp, y un equipo de auditores para la obtenci\u00f3n de una quinta certificaci\u00f3n antisobornopara 2026.<\/p>\n\n\n\n<p>J\u00e1quez Liranzo destac\u00f3 que esta confluencia de esfuerzos y auditor\u00edas, incluyendo la preservaci\u00f3n de sus cuatro certificaciones existentes en el contexto de la nueva c\u00e9dula, demuestra un &#8220;blindaje institucional por todos los lares&#8221;.<\/p>\n\n\n\n<p>Dijo que el cierre de esta auditor\u00eda interna marca una etapa crucial, dado que la JCE se encuentra pr\u00f3xima al vencimiento de su actual certificaci\u00f3n y el proceso de recertificaci\u00f3n est\u00e1 programado para abril del pr\u00f3ximo a\u00f1o.<\/p>\n\n\n\n<p>Agradeci\u00f3 de manera especial a la Unidad del SGI por su \u201cliderazgo y conducci\u00f3n t\u00e9cnica, la cual ha sido clave para mantener a la instituci\u00f3n enfocada en la mejora continua y asegurar que el sistema funcione como una herramienta estrat\u00e9gica para la transparencia, calidad y seguridad.<\/p>\n\n\n\n<p><strong>Nueva c\u00e9dula<\/strong><\/p>\n\n\n\n<p>J\u00e1quez Liranzo destac\u00f3 la importancia de estos est\u00e1ndares para el dise\u00f1o de la nueva c\u00e9dula de identidad que gracias a la incorporaci\u00f3n de las normas ISO, servir\u00e1 como firma digital, documento de viaje y un documento de alta tecnolog\u00eda y seguridad, llamado a ser un referente de innovaci\u00f3n en la regi\u00f3n.<\/p>\n\n\n\n<p>El presidente de la JCE concluy\u00f3 que la calidad, referida a las normas ISO, qued\u00f3 consagrada como pilar institucional dentro del nuevo Plan Estrat\u00e9gico Institucional (PEI-POA-PAC).<\/p>\n\n\n\n<p><strong>Auditor\u00eda cubri\u00f3 54 procesos<\/strong><\/p>\n\n\n\n<p>De su lado G\u00f3mez Pont\u00f3n destac\u00f3 que la auditor\u00eda cubri\u00f3 54 procesos en 18 \u00e1reas de la instituci\u00f3n, con solo una m\u00ednima reprogramaci\u00f3n del 7 % (cuatro procesos).<\/p>\n\n\n\n<p>Indic\u00f3 que este ejercicio es crucial, ya que marca el cierre del ciclo de auditor\u00edas internas antes del proceso de recertificaci\u00f3n del sistema de gesti\u00f3n de calidad, previsto para abril de 2026.<\/p>\n\n\n\n<p>Destac\u00f3 la consolidaci\u00f3n de la base de 60 auditores internos, incluyendo 18 auditores l\u00edderes y que el SGI logr\u00f3 reclutar 41 colaboradores en estatus de observadores para el &#8220;Ej\u00e9rcito ISO&#8221;, lo que refleja un inter\u00e9s creciente en la cultura de la calidad.<\/p>\n","protected":false},"excerpt":{"rendered":"<p>La Junta Central Electoral (JCE) concluy\u00f3 este jueves con resultados satisfactorios el proceso de auditor\u00eda interna de las normas ISO 9001, de Gesti\u00f3n de la Calidad; 54001, de Sistema de&hellip;<\/p>\n","protected":false},"author":10,"featured_media":117546,"comment_status":"open","ping_status":"open","sticky":false,"template":"","format":"standard","meta":{"content-type":"","jetpack_post_was_ever_published":false,"_jetpack_newsletter_access":"","_jetpack_dont_email_post_to_subs":false,"_jetpack_newsletter_tier_id":0,"_jetpack_memberships_contains_paywalled_content":false,"_jetpack_memberships_contains_paid_content":false,"footnotes":""},"categories":[35,25],"tags":[4562,6997,183,28490],"class_list":["post-117545","post","type-post","status-publish","format-standard","has-post-thumbnail","hentry","category-nacionales","category-portada","tag-auditoria-interna","tag-cumplimiento","tag-jce","tag-sgi"],"jetpack_featured_media_url":"https:\/\/lasprimeras.com.do\/wp-content\/uploads\/2025\/12\/Roman-Andres-Jaquez-Liranzo-1.jpg","jetpack-related-posts":[{"id":102683,"url":"https:\/\/lasprimeras.com.do\/index.php\/2025\/07\/07\/jce-deja-abierta-auditoria-externa-de-sus-cuatro-normas-iso-proceso-culmina-el-14-de-julio\/","url_meta":{"origin":117545,"position":0},"title":"JCE deja abierta auditor\u00eda externa de sus cuatro normas ISO; proceso culmina el 14 de julio","author":"Nelson Feliz","date":"7 de julio de 2025","format":false,"excerpt":"La Junta Central Electoral (JCE) dio inicio este lunes a una auditor\u00eda externa mediante el Sistema de Gesti\u00f3n Integrado (SGI) con el objetivo de preservar las cuatro normas ISO con la que cuenta la instituci\u00f3n: 9001, de Gesti\u00f3n de la Calidad; la 54001, que aborda el Sistema de Calidad de\u2026","rel":"","context":"En \u00abNACIONALES\u00bb","block_context":{"text":"NACIONALES","link":"https:\/\/lasprimeras.com.do\/index.php\/category\/nacionales\/"},"img":{"alt_text":"","src":"https:\/\/i0.wp.com\/lasprimeras.com.do\/wp-content\/uploads\/2025\/07\/JCE-1-1.jpg?resize=350%2C200&ssl=1","width":350,"height":200,"srcset":"https:\/\/i0.wp.com\/lasprimeras.com.do\/wp-content\/uploads\/2025\/07\/JCE-1-1.jpg?resize=350%2C200&ssl=1 1x, https:\/\/i0.wp.com\/lasprimeras.com.do\/wp-content\/uploads\/2025\/07\/JCE-1-1.jpg?resize=525%2C300&ssl=1 1.5x, https:\/\/i0.wp.com\/lasprimeras.com.do\/wp-content\/uploads\/2025\/07\/JCE-1-1.jpg?resize=700%2C400&ssl=1 2x"},"classes":[]},{"id":128048,"url":"https:\/\/lasprimeras.com.do\/index.php\/2026\/04\/19\/la-jce-logra-recertificacion-de-sus-cuatro-normas-iso\/","url_meta":{"origin":117545,"position":1},"title":"La JCE logra recertificaci\u00f3n de sus cuatro normas ISO","author":"Nelson Feliz","date":"19 de abril de 2026","format":false,"excerpt":"La Junta Central Electoral (JCE), a trav\u00e9s de la Unidad del Sistema de Gesti\u00f3n Integrado (USGI), culmin\u00f3 el viernes la auditor\u00eda externa que dio como resultado la recertificaci\u00f3n de sus cuatro normas ISO: la ISO 9001, de Gesti\u00f3n de Calidad; la ISO 54001, de Calidad de la Gesti\u00f3n Electoral; la\u2026","rel":"","context":"En \u00abNACIONALES\u00bb","block_context":{"text":"NACIONALES","link":"https:\/\/lasprimeras.com.do\/index.php\/category\/nacionales\/"},"img":{"alt_text":"","src":"https:\/\/i0.wp.com\/lasprimeras.com.do\/wp-content\/uploads\/2026\/04\/ISO-4.jpg?resize=350%2C200&ssl=1","width":350,"height":200,"srcset":"https:\/\/i0.wp.com\/lasprimeras.com.do\/wp-content\/uploads\/2026\/04\/ISO-4.jpg?resize=350%2C200&ssl=1 1x, https:\/\/i0.wp.com\/lasprimeras.com.do\/wp-content\/uploads\/2026\/04\/ISO-4.jpg?resize=525%2C300&ssl=1 1.5x, https:\/\/i0.wp.com\/lasprimeras.com.do\/wp-content\/uploads\/2026\/04\/ISO-4.jpg?resize=700%2C400&ssl=1 2x"},"classes":[]},{"id":103325,"url":"https:\/\/lasprimeras.com.do\/index.php\/2025\/07\/14\/la-junta-central-electoral-queda-recertificada-con-sus-cuatro-normas-iso\/","url_meta":{"origin":117545,"position":2},"title":"La Junta Central Electoral queda recertificada con sus cuatro normas ISO","author":"Nelson Feliz","date":"14 de julio de 2025","format":false,"excerpt":"La Junta Central Electoral (JCE) concluy\u00f3 este lunes de manera exitosa la auditor\u00eda externa de su Sistema de Gesti\u00f3n Integrado (SGI), proceso que se llev\u00f3 a cabo desde el 7 al 14 de julio de 2025, con la cual se recertifica en sus cuatro normas ISO: la 9001, de Gesti\u00f3n\u2026","rel":"","context":"En \u00abNACIONALES\u00bb","block_context":{"text":"NACIONALES","link":"https:\/\/lasprimeras.com.do\/index.php\/category\/nacionales\/"},"img":{"alt_text":"","src":"https:\/\/i0.wp.com\/lasprimeras.com.do\/wp-content\/uploads\/2025\/07\/ROMAN-JAQUEZ-1.jpg?resize=350%2C200&ssl=1","width":350,"height":200,"srcset":"https:\/\/i0.wp.com\/lasprimeras.com.do\/wp-content\/uploads\/2025\/07\/ROMAN-JAQUEZ-1.jpg?resize=350%2C200&ssl=1 1x, https:\/\/i0.wp.com\/lasprimeras.com.do\/wp-content\/uploads\/2025\/07\/ROMAN-JAQUEZ-1.jpg?resize=525%2C300&ssl=1 1.5x, https:\/\/i0.wp.com\/lasprimeras.com.do\/wp-content\/uploads\/2025\/07\/ROMAN-JAQUEZ-1.jpg?resize=700%2C400&ssl=1 2x"},"classes":[]},{"id":116716,"url":"https:\/\/lasprimeras.com.do\/index.php\/2025\/12\/03\/jce-realizara-simulacro-de-evacuacion-frente-a-situaciones-de-terremoto-en-la-romana\/","url_meta":{"origin":117545,"position":3},"title":"JCE realizar\u00e1 simulacro de evacuaci\u00f3n frente a situaciones de terremoto en La Romana","author":"Nelson Feliz","date":"3 de diciembre de 2025","format":false,"excerpt":"La Junta Central Electoral (JCE) informa que realizar\u00e1 un ejercicio del plan de evacuaci\u00f3n y simulacro este viernes 05 de diciembre en las oficinas de la instituci\u00f3n ubicadas en La Romana, localidad donde se ejecutar\u00e1 por primera vez. La instituci\u00f3n resalta que el simulacro implicar\u00e1 la movilizaci\u00f3n de todo su\u2026","rel":"","context":"En \u00abNACIONALES\u00bb","block_context":{"text":"NACIONALES","link":"https:\/\/lasprimeras.com.do\/index.php\/category\/nacionales\/"},"img":{"alt_text":"","src":"https:\/\/i0.wp.com\/lasprimeras.com.do\/wp-content\/uploads\/2025\/10\/JCE-1.jpg?resize=350%2C200&ssl=1","width":350,"height":200,"srcset":"https:\/\/i0.wp.com\/lasprimeras.com.do\/wp-content\/uploads\/2025\/10\/JCE-1.jpg?resize=350%2C200&ssl=1 1x, https:\/\/i0.wp.com\/lasprimeras.com.do\/wp-content\/uploads\/2025\/10\/JCE-1.jpg?resize=525%2C300&ssl=1 1.5x, https:\/\/i0.wp.com\/lasprimeras.com.do\/wp-content\/uploads\/2025\/10\/JCE-1.jpg?resize=700%2C400&ssl=1 2x"},"classes":[]},{"id":117989,"url":"https:\/\/lasprimeras.com.do\/index.php\/2025\/12\/18\/dominicanos-en-nyc-demandan-de-instituciones-publicas-en-rd-implementar-sistema-transparencia-jce\/","url_meta":{"origin":117545,"position":4},"title":"Dominicanos en NYC demandan de instituciones p\u00fablicas en RD implementar sistema transparencia JCE","author":"Nelson Feliz","date":"18 de diciembre de 2025","format":false,"excerpt":"Por Ram\u00f3n Mercedes NUEVA YORK.- El \u00abEquipo Los 6\u00bb, que efect\u00faa sondeos desde hace a\u00f1os en esta ciudad sobre acontecimientos que ata\u00f1en a los dominicanos, dirigido por el autor de esta cr\u00f3nica, realiz\u00f3 un escrutinio los pasados d\u00edas 13, 14 y 15 sobre el actual sistema de transparencia que implementa\u2026","rel":"","context":"En \u00abINTERNACIONALES\u00bb","block_context":{"text":"INTERNACIONALES","link":"https:\/\/lasprimeras.com.do\/index.php\/category\/sin-categoria\/internacionales\/"},"img":{"alt_text":"","src":"https:\/\/i0.wp.com\/lasprimeras.com.do\/wp-content\/uploads\/2025\/12\/Dominicanos-en-NYC-demandan-de-instituciones-publicas-en-RD-implementar-sistema-transparencia-JCE.jpg?resize=350%2C200&ssl=1","width":350,"height":200},"classes":[]},{"id":101251,"url":"https:\/\/lasprimeras.com.do\/index.php\/2025\/06\/17\/jce-firmara-acuerdo-con-la-oea-de-cara-a-implementar-norma-iso-antisoborno\/","url_meta":{"origin":117545,"position":5},"title":"JCE firmar\u00e1 acuerdo con la OEA de cara a implementar norma ISO Antisoborno","author":"Nelson Feliz","date":"17 de junio de 2025","format":false,"excerpt":"Una misi\u00f3n de la Junta Central Electoral se reunir\u00e1 este viernes con el nuevo secretario general de la Organizaci\u00f3n de Estados Americanos (OEA), Albert Ramdin, con la finalidad de firmar un acuerdo de entendimiento que tiene por objeto establecer un marco regulatorio con respecto a la implementaci\u00f3n de la norma\u2026","rel":"","context":"En \u00abNACIONALES\u00bb","block_context":{"text":"NACIONALES","link":"https:\/\/lasprimeras.com.do\/index.php\/category\/nacionales\/"},"img":{"alt_text":"","src":"https:\/\/i0.wp.com\/lasprimeras.com.do\/wp-content\/uploads\/2025\/02\/Fachada-JCE.jpg?resize=350%2C200&ssl=1","width":350,"height":200,"srcset":"https:\/\/i0.wp.com\/lasprimeras.com.do\/wp-content\/uploads\/2025\/02\/Fachada-JCE.jpg?resize=350%2C200&ssl=1 1x, https:\/\/i0.wp.com\/lasprimeras.com.do\/wp-content\/uploads\/2025\/02\/Fachada-JCE.jpg?resize=525%2C300&ssl=1 1.5x, https:\/\/i0.wp.com\/lasprimeras.com.do\/wp-content\/uploads\/2025\/02\/Fachada-JCE.jpg?resize=700%2C400&ssl=1 2x"},"classes":[]}],"jetpack_sharing_enabled":true,"_links":{"self":[{"href":"https:\/\/lasprimeras.com.do\/index.php\/wp-json\/wp\/v2\/posts\/117545","targetHints":{"allow":["GET"]}}],"collection":[{"href":"https:\/\/lasprimeras.com.do\/index.php\/wp-json\/wp\/v2\/posts"}],"about":[{"href":"https:\/\/lasprimeras.com.do\/index.php\/wp-json\/wp\/v2\/types\/post"}],"author":[{"embeddable":true,"href":"https:\/\/lasprimeras.com.do\/index.php\/wp-json\/wp\/v2\/users\/10"}],"replies":[{"embeddable":true,"href":"https:\/\/lasprimeras.com.do\/index.php\/wp-json\/wp\/v2\/comments?post=117545"}],"version-history":[{"count":1,"href":"https:\/\/lasprimeras.com.do\/index.php\/wp-json\/wp\/v2\/posts\/117545\/revisions"}],"predecessor-version":[{"id":117550,"href":"https:\/\/lasprimeras.com.do\/index.php\/wp-json\/wp\/v2\/posts\/117545\/revisions\/117550"}],"wp:featuredmedia":[{"embeddable":true,"href":"https:\/\/lasprimeras.com.do\/index.php\/wp-json\/wp\/v2\/media\/117546"}],"wp:attachment":[{"href":"https:\/\/lasprimeras.com.do\/index.php\/wp-json\/wp\/v2\/media?parent=117545"}],"wp:term":[{"taxonomy":"category","embeddable":true,"href":"https:\/\/lasprimeras.com.do\/index.php\/wp-json\/wp\/v2\/categories?post=117545"},{"taxonomy":"post_tag","embeddable":true,"href":"https:\/\/lasprimeras.com.do\/index.php\/wp-json\/wp\/v2\/tags?post=117545"}],"curies":[{"name":"wp","href":"https:\/\/api.w.org\/{rel}","templated":true}]}}