{"id":117557,"date":"2025-12-11T19:17:43","date_gmt":"2025-12-11T23:17:43","guid":{"rendered":"https:\/\/lasprimeras.com.do\/?p=117557"},"modified":"2025-12-11T19:17:44","modified_gmt":"2025-12-11T23:17:44","slug":"jose-dantes-diaz-con-el-caso-senasa-queda-demostrado-el-desprecio-del-prm-a-la-vida-humana","status":"publish","type":"post","link":"https:\/\/lasprimeras.com.do\/index.php\/2025\/12\/11\/jose-dantes-diaz-con-el-caso-senasa-queda-demostrado-el-desprecio-del-prm-a-la-vida-humana\/","title":{"rendered":"Jos\u00e9 Dant\u00e9s D\u00edaz: Con el caso SeNaSa queda demostrado el desprecio del PRM a la vida humana"},"content":{"rendered":"\n<p><strong>Con el caso SeNaSa se ha destruido una de las columnas vertebrales del sistema de la seguridad social, explica Jos\u00e9 Dant\u00e9s D\u00edaz, miembro del CP del PLD<\/strong><\/p>\n\n\n\n<p>El secretario de Asuntos Jur\u00eddicos del Partido de la Liberaci\u00f3n Dominicana, Jos\u00e9 Dantes D\u00edaz, dijo que el alegado fraude al Seguro Nacional de Salud (Senasa) viene a destruir lo que ha sido una de las columnas vertebrales del sistema de la seguridad social en la Rep\u00fablica Dominicana.<\/p>\n\n\n\n<p>\u201cEsto es un hecho muy, muy lamentable, porque justamente se trata de un alegado fraude, y debo decir as\u00ed, alegado, porque hasta que no se pruebe, todo sigue siendo una teor\u00eda de la investigaci\u00f3n\u201d, aclar\u00f3 Dantes D\u00edaz.<\/p>\n\n\n\n<p>Entrevistado en el programa El D\u00eda, D\u00edaz record\u00f3 que ese seguro, creado a trav\u00e9s de la Ley 8701, ten\u00eda una finalidad, y era justamente prestar los servicios de salud al pueblo dominicano en dos sistemas, el contributivo y el subsidiado.<\/p>\n\n\n\n<p>Explic\u00f3 que el contributivo es un r\u00e9gimen donde los empleados aportan una parte y los empleadores otra, en cambio el subsidiado es el que m\u00e1s impacta a los pobres ya que fue creado para los que ganan menos del sueldo m\u00ednimo y es subsidiado por el Estado.<\/p>\n\n\n\n<p>\u201cDesde que se cre\u00f3 el Senasa en el 2005 comenz\u00f3 a operar sin problemas y funcionaba a las mil maravillas, hasta tal punto que gan\u00f3 premios locales e internacionales. Todos los procesos eran certificados por normas ISO 9001 de calidad\u201d, refiri\u00f3 el tambi\u00e9n miembro del Comit\u00e9 Pol\u00edtico.<\/p>\n\n\n\n<p>Expres\u00f3 que esa situaci\u00f3n cambi\u00f3 a partir del 2020 cuando el PRM asume la Presidencia de la Rep\u00fablica y que desde hace varios a\u00f1os ya ven\u00eda causando ruidos y problemas denunciados por las cl\u00ednicas privadas, y que el gobierno trat\u00f3 de ocultar y justificar con el aumento de los afiliados.<\/p>\n\n\n\n<p>\u201cYo no s\u00e9 si ustedes recuerdan, el Colegio M\u00e9dico Dominicano, por un lado, y la Asociaci\u00f3n de Cl\u00ednicas, por otro lado, hab\u00edan denunciado varias veces los retrasos en los pagos y la queja de los pacientes\u201d, se\u00f1al\u00f3 Dantes D\u00edaz a sus interlocutores.<\/p>\n\n\n\n<p>Entiende que el caso Senasa no se trata solamente de un asunto de corrupci\u00f3n m\u00e1s, ya que es un llamativo desprecio a la vida humana.<\/p>\n","protected":false},"excerpt":{"rendered":"<p>Con el caso SeNaSa se ha destruido una de las columnas vertebrales del sistema de la seguridad social, explica Jos\u00e9 Dant\u00e9s D\u00edaz, miembro del CP del PLD El secretario de&hellip;<\/p>\n","protected":false},"author":10,"featured_media":117558,"comment_status":"open","ping_status":"open","sticky":false,"template":"","format":"standard","meta":{"content-type":"","jetpack_post_was_ever_published":false,"_jetpack_newsletter_access":"","_jetpack_dont_email_post_to_subs":false,"_jetpack_newsletter_tier_id":0,"_jetpack_memberships_contains_paywalled_content":false,"_jetpack_memberships_contains_paid_content":false,"footnotes":""},"categories":[16559,25],"tags":[24338,9210,28495,14864,31,28496],"class_list":["post-117557","post","type-post","status-publish","format-standard","has-post-thumbnail","hentry","category-politica","category-portada","tag-caso-senasa","tag-demostrado","tag-desprecio","tag-jose-dantes-diaz","tag-prm","tag-vida-humana"],"jetpack_featured_media_url":"https:\/\/lasprimeras.com.do\/wp-content\/uploads\/2025\/12\/Jose-Dantes.jpg","jetpack-related-posts":[{"id":115791,"url":"https:\/\/lasprimeras.com.do\/index.php\/2025\/11\/25\/jose-dantes-responde-a-paliza-escandalos-y-extradiciones-por-narcotrafico-provienen-de-dirigentes-y-allegados-al-prm\/","url_meta":{"origin":117557,"position":0},"title":"Jos\u00e9 Dant\u00e9s responde a Paliza: Esc\u00e1ndalos y extradiciones por narcotr\u00e1fico provienen de dirigentes y allegados al PRM","author":"Nelson Feliz","date":"25 de noviembre de 2025","format":false,"excerpt":"El miembro del Comit\u00e9 Pol\u00edtico del Partido de la Liberaci\u00f3n Dominicana (PLD), Jos\u00e9 Dant\u00e9s D\u00edaz, record\u00f3 que la docena de casos, esc\u00e1ndalos y extradiciones por el crimen de narcotr\u00e1fico provienen de dirigentes y allegados al PRM, \u201cno del sistema ni de otros partidos\u201d. El secretario de Asuntos Jur\u00eddicos del PLD,\u2026","rel":"","context":"En \u00abPOLITICA\u00bb","block_context":{"text":"POLITICA","link":"https:\/\/lasprimeras.com.do\/index.php\/category\/politica\/"},"img":{"alt_text":"","src":"https:\/\/i0.wp.com\/lasprimeras.com.do\/wp-content\/uploads\/2025\/11\/Jose-Dantes.jpg?resize=350%2C200&ssl=1","width":350,"height":200,"srcset":"https:\/\/i0.wp.com\/lasprimeras.com.do\/wp-content\/uploads\/2025\/11\/Jose-Dantes.jpg?resize=350%2C200&ssl=1 1x, https:\/\/i0.wp.com\/lasprimeras.com.do\/wp-content\/uploads\/2025\/11\/Jose-Dantes.jpg?resize=525%2C300&ssl=1 1.5x, https:\/\/i0.wp.com\/lasprimeras.com.do\/wp-content\/uploads\/2025\/11\/Jose-Dantes.jpg?resize=700%2C400&ssl=1 2x"},"classes":[]},{"id":104456,"url":"https:\/\/lasprimeras.com.do\/index.php\/2025\/07\/24\/dantes-pide-sanciones-por-el-uso-de-fondos-publicos-en-promociones-de-aspirantes-del-prm\/","url_meta":{"origin":117557,"position":1},"title":"Dant\u00e9s pide sanciones por el &#8220;uso de fondos p\u00fablicos&#8221; en promociones de aspirantes del PRM","author":"Nelson Feliz","date":"24 de julio de 2025","format":false,"excerpt":"El miembro del Comit\u00e9 Pol\u00edtico del Partido de la Liberaci\u00f3n Dominicana (PLD), Jos\u00e9 Dant\u00e9s D\u00edaz, denunci\u00f3 el uso de fondos p\u00fablicos en la promoci\u00f3n de los aspirantes a la candidatura presidencial del PRM. \u201cLos aspirantes del PRM a la candidatura presidencial, est\u00e1n haciendo campa\u00f1as proselitistas desde los puestos p\u00fablicos, con\u2026","rel":"","context":"En \u00abPOLITICA\u00bb","block_context":{"text":"POLITICA","link":"https:\/\/lasprimeras.com.do\/index.php\/category\/politica\/"},"img":{"alt_text":"","src":"https:\/\/i0.wp.com\/lasprimeras.com.do\/wp-content\/uploads\/2025\/07\/Jose-Dantes-Diaz.jpg?resize=350%2C200&ssl=1","width":350,"height":200,"srcset":"https:\/\/i0.wp.com\/lasprimeras.com.do\/wp-content\/uploads\/2025\/07\/Jose-Dantes-Diaz.jpg?resize=350%2C200&ssl=1 1x, https:\/\/i0.wp.com\/lasprimeras.com.do\/wp-content\/uploads\/2025\/07\/Jose-Dantes-Diaz.jpg?resize=525%2C300&ssl=1 1.5x, https:\/\/i0.wp.com\/lasprimeras.com.do\/wp-content\/uploads\/2025\/07\/Jose-Dantes-Diaz.jpg?resize=700%2C400&ssl=1 2x"},"classes":[]},{"id":116858,"url":"https:\/\/lasprimeras.com.do\/index.php\/2025\/12\/04\/dirigentes-del-pld-abogan-por-reformas-que-no-debiliten-derechos\/","url_meta":{"origin":117557,"position":2},"title":"Dirigentes del PLD abogan por reformas que no debiliten derechos","author":"Nelson Feliz","date":"4 de diciembre de 2025","format":false,"excerpt":"Reformas al CPP aprobadas por la C\u00e1mara de Diputados no solucionan las dificultades procesales reales opinan Francisco Dom\u00ednguez Brito y Jos\u00e9 Dant\u00e9s D\u00edaz. Los dirigentes del Partido de la Liberaci\u00f3n Dominicana (PLD), Jos\u00e9 Dant\u00e9s D\u00edaz y Francisco Dom\u00ednguez Brito cuestionaron la reforma al C\u00f3digo Procesal Penal (CPP) aprobada por la\u2026","rel":"","context":"En \u00abPOLITICA\u00bb","block_context":{"text":"POLITICA","link":"https:\/\/lasprimeras.com.do\/index.php\/category\/politica\/"},"img":{"alt_text":"","src":"https:\/\/i0.wp.com\/lasprimeras.com.do\/wp-content\/uploads\/2025\/12\/Dantes-Brito.jpg?resize=350%2C200&ssl=1","width":350,"height":200,"srcset":"https:\/\/i0.wp.com\/lasprimeras.com.do\/wp-content\/uploads\/2025\/12\/Dantes-Brito.jpg?resize=350%2C200&ssl=1 1x, https:\/\/i0.wp.com\/lasprimeras.com.do\/wp-content\/uploads\/2025\/12\/Dantes-Brito.jpg?resize=525%2C300&ssl=1 1.5x, https:\/\/i0.wp.com\/lasprimeras.com.do\/wp-content\/uploads\/2025\/12\/Dantes-Brito.jpg?resize=700%2C400&ssl=1 2x"},"classes":[]},{"id":111816,"url":"https:\/\/lasprimeras.com.do\/index.php\/2025\/10\/14\/pld-acusa-al-gobierno-de-maquillar-cifras-y-relajar-entrega-de-titulos-con-impuestos\/","url_meta":{"origin":117557,"position":3},"title":"PLD acusa al Gobierno de maquillar cifras y relajar entrega de t\u00edtulos con impuestos","author":"Nelson Feliz","date":"14 de octubre de 2025","format":false,"excerpt":"El miembro del Comit\u00e9 Pol\u00edtico del Partido de la Liberaci\u00f3n Dominicana (PLD), Jos\u00e9 Dant\u00e9s D\u00edaz, ha reiterado su cr\u00edtica al gobierno, acus\u00e1ndolo de presentar cifras econ\u00f3micas \"maquilladas\" que no reflejan la realidad nacional. Adem\u00e1s, denunci\u00f3 una gesti\u00f3n deficiente en la entrega de t\u00edtulos de propiedad, un proceso que, seg\u00fan \u00e9l,\u2026","rel":"","context":"En \u00abPOLITICA\u00bb","block_context":{"text":"POLITICA","link":"https:\/\/lasprimeras.com.do\/index.php\/category\/politica\/"},"img":{"alt_text":"Jos\u00e9 Dant\u00e9s","src":"https:\/\/i0.wp.com\/lasprimeras.com.do\/wp-content\/uploads\/2024\/08\/Jose-Dantes.jpg?resize=350%2C200&ssl=1","width":350,"height":200,"srcset":"https:\/\/i0.wp.com\/lasprimeras.com.do\/wp-content\/uploads\/2024\/08\/Jose-Dantes.jpg?resize=350%2C200&ssl=1 1x, https:\/\/i0.wp.com\/lasprimeras.com.do\/wp-content\/uploads\/2024\/08\/Jose-Dantes.jpg?resize=525%2C300&ssl=1 1.5x, https:\/\/i0.wp.com\/lasprimeras.com.do\/wp-content\/uploads\/2024\/08\/Jose-Dantes.jpg?resize=700%2C400&ssl=1 2x"},"classes":[]},{"id":94098,"url":"https:\/\/lasprimeras.com.do\/index.php\/2025\/02\/25\/jose-dantes-diaz-respeto-al-debido-proceso-y-a-los-derechos-fundamentales\/","url_meta":{"origin":117557,"position":4},"title":"Jos\u00e9 Dant\u00e9s Diaz: Respeto al debido proceso y a los derechos fundamentales","author":"Nelson Feliz","date":"25 de febrero de 2025","format":false,"excerpt":"El Secretario de Asuntos Jur\u00eddicos del Partido de la Liberaci\u00f3n Dominicana (PLD), Jos\u00e9 Dant\u00e9s D\u00edaz, reiter\u00f3 que lo que esa organizaci\u00f3n pol\u00edtica espera de la nueva procuradora general de la Rep\u00fablica, Yeni Berenice Reynoso, es el respeto los procedimientos jur\u00eddicos institucionales. Adem\u00e1s, que su gesti\u00f3n se apegue a los principios\u2026","rel":"","context":"En \u00abPOLITICA\u00bb","block_context":{"text":"POLITICA","link":"https:\/\/lasprimeras.com.do\/index.php\/category\/politica\/"},"img":{"alt_text":"","src":"https:\/\/i0.wp.com\/lasprimeras.com.do\/wp-content\/uploads\/2025\/02\/Jose-Dantes.jpg?resize=350%2C200&ssl=1","width":350,"height":200,"srcset":"https:\/\/i0.wp.com\/lasprimeras.com.do\/wp-content\/uploads\/2025\/02\/Jose-Dantes.jpg?resize=350%2C200&ssl=1 1x, https:\/\/i0.wp.com\/lasprimeras.com.do\/wp-content\/uploads\/2025\/02\/Jose-Dantes.jpg?resize=525%2C300&ssl=1 1.5x, https:\/\/i0.wp.com\/lasprimeras.com.do\/wp-content\/uploads\/2025\/02\/Jose-Dantes.jpg?resize=700%2C400&ssl=1 2x"},"classes":[]},{"id":87783,"url":"https:\/\/lasprimeras.com.do\/index.php\/2024\/08\/16\/jose-dantes-diaz-cifras-del-discurso-presidencial-no-se-corresponden\/","url_meta":{"origin":117557,"position":5},"title":"Jos\u00e9 Dant\u00e9s D\u00edaz: Cifras del discurso presidencial no se corresponden","author":"Nelson Feliz","date":"16 de agosto de 2024","format":false,"excerpt":"El discurso del presidente Luis Abinader describi\u00f3 un panorama muy distante de la realidad. El miembro del Comit\u00e9 Pol\u00edtico del Partido de la Liberaci\u00f3n Dominicana (PLD), Jos\u00e9 Dant\u00e9s D\u00edaz, manifest\u00f3 que el presidente Luis Abinader en el discurso de toma de posesi\u00f3n del presidente describi\u00f3 un panorama muy distante de\u2026","rel":"","context":"En \u00abPORTADA\u00bb","block_context":{"text":"PORTADA","link":"https:\/\/lasprimeras.com.do\/index.php\/category\/portada\/"},"img":{"alt_text":"Jos\u00e9 Dant\u00e9s D\u00edaz","src":"https:\/\/i0.wp.com\/lasprimeras.com.do\/wp-content\/uploads\/2024\/08\/Jose-Dantes-Diaz.jpg?resize=350%2C200&ssl=1","width":350,"height":200,"srcset":"https:\/\/i0.wp.com\/lasprimeras.com.do\/wp-content\/uploads\/2024\/08\/Jose-Dantes-Diaz.jpg?resize=350%2C200&ssl=1 1x, https:\/\/i0.wp.com\/lasprimeras.com.do\/wp-content\/uploads\/2024\/08\/Jose-Dantes-Diaz.jpg?resize=525%2C300&ssl=1 1.5x, https:\/\/i0.wp.com\/lasprimeras.com.do\/wp-content\/uploads\/2024\/08\/Jose-Dantes-Diaz.jpg?resize=700%2C400&ssl=1 2x, https:\/\/i0.wp.com\/lasprimeras.com.do\/wp-content\/uploads\/2024\/08\/Jose-Dantes-Diaz.jpg?resize=1050%2C600&ssl=1 3x"},"classes":[]}],"jetpack_sharing_enabled":true,"_links":{"self":[{"href":"https:\/\/lasprimeras.com.do\/index.php\/wp-json\/wp\/v2\/posts\/117557","targetHints":{"allow":["GET"]}}],"collection":[{"href":"https:\/\/lasprimeras.com.do\/index.php\/wp-json\/wp\/v2\/posts"}],"about":[{"href":"https:\/\/lasprimeras.com.do\/index.php\/wp-json\/wp\/v2\/types\/post"}],"author":[{"embeddable":true,"href":"https:\/\/lasprimeras.com.do\/index.php\/wp-json\/wp\/v2\/users\/10"}],"replies":[{"embeddable":true,"href":"https:\/\/lasprimeras.com.do\/index.php\/wp-json\/wp\/v2\/comments?post=117557"}],"version-history":[{"count":1,"href":"https:\/\/lasprimeras.com.do\/index.php\/wp-json\/wp\/v2\/posts\/117557\/revisions"}],"predecessor-version":[{"id":117559,"href":"https:\/\/lasprimeras.com.do\/index.php\/wp-json\/wp\/v2\/posts\/117557\/revisions\/117559"}],"wp:featuredmedia":[{"embeddable":true,"href":"https:\/\/lasprimeras.com.do\/index.php\/wp-json\/wp\/v2\/media\/117558"}],"wp:attachment":[{"href":"https:\/\/lasprimeras.com.do\/index.php\/wp-json\/wp\/v2\/media?parent=117557"}],"wp:term":[{"taxonomy":"category","embeddable":true,"href":"https:\/\/lasprimeras.com.do\/index.php\/wp-json\/wp\/v2\/categories?post=117557"},{"taxonomy":"post_tag","embeddable":true,"href":"https:\/\/lasprimeras.com.do\/index.php\/wp-json\/wp\/v2\/tags?post=117557"}],"curies":[{"name":"wp","href":"https:\/\/api.w.org\/{rel}","templated":true}]}}