{"id":117567,"date":"2025-12-11T19:54:57","date_gmt":"2025-12-11T23:54:57","guid":{"rendered":"https:\/\/lasprimeras.com.do\/?p=117567"},"modified":"2025-12-11T19:54:58","modified_gmt":"2025-12-11T23:54:58","slug":"dida-denuncia-que-farmacias-no-entregan-documentos-para-compra-de-medicamentos-faltantes","status":"publish","type":"post","link":"https:\/\/lasprimeras.com.do\/index.php\/2025\/12\/11\/dida-denuncia-que-farmacias-no-entregan-documentos-para-compra-de-medicamentos-faltantes\/","title":{"rendered":"DIDA denuncia que farmacias no entregan documentos para compra de medicamentos faltantes"},"content":{"rendered":"\n<p><strong>Informa que una persona puede comprar medicamentos en varias farmacias con copia de una misma receta y el formulario de dispensaci\u00f3n parcial de medicamentos.<\/strong><\/p>\n\n\n\n<p>El director de la Direcci\u00f3n General de Informaci\u00f3n y Defensa de los Afiliados a la Seguridad Social (DIDA), El\u00edas B\u00e1ez, inform\u00f3 que un monitoreo realizado en varias farmacias del Distrito Nacional evidenci\u00f3 el desconocimiento y la no aplicaci\u00f3n del Formulario para la Dispensaci\u00f3n Parcial de Medicamentos Ambulatorios en violaci\u00f3n del Decreto 665-12 que establece el nuevo Reglamento de Prescripci\u00f3n y Dispensaci\u00f3n de Medicamentos Ambulatorios y la Resoluci\u00f3n No.00192-2013 emitida por la Superintendencia de Salud y Riesgos Laborales (SISALRIL).<\/p>\n\n\n\n<p>El\u00edas B\u00e1ez indic\u00f3 que estas normativas establecen que cuando una farmacia no cuente con la totalidad de los medicamentos contenidos en una receta, y que estos est\u00e9n cubiertos por su seguro de salud, debe entregar al usuario dicho formulario completado, firmado y sellado por el representante de la farmacia de origen, copia de la receta sellada por la farmacia y copia de la factura de la compra del medicamento, para que el afiliado pueda adquirir los mismos en otros establecimientos.<\/p>\n\n\n\n<p>B\u00e1ez explic\u00f3 que la no aplicaci\u00f3n de dicha medida afecta a los afiliados, ya que se ven precisados a comprar las medicinas restantes con su dinero, sin la cobertura completa de su seguro, ni garant\u00eda de reembolso.<\/p>\n\n\n\n<p>El director de la DIDA se\u00f1al\u00f3 que dicho monitoreo fue realizado tras recibir m\u00faltiples denuncias de incumplimiento revelando que ninguna de las farmacias visitadas estaban aplicando el procedimiento reglamentario y que en la mayor\u00eda de los casos el personal desconoc\u00eda completamente la existencia del formulario. Solo una farmacia report\u00f3 tener conocimiento del mismo, pero reconoci\u00f3 que no lo aplica en la pr\u00e1ctica.<\/p>\n\n\n\n<p>Adem\u00e1s, se detectaron otras barreras que pueden afectar el acceso a los medicamentos, como el rechazo de recetas m\u00e9dicas por errores en la redacci\u00f3n o por letras supuestamente ilegibles, error determinado por el personal de la farmacia, sin establecer mecanismos institucionales de soluci\u00f3n para estos casos.<\/p>\n\n\n\n<p>Ante esta situaci\u00f3n, la DIDA exhort\u00f3 a las farmacias, Administradoras de Riesgos de Salud (ARS) y autoridades reguladoras del Sistema Dominicano de Seguridad Social a garantizar la implementaci\u00f3n efectiva del Formulario para la Dispensaci\u00f3n Parcial Medicamentos Ambulatorios en todos los puntos de servicios, reforzar la capacitaci\u00f3n del personal de las farmacias sobre el procedimiento y su obligatoriedad; as\u00ed como establecer mecanismos claros de orientaci\u00f3n al usuario en caso de rechazo de recetas por errores formales.<\/p>\n\n\n\n<p>Record\u00f3 que es un derecho de los afiliados decidir entre esperar a que la farmacia complete los medicamentos o dirigirse a otra sucursal para adquirir la totalidad.<\/p>\n\n\n\n<p>La DIDA inform\u00f3 que esta situaci\u00f3n fue notificada a la Superintendencia de Salud y Riesgos Laborales (SISALRIL), a las ARS y a la Asociaci\u00f3n de Representantes, Agentes y Productores Farmac\u00e9uticos (ARAPF).<\/p>\n","protected":false},"excerpt":{"rendered":"<p>Informa que una persona puede comprar medicamentos en varias farmacias con copia de una misma receta y el formulario de dispensaci\u00f3n parcial de medicamentos. El director de la Direcci\u00f3n General&hellip;<\/p>\n","protected":false},"author":10,"featured_media":117568,"comment_status":"open","ping_status":"open","sticky":false,"template":"","format":"standard","meta":{"content-type":"","jetpack_post_was_ever_published":false,"_jetpack_newsletter_access":"","_jetpack_dont_email_post_to_subs":false,"_jetpack_newsletter_tier_id":0,"_jetpack_memberships_contains_paywalled_content":false,"_jetpack_memberships_contains_paid_content":false,"footnotes":""},"categories":[25,16558],"tags":[2104,9736,4004,16266,28499,19499,1273],"class_list":["post-117567","post","type-post","status-publish","format-standard","has-post-thumbnail","hentry","category-portada","category-salud","tag-afiliados","tag-dida","tag-documentos","tag-establecimientos","tag-faltantes","tag-farmacias","tag-medicamentos"],"jetpack_featured_media_url":"https:\/\/lasprimeras.com.do\/wp-content\/uploads\/2025\/12\/Elias-Baez-2.jpg","jetpack-related-posts":[{"id":112284,"url":"https:\/\/lasprimeras.com.do\/index.php\/2025\/10\/20\/dida-ars-no-cumplen-normas-de-compra-medicamentos-de-alto-costo-para-afiliados\/","url_meta":{"origin":117567,"position":0},"title":"DIDA: ARS no cumplen normas de compra de medicamentos de Alto Costo para afiliados","author":"Nelson Feliz","date":"20 de octubre de 2025","format":false,"excerpt":"El\u00edas B\u00e1ez dijo que dicha medida est\u00e1 contenida en la Resoluci\u00f3n 553 del Consejo Nacional de la Seguridad Social (CNSS) y en la sentencia 111-19 del Tribunal Constitucional. Exhort\u00f3 a los afiliados a verificar su cobertura en la DIDA. El titular de la Direcci\u00f3n General de Informaci\u00f3n y Defensa de\u2026","rel":"","context":"En \u00abECONOM\u00cdA\u00bb","block_context":{"text":"ECONOM\u00cdA","link":"https:\/\/lasprimeras.com.do\/index.php\/category\/economia\/"},"img":{"alt_text":"","src":"https:\/\/i0.wp.com\/lasprimeras.com.do\/wp-content\/uploads\/2025\/10\/DIDA-1.jpg?resize=350%2C200&ssl=1","width":350,"height":200,"srcset":"https:\/\/i0.wp.com\/lasprimeras.com.do\/wp-content\/uploads\/2025\/10\/DIDA-1.jpg?resize=350%2C200&ssl=1 1x, https:\/\/i0.wp.com\/lasprimeras.com.do\/wp-content\/uploads\/2025\/10\/DIDA-1.jpg?resize=525%2C300&ssl=1 1.5x, https:\/\/i0.wp.com\/lasprimeras.com.do\/wp-content\/uploads\/2025\/10\/DIDA-1.jpg?resize=700%2C400&ssl=1 2x"},"classes":[]},{"id":103201,"url":"https:\/\/lasprimeras.com.do\/index.php\/2025\/07\/13\/senasa-apertura-servicio-de-delivery-de-medicamentos-tras-nuevas-medidas-de-seguridad\/","url_meta":{"origin":117567,"position":1},"title":"SeNaSa apertura servicio de delivery de medicamentos tras nuevas medidas de seguridad","author":"Nelson Feliz","date":"13 de julio de 2025","format":false,"excerpt":"El Seguro Nacional de Salud (SeNaSa) informa a sus afiliados y a la ciudadan\u00eda en general que, como parte del proceso de implementaci\u00f3n de nuevas medidas de seguridad en la dispensaci\u00f3n de medicamentos, el servicio de entrega a domicilio (delivery) se reanuda de forma gradual, en la medida en que\u2026","rel":"","context":"En \u00abPORTADA\u00bb","block_context":{"text":"PORTADA","link":"https:\/\/lasprimeras.com.do\/index.php\/category\/portada\/"},"img":{"alt_text":"SeNaSa","src":"https:\/\/i0.wp.com\/lasprimeras.com.do\/wp-content\/uploads\/2025\/07\/Fachada-SeNaSa.jpg?resize=350%2C200&ssl=1","width":350,"height":200,"srcset":"https:\/\/i0.wp.com\/lasprimeras.com.do\/wp-content\/uploads\/2025\/07\/Fachada-SeNaSa.jpg?resize=350%2C200&ssl=1 1x, https:\/\/i0.wp.com\/lasprimeras.com.do\/wp-content\/uploads\/2025\/07\/Fachada-SeNaSa.jpg?resize=525%2C300&ssl=1 1.5x, https:\/\/i0.wp.com\/lasprimeras.com.do\/wp-content\/uploads\/2025\/07\/Fachada-SeNaSa.jpg?resize=700%2C400&ssl=1 2x"},"classes":[]},{"id":98860,"url":"https:\/\/lasprimeras.com.do\/index.php\/2025\/05\/13\/senasa-responde-a-quejas-y-promete-mejoras-en-el-acceso-a-medicamentos-en-farmacias\/","url_meta":{"origin":117567,"position":2},"title":"Senasa responde a quejas y promete mejoras en el acceso a medicamentos en farmacias","author":"Nelson Feliz","date":"13 de mayo de 2025","format":false,"excerpt":"Se espera que dentro de los pr\u00f3ximos 10 d\u00edas la situaci\u00f3n quede solucionada. El Seguro Nacional de Salud (Senasa) asegur\u00f3 que los servicios como autorizaciones m\u00e9dicas y las atenciones generales se desarrollan con normalidad y que, tras la implementaci\u00f3n de mejoras en su plataforma tecnol\u00f3gica, se ha registrado una disminuci\u00f3n\u2026","rel":"","context":"En \u00abSALUD\u00bb","block_context":{"text":"SALUD","link":"https:\/\/lasprimeras.com.do\/index.php\/category\/salud\/"},"img":{"alt_text":"","src":"https:\/\/i0.wp.com\/lasprimeras.com.do\/wp-content\/uploads\/2025\/02\/SeNaSa.jpg?resize=350%2C200&ssl=1","width":350,"height":200,"srcset":"https:\/\/i0.wp.com\/lasprimeras.com.do\/wp-content\/uploads\/2025\/02\/SeNaSa.jpg?resize=350%2C200&ssl=1 1x, https:\/\/i0.wp.com\/lasprimeras.com.do\/wp-content\/uploads\/2025\/02\/SeNaSa.jpg?resize=525%2C300&ssl=1 1.5x, https:\/\/i0.wp.com\/lasprimeras.com.do\/wp-content\/uploads\/2025\/02\/SeNaSa.jpg?resize=700%2C400&ssl=1 2x"},"classes":[]},{"id":117157,"url":"https:\/\/lasprimeras.com.do\/index.php\/2025\/12\/08\/senasa-reafirma-continuidad-y-estabilidad-de-sus-servicios-para-mas-de-7-4-millones-de-afiliados\/","url_meta":{"origin":117567,"position":3},"title":"SeNaSa reafirma continuidad y estabilidad de sus servicios para m\u00e1s de 7.4 millones de afiliados","author":"Nelson Feliz","date":"8 de diciembre de 2025","format":false,"excerpt":"El Seguro Nacional de Salud (SeNaSa) inform\u00f3 que contin\u00faa garantizando, sin interrupciones, todos los servicios de salud a los m\u00e1s de 7.4 millones de afiliados que conforman sus distintos reg\u00edmenes, a trav\u00e9s de una amplia y fortalecida red de prestadores en todo el territorio nacional. La instituci\u00f3n explic\u00f3 que la\u2026","rel":"","context":"En \u00abPORTADA\u00bb","block_context":{"text":"PORTADA","link":"https:\/\/lasprimeras.com.do\/index.php\/category\/portada\/"},"img":{"alt_text":"SeNaSa","src":"https:\/\/i0.wp.com\/lasprimeras.com.do\/wp-content\/uploads\/2025\/07\/Fachada-SeNaSa.jpg?resize=350%2C200&ssl=1","width":350,"height":200,"srcset":"https:\/\/i0.wp.com\/lasprimeras.com.do\/wp-content\/uploads\/2025\/07\/Fachada-SeNaSa.jpg?resize=350%2C200&ssl=1 1x, https:\/\/i0.wp.com\/lasprimeras.com.do\/wp-content\/uploads\/2025\/07\/Fachada-SeNaSa.jpg?resize=525%2C300&ssl=1 1.5x, https:\/\/i0.wp.com\/lasprimeras.com.do\/wp-content\/uploads\/2025\/07\/Fachada-SeNaSa.jpg?resize=700%2C400&ssl=1 2x"},"classes":[]},{"id":53408,"url":"https:\/\/lasprimeras.com.do\/index.php\/2023\/06\/26\/director-de-promese-afirma-farmacias-del-pueblo-se-expanden-y-estan-abastecidas\/","url_meta":{"origin":117567,"position":4},"title":"Director de Promese afirma Farmacias del Pueblo se expanden y est\u00e1n abastecidas","author":"Nelson Feliz","date":"26 de junio de 2023","format":false,"excerpt":"El director del Programa de Medicamentos Esenciales (Promese\/Cal), Adolfo P\u00e9rez de Le\u00f3n, inform\u00f3 que las Farmacias del Pueblo est\u00e1n abastecidas de medicinas y el programa de alto costo cumple con los requerimientos de los pacientes incluidos que padecen enfermedades graves. En el caso de las Farmacias del Pueblo, hospitales y\u2026","rel":"","context":"En \u00abECONOM\u00cdA\u00bb","block_context":{"text":"ECONOM\u00cdA","link":"https:\/\/lasprimeras.com.do\/index.php\/category\/economia\/"},"img":{"alt_text":"Adolfo P\u00e9rez de Le\u00f3n","src":"https:\/\/i0.wp.com\/lasprimeras.com.do\/wp-content\/uploads\/2023\/06\/NOTA-DE-PRENSA-1.jpg?resize=350%2C200&ssl=1","width":350,"height":200,"srcset":"https:\/\/i0.wp.com\/lasprimeras.com.do\/wp-content\/uploads\/2023\/06\/NOTA-DE-PRENSA-1.jpg?resize=350%2C200&ssl=1 1x, https:\/\/i0.wp.com\/lasprimeras.com.do\/wp-content\/uploads\/2023\/06\/NOTA-DE-PRENSA-1.jpg?resize=525%2C300&ssl=1 1.5x, https:\/\/i0.wp.com\/lasprimeras.com.do\/wp-content\/uploads\/2023\/06\/NOTA-DE-PRENSA-1.jpg?resize=700%2C400&ssl=1 2x"},"classes":[]},{"id":128628,"url":"https:\/\/lasprimeras.com.do\/index.php\/2026\/04\/25\/el-doctor-fadul-puso-el-consultorio-en-orden-tras-inspeccion-de-la-digemaps\/","url_meta":{"origin":117567,"position":5},"title":"El doctor Fadul puso el consultorio en orden tras inspecci\u00f3n de la Digemaps","author":"Nelson Feliz","date":"25 de abril de 2026","format":false,"excerpt":"La entidad hab\u00eda puesto bajo escrutinio sus pr\u00e1cticas de prescripci\u00f3n a pacientes dentro del espectro autista El doctor Ernesto Fadul, a quien la Direcci\u00f3n General de Medicamentos, Alimentos y Productos Sanitarios (Digemaps) hab\u00eda puesto bajo escrutinio sus pr\u00e1cticas de prescripci\u00f3n, cumpli\u00f3 con las recomendaciones que le hicieron las autoridades. Un\u2026","rel":"","context":"En \u00abSALUD\u00bb","block_context":{"text":"SALUD","link":"https:\/\/lasprimeras.com.do\/index.php\/category\/salud\/"},"img":{"alt_text":"","src":"https:\/\/i0.wp.com\/lasprimeras.com.do\/wp-content\/uploads\/2026\/02\/Dr.-Fadul-1140x694-1.jpg?resize=350%2C200&ssl=1","width":350,"height":200,"srcset":"https:\/\/i0.wp.com\/lasprimeras.com.do\/wp-content\/uploads\/2026\/02\/Dr.-Fadul-1140x694-1.jpg?resize=350%2C200&ssl=1 1x, https:\/\/i0.wp.com\/lasprimeras.com.do\/wp-content\/uploads\/2026\/02\/Dr.-Fadul-1140x694-1.jpg?resize=525%2C300&ssl=1 1.5x, https:\/\/i0.wp.com\/lasprimeras.com.do\/wp-content\/uploads\/2026\/02\/Dr.-Fadul-1140x694-1.jpg?resize=700%2C400&ssl=1 2x, https:\/\/i0.wp.com\/lasprimeras.com.do\/wp-content\/uploads\/2026\/02\/Dr.-Fadul-1140x694-1.jpg?resize=1050%2C600&ssl=1 3x"},"classes":[]}],"jetpack_sharing_enabled":true,"_links":{"self":[{"href":"https:\/\/lasprimeras.com.do\/index.php\/wp-json\/wp\/v2\/posts\/117567","targetHints":{"allow":["GET"]}}],"collection":[{"href":"https:\/\/lasprimeras.com.do\/index.php\/wp-json\/wp\/v2\/posts"}],"about":[{"href":"https:\/\/lasprimeras.com.do\/index.php\/wp-json\/wp\/v2\/types\/post"}],"author":[{"embeddable":true,"href":"https:\/\/lasprimeras.com.do\/index.php\/wp-json\/wp\/v2\/users\/10"}],"replies":[{"embeddable":true,"href":"https:\/\/lasprimeras.com.do\/index.php\/wp-json\/wp\/v2\/comments?post=117567"}],"version-history":[{"count":1,"href":"https:\/\/lasprimeras.com.do\/index.php\/wp-json\/wp\/v2\/posts\/117567\/revisions"}],"predecessor-version":[{"id":117569,"href":"https:\/\/lasprimeras.com.do\/index.php\/wp-json\/wp\/v2\/posts\/117567\/revisions\/117569"}],"wp:featuredmedia":[{"embeddable":true,"href":"https:\/\/lasprimeras.com.do\/index.php\/wp-json\/wp\/v2\/media\/117568"}],"wp:attachment":[{"href":"https:\/\/lasprimeras.com.do\/index.php\/wp-json\/wp\/v2\/media?parent=117567"}],"wp:term":[{"taxonomy":"category","embeddable":true,"href":"https:\/\/lasprimeras.com.do\/index.php\/wp-json\/wp\/v2\/categories?post=117567"},{"taxonomy":"post_tag","embeddable":true,"href":"https:\/\/lasprimeras.com.do\/index.php\/wp-json\/wp\/v2\/tags?post=117567"}],"curies":[{"name":"wp","href":"https:\/\/api.w.org\/{rel}","templated":true}]}}