{"id":117648,"date":"2025-12-11T12:27:35","date_gmt":"2025-12-11T16:27:35","guid":{"rendered":"https:\/\/lasprimeras.com.do\/?p=117648"},"modified":"2025-12-12T12:34:15","modified_gmt":"2025-12-12T16:34:15","slug":"tribunal-disciplinario-del-cdp-lamenta-fallecimiento-de-la-periodista-xiomara-morel","status":"publish","type":"post","link":"https:\/\/lasprimeras.com.do\/index.php\/2025\/12\/11\/tribunal-disciplinario-del-cdp-lamenta-fallecimiento-de-la-periodista-xiomara-morel\/","title":{"rendered":"Tribunal Disciplinario del CDP lamenta fallecimiento de la periodista Xiomara Morel"},"content":{"rendered":"\n<p>El Tribunal Disciplinario del Colegio Dominicano de Periodistas (CDP) lamenta la muerte de la periodista Xiomara Morel, quien estaba ingresada en el Instituto de Oncolog\u00eda doctor Heriberto Pieter aquejada de un c\u00e1ncer de mama agresivo desde octubre de 2023.<\/p>\n\n\n\n<p>La joven, quien falleci\u00f3 la madrugada de este viernes, ser\u00e1 velada en la Funeraria Municipal del kil\u00f3metro 11, de la avenida Independencia en los kil\u00f3metros, del Distrito Nacional.<\/p>\n\n\n\n<p>En noviembre pasado, parientes, amigos y allegados de la periodista solicitaron con urgencia donaci\u00f3n de sangre debido a su delicado estado de salud.<\/p>\n\n\n\n<p>Colegas de la periodista, quien estudi\u00f3 en la Universidad Auton\u00f3ma de Santo Domingo (UASD) lamentaron su deceso y describieron a Morel como una persona amable, alegre y luchadora.<\/p>\n","protected":false},"excerpt":{"rendered":"<p>El Tribunal Disciplinario del Colegio Dominicano de Periodistas (CDP) lamenta la muerte de la periodista Xiomara Morel, quien estaba ingresada en el Instituto de Oncolog\u00eda doctor Heriberto Pieter aquejada de&hellip;<\/p>\n","protected":false},"author":10,"featured_media":117649,"comment_status":"open","ping_status":"open","sticky":false,"template":"","format":"standard","meta":{"content-type":"","jetpack_post_was_ever_published":false,"_jetpack_newsletter_access":"","_jetpack_dont_email_post_to_subs":false,"_jetpack_newsletter_tier_id":0,"_jetpack_memberships_contains_paywalled_content":false,"_jetpack_memberships_contains_paid_content":false,"footnotes":""},"categories":[35],"tags":[437,1065,604,28528,28529],"class_list":["post-117648","post","type-post","status-publish","format-standard","has-post-thumbnail","hentry","category-nacionales","tag-cdp","tag-fallecimiento","tag-periodista","tag-tribunal-disciplinario","tag-xiomara-morel"],"jetpack_featured_media_url":"https:\/\/lasprimeras.com.do\/wp-content\/uploads\/2025\/12\/Xiomara-Morel.jpg","jetpack-related-posts":[{"id":77398,"url":"https:\/\/lasprimeras.com.do\/index.php\/2024\/02\/20\/amdi-lamenta-el-triste-fallecimiento-del-profesor-adriano-de-la-cruz\/","url_meta":{"origin":117648,"position":0},"title":"AMDI lamenta el triste fallecimiento del profesor Adriano de la Cruz","author":"Nelson Feliz","date":"20 de febrero de 2024","format":false,"excerpt":"El secretario general de la Asociaci\u00f3n de Medios Digitales Independientes (AMDI), Nelson Feliz, expres\u00f3 su pesar y dolor por el fallecimiento del periodista Adriano de la Cruz. El profesor Adriano de la Cruz,fue presidente del Colegio Dominicano de Periodistas y del Tribunal Disciplinario del (CDP), adem\u00e1s se destac\u00f3 como Consejero\u2026","rel":"","context":"En \u00abNACIONALES\u00bb","block_context":{"text":"NACIONALES","link":"https:\/\/lasprimeras.com.do\/index.php\/category\/nacionales\/"},"img":{"alt_text":"Adriano de la Cruz","src":"https:\/\/i0.wp.com\/lasprimeras.com.do\/wp-content\/uploads\/2024\/02\/PROFESOR-ADRIANO-DE-LA-CRUZ.jpeg.jpg?resize=350%2C200&ssl=1","width":350,"height":200,"srcset":"https:\/\/i0.wp.com\/lasprimeras.com.do\/wp-content\/uploads\/2024\/02\/PROFESOR-ADRIANO-DE-LA-CRUZ.jpeg.jpg?resize=350%2C200&ssl=1 1x, https:\/\/i0.wp.com\/lasprimeras.com.do\/wp-content\/uploads\/2024\/02\/PROFESOR-ADRIANO-DE-LA-CRUZ.jpeg.jpg?resize=525%2C300&ssl=1 1.5x, https:\/\/i0.wp.com\/lasprimeras.com.do\/wp-content\/uploads\/2024\/02\/PROFESOR-ADRIANO-DE-LA-CRUZ.jpeg.jpg?resize=700%2C400&ssl=1 2x"},"classes":[]},{"id":77377,"url":"https:\/\/lasprimeras.com.do\/index.php\/2024\/02\/20\/nelson-gutierrez-lamenta-fallecimiento-del-profesor-adriano-de-la-cruz\/","url_meta":{"origin":117648,"position":1},"title":"Nelson Guti\u00e9rrez lamenta fallecimiento del profesor Adriano de la Cruz","author":"BIMARY DE JES\u00daS Matos","date":"20 de febrero de 2024","format":false,"excerpt":"Santo Domingo, RD.- El Colegio Dominicano de Locutores (CDL), expres\u00f3 su pesar y dolor por el fallecimiento del periodista Adriano de la Cruz, ex presidente del Colegio Dominicano de Periodistas y del Tribunal Disciplinario del CDP. Nelson Guti\u00e9rrez, presidente Advitam del CDL, lament\u00f3 el deceso del profesor de periodismo durante\u2026","rel":"","context":"En \u00abPORTADA\u00bb","block_context":{"text":"PORTADA","link":"https:\/\/lasprimeras.com.do\/index.php\/category\/portada\/"},"img":{"alt_text":"","src":"https:\/\/i0.wp.com\/lasprimeras.com.do\/wp-content\/uploads\/2024\/02\/IMG-20240220-WA0046.jpg?resize=350%2C200&ssl=1","width":350,"height":200,"srcset":"https:\/\/i0.wp.com\/lasprimeras.com.do\/wp-content\/uploads\/2024\/02\/IMG-20240220-WA0046.jpg?resize=350%2C200&ssl=1 1x, https:\/\/i0.wp.com\/lasprimeras.com.do\/wp-content\/uploads\/2024\/02\/IMG-20240220-WA0046.jpg?resize=525%2C300&ssl=1 1.5x"},"classes":[]},{"id":58644,"url":"https:\/\/lasprimeras.com.do\/index.php\/2023\/08\/26\/mmv-gana-elecciones-del-cdp-y-reelige-a-henriquez-y-de-leon\/","url_meta":{"origin":117648,"position":2},"title":"MMV gana elecciones del CDP y reelige a Henr\u00edquez y De Le\u00f3n","author":"Nelson Feliz","date":"26 de agosto de 2023","format":false,"excerpt":"Por Martin Restituyo El Movimiento Marcelino Vega (MMV) gan\u00f3 convincentemente las elecciones del Colegio Dominicano de Periodistas (CDP), celebradas este viernes 25 de agosto, y reeligi\u00f3 a Aurelio Henr\u00edquez y a Olivo De Le\u00f3n en la presidencia del CDP y del Instituto de Previsi\u00f3n y Protecci\u00f3n del Periodista (IPPP), respectivamente.\u2026","rel":"","context":"En \u00abNACIONALES\u00bb","block_context":{"text":"NACIONALES","link":"https:\/\/lasprimeras.com.do\/index.php\/category\/nacionales\/"},"img":{"alt_text":"CDP","src":"https:\/\/i0.wp.com\/lasprimeras.com.do\/wp-content\/uploads\/2023\/08\/CDP.jpg?resize=350%2C200&ssl=1","width":350,"height":200,"srcset":"https:\/\/i0.wp.com\/lasprimeras.com.do\/wp-content\/uploads\/2023\/08\/CDP.jpg?resize=350%2C200&ssl=1 1x, https:\/\/i0.wp.com\/lasprimeras.com.do\/wp-content\/uploads\/2023\/08\/CDP.jpg?resize=525%2C300&ssl=1 1.5x"},"classes":[]},{"id":77367,"url":"https:\/\/lasprimeras.com.do\/index.php\/2024\/02\/20\/muere-don-adriano-de-la-cruz-expresidente-del-cdp\/","url_meta":{"origin":117648,"position":3},"title":"Muere don Adriano de la Cruz, expresidente del CDP","author":"BIMARY DE JES\u00daS Matos","date":"20 de febrero de 2024","format":false,"excerpt":"Santo Domingo.-El expresidente del Colegio Dominicano de Periodistas (CDP), Adriano de la Cruz, falleci\u00f3 este martes a los 78 a\u00f1os como consecuencia de deficiencia card\u00edaca e insuficiencia renal. Seg\u00fan informaciones obtenidas, el deceso del profesor universitario se produjo en el Hospital General De La Plaza de la Salud, donde fue\u2026","rel":"","context":"En \u00abPORTADA\u00bb","block_context":{"text":"PORTADA","link":"https:\/\/lasprimeras.com.do\/index.php\/category\/portada\/"},"img":{"alt_text":"Adriano de la Cruz","src":"https:\/\/i0.wp.com\/lasprimeras.com.do\/wp-content\/uploads\/2024\/02\/PROFESOR-ADRIANO-DE-LA-CRUZ.jpeg.jpg?resize=350%2C200&ssl=1","width":350,"height":200,"srcset":"https:\/\/i0.wp.com\/lasprimeras.com.do\/wp-content\/uploads\/2024\/02\/PROFESOR-ADRIANO-DE-LA-CRUZ.jpeg.jpg?resize=350%2C200&ssl=1 1x, https:\/\/i0.wp.com\/lasprimeras.com.do\/wp-content\/uploads\/2024\/02\/PROFESOR-ADRIANO-DE-LA-CRUZ.jpeg.jpg?resize=525%2C300&ssl=1 1.5x, https:\/\/i0.wp.com\/lasprimeras.com.do\/wp-content\/uploads\/2024\/02\/PROFESOR-ADRIANO-DE-LA-CRUZ.jpeg.jpg?resize=700%2C400&ssl=1 2x"},"classes":[]},{"id":59139,"url":"https:\/\/lasprimeras.com.do\/index.php\/2023\/08\/31\/mmv-agradece-voto-masivo-a-periodistas\/","url_meta":{"origin":117648,"position":4},"title":"MMV agradece voto masivo a periodistas","author":"Nelson Feliz","date":"31 de agosto de 2023","format":false,"excerpt":"Por Mart\u00edn Restituyo El Movimiento Marcelino Vega (MMV) agradeci\u00f3 la muestra de confianza que expresaron los periodistas residentes en el pa\u00eds y en el exterior, al votar masivamente por sus candidatos en las elecciones del viernes 25 de agosto del Colegio Dominicano de Periodistas (CDP). El coordinador general de la\u2026","rel":"","context":"En \u00abNACIONALES\u00bb","block_context":{"text":"NACIONALES","link":"https:\/\/lasprimeras.com.do\/index.php\/category\/nacionales\/"},"img":{"alt_text":"Olivo De Le\u00f3n","src":"https:\/\/i0.wp.com\/lasprimeras.com.do\/wp-content\/uploads\/2023\/08\/Olivo-De-Leon.jpg?resize=350%2C200&ssl=1","width":350,"height":200,"srcset":"https:\/\/i0.wp.com\/lasprimeras.com.do\/wp-content\/uploads\/2023\/08\/Olivo-De-Leon.jpg?resize=350%2C200&ssl=1 1x, https:\/\/i0.wp.com\/lasprimeras.com.do\/wp-content\/uploads\/2023\/08\/Olivo-De-Leon.jpg?resize=525%2C300&ssl=1 1.5x, https:\/\/i0.wp.com\/lasprimeras.com.do\/wp-content\/uploads\/2023\/08\/Olivo-De-Leon.jpg?resize=700%2C400&ssl=1 2x"},"classes":[]},{"id":77414,"url":"https:\/\/lasprimeras.com.do\/index.php\/2024\/02\/20\/filial-sntp-sde-lamenta-fallecimiento-del-ex-presidente-del-cdp-adriano-de-la-cruz\/","url_meta":{"origin":117648,"position":5},"title":"Filial SNTP-SDE lamenta fallecimiento del ex presidente del CDP Adriano de la Cruz","author":"Nelson Feliz","date":"20 de febrero de 2024","format":false,"excerpt":"La filial Santo Domingo Este del Sindicato Nacional de Trabajadores de la Prensa (SNTP-SDE) lamento el fallecimiento del ex presidente del Colegio Dominicano de Periodistas y profesor universitario, Adriano de la Cruz. El veterano periodista y educador falleci\u00f3 este martes en un centro de salud privado, donde se encontraba internado\u2026","rel":"","context":"En \u00abNACIONALES\u00bb","block_context":{"text":"NACIONALES","link":"https:\/\/lasprimeras.com.do\/index.php\/category\/nacionales\/"},"img":{"alt_text":"Wilson Guerrero y Adriano de la Cruz","src":"https:\/\/i0.wp.com\/lasprimeras.com.do\/wp-content\/uploads\/2024\/02\/Wilson-Guerrero-y-Adriano-de-la-Cruz.jpg?resize=350%2C200&ssl=1","width":350,"height":200,"srcset":"https:\/\/i0.wp.com\/lasprimeras.com.do\/wp-content\/uploads\/2024\/02\/Wilson-Guerrero-y-Adriano-de-la-Cruz.jpg?resize=350%2C200&ssl=1 1x, https:\/\/i0.wp.com\/lasprimeras.com.do\/wp-content\/uploads\/2024\/02\/Wilson-Guerrero-y-Adriano-de-la-Cruz.jpg?resize=525%2C300&ssl=1 1.5x"},"classes":[]}],"jetpack_sharing_enabled":true,"_links":{"self":[{"href":"https:\/\/lasprimeras.com.do\/index.php\/wp-json\/wp\/v2\/posts\/117648","targetHints":{"allow":["GET"]}}],"collection":[{"href":"https:\/\/lasprimeras.com.do\/index.php\/wp-json\/wp\/v2\/posts"}],"about":[{"href":"https:\/\/lasprimeras.com.do\/index.php\/wp-json\/wp\/v2\/types\/post"}],"author":[{"embeddable":true,"href":"https:\/\/lasprimeras.com.do\/index.php\/wp-json\/wp\/v2\/users\/10"}],"replies":[{"embeddable":true,"href":"https:\/\/lasprimeras.com.do\/index.php\/wp-json\/wp\/v2\/comments?post=117648"}],"version-history":[{"count":1,"href":"https:\/\/lasprimeras.com.do\/index.php\/wp-json\/wp\/v2\/posts\/117648\/revisions"}],"predecessor-version":[{"id":117650,"href":"https:\/\/lasprimeras.com.do\/index.php\/wp-json\/wp\/v2\/posts\/117648\/revisions\/117650"}],"wp:featuredmedia":[{"embeddable":true,"href":"https:\/\/lasprimeras.com.do\/index.php\/wp-json\/wp\/v2\/media\/117649"}],"wp:attachment":[{"href":"https:\/\/lasprimeras.com.do\/index.php\/wp-json\/wp\/v2\/media?parent=117648"}],"wp:term":[{"taxonomy":"category","embeddable":true,"href":"https:\/\/lasprimeras.com.do\/index.php\/wp-json\/wp\/v2\/categories?post=117648"},{"taxonomy":"post_tag","embeddable":true,"href":"https:\/\/lasprimeras.com.do\/index.php\/wp-json\/wp\/v2\/tags?post=117648"}],"curies":[{"name":"wp","href":"https:\/\/api.w.org\/{rel}","templated":true}]}}