{"id":118640,"date":"2026-01-01T15:49:56","date_gmt":"2026-01-01T19:49:56","guid":{"rendered":"https:\/\/lasprimeras.com.do\/?p=118640"},"modified":"2026-01-01T15:49:58","modified_gmt":"2026-01-01T19:49:58","slug":"el-coe-reporta-ocho-fallecidos-41-accidentes-y-61-heridos-en-fiestas-de-fin-de-ano","status":"publish","type":"post","link":"https:\/\/lasprimeras.com.do\/index.php\/2026\/01\/01\/el-coe-reporta-ocho-fallecidos-41-accidentes-y-61-heridos-en-fiestas-de-fin-de-ano\/","title":{"rendered":"El COE reporta ocho fallecidos, 41 accidentes y 61 heridos en fiestas de fin de a\u00f1o"},"content":{"rendered":"\n<p class=\"wp-block-paragraph\"><strong>Los fallecimientos ascienden a 19 junto a los registrados en Nochebuena y Navidad.<\/strong><\/p>\n\n\n\n<p class=\"wp-block-paragraph\">El Centro de Operaciones de Emergencias (COE) report\u00f3 ocho fallecimientos durante las fiestas de fin de a\u00f1o, seis de ellas durante la madrugada de este primero de enero.<\/p>\n\n\n\n<p class=\"wp-block-paragraph\">Todos murieron en accidentes de tr\u00e1nsito: cuatro por motocicletas, tres por veh\u00edculos livianos y un atropellamiento.<\/p>\n\n\n\n<p class=\"wp-block-paragraph\">En su balance, el COE tambi\u00e9n report\u00f3 48 accidentes de tr\u00e1nsito y 61 personas heridas, adem\u00e1s de 121 personas intoxicadas por consumo de bebidas alcoh\u00f3licas.<\/p>\n\n\n\n<p class=\"wp-block-paragraph\"><strong>Fallecidos<\/strong><\/p>\n\n\n\n<p class=\"wp-block-paragraph\">Durante la madrugada de este jueves murieron Jos\u00e9 Eliseo Tav\u00e1rez y Francisco Alberto Rodr\u00edguez Reyes en la Autopista Duarte, el primero por atropellamiento y el segundo en una motocicleta.<\/p>\n\n\n\n<p class=\"wp-block-paragraph\">Bienvenido Ram\u00edrez Linares perdi\u00f3 la vida en la avenida Jacobo Majluta en un veh\u00edculo liviano, Quenry Roal se accident\u00f3 en la avenida Frank Grull\u00f3n en una motocicleta, y Katherin Francisco Foucheu Yojeir y Jim\u00e9nez Francisco murieron en la Circunvalaci\u00f3n Norte (Santiago) en un veh\u00edculo liviano.<\/p>\n\n\n\n<p class=\"wp-block-paragraph\">El d\u00eda 31 de diciembre solamente se cuenta la muerte de Yamilet Vargas Santana, quien se desplazaba en una motocicleta en la calle Rosario, en Moca, provincia Espaillat.<\/p>\n\n\n\n<p class=\"wp-block-paragraph\">Tambi\u00e9n en una colisi\u00f3n de motocicleta expir\u00f3 el haitiano Erizon Senil, en la Autopista Duarte, el d\u00eda 30 de diciembre.<\/p>\n\n\n\n<p class=\"wp-block-paragraph\">Con las 11 muertes de Nochebuena y Navidad, la cantidad de decesos durante las fiestas navide\u00f1as asciende a 19.<\/p>\n\n\n\n<p class=\"wp-block-paragraph\">El total de accidentes reportados es de 48, con 61 personas afectadas, incluyendo a los lesionados.<\/p>\n\n\n\n<p class=\"wp-block-paragraph\">Tambi\u00e9n ocurrieron 19 intoxicaciones por alimentos, sin v\u00edctimas mortales por estas causas.<\/p>\n\n\n\n<p class=\"wp-block-paragraph\"><strong>Asistencia<\/strong><\/p>\n\n\n\n<p class=\"wp-block-paragraph\">El Servicio Nacional de Salud (SNS) atendi\u00f3 a 554 personas y el Sistema 911 asisti\u00f3 a 321, seg\u00fan indic\u00f3 la Direcci\u00f3n de Servicios de Atenci\u00f3n a Emergencias Extrahospitalarias (DAEH).<\/p>\n\n\n\n<p class=\"wp-block-paragraph\">Estos datos est\u00e1n contenidos en el segundo informe del COE, le\u00eddo por su director, Juan Manuel M\u00e9ndez Garc\u00eda, como parte del operativo Conciencia por la Vida 2025-2026.<\/p>\n\n\n\n<p class=\"wp-block-paragraph\">Los datos est\u00e1n actualizados hasta las 6:00 de la ma\u00f1ana del primero de enero del 2026.<\/p>\n","protected":false},"excerpt":{"rendered":"<p>Los fallecimientos ascienden a 19 junto a los registrados en Nochebuena y Navidad. El Centro de Operaciones de Emergencias (COE) report\u00f3 ocho fallecimientos durante las fiestas de fin de a\u00f1o,&hellip;<\/p>\n","protected":false},"author":10,"featured_media":118641,"comment_status":"open","ping_status":"open","sticky":false,"template":"","format":"standard","meta":{"content-type":"","_jetpack_newsletter_access":"","_jetpack_dont_email_post_to_subs":false,"_jetpack_newsletter_tier_id":0,"_jetpack_memberships_contains_paywalled_content":false,"_jetpack_feature_clip_id":0,"_jetpack_memberships_contains_paid_content":false,"footnotes":"","jetpack_post_was_ever_published":false},"categories":[35,25],"tags":[28983,28984,2266,28986,28985],"class_list":["post-118640","post","type-post","status-publish","format-standard","has-post-thumbnail","hentry","category-nacionales","category-portada","tag-41-accidentes","tag-61-heridos","tag-coe","tag-fiestas-de-fin-de-ano","tag-ocho-fallecidos"],"jetpack-related-posts":[{"id":72720,"url":"https:\/\/lasprimeras.com.do\/index.php\/2024\/01\/02\/coe-reporta-19-muertos-en-accidentes-de-transito-en-fin-de-ano\/","url_meta":{"origin":118640,"position":0},"title":"COE reporta 19 muertos en accidentes de tr\u00e1nsito en fin de a\u00f1o","author":"BIMARY DE JES\u00daS Matos","date":"2 de enero de 2024","format":false,"excerpt":"Santo Domingo.-El Centro de Operaciones de Emergencias (COE) report\u00f3 este martes en su tercer bolet\u00edn de la segunda fase del operativo \u00abConciencia Por la vida 2023-2024\u00bb un total de 19 personas fallecidas por accidentes de tr\u00e1nsito durante las festividades de fin de a\u00f1o y a\u00f1o nuevo. Estas 19 personas fallecidas\u2026","rel":"","context":"En \u00abPORTADA\u00bb","block_context":{"text":"PORTADA","link":"https:\/\/lasprimeras.com.do\/index.php\/category\/portada\/"},"img":{"alt_text":"","src":"https:\/\/i0.wp.com\/lasprimeras.com.do\/wp-content\/uploads\/2024\/01\/WhatsApp-Image-2024-01-02-at-2.04.35-PM.jpeg?resize=350%2C200&ssl=1","width":350,"height":200,"srcset":"https:\/\/i0.wp.com\/lasprimeras.com.do\/wp-content\/uploads\/2024\/01\/WhatsApp-Image-2024-01-02-at-2.04.35-PM.jpeg?resize=350%2C200&ssl=1 1x, https:\/\/i0.wp.com\/lasprimeras.com.do\/wp-content\/uploads\/2024\/01\/WhatsApp-Image-2024-01-02-at-2.04.35-PM.jpeg?resize=525%2C300&ssl=1 1.5x"},"classes":[]},{"id":92323,"url":"https:\/\/lasprimeras.com.do\/index.php\/2025\/01\/02\/el-coe-reporta-262-accidentes-y-42-muertos-durante-el-fin-de-ano\/","url_meta":{"origin":118640,"position":1},"title":"El COE reporta 262 accidentes y 42 muertos durante el fin de a\u00f1o","author":"Nelson Feliz","date":"2 de enero de 2025","format":false,"excerpt":"El Centro de Operaciones de Emergencias (COE) inform\u00f3 que durante el Operativo \u201cConciencia por la Vida: Navidad y A\u00f1o Nuevo 2024-2025\u201d fallecieron 42 personas por accidentes de tr\u00e1nsito, de un total de 262 accidentes registrados. El director del COE, General Juan Manuel M\u00e9ndez, indic\u00f3 que de las 42 muertes, 30\u2026","rel":"","context":"En \u00abNACIONALES\u00bb","block_context":{"text":"NACIONALES","link":"https:\/\/lasprimeras.com.do\/index.php\/category\/nacionales\/"},"img":{"alt_text":"","src":"https:\/\/i0.wp.com\/lasprimeras.com.do\/wp-content\/uploads\/2024\/09\/accidente.jpg?resize=350%2C200&ssl=1","width":350,"height":200,"srcset":"https:\/\/i0.wp.com\/lasprimeras.com.do\/wp-content\/uploads\/2024\/09\/accidente.jpg?resize=350%2C200&ssl=1 1x, https:\/\/i0.wp.com\/lasprimeras.com.do\/wp-content\/uploads\/2024\/09\/accidente.jpg?resize=525%2C300&ssl=1 1.5x, https:\/\/i0.wp.com\/lasprimeras.com.do\/wp-content\/uploads\/2024\/09\/accidente.jpg?resize=700%2C400&ssl=1 2x"},"classes":[]},{"id":79812,"url":"https:\/\/lasprimeras.com.do\/index.php\/2024\/03\/31\/coe-reporta-5-fallecidos-en-operativo-semana-santa-y-3-fuera-del-mismo\/","url_meta":{"origin":118640,"position":2},"title":"COE reporta 5 fallecidos en operativo Semana Santa y 3 fuera del mismo","author":"Nelson Feliz","date":"31 de marzo de 2024","format":false,"excerpt":"El Centro de Operaciones de Emergencia, COE reporto en el tercer bolet\u00edn que en las \u00faltimas 24 horas, ocho personas perdieron la vida en accidentes de tr\u00e1nsito, de estos fallecimientos cinco est\u00e1n dentro del operativo \u201cConciencia por la Vida: Semana Santa 2024\u201d. De acuerdo con el director del COE, Juan\u2026","rel":"","context":"En \u00abNACIONALES\u00bb","block_context":{"text":"NACIONALES","link":"https:\/\/lasprimeras.com.do\/index.php\/category\/nacionales\/"},"img":{"alt_text":"","src":"https:\/\/i0.wp.com\/lasprimeras.com.do\/wp-content\/uploads\/2024\/03\/65f3a7703e1eb_jce2-1.webp?resize=350%2C200&ssl=1","width":350,"height":200,"srcset":"https:\/\/i0.wp.com\/lasprimeras.com.do\/wp-content\/uploads\/2024\/03\/65f3a7703e1eb_jce2-1.webp?resize=350%2C200&ssl=1 1x, https:\/\/i0.wp.com\/lasprimeras.com.do\/wp-content\/uploads\/2024\/03\/65f3a7703e1eb_jce2-1.webp?resize=525%2C300&ssl=1 1.5x, https:\/\/i0.wp.com\/lasprimeras.com.do\/wp-content\/uploads\/2024\/03\/65f3a7703e1eb_jce2-1.webp?resize=700%2C400&ssl=1 2x, https:\/\/i0.wp.com\/lasprimeras.com.do\/wp-content\/uploads\/2024\/03\/65f3a7703e1eb_jce2-1.webp?resize=1050%2C600&ssl=1 3x"},"classes":[]},{"id":71882,"url":"https:\/\/lasprimeras.com.do\/index.php\/2023\/12\/24\/coe-reporta-6-fallecidos-por-accidentes-de-transito-previo-a-nochebuena\/","url_meta":{"origin":118640,"position":3},"title":"COE reporta 6 fallecidos por accidentes de tr\u00e1nsito previo a Nochebuena","author":"Nelson Feliz","date":"24 de diciembre de 2023","format":false,"excerpt":"Cinco de los fallecidos se movilizaban por distintas autopistas del pa\u00eds en motocicletas, y el sexto estuvo involucrado en un accidente de un veh\u00edculo liviano. Al menos seis personas han fallecido por distintos accidentes de tr\u00e1nsito en el pa\u00eds, en v\u00edspera de Nochebuena, seg\u00fan reporta el primer bolet\u00edn del operativo\u2026","rel":"","context":"En \u00abNACIONALES\u00bb","block_context":{"text":"NACIONALES","link":"https:\/\/lasprimeras.com.do\/index.php\/category\/nacionales\/"},"img":{"alt_text":"","src":"https:\/\/i0.wp.com\/lasprimeras.com.do\/wp-content\/uploads\/2023\/12\/accidentes.jpeg?resize=350%2C200&ssl=1","width":350,"height":200,"srcset":"https:\/\/i0.wp.com\/lasprimeras.com.do\/wp-content\/uploads\/2023\/12\/accidentes.jpeg?resize=350%2C200&ssl=1 1x, https:\/\/i0.wp.com\/lasprimeras.com.do\/wp-content\/uploads\/2023\/12\/accidentes.jpeg?resize=525%2C300&ssl=1 1.5x, https:\/\/i0.wp.com\/lasprimeras.com.do\/wp-content\/uploads\/2023\/12\/accidentes.jpeg?resize=700%2C400&ssl=1 2x"},"classes":[]},{"id":92232,"url":"https:\/\/lasprimeras.com.do\/index.php\/2025\/01\/01\/coe-reporta-nueve-fallecidos-en-las-ultimas-24-horas-todos-iban-en-motocicletas\/","url_meta":{"origin":118640,"position":4},"title":"COE reporta nueve fallecidos en las \u00faltimas 24 horas; todos iban en motocicletas","author":"Nelson Feliz","date":"1 de enero de 2025","format":false,"excerpt":"Se han atendido unas 145 personas intoxicadas por alcohol; 29 resultaron ser menores de edad. El director del Centro de Operaciones de emergencias (COE) general Juan Manuel M\u00e9ndez, inform\u00f3 hoy que, durante las \u00faltimas 24 horas, se reportaron 82 accidentes de tr\u00e1nsito en autopistas, carreteras, calles y avenidas de la\u2026","rel":"","context":"En \u00abNACIONALES\u00bb","block_context":{"text":"NACIONALES","link":"https:\/\/lasprimeras.com.do\/index.php\/category\/nacionales\/"},"img":{"alt_text":"Juan Manuel M\u00e9ndez Garc\u00eda","src":"https:\/\/i0.wp.com\/lasprimeras.com.do\/wp-content\/uploads\/2024\/12\/Juan-Manuel-Mendez-Garcia.jpg?resize=350%2C200&ssl=1","width":350,"height":200,"srcset":"https:\/\/i0.wp.com\/lasprimeras.com.do\/wp-content\/uploads\/2024\/12\/Juan-Manuel-Mendez-Garcia.jpg?resize=350%2C200&ssl=1 1x, https:\/\/i0.wp.com\/lasprimeras.com.do\/wp-content\/uploads\/2024\/12\/Juan-Manuel-Mendez-Garcia.jpg?resize=525%2C300&ssl=1 1.5x, https:\/\/i0.wp.com\/lasprimeras.com.do\/wp-content\/uploads\/2024\/12\/Juan-Manuel-Mendez-Garcia.jpg?resize=700%2C400&ssl=1 2x"},"classes":[]},{"id":79639,"url":"https:\/\/lasprimeras.com.do\/index.php\/2024\/03\/29\/coe-reporta-una-persona-fallecida-en-primer-boletin-de-operativo-por-semana-santa\/","url_meta":{"origin":118640,"position":5},"title":"COE reporta una persona fallecida en primer bolet\u00edn de operativo por Semana Santa","author":"BIMARY DE JES\u00daS Matos","date":"29 de marzo de 2024","format":false,"excerpt":"Santo Domingo.-El Centro de Operaciones de Emergencia (COE) report\u00f3 este viernes el fallecimiento de una persona en uno de los 36 accidentes de tr\u00e1nsito ocurridos en el marco del asueto de Semana Santa. Al leer el primer bolet\u00edn del operativo de Semana Santa, \u201cConciencia por la Vida 2024\u201d, correspondiente al\u2026","rel":"","context":"En \u00abNACIONALES\u00bb","block_context":{"text":"NACIONALES","link":"https:\/\/lasprimeras.com.do\/index.php\/category\/nacionales\/"},"img":{"alt_text":"","src":"https:\/\/i0.wp.com\/lasprimeras.com.do\/wp-content\/uploads\/2024\/03\/1-millon-de-jovenes-votaran-en-las-elecciones-municipales-2-19.jpg?resize=350%2C200&ssl=1","width":350,"height":200,"srcset":"https:\/\/i0.wp.com\/lasprimeras.com.do\/wp-content\/uploads\/2024\/03\/1-millon-de-jovenes-votaran-en-las-elecciones-municipales-2-19.jpg?resize=350%2C200&ssl=1 1x, https:\/\/i0.wp.com\/lasprimeras.com.do\/wp-content\/uploads\/2024\/03\/1-millon-de-jovenes-votaran-en-las-elecciones-municipales-2-19.jpg?resize=525%2C300&ssl=1 1.5x, https:\/\/i0.wp.com\/lasprimeras.com.do\/wp-content\/uploads\/2024\/03\/1-millon-de-jovenes-votaran-en-las-elecciones-municipales-2-19.jpg?resize=700%2C400&ssl=1 2x"},"classes":[]}],"jetpack_sharing_enabled":true,"jetpack_featured_media_url":"https:\/\/lasprimeras.com.do\/wp-content\/uploads\/2026\/01\/Juan-Manuel-Mendez-Garcia.jpg","_links":{"self":[{"href":"https:\/\/lasprimeras.com.do\/index.php\/wp-json\/wp\/v2\/posts\/118640","targetHints":{"allow":["GET"]}}],"collection":[{"href":"https:\/\/lasprimeras.com.do\/index.php\/wp-json\/wp\/v2\/posts"}],"about":[{"href":"https:\/\/lasprimeras.com.do\/index.php\/wp-json\/wp\/v2\/types\/post"}],"author":[{"embeddable":true,"href":"https:\/\/lasprimeras.com.do\/index.php\/wp-json\/wp\/v2\/users\/10"}],"replies":[{"embeddable":true,"href":"https:\/\/lasprimeras.com.do\/index.php\/wp-json\/wp\/v2\/comments?post=118640"}],"version-history":[{"count":1,"href":"https:\/\/lasprimeras.com.do\/index.php\/wp-json\/wp\/v2\/posts\/118640\/revisions"}],"predecessor-version":[{"id":118642,"href":"https:\/\/lasprimeras.com.do\/index.php\/wp-json\/wp\/v2\/posts\/118640\/revisions\/118642"}],"wp:featuredmedia":[{"embeddable":true,"href":"https:\/\/lasprimeras.com.do\/index.php\/wp-json\/wp\/v2\/media\/118641"}],"wp:attachment":[{"href":"https:\/\/lasprimeras.com.do\/index.php\/wp-json\/wp\/v2\/media?parent=118640"}],"wp:term":[{"taxonomy":"category","embeddable":true,"href":"https:\/\/lasprimeras.com.do\/index.php\/wp-json\/wp\/v2\/categories?post=118640"},{"taxonomy":"post_tag","embeddable":true,"href":"https:\/\/lasprimeras.com.do\/index.php\/wp-json\/wp\/v2\/tags?post=118640"}],"curies":[{"name":"wp","href":"https:\/\/api.w.org\/{rel}","templated":true}]}}