{"id":118646,"date":"2026-01-01T19:13:09","date_gmt":"2026-01-01T23:13:09","guid":{"rendered":"https:\/\/lasprimeras.com.do\/?p=118646"},"modified":"2026-01-01T19:13:10","modified_gmt":"2026-01-01T23:13:10","slug":"tres-personas-fallecen-y-cuatro-resultan-heridas-en-el-seibo-en-ano-nuevo","status":"publish","type":"post","link":"https:\/\/lasprimeras.com.do\/index.php\/2026\/01\/01\/tres-personas-fallecen-y-cuatro-resultan-heridas-en-el-seibo-en-ano-nuevo\/","title":{"rendered":"Tres personas fallecen y cuatro resultan heridas en El Seibo en A\u00f1o Nuevo"},"content":{"rendered":"\n<p class=\"wp-block-paragraph\"><strong>Las autoridades investigan las circunstancias de los accidentes de tr\u00e1nsito que dejaron cuatro heridos.<\/strong><\/p>\n\n\n\n<p class=\"wp-block-paragraph\">Tres personas perdieron la vida y al menos cuatro resultaron heridas durante la madrugada de este jueves en distintos hechos ocurridos en la provincia El Seibo, dos de ellos por accidentes de tr\u00e1nsito y uno a causa de una ri\u00f1a.<\/p>\n\n\n\n<p class=\"wp-block-paragraph\">Uno de los fallecidos fue identificado como Francisco Antonio Medina Guerrero, quien muri\u00f3 tras un accidente de tr\u00e1nsito ocurrido en el kil\u00f3metro 2 de la carretera El Seibo\u2013Cruce de Pav\u00f3n.<\/p>\n\n\n\n<p class=\"wp-block-paragraph\">En otro hecho similar, una mujer identificada como Marlyn Jean Luis falleci\u00f3 luego de verse involucrada en un accidente de tr\u00e1nsito registrado en el kil\u00f3metro 2 de la carretera El Seibo\u2013Hato Mayor.<\/p>\n\n\n\n<p class=\"wp-block-paragraph\">La tercera v\u00edctima mortal corresponde a una persona de sexo masculino que a\u00fan no ha sido identificada, quien muri\u00f3 producto de una ri\u00f1a ocurrida en la comunidad de Altos de Peguero, en El Seibo.<\/p>\n\n\n\n<p class=\"wp-block-paragraph\">Lesionados<\/p>\n\n\n\n<p class=\"wp-block-paragraph\">La Defensa Civil de El Seibo, a trav\u00e9s de su encargado Carlos de la Rosa, inform\u00f3 que adem\u00e1s de los fallecidos, cuatro personas resultaron lesionadas en distintos accidentes de tr\u00e1nsito ocurridos tambi\u00e9n durante la madrugada de este jueves.<\/p>\n\n\n\n<p class=\"wp-block-paragraph\">Las autoridades competentes investigan las circunstancias en que se produjeron cada uno de los hechos.<\/p>\n","protected":false},"excerpt":{"rendered":"<p>Las autoridades investigan las circunstancias de los accidentes de tr\u00e1nsito que dejaron cuatro heridos. Tres personas perdieron la vida y al menos cuatro resultaron heridas durante la madrugada de este&hellip;<\/p>\n","protected":false},"author":10,"featured_media":78736,"comment_status":"open","ping_status":"open","sticky":false,"template":"","format":"standard","meta":{"content-type":"","_jetpack_newsletter_access":"","_jetpack_dont_email_post_to_subs":false,"_jetpack_newsletter_tier_id":0,"_jetpack_memberships_contains_paywalled_content":false,"_jetpack_feature_clip_id":0,"_jetpack_memberships_contains_paid_content":false,"footnotes":"","jetpack_post_was_ever_published":false},"categories":[35],"tags":[10575,8080,4783,2027],"class_list":["post-118646","post","type-post","status-publish","format-standard","has-post-thumbnail","hentry","category-nacionales","tag-ano-nuevo","tag-cuatro-heridos","tag-el-seibo","tag-tres-muertos"],"jetpack-related-posts":[{"id":92291,"url":"https:\/\/lasprimeras.com.do\/index.php\/2025\/01\/01\/cuatro-personas-heridas-al-deslizarse-vehiculo-en-la-carretera-el-seibo-hato-mayor\/","url_meta":{"origin":118646,"position":0},"title":"Cuatro personas heridas al deslizarse veh\u00edculo en la carretera El Seibo-Hato Mayor","author":"Nelson Feliz","date":"1 de enero de 2025","format":false,"excerpt":"Un beb\u00e9 de un mes entre los lesionados. Por Irentoni Vega@viphatomayor Al menos cuatro personas resultaron heridas, entre ellas un beb\u00e9 de un mes y 12 d\u00edas de nacido, tras deslizarse una yipeta en la altura del Km\/7 de la carretera El Seibo-Hato Mayor, pr\u00f3ximo al Club Gall\u00edstico. Los lesionados\u2026","rel":"","context":"En \u00abNACIONALES\u00bb","block_context":{"text":"NACIONALES","link":"https:\/\/lasprimeras.com.do\/index.php\/category\/nacionales\/"},"img":{"alt_text":"","src":"https:\/\/i0.wp.com\/lasprimeras.com.do\/wp-content\/uploads\/2025\/01\/dos.jpg?resize=350%2C200&ssl=1","width":350,"height":200,"srcset":"https:\/\/i0.wp.com\/lasprimeras.com.do\/wp-content\/uploads\/2025\/01\/dos.jpg?resize=350%2C200&ssl=1 1x, https:\/\/i0.wp.com\/lasprimeras.com.do\/wp-content\/uploads\/2025\/01\/dos.jpg?resize=525%2C300&ssl=1 1.5x, https:\/\/i0.wp.com\/lasprimeras.com.do\/wp-content\/uploads\/2025\/01\/dos.jpg?resize=700%2C400&ssl=1 2x"},"classes":[]},{"id":92190,"url":"https:\/\/lasprimeras.com.do\/index.php\/2024\/12\/31\/accidente-de-transito-en-la-carretera-entre-azua-y-bani-deja-cuatro-muertos-y-varios-heridos\/","url_meta":{"origin":118646,"position":1},"title":"Accidente de tr\u00e1nsito en la carretera entre Azua y Ban\u00ed deja cuatro muertos y varios heridos","author":"Nelson Feliz","date":"31 de diciembre de 2024","format":false,"excerpt":"Un tr\u00e1gico accidente de tr\u00e1nsito ocurrido este martes en la carretera S\u00e1nchez, entre Azua y Ban\u00ed, dej\u00f3 un saldo de cuatro personas fallecidas y otras cuatro heridas, seg\u00fan inform\u00f3 el Sistema 911. El siniestro involucr\u00f3 a dos veh\u00edculos tipo yipeta: una Honda CRV de color gris y una Hyundai Santa\u2026","rel":"","context":"En \u00abNACIONALES\u00bb","block_context":{"text":"NACIONALES","link":"https:\/\/lasprimeras.com.do\/index.php\/category\/nacionales\/"},"img":{"alt_text":"","src":"https:\/\/i0.wp.com\/lasprimeras.com.do\/wp-content\/uploads\/2024\/12\/Accidente.jpg?resize=350%2C200&ssl=1","width":350,"height":200,"srcset":"https:\/\/i0.wp.com\/lasprimeras.com.do\/wp-content\/uploads\/2024\/12\/Accidente.jpg?resize=350%2C200&ssl=1 1x, https:\/\/i0.wp.com\/lasprimeras.com.do\/wp-content\/uploads\/2024\/12\/Accidente.jpg?resize=525%2C300&ssl=1 1.5x"},"classes":[]},{"id":85179,"url":"https:\/\/lasprimeras.com.do\/index.php\/2024\/06\/25\/accidente-de-transito-deja-tres-muertos-en-barahona\/","url_meta":{"origin":118646,"position":2},"title":"Accidente de tr\u00e1nsito deja tres muertos en Barahona","author":"Nelson Feliz","date":"25 de junio de 2024","format":false,"excerpt":"Al menos tres personas resultaron muertas y otras cuatro resultaron heridas en un aparatoso accidente de tr\u00e1nsito ocurrido la noche de este lunes a la salida de la zona costera de esta provincia Barahona. Los fallecidos fueron identificados como Lisandro Cuello, miembro de la Armda de la Rep\u00fablica Dominicana (ARD),\u2026","rel":"","context":"En \u00abNACIONALES\u00bb","block_context":{"text":"NACIONALES","link":"https:\/\/lasprimeras.com.do\/index.php\/category\/nacionales\/"},"img":{"alt_text":"","src":"https:\/\/i0.wp.com\/lasprimeras.com.do\/wp-content\/uploads\/2024\/06\/accidentetrafico-750x375-1.jpg?resize=350%2C200&ssl=1","width":350,"height":200,"srcset":"https:\/\/i0.wp.com\/lasprimeras.com.do\/wp-content\/uploads\/2024\/06\/accidentetrafico-750x375-1.jpg?resize=350%2C200&ssl=1 1x, https:\/\/i0.wp.com\/lasprimeras.com.do\/wp-content\/uploads\/2024\/06\/accidentetrafico-750x375-1.jpg?resize=525%2C300&ssl=1 1.5x, https:\/\/i0.wp.com\/lasprimeras.com.do\/wp-content\/uploads\/2024\/06\/accidentetrafico-750x375-1.jpg?resize=700%2C400&ssl=1 2x"},"classes":[]},{"id":54957,"url":"https:\/\/lasprimeras.com.do\/index.php\/2023\/07\/16\/cuatro-personas-fallecidas-tras-accidente-de-transito-en-bani\/","url_meta":{"origin":118646,"position":3},"title":"Cuatro personas fallecidas tras accidente de tr\u00e1nsito en Ban\u00ed","author":"Nelson Feliz","date":"16 de julio de 2023","format":false,"excerpt":"Los informes de las autoridades que actuaron en el levantamiento de las v\u00edctimas de este tr\u00e1gico hecho establecen que una mujer embarazada, atropellada por el auto, falleci\u00f3 en el lugar del accidente, as\u00ed como su beb\u00e9. Cuatro personas resultaron muertas, entre ellas una mujer embarazada, en un accidente de tr\u00e1nsito\u2026","rel":"","context":"En \u00abNACIONALES\u00bb","block_context":{"text":"NACIONALES","link":"https:\/\/lasprimeras.com.do\/index.php\/category\/nacionales\/"},"img":{"alt_text":"Cuatro personas resultaron muertas","src":"https:\/\/i0.wp.com\/lasprimeras.com.do\/wp-content\/uploads\/2023\/07\/accidente.jpg?resize=350%2C200&ssl=1","width":350,"height":200,"srcset":"https:\/\/i0.wp.com\/lasprimeras.com.do\/wp-content\/uploads\/2023\/07\/accidente.jpg?resize=350%2C200&ssl=1 1x, https:\/\/i0.wp.com\/lasprimeras.com.do\/wp-content\/uploads\/2023\/07\/accidente.jpg?resize=525%2C300&ssl=1 1.5x, https:\/\/i0.wp.com\/lasprimeras.com.do\/wp-content\/uploads\/2023\/07\/accidente.jpg?resize=700%2C400&ssl=1 2x"},"classes":[]},{"id":59957,"url":"https:\/\/lasprimeras.com.do\/index.php\/2023\/09\/09\/imagenes-fuertes-asistencia-del-9-1-1-a-accidente-de-transito-entre-dos-autobuses-de-transporte-de-personal\/","url_meta":{"origin":118646,"position":4},"title":"Im\u00e1genes Fuertes: Asistencia del 9-1-1 a accidente de tr\u00e1nsito entre dos autobuses de transporte de personal","author":"Nelson Feliz","date":"9 de septiembre de 2023","format":false,"excerpt":"Accidente en Hig\u00fcey deja cuatro muertos y 17 heridos Al menos cuatro personas murieron y 17 resultaron heridas durante un accidente de tr\u00e1nsito entre dos dos autobuses que transportaban empleados de dos cadenas hoteleras de B\u00e1varo. El fatal accidente se registr\u00f3 pasadas las 6:00 de la ma\u00f1ana de este s\u00e1bado\u2026","rel":"","context":"En \u00abNACIONALES\u00bb","block_context":{"text":"NACIONALES","link":"https:\/\/lasprimeras.com.do\/index.php\/category\/nacionales\/"},"img":{"alt_text":"","src":"https:\/\/i0.wp.com\/lasprimeras.com.do\/wp-content\/uploads\/2023\/09\/accidentes-2.jpg?resize=350%2C200&ssl=1","width":350,"height":200,"srcset":"https:\/\/i0.wp.com\/lasprimeras.com.do\/wp-content\/uploads\/2023\/09\/accidentes-2.jpg?resize=350%2C200&ssl=1 1x, https:\/\/i0.wp.com\/lasprimeras.com.do\/wp-content\/uploads\/2023\/09\/accidentes-2.jpg?resize=525%2C300&ssl=1 1.5x, https:\/\/i0.wp.com\/lasprimeras.com.do\/wp-content\/uploads\/2023\/09\/accidentes-2.jpg?resize=700%2C400&ssl=1 2x"},"classes":[]},{"id":57119,"url":"https:\/\/lasprimeras.com.do\/index.php\/2023\/08\/09\/reportan-seis-heridos-durante-accidente-de-transito-en-la-avenida-maximo-gomez\/","url_meta":{"origin":118646,"position":5},"title":"Reportan seis heridos durante accidente de tr\u00e1nsito en la avenida M\u00e1ximo G\u00f3mez","author":"Nelson Feliz","date":"9 de agosto de 2023","format":false,"excerpt":"Al lugar acudieron tres unidades de bomberos y seis ambulancias. Seis personas resultaron heridas durante un accidente de tr\u00e1nsito entre una patana y una jeepeta en la avenida M\u00e1ximo G\u00f3mez, esquina San mart\u00edn, en el Distrito Nacional. El hecho ocurri\u00f3 este mi\u00e9rcoles, alrededor de las 6:45 de la ma\u00f1ana. Los\u2026","rel":"","context":"En \u00abNACIONALES\u00bb","block_context":{"text":"NACIONALES","link":"https:\/\/lasprimeras.com.do\/index.php\/category\/nacionales\/"},"img":{"alt_text":"accidente","src":"https:\/\/i0.wp.com\/lasprimeras.com.do\/wp-content\/uploads\/2023\/08\/accidente-2.jpg?resize=350%2C200&ssl=1","width":350,"height":200,"srcset":"https:\/\/i0.wp.com\/lasprimeras.com.do\/wp-content\/uploads\/2023\/08\/accidente-2.jpg?resize=350%2C200&ssl=1 1x, https:\/\/i0.wp.com\/lasprimeras.com.do\/wp-content\/uploads\/2023\/08\/accidente-2.jpg?resize=525%2C300&ssl=1 1.5x, https:\/\/i0.wp.com\/lasprimeras.com.do\/wp-content\/uploads\/2023\/08\/accidente-2.jpg?resize=700%2C400&ssl=1 2x"},"classes":[]}],"jetpack_sharing_enabled":true,"jetpack_featured_media_url":"https:\/\/lasprimeras.com.do\/wp-content\/uploads\/2024\/03\/MOTOS.jpg","_links":{"self":[{"href":"https:\/\/lasprimeras.com.do\/index.php\/wp-json\/wp\/v2\/posts\/118646","targetHints":{"allow":["GET"]}}],"collection":[{"href":"https:\/\/lasprimeras.com.do\/index.php\/wp-json\/wp\/v2\/posts"}],"about":[{"href":"https:\/\/lasprimeras.com.do\/index.php\/wp-json\/wp\/v2\/types\/post"}],"author":[{"embeddable":true,"href":"https:\/\/lasprimeras.com.do\/index.php\/wp-json\/wp\/v2\/users\/10"}],"replies":[{"embeddable":true,"href":"https:\/\/lasprimeras.com.do\/index.php\/wp-json\/wp\/v2\/comments?post=118646"}],"version-history":[{"count":1,"href":"https:\/\/lasprimeras.com.do\/index.php\/wp-json\/wp\/v2\/posts\/118646\/revisions"}],"predecessor-version":[{"id":118647,"href":"https:\/\/lasprimeras.com.do\/index.php\/wp-json\/wp\/v2\/posts\/118646\/revisions\/118647"}],"wp:featuredmedia":[{"embeddable":true,"href":"https:\/\/lasprimeras.com.do\/index.php\/wp-json\/wp\/v2\/media\/78736"}],"wp:attachment":[{"href":"https:\/\/lasprimeras.com.do\/index.php\/wp-json\/wp\/v2\/media?parent=118646"}],"wp:term":[{"taxonomy":"category","embeddable":true,"href":"https:\/\/lasprimeras.com.do\/index.php\/wp-json\/wp\/v2\/categories?post=118646"},{"taxonomy":"post_tag","embeddable":true,"href":"https:\/\/lasprimeras.com.do\/index.php\/wp-json\/wp\/v2\/tags?post=118646"}],"curies":[{"name":"wp","href":"https:\/\/api.w.org\/{rel}","templated":true}]}}