{"id":118648,"date":"2026-01-01T19:24:30","date_gmt":"2026-01-01T23:24:30","guid":{"rendered":"https:\/\/lasprimeras.com.do\/?p=118648"},"modified":"2026-01-01T19:24:31","modified_gmt":"2026-01-01T23:24:31","slug":"la-batalla-de-la-fe-suma-miles-de-cristianos-bajo-la-lluvia-en-el-estadio-olimpico","status":"publish","type":"post","link":"https:\/\/lasprimeras.com.do\/index.php\/2026\/01\/01\/la-batalla-de-la-fe-suma-miles-de-cristianos-bajo-la-lluvia-en-el-estadio-olimpico\/","title":{"rendered":"La Batalla de la Fe suma miles de cristianos bajo la lluvia en el Estadio Ol\u00edmpico"},"content":{"rendered":"\n<p class=\"wp-block-paragraph\"><strong>Cientos de evang\u00e9licos asisten a la 62\u00aa Batalla de la Fe a pesar de la lluvia; se esperan cr\u00edticas de Molina.<\/strong><\/p>\n\n\n\n<p class=\"wp-block-paragraph\">Una multitud de cristianos evang\u00e9licos se congreg\u00f3 este jueves, primero de enero, en el Estadio Ol\u00edmpico para la edici\u00f3n n\u00famero 62 del evento anual del ministerio La Batalla de la Fe.<\/p>\n\n\n\n<p class=\"wp-block-paragraph\">A pesar de una lluvia moderada e intermitente, que los organizadores calificaron como un &#8220;regalo del Se\u00f1or&#8221; preferible al sol picante, m\u00e1s de 30,000 personas se colocaron en las gradas y en la pista del estadio.<\/p>\n\n\n\n<figure class=\"wp-block-image size-full\"><img decoding=\"async\" width=\"896\" height=\"504\" src=\"https:\/\/lasprimeras.com.do\/wp-content\/uploads\/2026\/01\/la-batalla-de-la-fe-se-da-bajo-lluvia-0781b26b-focus-0-0-896-504.jpg\" alt=\"\" class=\"wp-image-118650\" srcset=\"https:\/\/lasprimeras.com.do\/wp-content\/uploads\/2026\/01\/la-batalla-de-la-fe-se-da-bajo-lluvia-0781b26b-focus-0-0-896-504.jpg 896w, https:\/\/lasprimeras.com.do\/wp-content\/uploads\/2026\/01\/la-batalla-de-la-fe-se-da-bajo-lluvia-0781b26b-focus-0-0-896-504-300x169.jpg 300w, https:\/\/lasprimeras.com.do\/wp-content\/uploads\/2026\/01\/la-batalla-de-la-fe-se-da-bajo-lluvia-0781b26b-focus-0-0-896-504-768x432.jpg 768w\" sizes=\"(max-width: 896px) 100vw, 896px\" \/><\/figure>\n\n\n\n<p class=\"wp-block-paragraph\">Los presentes se ubicaron en las gradas y la pista, dejando libre el c\u00e9sped como parte de los preparativos del estadio para los Juegos Centroamericanos y del Caribe de julio.<\/p>\n\n\n\n<p class=\"wp-block-paragraph\">El evento es conocido no solo por su mensaje de aliento, sino tambi\u00e9n por los fuertes pronunciamientos y cr\u00edticas del pastor Ezequiel Molina a las autoridades sobre los problemas del pa\u00eds.<\/p>\n\n\n\n<p class=\"wp-block-paragraph\">La vicepresidenta Raquel Pe\u00f1a, aunque invitada, no pudo asistir debido a que el clima le impidi\u00f3 viajar en helic\u00f3ptero desde el interior del pa\u00eds.<\/p>\n","protected":false},"excerpt":{"rendered":"<p>Cientos de evang\u00e9licos asisten a la 62\u00aa Batalla de la Fe a pesar de la lluvia; se esperan cr\u00edticas de Molina. Una multitud de cristianos evang\u00e9licos se congreg\u00f3 este jueves,&hellip;<\/p>\n","protected":false},"author":10,"featured_media":118649,"comment_status":"open","ping_status":"open","sticky":false,"template":"","format":"standard","meta":{"content-type":"","_jetpack_newsletter_access":"","_jetpack_dont_email_post_to_subs":false,"_jetpack_newsletter_tier_id":0,"_jetpack_memberships_contains_paywalled_content":false,"_jetpack_feature_clip_id":0,"_jetpack_memberships_contains_paid_content":false,"footnotes":"","jetpack_post_was_ever_published":false},"categories":[35,25],"tags":[28991,7125,10829,28990],"class_list":["post-118648","post","type-post","status-publish","format-standard","has-post-thumbnail","hentry","category-nacionales","category-portada","tag-bajo-la-lluvia","tag-estadio-olimpico","tag-la-batalla-de-la-fe","tag-miles-de-cristianos"],"jetpack-related-posts":[{"id":72505,"url":"https:\/\/lasprimeras.com.do\/index.php\/2023\/12\/30\/avanzan-preparativos-para-la-celebracion-de-la-batalla-de-la-fe-2024\/","url_meta":{"origin":118648,"position":0},"title":"Avanzan preparativos para la celebraci\u00f3n de la \u201cBatalla de la Fe 2024\u201d","author":"BIMARY DE JES\u00daS Matos","date":"30 de diciembre de 2023","format":false,"excerpt":"Santo Domingo.- El Ministerio La Batalla de la Fe, que organiza la tradicional Concentraci\u00f3n Evang\u00e9lica Nacional, se encuentra inmersa en los preparativos para la celebraci\u00f3n de su 60 aniversario. El ministerio est\u00e1 dedicando esfuerzos en el montaje y la producci\u00f3n para garantizar el \u00e9xito de esta tradicional reuni\u00f3n anual que\u2026","rel":"","context":"En \u00abPORTADA\u00bb","block_context":{"text":"PORTADA","link":"https:\/\/lasprimeras.com.do\/index.php\/category\/portada\/"},"img":{"alt_text":"","src":"https:\/\/i0.wp.com\/lasprimeras.com.do\/wp-content\/uploads\/2023\/12\/Noticias-de-energia-2023-12-30T100707.186-3.jpg?resize=350%2C200&ssl=1","width":350,"height":200,"srcset":"https:\/\/i0.wp.com\/lasprimeras.com.do\/wp-content\/uploads\/2023\/12\/Noticias-de-energia-2023-12-30T100707.186-3.jpg?resize=350%2C200&ssl=1 1x, https:\/\/i0.wp.com\/lasprimeras.com.do\/wp-content\/uploads\/2023\/12\/Noticias-de-energia-2023-12-30T100707.186-3.jpg?resize=525%2C300&ssl=1 1.5x, https:\/\/i0.wp.com\/lasprimeras.com.do\/wp-content\/uploads\/2023\/12\/Noticias-de-energia-2023-12-30T100707.186-3.jpg?resize=700%2C400&ssl=1 2x, https:\/\/i0.wp.com\/lasprimeras.com.do\/wp-content\/uploads\/2023\/12\/Noticias-de-energia-2023-12-30T100707.186-3.jpg?resize=1050%2C600&ssl=1 3x, https:\/\/i0.wp.com\/lasprimeras.com.do\/wp-content\/uploads\/2023\/12\/Noticias-de-energia-2023-12-30T100707.186-3.jpg?resize=1400%2C800&ssl=1 4x"},"classes":[]},{"id":72419,"url":"https:\/\/lasprimeras.com.do\/index.php\/2023\/12\/29\/avanzan-preparativos-la-batalla-de-la-fe-2023\/","url_meta":{"origin":118648,"position":1},"title":"Avanzan preparativos La Batalla de la Fe 2023","author":"Nelson Feliz","date":"29 de diciembre de 2023","format":false,"excerpt":"Esta entrega ser\u00e1 celebrando su 60 aniversario. Por Mart\u00edn Restituyo El Ministerio La Batalla de la Fe, que organiza la tradicional Concentraci\u00f3n Evang\u00e9lica Nacional, trabaja en los detalles de montaje y producci\u00f3n para la versi\u00f3n n\u00famero 60 del multitudinario evento que re\u00fane la m\u00e1s grande representaci\u00f3n de evang\u00e9licos del pa\u00eds\u2026","rel":"","context":"En \u00abNACIONALES\u00bb","block_context":{"text":"NACIONALES","link":"https:\/\/lasprimeras.com.do\/index.php\/category\/nacionales\/"},"img":{"alt_text":"La Batalla de la Fe 2023","src":"https:\/\/i0.wp.com\/lasprimeras.com.do\/wp-content\/uploads\/2023\/12\/La-Batalla-de-la-Fe-2023.jpg?resize=350%2C200&ssl=1","width":350,"height":200,"srcset":"https:\/\/i0.wp.com\/lasprimeras.com.do\/wp-content\/uploads\/2023\/12\/La-Batalla-de-la-Fe-2023.jpg?resize=350%2C200&ssl=1 1x, https:\/\/i0.wp.com\/lasprimeras.com.do\/wp-content\/uploads\/2023\/12\/La-Batalla-de-la-Fe-2023.jpg?resize=525%2C300&ssl=1 1.5x"},"classes":[]},{"id":72316,"url":"https:\/\/lasprimeras.com.do\/index.php\/2023\/12\/28\/ezequiel-molina-sanchez-llama-a-asistir-a-la-celebracion-numero-60-de-la-batalla-de-la-fe\/","url_meta":{"origin":118648,"position":2},"title":"Ezequiel Molina S\u00e1nchez llama a asistir a la celebraci\u00f3n n\u00famero 60 de La Batalla de la Fe","author":"BIMARY DE JES\u00daS Matos","date":"28 de diciembre de 2023","format":false,"excerpt":"Santo Domingo.-El pastor Ezequiel Molina S\u00e1nchez invit\u00f3 este jueves a la celebraci\u00f3n n\u00famero 60 de la concentraci\u00f3n evang\u00e9lica, La Batalla de la Fe, a efectuarse el pr\u00f3ximo lunes 1 de enero en el estadio Ol\u00edmpico F\u00e9lix S\u00e1nchez. Al participar durante una entrevista en el espacio El Gobierno de la Ma\u00f1ana,\u2026","rel":"","context":"En \u00abPORTADA\u00bb","block_context":{"text":"PORTADA","link":"https:\/\/lasprimeras.com.do\/index.php\/category\/portada\/"},"img":{"alt_text":"","src":"https:\/\/i0.wp.com\/lasprimeras.com.do\/wp-content\/uploads\/2023\/12\/Noticias-de-energia-2023-12-28T121501.441-3.jpg?resize=350%2C200&ssl=1","width":350,"height":200,"srcset":"https:\/\/i0.wp.com\/lasprimeras.com.do\/wp-content\/uploads\/2023\/12\/Noticias-de-energia-2023-12-28T121501.441-3.jpg?resize=350%2C200&ssl=1 1x, https:\/\/i0.wp.com\/lasprimeras.com.do\/wp-content\/uploads\/2023\/12\/Noticias-de-energia-2023-12-28T121501.441-3.jpg?resize=525%2C300&ssl=1 1.5x"},"classes":[]},{"id":72639,"url":"https:\/\/lasprimeras.com.do\/index.php\/2024\/01\/01\/la-gente-le-tiene-miedo-a-la-gente-entre-las-criticas-de-ezequiel-molina-en-la-batalla-de-la-fe\/","url_meta":{"origin":118648,"position":3},"title":"&#8220;La gente le tiene miedo a la gente&#8221;, entre las cr\u00edticas de Ezequiel Molina en la Batalla de la Fe","author":"Nelson Feliz","date":"1 de enero de 2024","format":false,"excerpt":"Miles de creyentes asistieron a la actividad que est\u00e1 orientada a fortalecer y celebrar la fe cristiana tras la llegada del nuevo a\u00f1o 2024. Durante la concentraci\u00f3n evang\u00e9lica nacional Batalla de la Fe, que se celebr\u00f3 este lunes en el Centro Ol\u00edmpico, el pastor dominicano Ezequiel Molina Rosario critic\u00f3 varios\u2026","rel":"","context":"En \u00abNACIONALES\u00bb","block_context":{"text":"NACIONALES","link":"https:\/\/lasprimeras.com.do\/index.php\/category\/nacionales\/"},"img":{"alt_text":"","src":"https:\/\/i0.wp.com\/lasprimeras.com.do\/wp-content\/uploads\/2024\/01\/Pastor-Ezequiel-Molina-Rosario.jpeg?resize=350%2C200&ssl=1","width":350,"height":200,"srcset":"https:\/\/i0.wp.com\/lasprimeras.com.do\/wp-content\/uploads\/2024\/01\/Pastor-Ezequiel-Molina-Rosario.jpeg?resize=350%2C200&ssl=1 1x, https:\/\/i0.wp.com\/lasprimeras.com.do\/wp-content\/uploads\/2024\/01\/Pastor-Ezequiel-Molina-Rosario.jpeg?resize=525%2C300&ssl=1 1.5x, https:\/\/i0.wp.com\/lasprimeras.com.do\/wp-content\/uploads\/2024\/01\/Pastor-Ezequiel-Molina-Rosario.jpeg?resize=700%2C400&ssl=1 2x"},"classes":[]},{"id":118663,"url":"https:\/\/lasprimeras.com.do\/index.php\/2026\/01\/01\/ezequiel-molina-advierte-de-la-ira-de-dios-a-los-corruptos-que-saquean-el-dinero-del-pueblo\/","url_meta":{"origin":118648,"position":4},"title":"Ezequiel Molina advierte de la ira de Dios &#8220;a los corruptos&#8221; que saquean el dinero del pueblo","author":"Nelson Feliz","date":"1 de enero de 2026","format":false,"excerpt":"Miles de cristianos evang\u00e9licos se citaron la tarde de este jueves en la edici\u00f3n 62 de La Batalla de la Fe, evento celebrado cada primero de enero en el Estadio Ol\u00edmpico F\u00e9lix S\u00e1nchez. En su discurso, el pastor Ezequiel Molina lanz\u00f3 duras cr\u00edticas contra los que cometen actos de corrupci\u00f3n\u2026","rel":"","context":"En \u00abNACIONALES\u00bb","block_context":{"text":"NACIONALES","link":"https:\/\/lasprimeras.com.do\/index.php\/category\/nacionales\/"},"img":{"alt_text":"Ezequiel Molina","src":"https:\/\/i0.wp.com\/lasprimeras.com.do\/wp-content\/uploads\/2026\/01\/Ezequiel-Molina.jpg?resize=350%2C200&ssl=1","width":350,"height":200,"srcset":"https:\/\/i0.wp.com\/lasprimeras.com.do\/wp-content\/uploads\/2026\/01\/Ezequiel-Molina.jpg?resize=350%2C200&ssl=1 1x, https:\/\/i0.wp.com\/lasprimeras.com.do\/wp-content\/uploads\/2026\/01\/Ezequiel-Molina.jpg?resize=525%2C300&ssl=1 1.5x, https:\/\/i0.wp.com\/lasprimeras.com.do\/wp-content\/uploads\/2026\/01\/Ezequiel-Molina.jpg?resize=700%2C400&ssl=1 2x"},"classes":[]},{"id":73119,"url":"https:\/\/lasprimeras.com.do\/index.php\/2024\/01\/06\/melody-astacio-se-impone-con-su-poderosa-voz-en-la-batalla-de-la-fe\/","url_meta":{"origin":118648,"position":5},"title":"Melody Astacio se impone con su poderosa voz en La Batalla de la fe","author":"BIMARY DE JES\u00daS Matos","date":"6 de enero de 2024","format":false,"excerpt":"Santo Domingo.-Melody Astacio, reconocida como una voz prominente en la m\u00fasica cristiana de Rep\u00fablica Dominicana, ha dejado una huella en la escena musical, especialmente tras su participaci\u00f3n en el evento cristiano la Batalla de la Fe 2024, un evento que conmemora 60 a\u00f1os de tradici\u00f3n y fe. Las letras musicales\u2026","rel":"","context":"En \u00abENTRETENIMIENTO\u00bb","block_context":{"text":"ENTRETENIMIENTO","link":"https:\/\/lasprimeras.com.do\/index.php\/category\/entretenimiento\/"},"img":{"alt_text":"","src":"https:\/\/i0.wp.com\/lasprimeras.com.do\/wp-content\/uploads\/2024\/01\/Noticias-de-energia-2024-01-04T183445.722-1.jpg?resize=350%2C200&ssl=1","width":350,"height":200,"srcset":"https:\/\/i0.wp.com\/lasprimeras.com.do\/wp-content\/uploads\/2024\/01\/Noticias-de-energia-2024-01-04T183445.722-1.jpg?resize=350%2C200&ssl=1 1x, https:\/\/i0.wp.com\/lasprimeras.com.do\/wp-content\/uploads\/2024\/01\/Noticias-de-energia-2024-01-04T183445.722-1.jpg?resize=525%2C300&ssl=1 1.5x"},"classes":[]}],"jetpack_sharing_enabled":true,"jetpack_featured_media_url":"https:\/\/lasprimeras.com.do\/wp-content\/uploads\/2026\/01\/la-batalla-de-la-fe2-439b9831.jpg","_links":{"self":[{"href":"https:\/\/lasprimeras.com.do\/index.php\/wp-json\/wp\/v2\/posts\/118648","targetHints":{"allow":["GET"]}}],"collection":[{"href":"https:\/\/lasprimeras.com.do\/index.php\/wp-json\/wp\/v2\/posts"}],"about":[{"href":"https:\/\/lasprimeras.com.do\/index.php\/wp-json\/wp\/v2\/types\/post"}],"author":[{"embeddable":true,"href":"https:\/\/lasprimeras.com.do\/index.php\/wp-json\/wp\/v2\/users\/10"}],"replies":[{"embeddable":true,"href":"https:\/\/lasprimeras.com.do\/index.php\/wp-json\/wp\/v2\/comments?post=118648"}],"version-history":[{"count":1,"href":"https:\/\/lasprimeras.com.do\/index.php\/wp-json\/wp\/v2\/posts\/118648\/revisions"}],"predecessor-version":[{"id":118651,"href":"https:\/\/lasprimeras.com.do\/index.php\/wp-json\/wp\/v2\/posts\/118648\/revisions\/118651"}],"wp:featuredmedia":[{"embeddable":true,"href":"https:\/\/lasprimeras.com.do\/index.php\/wp-json\/wp\/v2\/media\/118649"}],"wp:attachment":[{"href":"https:\/\/lasprimeras.com.do\/index.php\/wp-json\/wp\/v2\/media?parent=118648"}],"wp:term":[{"taxonomy":"category","embeddable":true,"href":"https:\/\/lasprimeras.com.do\/index.php\/wp-json\/wp\/v2\/categories?post=118648"},{"taxonomy":"post_tag","embeddable":true,"href":"https:\/\/lasprimeras.com.do\/index.php\/wp-json\/wp\/v2\/tags?post=118648"}],"curies":[{"name":"wp","href":"https:\/\/api.w.org\/{rel}","templated":true}]}}