{"id":118663,"date":"2026-01-01T20:48:42","date_gmt":"2026-01-02T00:48:42","guid":{"rendered":"https:\/\/lasprimeras.com.do\/?p=118663"},"modified":"2026-01-01T20:48:45","modified_gmt":"2026-01-02T00:48:45","slug":"ezequiel-molina-advierte-de-la-ira-de-dios-a-los-corruptos-que-saquean-el-dinero-del-pueblo","status":"publish","type":"post","link":"https:\/\/lasprimeras.com.do\/index.php\/2026\/01\/01\/ezequiel-molina-advierte-de-la-ira-de-dios-a-los-corruptos-que-saquean-el-dinero-del-pueblo\/","title":{"rendered":"Ezequiel Molina advierte de la ira de Dios &#8220;a los corruptos&#8221; que saquean el dinero del pueblo"},"content":{"rendered":"\n<p class=\"wp-block-paragraph\">Miles de cristianos evang\u00e9licos se citaron la tarde de este jueves en la edici\u00f3n 62 de La Batalla de la Fe, evento celebrado cada primero de enero en el Estadio Ol\u00edmpico F\u00e9lix S\u00e1nchez.<\/p>\n\n\n\n<p class=\"wp-block-paragraph\">En su discurso, el pastor Ezequiel Molina lanz\u00f3 duras cr\u00edticas contra los que cometen actos de corrupci\u00f3n con el dinero p\u00fablico. Dijo que Dios no tendr\u00e1 misericordia de ellos el d\u00eda del juicio.<\/p>\n\n\n\n<p class=\"wp-block-paragraph\">Bajo el mensaje titulado \u201cEl D\u00eda de Dios\u201d, el pastor de 81 a\u00f1os, advirti\u00f3 a los corruptos y ladrones del dinero p\u00fablico que recibir\u00e1n el castigo divino. \u201cLos millones que se robaron no cuentan\u201d, se\u00f1al\u00f3.<\/p>\n\n\n\n<p class=\"wp-block-paragraph\">A los adinerados que cometen pecado tambi\u00e9n les advirti\u00f3 que sus fortunas no los eximir\u00e1 de la ira de Dios.<\/p>\n\n\n\n<p class=\"wp-block-paragraph\">A los cristianos les hizo un llamado al se\u00f1alar que muchos creyentes que van a la iglesia est\u00e1n descarriados y dejan a Dios para \u00faltimo.<\/p>\n\n\n\n<p class=\"wp-block-paragraph\">Dijo, adem\u00e1s, que hay creyentes materialistas que acuden a la iglesia exhibir la \u00faltima moda e incluso \u201chasta la \u00faltima cirug\u00eda pl\u00e1stica\u201d. A estos les exhort\u00f3 a mantener una conducta m\u00e1s correcta.<\/p>\n\n\n\n<p class=\"wp-block-paragraph\">Durante una hora se pronunci\u00f3, adem\u00e1s, contra los pol\u00edticos que impulsan leyes contrarias a los valores cristianos y critic\u00f3 a los jueces que aplican justicia en contra de los inocentes.<\/p>\n\n\n\n<p class=\"wp-block-paragraph\">\u201cCualquiera que se equivoque con Dios lo va a pagar caro\u2026 Para el soberbio, compar\u00f3n, no hay misericordia\u201d, advirti\u00f3 Molina. &#8220;Solo quienes confiesen y acepten sus pecados estar\u00e1n bajo la misericordia del Alt\u00edsimo&#8221;.<\/p>\n\n\n\n<p class=\"wp-block-paragraph\">Asistentes<\/p>\n\n\n\n<p class=\"wp-block-paragraph\">Los m\u00e1s de 30,000 convocados se colocaron en las gradas y en la explanada del estadio. El c\u00e9sped estuvo libre como parte del acondicionamiento del recinto para los Juegos Centroamericanos y del Caribe, pautados para el mes de julio.<\/p>\n\n\n\n<p class=\"wp-block-paragraph\">Los congregados fueron empapados por una lluvia moderada pero constante, a la que calificaron como un \u201cregalo del Se\u00f1or\u201d, mejor que un sol picante.<\/p>\n\n\n\n<p class=\"wp-block-paragraph\">Aun as\u00ed, se mantuvieron desde antes de las 4:00 de la tarde hasta pasadas las 7:10 de la noche, cuando el pastor Ezequiel Molina Rosario predic\u00f3 la \u00faltima palabra.<\/p>\n\n\n\n<p class=\"wp-block-paragraph\">A nivel econ\u00f3mico, el evento le cuesta al ministerio alrededor de 14 o 15 millones de pesos cada a\u00f1o, cubiertos mediante donaciones voluntarias de instituciones y miles de adeptos, inform\u00f3 el pastor Ezequiel Molina S\u00e1nchez.<\/p>\n\n\n\n<p class=\"wp-block-paragraph\">Entre los proyectos de expansi\u00f3n, expres\u00f3 que crear\u00e1n el Observatorio Evang\u00e9lico de la Rep\u00fablica Dominicana para patrocinar estudios y trabajos que promuevan la fe cristiana en el pa\u00eds.<\/p>\n\n\n\n<p class=\"wp-block-paragraph\">A trav\u00e9s del Instituto Dominicano de las Telecomunicaciones (Indotel), adquirir\u00e1n tres frecuencias radiof\u00f3nicas en pueblos fronterizos para la emisi\u00f3n de mensajes cristianos y as\u00ed evitar la difusi\u00f3n del vud\u00fa en esas zonas a trav\u00e9s de emisoras operadas desde Hait\u00ed, seg\u00fan explic\u00f3 Molina S\u00e1nchez.<\/p>\n\n\n\n<p class=\"wp-block-paragraph\">Durante el evento, la multitud or\u00f3 por la Rep\u00fablica Dominicana, por el presidente Luis Abinader y su gabinete, as\u00ed como por los Estados Unidos, donde reside la mayor cantidad de dominicanos de la di\u00e1spora.<\/p>\n\n\n\n<p class=\"wp-block-paragraph\">Entre los invitados especiales estuvieron los alcaldes Carolina Mej\u00eda, del Distrito Nacional; Dio Astacio y Betty Ger\u00f3nimo, de Santo Domingo Este y Norte, respectivamente. Tambi\u00e9n asistieron el diputado Carlos de P\u00e9rez y Jhonny Pujols, secretario del Partido de la Liberaci\u00f3n Dominicana (PLD).<\/p>\n\n\n\n<p class=\"wp-block-paragraph\">La vicepresidenta Raquel Pe\u00f1a se ausent\u00f3, debido a que se encontraba en el interior del pa\u00eds y, por las condiciones clim\u00e1ticas, no pudo desplazarse en helic\u00f3ptero. Tambi\u00e9n asistieron jueces y otras personalidades.<\/p>\n\n\n\n<p class=\"wp-block-paragraph\">Fuente Diario Libre<\/p>\n","protected":false},"excerpt":{"rendered":"<p>Miles de cristianos evang\u00e9licos se citaron la tarde de este jueves en la edici\u00f3n 62 de La Batalla de la Fe, evento celebrado cada primero de enero en el Estadio&hellip;<\/p>\n","protected":false},"author":10,"featured_media":118664,"comment_status":"open","ping_status":"open","sticky":false,"template":"","format":"standard","meta":{"content-type":"","_jetpack_newsletter_access":"","_jetpack_dont_email_post_to_subs":false,"_jetpack_newsletter_tier_id":0,"_jetpack_memberships_contains_paywalled_content":false,"_jetpack_feature_clip_id":0,"_jetpack_memberships_contains_paid_content":false,"footnotes":"","jetpack_post_was_ever_published":false},"categories":[35,25],"tags":[169,4027,10828,28996,1379,14487],"class_list":["post-118663","post","type-post","status-publish","format-standard","has-post-thumbnail","hentry","category-nacionales","category-portada","tag-corruptos","tag-dinero","tag-ezequiel-molina","tag-ira-de-dios","tag-pueblo","tag-saquean"],"jetpack-related-posts":[{"id":53134,"url":"https:\/\/lasprimeras.com.do\/index.php\/2023\/06\/23\/alcalde-carlos-guzman-elogia-y-resalta-trabajo-de-pastores-evangelicos-de-sdn\/","url_meta":{"origin":118663,"position":0},"title":"Alcalde Carlos Guzm\u00e1n elogia y resalta trabajo de pastores evang\u00e9licos de SDN","author":"Nelson Feliz","date":"23 de junio de 2023","format":false,"excerpt":"El Concejo de Regidores de la ASDN entreg\u00f3 placas de reconocimiento a Ezequiel Molina y a Juan Tiburcio. Por Martin Restituyo El alcalde Carlos Guzm\u00e1n reconoci\u00f3 el trabajo que realizan los pastores y obispos evang\u00e9licos de Santo Domingo Norte (SDN) a favor de la demarcaci\u00f3n, calific\u00e1ndolos de pilares en el\u2026","rel":"","context":"En \u00abNACIONALES\u00bb","block_context":{"text":"NACIONALES","link":"https:\/\/lasprimeras.com.do\/index.php\/category\/nacionales\/"},"img":{"alt_text":"El Concejo de Regidores de la ASDN entreg\u00f3 placas de reconocimiento a Ezequiel Molina y a Juan Tiburcio.","src":"https:\/\/i0.wp.com\/lasprimeras.com.do\/wp-content\/uploads\/2023\/06\/Carlos-Guzman.jpg?resize=350%2C200&ssl=1","width":350,"height":200,"srcset":"https:\/\/i0.wp.com\/lasprimeras.com.do\/wp-content\/uploads\/2023\/06\/Carlos-Guzman.jpg?resize=350%2C200&ssl=1 1x, https:\/\/i0.wp.com\/lasprimeras.com.do\/wp-content\/uploads\/2023\/06\/Carlos-Guzman.jpg?resize=525%2C300&ssl=1 1.5x, https:\/\/i0.wp.com\/lasprimeras.com.do\/wp-content\/uploads\/2023\/06\/Carlos-Guzman.jpg?resize=700%2C400&ssl=1 2x"},"classes":[]},{"id":56201,"url":"https:\/\/lasprimeras.com.do\/index.php\/2023\/07\/29\/leonel-fernandez-si-dios-quiere-volvera-a-hacer-mas-por-las-iglesias\/","url_meta":{"origin":118663,"position":1},"title":"Leonel Fern\u00e1ndez: &#8220;Si Dios quiere&#8221;, volver\u00e1 a hacer m\u00e1s por las iglesias","author":"Nelson Feliz","date":"29 de julio de 2023","format":false,"excerpt":"La Batalla de la Fe reconoce gobiernos de Leonel Fern\u00e1ndez por apoyar labor evangelizadora. El precandidato presidencial del partido Fuerza del Pueblo (FP), Leonel Fern\u00e1ndez, particip\u00f3 en la cena-encuentro que se realiz\u00f3 con motivo de la celebraci\u00f3n del 60 aniversario de la Batalla de la Fe, donde afirm\u00f3 que lo\u2026","rel":"","context":"En \u00abPORTADA\u00bb","block_context":{"text":"PORTADA","link":"https:\/\/lasprimeras.com.do\/index.php\/category\/portada\/"},"img":{"alt_text":"Leonel Fernandez","src":"https:\/\/i0.wp.com\/lasprimeras.com.do\/wp-content\/uploads\/2023\/07\/Leonel-Fernandez-3-1.jpg?resize=350%2C200&ssl=1","width":350,"height":200,"srcset":"https:\/\/i0.wp.com\/lasprimeras.com.do\/wp-content\/uploads\/2023\/07\/Leonel-Fernandez-3-1.jpg?resize=350%2C200&ssl=1 1x, https:\/\/i0.wp.com\/lasprimeras.com.do\/wp-content\/uploads\/2023\/07\/Leonel-Fernandez-3-1.jpg?resize=525%2C300&ssl=1 1.5x, https:\/\/i0.wp.com\/lasprimeras.com.do\/wp-content\/uploads\/2023\/07\/Leonel-Fernandez-3-1.jpg?resize=700%2C400&ssl=1 2x"},"classes":[]},{"id":72419,"url":"https:\/\/lasprimeras.com.do\/index.php\/2023\/12\/29\/avanzan-preparativos-la-batalla-de-la-fe-2023\/","url_meta":{"origin":118663,"position":2},"title":"Avanzan preparativos La Batalla de la Fe 2023","author":"Nelson Feliz","date":"29 de diciembre de 2023","format":false,"excerpt":"Esta entrega ser\u00e1 celebrando su 60 aniversario. Por Mart\u00edn Restituyo El Ministerio La Batalla de la Fe, que organiza la tradicional Concentraci\u00f3n Evang\u00e9lica Nacional, trabaja en los detalles de montaje y producci\u00f3n para la versi\u00f3n n\u00famero 60 del multitudinario evento que re\u00fane la m\u00e1s grande representaci\u00f3n de evang\u00e9licos del pa\u00eds\u2026","rel":"","context":"En \u00abNACIONALES\u00bb","block_context":{"text":"NACIONALES","link":"https:\/\/lasprimeras.com.do\/index.php\/category\/nacionales\/"},"img":{"alt_text":"La Batalla de la Fe 2023","src":"https:\/\/i0.wp.com\/lasprimeras.com.do\/wp-content\/uploads\/2023\/12\/La-Batalla-de-la-Fe-2023.jpg?resize=350%2C200&ssl=1","width":350,"height":200,"srcset":"https:\/\/i0.wp.com\/lasprimeras.com.do\/wp-content\/uploads\/2023\/12\/La-Batalla-de-la-Fe-2023.jpg?resize=350%2C200&ssl=1 1x, https:\/\/i0.wp.com\/lasprimeras.com.do\/wp-content\/uploads\/2023\/12\/La-Batalla-de-la-Fe-2023.jpg?resize=525%2C300&ssl=1 1.5x"},"classes":[]},{"id":72639,"url":"https:\/\/lasprimeras.com.do\/index.php\/2024\/01\/01\/la-gente-le-tiene-miedo-a-la-gente-entre-las-criticas-de-ezequiel-molina-en-la-batalla-de-la-fe\/","url_meta":{"origin":118663,"position":3},"title":"&#8220;La gente le tiene miedo a la gente&#8221;, entre las cr\u00edticas de Ezequiel Molina en la Batalla de la Fe","author":"Nelson Feliz","date":"1 de enero de 2024","format":false,"excerpt":"Miles de creyentes asistieron a la actividad que est\u00e1 orientada a fortalecer y celebrar la fe cristiana tras la llegada del nuevo a\u00f1o 2024. Durante la concentraci\u00f3n evang\u00e9lica nacional Batalla de la Fe, que se celebr\u00f3 este lunes en el Centro Ol\u00edmpico, el pastor dominicano Ezequiel Molina Rosario critic\u00f3 varios\u2026","rel":"","context":"En \u00abNACIONALES\u00bb","block_context":{"text":"NACIONALES","link":"https:\/\/lasprimeras.com.do\/index.php\/category\/nacionales\/"},"img":{"alt_text":"","src":"https:\/\/i0.wp.com\/lasprimeras.com.do\/wp-content\/uploads\/2024\/01\/Pastor-Ezequiel-Molina-Rosario.jpeg?resize=350%2C200&ssl=1","width":350,"height":200,"srcset":"https:\/\/i0.wp.com\/lasprimeras.com.do\/wp-content\/uploads\/2024\/01\/Pastor-Ezequiel-Molina-Rosario.jpeg?resize=350%2C200&ssl=1 1x, https:\/\/i0.wp.com\/lasprimeras.com.do\/wp-content\/uploads\/2024\/01\/Pastor-Ezequiel-Molina-Rosario.jpeg?resize=525%2C300&ssl=1 1.5x, https:\/\/i0.wp.com\/lasprimeras.com.do\/wp-content\/uploads\/2024\/01\/Pastor-Ezequiel-Molina-Rosario.jpeg?resize=700%2C400&ssl=1 2x"},"classes":[]},{"id":92354,"url":"https:\/\/lasprimeras.com.do\/index.php\/2025\/01\/01\/ezequiel-molina-asegura-que-detras-de-cada-mujer-exitosa-hay-un-hogar-descuidado\/","url_meta":{"origin":118663,"position":4},"title":"Ezequiel Molina asegura que detr\u00e1s de cada mujer exitosa hay un hogar descuidado","author":"Nelson Feliz","date":"1 de enero de 2025","format":false,"excerpt":"Durante la edici\u00f3n 2025 del emblem\u00e1tico evento \u00abLa Batalla de la Fe\u00bb, el pastor Ezequiel Molina ofreci\u00f3 un mensaje cargado de profundidad espiritual, llamando a la sociedad a reflexionar sobre el papel central de la familia en la formaci\u00f3n de valores y en la construcci\u00f3n de un futuro mejor. En\u2026","rel":"","context":"En \u00abNACIONALES\u00bb","block_context":{"text":"NACIONALES","link":"https:\/\/lasprimeras.com.do\/index.php\/category\/nacionales\/"},"img":{"alt_text":"","src":"https:\/\/i0.wp.com\/lasprimeras.com.do\/wp-content\/uploads\/2025\/01\/ezequiel-molina.jpeg?resize=350%2C200&ssl=1","width":350,"height":200,"srcset":"https:\/\/i0.wp.com\/lasprimeras.com.do\/wp-content\/uploads\/2025\/01\/ezequiel-molina.jpeg?resize=350%2C200&ssl=1 1x, https:\/\/i0.wp.com\/lasprimeras.com.do\/wp-content\/uploads\/2025\/01\/ezequiel-molina.jpeg?resize=525%2C300&ssl=1 1.5x, https:\/\/i0.wp.com\/lasprimeras.com.do\/wp-content\/uploads\/2025\/01\/ezequiel-molina.jpeg?resize=700%2C400&ssl=1 2x"},"classes":[]},{"id":73471,"url":"https:\/\/lasprimeras.com.do\/index.php\/2024\/01\/11\/alex-matos-comparte-que-esta-oficialmente-casado\/","url_meta":{"origin":118663,"position":5},"title":"Alex Matos comparte que est\u00e1 oficialmente casado","author":"BIMARY DE JES\u00daS Matos","date":"11 de enero de 2024","format":false,"excerpt":"Santo Domingo.-El salsero Alex Matos es un hombre casado. El artista contrajo matrimonio con una mujer de nombre Madelyn Rodr\u00edguez. Matos comparti\u00f3 en su cuenta de Instagram im\u00e1genes del momento en que une su vida a la de su ahora esposa. \u201cCuando te rindes al plan de Dios, El pone\u2026","rel":"","context":"En \u00abENTRETENIMIENTO\u00bb","block_context":{"text":"ENTRETENIMIENTO","link":"https:\/\/lasprimeras.com.do\/index.php\/category\/entretenimiento\/"},"img":{"alt_text":"","src":"https:\/\/i0.wp.com\/lasprimeras.com.do\/wp-content\/uploads\/2024\/01\/WhatsApp-Image-2024-01-10-at-11.22.13-PM-4.png?resize=350%2C200&ssl=1","width":350,"height":200},"classes":[]}],"jetpack_sharing_enabled":true,"jetpack_featured_media_url":"https:\/\/lasprimeras.com.do\/wp-content\/uploads\/2026\/01\/Ezequiel-Molina.jpg","_links":{"self":[{"href":"https:\/\/lasprimeras.com.do\/index.php\/wp-json\/wp\/v2\/posts\/118663","targetHints":{"allow":["GET"]}}],"collection":[{"href":"https:\/\/lasprimeras.com.do\/index.php\/wp-json\/wp\/v2\/posts"}],"about":[{"href":"https:\/\/lasprimeras.com.do\/index.php\/wp-json\/wp\/v2\/types\/post"}],"author":[{"embeddable":true,"href":"https:\/\/lasprimeras.com.do\/index.php\/wp-json\/wp\/v2\/users\/10"}],"replies":[{"embeddable":true,"href":"https:\/\/lasprimeras.com.do\/index.php\/wp-json\/wp\/v2\/comments?post=118663"}],"version-history":[{"count":1,"href":"https:\/\/lasprimeras.com.do\/index.php\/wp-json\/wp\/v2\/posts\/118663\/revisions"}],"predecessor-version":[{"id":118665,"href":"https:\/\/lasprimeras.com.do\/index.php\/wp-json\/wp\/v2\/posts\/118663\/revisions\/118665"}],"wp:featuredmedia":[{"embeddable":true,"href":"https:\/\/lasprimeras.com.do\/index.php\/wp-json\/wp\/v2\/media\/118664"}],"wp:attachment":[{"href":"https:\/\/lasprimeras.com.do\/index.php\/wp-json\/wp\/v2\/media?parent=118663"}],"wp:term":[{"taxonomy":"category","embeddable":true,"href":"https:\/\/lasprimeras.com.do\/index.php\/wp-json\/wp\/v2\/categories?post=118663"},{"taxonomy":"post_tag","embeddable":true,"href":"https:\/\/lasprimeras.com.do\/index.php\/wp-json\/wp\/v2\/tags?post=118663"}],"curies":[{"name":"wp","href":"https:\/\/api.w.org\/{rel}","templated":true}]}}