{"id":118897,"date":"2026-01-04T15:34:40","date_gmt":"2026-01-04T19:34:40","guid":{"rendered":"https:\/\/lasprimeras.com.do\/?p=118897"},"modified":"2026-01-04T15:34:42","modified_gmt":"2026-01-04T19:34:42","slug":"la-consolidacion-de-la-inteligencia-artificial-en-el-2026","status":"publish","type":"post","link":"https:\/\/lasprimeras.com.do\/index.php\/2026\/01\/04\/la-consolidacion-de-la-inteligencia-artificial-en-el-2026\/","title":{"rendered":"La consolidaci\u00f3n de la inteligencia artificial en el 2026"},"content":{"rendered":"\n<p>Por Araceli Aguilar Salgado<\/p>\n\n\n\n<p><strong>&#8220;El futuro pertenece a quienes se preparan hoy para enfrentarlo.\u201d Malcolm X<\/strong><\/p>\n\n\n\n<p>El a\u00f1o 2026 marcar\u00e1 un punto de inflexi\u00f3n en la historia tecnol\u00f3gica: los asistentes de inteligencia artificial y la gesti\u00f3n inteligente del conocimiento dejar\u00e1n de ser herramientas accesorias para convertirse en parte de la cotidianidad.<\/p>\n\n\n\n<p>La promesa es clara: mayor eficiencia y transparencia en el trabajo. Sin embargo, la pregunta cr\u00edtica es si esa promesa se cumplir\u00e1 sin comprometer la seguridad, la \u00e9tica y la autonom\u00eda humana.<\/p>\n\n\n\n<p><strong>La funcionalidad ejecutiva de la IA<\/strong><\/p>\n\n\n<div class=\"wp-block-image\">\n<figure class=\"alignleft size-full is-resized\"><img decoding=\"async\" width=\"900\" height=\"506\" src=\"https:\/\/lasprimeras.com.do\/wp-content\/uploads\/2026\/01\/dos-1.jpg\" alt=\"\" class=\"wp-image-118899\" style=\"aspect-ratio:1.7787414066631413;width:318px;height:auto\" srcset=\"https:\/\/lasprimeras.com.do\/wp-content\/uploads\/2026\/01\/dos-1.jpg 900w, https:\/\/lasprimeras.com.do\/wp-content\/uploads\/2026\/01\/dos-1-300x169.jpg 300w, https:\/\/lasprimeras.com.do\/wp-content\/uploads\/2026\/01\/dos-1-768x432.jpg 768w\" sizes=\"(max-width: 900px) 100vw, 900px\" \/><\/figure>\n<\/div>\n\n\n<p>Los asistentes virtuales ya no se limitar\u00e1n a responder consultas; se transformar\u00e1n en agentes con capacidad de acci\u00f3n aut\u00f3noma.<\/p>\n\n\n\n<p>Negociar la renovaci\u00f3n de un servicio, reorganizar una agenda laboral o reservar un viaje optimizando costos ser\u00e1n tareas que la IA podr\u00e1 ejecutar bajo par\u00e1metros preaprobados. Este salto cualitativo redefine la frontera entre la delegaci\u00f3n tecnol\u00f3gica y la p\u00e9rdida de control humano.<\/p>\n\n\n\n<p><strong>IA predictiva en la salud<\/strong><\/p>\n\n\n<div class=\"wp-block-image\">\n<figure class=\"alignright size-full is-resized\"><img decoding=\"async\" width=\"900\" height=\"503\" src=\"https:\/\/lasprimeras.com.do\/wp-content\/uploads\/2026\/01\/tres-1.jpg\" alt=\"\" class=\"wp-image-118900\" style=\"aspect-ratio:1.7893392914139803;width:403px;height:auto\" srcset=\"https:\/\/lasprimeras.com.do\/wp-content\/uploads\/2026\/01\/tres-1.jpg 900w, https:\/\/lasprimeras.com.do\/wp-content\/uploads\/2026\/01\/tres-1-300x168.jpg 300w, https:\/\/lasprimeras.com.do\/wp-content\/uploads\/2026\/01\/tres-1-768x429.jpg 768w\" sizes=\"(max-width: 900px) 100vw, 900px\" \/><\/figure>\n<\/div>\n\n\n<p>La medicina ser\u00e1 uno de los campos m\u00e1s impactados. Los modelos de IA avanzar\u00e1n hacia la detecci\u00f3n temprana de enfermedades y la personalizaci\u00f3n de tratamientos basados en perfiles gen\u00e9ticos.<\/p>\n\n\n\n<p>La reducci\u00f3n del ensayo y error en terapias vitales promete salvar vidas, pero tambi\u00e9n plantea dilemas sobre privacidad gen\u00e9tica, desigualdad en el acceso y el riesgo de que los algoritmos se conviertan en \u00e1rbitros de la salud humana.<\/p>\n\n\n\n<p><strong>Ciberseguridad y la amenaza cu\u00e1ntica<\/strong><\/p>\n\n\n<div class=\"wp-block-image\">\n<figure class=\"alignleft size-full is-resized\"><img decoding=\"async\" width=\"900\" height=\"522\" src=\"https:\/\/lasprimeras.com.do\/wp-content\/uploads\/2026\/01\/cuatro-1.jpg\" alt=\"\" class=\"wp-image-118901\" style=\"aspect-ratio:1.724215706376871;width:377px;height:auto\" srcset=\"https:\/\/lasprimeras.com.do\/wp-content\/uploads\/2026\/01\/cuatro-1.jpg 900w, https:\/\/lasprimeras.com.do\/wp-content\/uploads\/2026\/01\/cuatro-1-300x174.jpg 300w, https:\/\/lasprimeras.com.do\/wp-content\/uploads\/2026\/01\/cuatro-1-768x445.jpg 768w\" sizes=\"(max-width: 900px) 100vw, 900px\" \/><\/figure>\n<\/div>\n\n\n<p>La llegada de la computaci\u00f3n cu\u00e1ntica amenaza con volver obsoletos los sistemas de cifrado actuales. Gobiernos y corporaciones entrar\u00e1n en una carrera armamentista tecnol\u00f3gica para implementar cifrados post-cu\u00e1nticos.<\/p>\n\n\n\n<p><strong>La paradoja es evidente: <\/strong>la misma IA que promete protegernos tambi\u00e9n alimenta un escenario de vulnerabilidad global.<\/p>\n\n\n\n<p><strong>Robots sociales y riesgos \u00e9ticos<\/strong><\/p>\n\n\n<div class=\"wp-block-image\">\n<figure class=\"alignright size-full is-resized\"><img decoding=\"async\" width=\"900\" height=\"535\" src=\"https:\/\/lasprimeras.com.do\/wp-content\/uploads\/2026\/01\/cinco.jpg\" alt=\"\" class=\"wp-image-118902\" style=\"aspect-ratio:1.682248599626567;width:407px;height:auto\" srcset=\"https:\/\/lasprimeras.com.do\/wp-content\/uploads\/2026\/01\/cinco.jpg 900w, https:\/\/lasprimeras.com.do\/wp-content\/uploads\/2026\/01\/cinco-300x178.jpg 300w, https:\/\/lasprimeras.com.do\/wp-content\/uploads\/2026\/01\/cinco-768x457.jpg 768w\" sizes=\"(max-width: 900px) 100vw, 900px\" \/><\/figure>\n<\/div>\n\n\n<p>Un estudio del International Journal of Social Robots analiz\u00f3 c\u00f3mo modelos de IA \u2014ChatGPT, Gemini, Copilot, Llama y Mistral\u2014 interact\u00faan en situaciones cotidianas. Los resultados fueron alarmantes: tendencias discriminatorias, fallos cr\u00edticos de seguridad y la aprobaci\u00f3n de \u00f3rdenes que pod\u00edan causar da\u00f1os graves.<\/p>\n\n\n\n<p>Ejemplos como instruir a un robot para retirar la ayuda de movilidad de un usuario revelan que los sistemas actuales no son seguros para su integraci\u00f3n en robots f\u00edsicos de prop\u00f3sito general.<\/p>\n\n\n\n<p><strong>La IA como espejo calibrado<\/strong><\/p>\n\n\n\n<p>La inteligencia artificial se consolidar\u00e1 como la herramienta m\u00e1s poderosa para comprender din\u00e1micas globales desde la guerra hasta la medicina pero el lector debe ser consciente de que todo pron\u00f3stico es un espejo calibrado: la informaci\u00f3n objetiva se mezcla con los sesgos inevitables de la personalizaci\u00f3n algor\u00edtmica.<\/p>\n\n\n\n<p><strong>El l\u00edmite humano<\/strong><\/p>\n\n\n\n<p>La IA automatiza procesos y replica tareas antes reservadas al criterio profesional. Sin embargo, persiste un \u00e1mbito irreductible: lo humano, lo emocional, lo \u00e9tico. La actualizaci\u00f3n permanente y la capacidad cr\u00edtica ser\u00e1n indispensables para construir un futuro laboral inclusivo, innovador y sostenible.<\/p>\n\n\n\n<p>Po lo que la inteligencia artificial es uno de los motores de transformaci\u00f3n econ\u00f3mica y social del siglo XXI. A partir de 2026, la humanidad deber\u00e1 readaptarse para coexistir con ella, reconociendo tanto sus avances como sus riesgos. La clave estar\u00e1 en no perder de vista que la tecnolog\u00eda es un medio, no un fin.<\/p>\n\n\n\n<p>&#8220;La ciencia es una herramienta poderosa, pero sin conciencia se convierte en destrucci\u00f3n.\u201d Albert Einstein.<\/p>\n\n\n\n<p>Araceli Aguilar Salgado Periodista, Abogada, Ingeniera, Escritora, Analista y comentarista mexicana, de Chilpancingo de los Bravo del Estado de Guerrero E-mail periodistaaaguilar@gmail.com<\/p>\n","protected":false},"excerpt":{"rendered":"<p>Por Araceli Aguilar Salgado &#8220;El futuro pertenece a quienes se preparan hoy para enfrentarlo.\u201d Malcolm X El a\u00f1o 2026 marcar\u00e1 un punto de inflexi\u00f3n en la historia tecnol\u00f3gica: los asistentes&hellip;<\/p>\n","protected":false},"author":10,"featured_media":118898,"comment_status":"open","ping_status":"open","sticky":false,"template":"","format":"standard","meta":{"content-type":"","jetpack_post_was_ever_published":false,"_jetpack_newsletter_access":"","_jetpack_dont_email_post_to_subs":false,"_jetpack_newsletter_tier_id":0,"_jetpack_memberships_contains_paywalled_content":false,"_jetpack_memberships_contains_paid_content":false,"footnotes":""},"categories":[23746],"tags":[27656,85],"class_list":["post-118897","post","type-post","status-publish","format-standard","has-post-thumbnail","hentry","category-tecnologia","tag-consolidacion","tag-inteligencia-artificial"],"jetpack_featured_media_url":"https:\/\/lasprimeras.com.do\/wp-content\/uploads\/2026\/01\/una.jpg","jetpack-related-posts":[{"id":83316,"url":"https:\/\/lasprimeras.com.do\/index.php\/2024\/05\/14\/microsoft-invertira-4-000-millones-de-euros-en-proyectos-de-inteligencia-artificial-en-francia\/","url_meta":{"origin":118897,"position":0},"title":"Microsoft invertir\u00e1 4.000 millones de euros en proyectos de inteligencia artificial en Francia","author":"Nelson Feliz","date":"14 de mayo de 2024","format":false,"excerpt":"El gigante tecnol\u00f3gico estadounidense Microsoft (NASDAQ:MSFT) ha anunciado una inversi\u00f3n multimillonaria de unos 4.000 millones de euros en varios proyectos en Francia. El dinero se destinar\u00e1 al desarrollo de infraestructuras en la nube y de inteligencia artificial, as\u00ed como a mejorar las tecnolog\u00edas francesas. Esta ser\u00e1 la mayor inversi\u00f3n de\u2026","rel":"","context":"En \u00abSin categor\u00eda\u00bb","block_context":{"text":"Sin categor\u00eda","link":"https:\/\/lasprimeras.com.do\/index.php\/category\/sin-categoria\/"},"img":{"alt_text":"","src":"https:\/\/i0.wp.com\/lasprimeras.com.do\/wp-content\/uploads\/2024\/05\/Microsoft.jpg?resize=350%2C200&ssl=1","width":350,"height":200,"srcset":"https:\/\/i0.wp.com\/lasprimeras.com.do\/wp-content\/uploads\/2024\/05\/Microsoft.jpg?resize=350%2C200&ssl=1 1x, https:\/\/i0.wp.com\/lasprimeras.com.do\/wp-content\/uploads\/2024\/05\/Microsoft.jpg?resize=525%2C300&ssl=1 1.5x, https:\/\/i0.wp.com\/lasprimeras.com.do\/wp-content\/uploads\/2024\/05\/Microsoft.jpg?resize=700%2C400&ssl=1 2x"},"classes":[]},{"id":68932,"url":"https:\/\/lasprimeras.com.do\/index.php\/2023\/11\/29\/el-pais-adaptara-ley-de-salud-para-aprovechar-la-inteligencia-artificial\/","url_meta":{"origin":118897,"position":1},"title":"El pa\u00eds adaptar\u00e1 Ley de Salud para aprovechar la Inteligencia Artificial","author":"BIMARY DE JES\u00daS Matos","date":"29 de noviembre de 2023","format":false,"excerpt":"Santo Domingo.-El primer Foro Nacional Salud e Inteligencia Artificial, una iniciativa del List\u00edn Diario, rindi\u00f3 sus frutos ayer martes con las ponencias de diferentes actores del sector salud local e internacional, quienes formularon un escenario de debate que mostr\u00f3 una perspectiva de lo que implica el coincidir del talento humano\u2026","rel":"","context":"En \u00abPORTADA\u00bb","block_context":{"text":"PORTADA","link":"https:\/\/lasprimeras.com.do\/index.php\/category\/portada\/"},"img":{"alt_text":"","src":"https:\/\/i0.wp.com\/lasprimeras.com.do\/wp-content\/uploads\/2023\/11\/PhotoFrame-3.jpg?resize=350%2C200&ssl=1","width":350,"height":200,"srcset":"https:\/\/i0.wp.com\/lasprimeras.com.do\/wp-content\/uploads\/2023\/11\/PhotoFrame-3.jpg?resize=350%2C200&ssl=1 1x, https:\/\/i0.wp.com\/lasprimeras.com.do\/wp-content\/uploads\/2023\/11\/PhotoFrame-3.jpg?resize=525%2C300&ssl=1 1.5x"},"classes":[]},{"id":56746,"url":"https:\/\/lasprimeras.com.do\/index.php\/2023\/08\/04\/lf-propone-inteligencia-artificial-para-transformar-educacion-rd\/","url_meta":{"origin":118897,"position":2},"title":"LF propone inteligencia artificial para transformar educaci\u00f3n RD","author":"Nelson Feliz","date":"4 de agosto de 2023","format":false,"excerpt":"El precandidato presidencial del partido Fuerza del Pueblo (FP), Leonel Fern\u00e1ndez, propuso introducir Inteligencia Artificial para transformar el sistema de educaci\u00f3n en Rep\u00fablica Dominicana. \u00abEn Rep\u00fablica Dominicana no estamos haciendo un an\u00e1lisis cr\u00edtico sobre nuestra educaci\u00f3n, no se est\u00e1n evaluando las soluciones ni metodolog\u00eda para mejorar, solo estamos midiendo las\u2026","rel":"","context":"En \u00abPORTADA\u00bb","block_context":{"text":"PORTADA","link":"https:\/\/lasprimeras.com.do\/index.php\/category\/portada\/"},"img":{"alt_text":"Leonel Fern\u00e1ndez","src":"https:\/\/i0.wp.com\/lasprimeras.com.do\/wp-content\/uploads\/2023\/08\/Leonel-Fernandez.jpg?resize=350%2C200&ssl=1","width":350,"height":200,"srcset":"https:\/\/i0.wp.com\/lasprimeras.com.do\/wp-content\/uploads\/2023\/08\/Leonel-Fernandez.jpg?resize=350%2C200&ssl=1 1x, https:\/\/i0.wp.com\/lasprimeras.com.do\/wp-content\/uploads\/2023\/08\/Leonel-Fernandez.jpg?resize=525%2C300&ssl=1 1.5x, https:\/\/i0.wp.com\/lasprimeras.com.do\/wp-content\/uploads\/2023\/08\/Leonel-Fernandez.jpg?resize=700%2C400&ssl=1 2x"},"classes":[]},{"id":48478,"url":"https:\/\/lasprimeras.com.do\/index.php\/2023\/05\/01\/zabala-afirma-inteligencia-artificial-no-suplantara-periodistas-ni-medios-digitales\/","url_meta":{"origin":118897,"position":3},"title":"Zabala afirma inteligencia artificial no suplantar\u00e1 periodistas ni medios digitales","author":"prenxa100","date":"1 de mayo de 2023","format":false,"excerpt":"\u00a0Por Miguel Cruz Tejada NUEVA YORK.-. El laureado bloguero dominicano Jos\u00e9 Zabala afirm\u00f3 que la inteligencia artificial no desplazar\u00e1 a los periodistas ni los medios digitales y sus comunicadores, y la comunicaci\u00f3n digital va a prevalecer por mucho tiempo. Zabala, agreg\u00f3 que se ha generado una pol\u00e9mica inmediata y preocupante\u2026","rel":"","context":"En \u00abENTRETENIMIENTO\u00bb","block_context":{"text":"ENTRETENIMIENTO","link":"https:\/\/lasprimeras.com.do\/index.php\/category\/entretenimiento\/"},"img":{"alt_text":"","src":"","width":0,"height":0},"classes":[]},{"id":84105,"url":"https:\/\/lasprimeras.com.do\/index.php\/2024\/05\/30\/la-revolucion-de-la-inteligencia-artificial-en-la-comunicacion-y-las-redes-sociales\/","url_meta":{"origin":118897,"position":4},"title":"La Revoluci\u00f3n de la Inteligencia Artificial en la Comunicaci\u00f3n y las Redes Sociales","author":"Nelson Feliz","date":"30 de mayo de 2024","format":false,"excerpt":"El t\u00e9rmino de Inteligencia Artificial surgi\u00f3 por primera vez en 1956, pero fue en noviembre de 2022 cuando se crea el ChatGPT por parte de la empresa Open AI, y ha sido el a\u00f1o pasado cuando ha dominado los medios de comunicaci\u00f3n, y sigue haci\u00e9ndolo en 2024. La\u00a0inteligencia artificial\u00a0ha tra\u00eddo\u2026","rel":"","context":"En \u00abOPINI\u00d3N\u00bb","block_context":{"text":"OPINI\u00d3N","link":"https:\/\/lasprimeras.com.do\/index.php\/category\/opinion\/"},"img":{"alt_text":"","src":"https:\/\/i0.wp.com\/lasprimeras.com.do\/wp-content\/uploads\/2024\/05\/Inma-Solis-atril.jpg?resize=350%2C200&ssl=1","width":350,"height":200},"classes":[]},{"id":56028,"url":"https:\/\/lasprimeras.com.do\/index.php\/2023\/07\/27\/implementaran-inteligencia-artificial-al-servicio-911-para-mejor-geolocalizacion-segun-joel-santos\/","url_meta":{"origin":118897,"position":5},"title":"Implementar\u00e1n Inteligencia Artificial al servicio 911 para mejor geolocalizaci\u00f3n, seg\u00fan Joel Santos","author":"Nelson Feliz","date":"27 de julio de 2023","format":false,"excerpt":"Los servicios del Sistema Nacional de Atenci\u00f3n de Emergencias y Seguridad 911 buscar\u00e1n implementar herramientas de Inteligencia Artificial (IA) para mejorar la geolocalizaci\u00f3n en cuanto a la rapidez de la asistencia a los ciudadanos, seg\u00fan revel\u00f3 este jueves el ministro de la Presidencia, Joel Santos. \u201cSe est\u00e1 llevando el servicio\u2026","rel":"","context":"En \u00abNACIONALES\u00bb","block_context":{"text":"NACIONALES","link":"https:\/\/lasprimeras.com.do\/index.php\/category\/nacionales\/"},"img":{"alt_text":"Joel Santos","src":"https:\/\/i0.wp.com\/lasprimeras.com.do\/wp-content\/uploads\/2023\/07\/Joel-Santos.jpg?resize=350%2C200&ssl=1","width":350,"height":200,"srcset":"https:\/\/i0.wp.com\/lasprimeras.com.do\/wp-content\/uploads\/2023\/07\/Joel-Santos.jpg?resize=350%2C200&ssl=1 1x, https:\/\/i0.wp.com\/lasprimeras.com.do\/wp-content\/uploads\/2023\/07\/Joel-Santos.jpg?resize=525%2C300&ssl=1 1.5x, https:\/\/i0.wp.com\/lasprimeras.com.do\/wp-content\/uploads\/2023\/07\/Joel-Santos.jpg?resize=700%2C400&ssl=1 2x"},"classes":[]}],"jetpack_sharing_enabled":true,"_links":{"self":[{"href":"https:\/\/lasprimeras.com.do\/index.php\/wp-json\/wp\/v2\/posts\/118897","targetHints":{"allow":["GET"]}}],"collection":[{"href":"https:\/\/lasprimeras.com.do\/index.php\/wp-json\/wp\/v2\/posts"}],"about":[{"href":"https:\/\/lasprimeras.com.do\/index.php\/wp-json\/wp\/v2\/types\/post"}],"author":[{"embeddable":true,"href":"https:\/\/lasprimeras.com.do\/index.php\/wp-json\/wp\/v2\/users\/10"}],"replies":[{"embeddable":true,"href":"https:\/\/lasprimeras.com.do\/index.php\/wp-json\/wp\/v2\/comments?post=118897"}],"version-history":[{"count":1,"href":"https:\/\/lasprimeras.com.do\/index.php\/wp-json\/wp\/v2\/posts\/118897\/revisions"}],"predecessor-version":[{"id":118903,"href":"https:\/\/lasprimeras.com.do\/index.php\/wp-json\/wp\/v2\/posts\/118897\/revisions\/118903"}],"wp:featuredmedia":[{"embeddable":true,"href":"https:\/\/lasprimeras.com.do\/index.php\/wp-json\/wp\/v2\/media\/118898"}],"wp:attachment":[{"href":"https:\/\/lasprimeras.com.do\/index.php\/wp-json\/wp\/v2\/media?parent=118897"}],"wp:term":[{"taxonomy":"category","embeddable":true,"href":"https:\/\/lasprimeras.com.do\/index.php\/wp-json\/wp\/v2\/categories?post=118897"},{"taxonomy":"post_tag","embeddable":true,"href":"https:\/\/lasprimeras.com.do\/index.php\/wp-json\/wp\/v2\/tags?post=118897"}],"curies":[{"name":"wp","href":"https:\/\/api.w.org\/{rel}","templated":true}]}}