{"id":119160,"date":"2026-01-07T20:48:54","date_gmt":"2026-01-08T00:48:54","guid":{"rendered":"https:\/\/lasprimeras.com.do\/?p=119160"},"modified":"2026-01-07T20:49:51","modified_gmt":"2026-01-08T00:49:51","slug":"fernandez-y-fp-piden-retomar-dialogo-para-evitar-propagacion-de-la-violencia-en-venezuela","status":"publish","type":"post","link":"https:\/\/lasprimeras.com.do\/index.php\/2026\/01\/07\/fernandez-y-fp-piden-retomar-dialogo-para-evitar-propagacion-de-la-violencia-en-venezuela\/","title":{"rendered":"Fern\u00e1ndez y FP piden retomar di\u00e1logo para evitar propagaci\u00f3n de la violencia en Venezuela"},"content":{"rendered":"\n<p><strong>Fern\u00e1ndez recuerda que sin actas de escrutinio no pod\u00eda proclamarse un ganador en elecciones observadas en 2024<\/strong><\/p>\n\n\n\n<p><a href=\"https:\/\/youtube.com\/live\/4Wlmj1boe3k?feature=share\">https:\/\/youtube.com\/live\/4Wlmj1boe3k?feature=share<\/a><\/p>\n\n\n\n<p>El presidente del partido Fuerza del Pueblo, Leonel Fern\u00e1ndez, fij\u00f3 este mi\u00e9rcoles una posici\u00f3n clara, firme y sustentada en principios frente a los acontecimientos que se desarrollan en Venezuela, al tiempo que llam\u00f3 a evitar cualquier escalada de violencia y a privilegiar el di\u00e1logo como v\u00eda para alcanzar una paz duradera.<\/p>\n\n\n\n<p>En una alocuci\u00f3n transmitida por una cadena de radio, televisi\u00f3n y medios digitales, Fern\u00e1ndez abord\u00f3 la reciente operaci\u00f3n militar de los Estados Unidos en territorio venezolano, subrayando que se trata de un hecho \u201cque a\u00fan contin\u00faa en proceso de evoluci\u00f3n y desarrollo\u201d, y reiter\u00f3 que, desde la Fuerza del Pueblo, se sostiene la necesidad de impedir cualquier derramamiento de sangre que afecte directamente al pueblo venezolano.<\/p>\n\n\n\n<p>El l\u00edder opositor dominicano sostuvo que la \u00fanica salida sostenible a la crisis pasa por el entendimiento entre los propios venezolanos, mediante mecanismos de consenso que permitan restablecer la convivencia democr\u00e1tica y crear condiciones para el progreso social y econ\u00f3mico.<\/p>\n\n\n\n<p>\u201cAspiramos a que por medio del di\u00e1logo y la b\u00fasqueda de consenso, se pueda arribar a una paz duradera que garantice la convivencia civilizada entre sus ciudadanos, premisa fundamental para el progreso y el bienestar\u201d, expres\u00f3.<\/p>\n\n\n\n<p>Fern\u00e1ndez record\u00f3 que el punto de inflexi\u00f3n m\u00e1s reciente de la crisis venezolana estuvo marcado por el cuestionamiento a la legitimidad de las elecciones presidenciales del 28 de julio de 2024, proceso en el cual particip\u00f3 como observador electoral internacional.<\/p>\n\n\n\n<p>En ese contexto, amparado en criterios t\u00e9cnicos y jur\u00eddicos, adoptados con imparcialidad y tras consultas con instancias internacionales especializadas, sugiri\u00f3 la necesidad de escrutar las actas por mesa y centro de votaci\u00f3n antes de dar un candidato como ganador.<\/p>\n\n\n\n<p>\u201cConsideramos que no se pod\u00eda proclamar el triunfo del candidato del oficialismo, debido a que no se hab\u00edan presentado las actas de escrutinio\u201d, dijo.<\/p>\n\n\n\n<p>Detall\u00f3 que esa conclusi\u00f3n fue alcanzada luego de intercambios con el panel de expertos electorales de las Naciones Unidas, representantes del Centro Carter y con el ex canciller de Brasil, Celso Amor\u00edn.<\/p>\n\n\n\n<p>Como resultado de ese an\u00e1lisis, Fern\u00e1ndez se\u00f1al\u00f3 que recomend\u00f3 colocar en el centro del debate nacional un di\u00e1logo pol\u00edtico genuino entre venezolanos.<\/p>\n\n\n\n<p>\u201cEsta propuesta busca ofrecer un camino hacia la paz, la reconciliaci\u00f3n y la estabilidad pol\u00edtica en Venezuela, y esperamos que pueda ser aceptada y apoyada como una iniciativa pragm\u00e1tica y eficaz para evitar nuevas confrontaciones que impidan el desarrollo econ\u00f3mico y social de la sociedad venezolana\u201d, manifest\u00f3.<\/p>\n\n\n\n<p>Con su exposici\u00f3n, Fern\u00e1ndez marc\u00f3 distancia con la postura asumida por el actual gobierno del Partido Revolucionario Moderno (PRM), que se ha limitado a se\u00f1alar que \u201cel Gobierno dominicano sigue de cerca la evoluci\u00f3n de los acontecimientos en Venezuela\u201d, sin fijar una posici\u00f3n de fondo basada en principios de soberan\u00eda y derecho internacional.<\/p>\n\n\n\n<p>\u201cEsto lo aclaramos porque mientras desde nuestras filas gubernamentales se acent\u00faa una supuesta defensa de la democracia, sin hacer referencia a principios y valores relacionados con la soberan\u00eda, la integridad territorial y la libre determinaci\u00f3n de los pueblos, nosotros la hemos asumido, con responsabilidad y entereza, desde la g\u00e9nesis misma del conflicto\u201d, declar\u00f3.<\/p>\n\n\n\n<p>De igual manera, Fern\u00e1ndez critic\u00f3 que: \u201cEn lugar de tomar partida frente a las controversias regionales, la Rep\u00fablica Dominicana ha perdido, durante la actual gesti\u00f3n de gobierno, la oportunidad de convertirse en un foro de resoluci\u00f3n de conflictos, o en la Capital de la Paz en Am\u00e9rica Latina, como se proclam\u00f3 al t\u00e9rmino de la Cumbre de R\u00edo celebrada en nuestro pa\u00eds en el 2008, al solucionarse la crisis diplom\u00e1tica entre Colombia, Ecuador y Venezuela\u201d.<\/p>\n\n\n\n<p>Al abordar lo relativo al derecho internacional, el presidente de la Fuerza del Pueblo sostuvo que toda controversia entre Estados debe resolverse conforme a la Carta de las Naciones Unidas y, en el \u00e1mbito regional, a la Carta de la Organizaci\u00f3n de los Estados Americanos.<\/p>\n\n\n\n<p>En ese marco, evoc\u00f3 los principios fundacionales de la ONU y record\u00f3 que Am\u00e9rica Latina y el Caribe han sido reconocidos como zona de paz, advirtiendo sobre los riesgos que representan las actuales tensiones geopol\u00edticas para la regi\u00f3n.<\/p>\n\n\n\n<p><strong>Sinton\u00eda con el Papa y las Naciones Unidas<\/strong><\/p>\n\n\n\n<p>Fern\u00e1ndez destac\u00f3 que su posici\u00f3n coincide con los pronunciamientos del papa Le\u00f3n XIV, quien manifest\u00f3 su preocupaci\u00f3n por la evoluci\u00f3n de la crisis venezolana y expres\u00f3 su deseo de que derive en \u201cun futuro sereno de colaboraci\u00f3n, estabilidad y concordia, con especial atenci\u00f3n a los m\u00e1s pobres\u201d.<\/p>\n\n\n\n<p>De igual manera, Panam\u00e1, pa\u00eds miembro de la Alianza para la Democracia expres\u00f3 su preocupaci\u00f3n por la situaci\u00f3n y su posible impacto en la paz y la estabilidad regional y llam\u00f3 a centrar los esfuerzos internacionales en una salida democr\u00e1tica y pac\u00edfica.<\/p>\n\n\n\n<p>Asimismo, subray\u00f3 las advertencias del secretario general de la ONU, Antonio Guterres, quien expres\u00f3 su profunda preocupaci\u00f3n por una posible intensificaci\u00f3n de la inestabilidad en Venezuela y reiter\u00f3 la necesidad de respetar plenamente el derecho internacional y la prohibici\u00f3n del uso de la fuerza.<\/p>\n\n\n\n<p>Fern\u00e1ndez record\u00f3 que, desde 2002, ha estado involucrado en distintos esfuerzos de mediaci\u00f3n y observaci\u00f3n electoral en Venezuela, a solicitud del Centro Carter, de UNASUR y del propio \u00f3rgano electoral venezolano, siempre con el objetivo de contribuir a la paz y la democracia.<\/p>\n\n\n\n<p>\u201cDurante casi un cuarto de siglo, nuestro papel en Venezuela ha sido el de alguien que\u2026 ha actuado siempre, de manera desinteresada, en favor de la paz, la concordia y la democracia del pueblo venezolano\u201d.<\/p>\n\n\n\n<p>Afirm\u00f3 sentirse profundamente orgulloso de ese rol, al considerarlo una forma de retribuir la solidaridad hist\u00f3rica de Venezuela con la Rep\u00fablica Dominicana, particularmente durante los a\u00f1os del exilio de Juan Pablo Duarte y la lucha contra la dictadura de Trujillo.<\/p>\n\n\n\n<p>Al cierre de su alocuci\u00f3n, Fern\u00e1ndez reiter\u00f3 que el drama venezolano sigue en una diaria evoluci\u00f3n, raz\u00f3n por la cual la Fuerza del Pueblo hace un llamado a la sensatez, la tolerancia y el di\u00e1logo, con la esperanza de que vuelva a resplandecer la libertad, la justicia y la democracia en ese pa\u00eds.<\/p>\n\n\n\n<div class=\"wp-block-file\"><a id=\"wp-block-file--media-dd64a6d6-dcdd-4b01-bbbf-32724434e942\" href=\"https:\/\/lasprimeras.com.do\/wp-content\/uploads\/2026\/01\/Version-Final-Declaracion-sobre-acontecimientos-en-Venezuela.docx\">Versio\u0301n Final-Declaracio\u0301n sobre acontecimientos en Venezuela<\/a><a href=\"https:\/\/lasprimeras.com.do\/wp-content\/uploads\/2026\/01\/Version-Final-Declaracion-sobre-acontecimientos-en-Venezuela.docx\" class=\"wp-block-file__button wp-element-button\" download aria-describedby=\"wp-block-file--media-dd64a6d6-dcdd-4b01-bbbf-32724434e942\">Descarga<\/a><\/div>\n","protected":false},"excerpt":{"rendered":"<p>Fern\u00e1ndez recuerda que sin actas de escrutinio no pod\u00eda proclamarse un ganador en elecciones observadas en 2024 https:\/\/youtube.com\/live\/4Wlmj1boe3k?feature=share El presidente del partido Fuerza del Pueblo, Leonel Fern\u00e1ndez, fij\u00f3 este mi\u00e9rcoles&hellip;<\/p>\n","protected":false},"author":10,"featured_media":119161,"comment_status":"open","ping_status":"open","sticky":false,"template":"","format":"standard","meta":{"content-type":"","jetpack_post_was_ever_published":false,"_jetpack_newsletter_access":"","_jetpack_dont_email_post_to_subs":false,"_jetpack_newsletter_tier_id":0,"_jetpack_memberships_contains_paywalled_content":false,"_jetpack_memberships_contains_paid_content":false,"footnotes":""},"categories":[16559,25],"tags":[1093,158,8642,51,7494,1983,29216,420,3882],"class_list":["post-119160","post","type-post","status-publish","format-standard","has-post-thumbnail","hentry","category-politica","category-portada","tag-evitar","tag-fuerza-del-pueblo","tag-gobierno-dominicano","tag-leonel-fernandez","tag-propagacion","tag-recuperar","tag-retomar-dialogo","tag-venezuela","tag-violencia"],"jetpack_featured_media_url":"https:\/\/lasprimeras.com.do\/wp-content\/uploads\/2026\/01\/leonel-2.jpg","jetpack-related-posts":[{"id":86770,"url":"https:\/\/lasprimeras.com.do\/index.php\/2024\/08\/01\/fp-en-long-island-apoya-100-a-leonel-fernandez-en-su-viaje-a-venezuela\/","url_meta":{"origin":119160,"position":0},"title":"FP en Long Island apoya 100% a Leonel Fern\u00e1ndez en su viaje a Venezuela","author":"Nelson Feliz","date":"1 de agosto de 2024","format":false,"excerpt":"NUEVA YORK. - El presidente de la Fuerza del Pueblo del condado de Long Island, New York, V\u00edctor Acosta, dijo este mi\u00e9rcoles que apoya 100 x 100 el viaje del presidente del Partido la Fuerza del Pueblo, Leonel Fern\u00e1ndez a Venezuela, atendiendo a una invitaci\u00f3n como observador. Destac\u00f3 que esa\u2026","rel":"","context":"En \u00abSin categor\u00eda\u00bb","block_context":{"text":"Sin categor\u00eda","link":"https:\/\/lasprimeras.com.do\/index.php\/category\/sin-categoria\/"},"img":{"alt_text":"","src":"https:\/\/i0.wp.com\/lasprimeras.com.do\/wp-content\/uploads\/2024\/08\/fp-en-long-island-apoya-100-a-leonel-fernandez-en-su-viaje-a-venezuela.jpg?resize=350%2C200&ssl=1","width":350,"height":200,"srcset":"https:\/\/i0.wp.com\/lasprimeras.com.do\/wp-content\/uploads\/2024\/08\/fp-en-long-island-apoya-100-a-leonel-fernandez-en-su-viaje-a-venezuela.jpg?resize=350%2C200&ssl=1 1x, https:\/\/i0.wp.com\/lasprimeras.com.do\/wp-content\/uploads\/2024\/08\/fp-en-long-island-apoya-100-a-leonel-fernandez-en-su-viaje-a-venezuela.jpg?resize=525%2C300&ssl=1 1.5x, https:\/\/i0.wp.com\/lasprimeras.com.do\/wp-content\/uploads\/2024\/08\/fp-en-long-island-apoya-100-a-leonel-fernandez-en-su-viaje-a-venezuela.jpg?resize=700%2C400&ssl=1 2x"},"classes":[]},{"id":86704,"url":"https:\/\/lasprimeras.com.do\/index.php\/2024\/07\/30\/leonel-pide-transparencia-en-conteo-de-votos-en-venezuela\/","url_meta":{"origin":119160,"position":1},"title":"Leonel pide transparencia en conteo de votos en Venezuela","author":"Nelson Feliz","date":"30 de julio de 2024","format":false,"excerpt":"Expresidentes presentan recomendaciones ante la situaci\u00f3n post electoral de Venezuela; solicita publiquen todas las actas de escrutinio. Caracas, Venezuela. - Los expresidentes de la Rep\u00fablica Dominicana y de Colombia, Leonel Fern\u00e1ndez y Ernesto Samper, presentaron la noche de este lunes sus recomendaciones para una posible salida a la situaci\u00f3n que\u2026","rel":"","context":"En \u00abPORTADA\u00bb","block_context":{"text":"PORTADA","link":"https:\/\/lasprimeras.com.do\/index.php\/category\/portada\/"},"img":{"alt_text":"Leonel Fern\u00e1ndez","src":"https:\/\/i0.wp.com\/lasprimeras.com.do\/wp-content\/uploads\/2024\/05\/Leonel-Fernandez-Linea.jpg?resize=350%2C200&ssl=1","width":350,"height":200,"srcset":"https:\/\/i0.wp.com\/lasprimeras.com.do\/wp-content\/uploads\/2024\/05\/Leonel-Fernandez-Linea.jpg?resize=350%2C200&ssl=1 1x, https:\/\/i0.wp.com\/lasprimeras.com.do\/wp-content\/uploads\/2024\/05\/Leonel-Fernandez-Linea.jpg?resize=525%2C300&ssl=1 1.5x, https:\/\/i0.wp.com\/lasprimeras.com.do\/wp-content\/uploads\/2024\/05\/Leonel-Fernandez-Linea.jpg?resize=700%2C400&ssl=1 2x"},"classes":[]},{"id":86729,"url":"https:\/\/lasprimeras.com.do\/index.php\/2024\/07\/31\/leonel-fernandez-regresa-al-pais\/","url_meta":{"origin":119160,"position":2},"title":"Leonel Fern\u00e1ndez regresa al pa\u00eds","author":"Nelson Feliz","date":"31 de julio de 2024","format":false,"excerpt":"LF: \u201cSe requiere que los resultados electorales de Venezuela sean cre\u00edbles\u201d El expresidente Leonel Fern\u00e1ndez al regresar al pa\u00eds procedente de Venezuela, donde particip\u00f3 como observador del proceso electoral del pasado domingo 28 dijo que lo que se quiere ahora en ese pa\u00eds es \u201cque los resultados sean cre\u00edbles, deseamos\u2026","rel":"","context":"En \u00abPORTADA\u00bb","block_context":{"text":"PORTADA","link":"https:\/\/lasprimeras.com.do\/index.php\/category\/portada\/"},"img":{"alt_text":"LEONEL FERNANDEZ","src":"https:\/\/i0.wp.com\/lasprimeras.com.do\/wp-content\/uploads\/2024\/07\/LEONEL-FERNANDEZ-2.jpg?resize=350%2C200&ssl=1","width":350,"height":200,"srcset":"https:\/\/i0.wp.com\/lasprimeras.com.do\/wp-content\/uploads\/2024\/07\/LEONEL-FERNANDEZ-2.jpg?resize=350%2C200&ssl=1 1x, https:\/\/i0.wp.com\/lasprimeras.com.do\/wp-content\/uploads\/2024\/07\/LEONEL-FERNANDEZ-2.jpg?resize=525%2C300&ssl=1 1.5x, https:\/\/i0.wp.com\/lasprimeras.com.do\/wp-content\/uploads\/2024\/07\/LEONEL-FERNANDEZ-2.jpg?resize=700%2C400&ssl=1 2x"},"classes":[]},{"id":127802,"url":"https:\/\/lasprimeras.com.do\/index.php\/2026\/04\/16\/leonel-valora-dialogo-con-comision-oficial-y-pide-transparencia-al-gobierno\/","url_meta":{"origin":119160,"position":3},"title":"Leonel valora di\u00e1logo con comisi\u00f3n oficial y pide transparencia al Gobierno","author":"Nelson Feliz","date":"16 de abril de 2026","format":false,"excerpt":"_Exmandatario reitera disposici\u00f3n de la FP a mantener conversaciones por el pa\u00eds._ El presidente del partido Fuerza del Pueblo, Leonel Fern\u00e1ndez, valor\u00f3 como \u201ccordial y respetuoso\u201d el encuentro sostenido con una comisi\u00f3n oficial, al tiempo que afirm\u00f3 que los sacrificios que puedan derivarse de la actual coyuntura deben ser asumidos\u2026","rel":"","context":"En \u00abPOLITICA\u00bb","block_context":{"text":"POLITICA","link":"https:\/\/lasprimeras.com.do\/index.php\/category\/politica\/"},"img":{"alt_text":"","src":"https:\/\/i0.wp.com\/lasprimeras.com.do\/wp-content\/uploads\/2026\/04\/IMG-20260415-WA1513-scaled.jpg?resize=350%2C200&ssl=1","width":350,"height":200,"srcset":"https:\/\/i0.wp.com\/lasprimeras.com.do\/wp-content\/uploads\/2026\/04\/IMG-20260415-WA1513-scaled.jpg?resize=350%2C200&ssl=1 1x, https:\/\/i0.wp.com\/lasprimeras.com.do\/wp-content\/uploads\/2026\/04\/IMG-20260415-WA1513-scaled.jpg?resize=525%2C300&ssl=1 1.5x, https:\/\/i0.wp.com\/lasprimeras.com.do\/wp-content\/uploads\/2026\/04\/IMG-20260415-WA1513-scaled.jpg?resize=700%2C400&ssl=1 2x, https:\/\/i0.wp.com\/lasprimeras.com.do\/wp-content\/uploads\/2026\/04\/IMG-20260415-WA1513-scaled.jpg?resize=1050%2C600&ssl=1 3x, https:\/\/i0.wp.com\/lasprimeras.com.do\/wp-content\/uploads\/2026\/04\/IMG-20260415-WA1513-scaled.jpg?resize=1400%2C800&ssl=1 4x"},"classes":[]},{"id":102268,"url":"https:\/\/lasprimeras.com.do\/index.php\/2025\/07\/02\/abinader-visitara-este-jueves-al-expresidente-leonel-fernandez-para-continuar-dialogo-sobre-crisis-haitiana\/","url_meta":{"origin":119160,"position":4},"title":"Abinader visitar\u00e1 este jueves al expresidente Leonel Fern\u00e1ndez para continuar di\u00e1logo sobre crisis haitiana","author":"Nelson Feliz","date":"2 de julio de 2025","format":false,"excerpt":"La visita se realizar\u00e1 a las 11:00 a.m. en la Fundaci\u00f3n Global Democracia y Desarrollo (FUNGLODE) El presidente Luis Abinader visitar\u00e1 este jueves al exmandatario Leonel Fern\u00e1ndez para continuar el proceso de di\u00e1logo con el fin de abordar de manera conjunta y responsable la crisis haitiana y sus implicaciones para\u2026","rel":"","context":"En \u00abNACIONALES\u00bb","block_context":{"text":"NACIONALES","link":"https:\/\/lasprimeras.com.do\/index.php\/category\/nacionales\/"},"img":{"alt_text":"","src":"https:\/\/i0.wp.com\/lasprimeras.com.do\/wp-content\/uploads\/2025\/07\/Luis-Abinader-7.jpg?resize=350%2C200&ssl=1","width":350,"height":200,"srcset":"https:\/\/i0.wp.com\/lasprimeras.com.do\/wp-content\/uploads\/2025\/07\/Luis-Abinader-7.jpg?resize=350%2C200&ssl=1 1x, https:\/\/i0.wp.com\/lasprimeras.com.do\/wp-content\/uploads\/2025\/07\/Luis-Abinader-7.jpg?resize=525%2C300&ssl=1 1.5x, https:\/\/i0.wp.com\/lasprimeras.com.do\/wp-content\/uploads\/2025\/07\/Luis-Abinader-7.jpg?resize=700%2C400&ssl=1 2x"},"classes":[]},{"id":121680,"url":"https:\/\/lasprimeras.com.do\/index.php\/2026\/02\/07\/leonel-se-reune-con-lideres-cooperativistas-en-santiago\/","url_meta":{"origin":119160,"position":5},"title":"Leonel se re\u00fane con l\u00edderes cooperativistas en Santiago","author":"Nelson Feliz","date":"7 de febrero de 2026","format":false,"excerpt":"Fern\u00e1ndez garantiza respaldo estatal a las cooperativas en un gobierno de la FP. El l\u00edder pol\u00edtico continuar\u00e1 este fin de semana el proceso de juramentaci\u00f3n y fortalecimiento de las estructuras de la Fuerza del Pueblo en Santiago. El presidente del partido Fuerza del Pueblo (FP) Leonel Fern\u00e1ndez, afirm\u00f3 que el\u2026","rel":"","context":"En \u00abPOLITICA\u00bb","block_context":{"text":"POLITICA","link":"https:\/\/lasprimeras.com.do\/index.php\/category\/politica\/"},"img":{"alt_text":"Leonel Fern\u00e1ndez","src":"https:\/\/i0.wp.com\/lasprimeras.com.do\/wp-content\/uploads\/2026\/02\/Leonelito-1.jpg?resize=350%2C200&ssl=1","width":350,"height":200,"srcset":"https:\/\/i0.wp.com\/lasprimeras.com.do\/wp-content\/uploads\/2026\/02\/Leonelito-1.jpg?resize=350%2C200&ssl=1 1x, https:\/\/i0.wp.com\/lasprimeras.com.do\/wp-content\/uploads\/2026\/02\/Leonelito-1.jpg?resize=525%2C300&ssl=1 1.5x, https:\/\/i0.wp.com\/lasprimeras.com.do\/wp-content\/uploads\/2026\/02\/Leonelito-1.jpg?resize=700%2C400&ssl=1 2x"},"classes":[]}],"jetpack_sharing_enabled":true,"_links":{"self":[{"href":"https:\/\/lasprimeras.com.do\/index.php\/wp-json\/wp\/v2\/posts\/119160","targetHints":{"allow":["GET"]}}],"collection":[{"href":"https:\/\/lasprimeras.com.do\/index.php\/wp-json\/wp\/v2\/posts"}],"about":[{"href":"https:\/\/lasprimeras.com.do\/index.php\/wp-json\/wp\/v2\/types\/post"}],"author":[{"embeddable":true,"href":"https:\/\/lasprimeras.com.do\/index.php\/wp-json\/wp\/v2\/users\/10"}],"replies":[{"embeddable":true,"href":"https:\/\/lasprimeras.com.do\/index.php\/wp-json\/wp\/v2\/comments?post=119160"}],"version-history":[{"count":2,"href":"https:\/\/lasprimeras.com.do\/index.php\/wp-json\/wp\/v2\/posts\/119160\/revisions"}],"predecessor-version":[{"id":119164,"href":"https:\/\/lasprimeras.com.do\/index.php\/wp-json\/wp\/v2\/posts\/119160\/revisions\/119164"}],"wp:featuredmedia":[{"embeddable":true,"href":"https:\/\/lasprimeras.com.do\/index.php\/wp-json\/wp\/v2\/media\/119161"}],"wp:attachment":[{"href":"https:\/\/lasprimeras.com.do\/index.php\/wp-json\/wp\/v2\/media?parent=119160"}],"wp:term":[{"taxonomy":"category","embeddable":true,"href":"https:\/\/lasprimeras.com.do\/index.php\/wp-json\/wp\/v2\/categories?post=119160"},{"taxonomy":"post_tag","embeddable":true,"href":"https:\/\/lasprimeras.com.do\/index.php\/wp-json\/wp\/v2\/tags?post=119160"}],"curies":[{"name":"wp","href":"https:\/\/api.w.org\/{rel}","templated":true}]}}