{"id":119213,"date":"2026-01-08T19:49:51","date_gmt":"2026-01-08T23:49:51","guid":{"rendered":"https:\/\/lasprimeras.com.do\/?p=119213"},"modified":"2026-01-08T19:49:53","modified_gmt":"2026-01-08T23:49:53","slug":"el-corredor-de-autobuses-nocturno-costara-rd45-y-llegara-hasta-la-duarte-con-paris-en-esta-fase","status":"publish","type":"post","link":"https:\/\/lasprimeras.com.do\/index.php\/2026\/01\/08\/el-corredor-de-autobuses-nocturno-costara-rd45-y-llegara-hasta-la-duarte-con-paris-en-esta-fase\/","title":{"rendered":"El corredor de autobuses nocturno costar\u00e1 RD$45 y llegar\u00e1 hasta la Duarte con Par\u00eds en esta fase"},"content":{"rendered":"\n<p><strong>El presidente de la Confederaci\u00f3n Nacional de Transporte Unificado (CNTU), William P\u00e9rez Figuereo, dijo que el plan es extender la ruta hasta la ciudad Juan Bosch.<\/strong><\/p>\n\n\n\n<p>El corredor nocturno de autobuses, que cumple su segundo d\u00eda de operaci\u00f3n, tendr\u00e1 una tarifa fija de 45 pesos y ofrecer\u00e1 servicio desde el kil\u00f3metro 28 de la autopista Duarte hasta la intersecci\u00f3n de las avenidas Duarte y Par\u00eds, en Santo Domingo, en horario de 11:00 de la noche a 5:00 de la ma\u00f1ana.<\/p>\n\n\n\n<p>La informaci\u00f3n fue confirmada por el presidente de la Confederaci\u00f3n Nacional de Transporte Unificado (CNTU), William P\u00e9rez Figuereo, quien explic\u00f3 que la iniciativa busca garantizar un transporte seguro, organizado y permanente durante la madrugada, un horario en el que ciudadanos carecen de opciones de movilidad.<\/p>\n\n\n<div class=\"wp-block-image\">\n<figure class=\"alignleft size-full is-resized\"><img decoding=\"async\" width=\"896\" height=\"504\" src=\"https:\/\/lasprimeras.com.do\/wp-content\/uploads\/2026\/01\/corredor-de-autobuses-nocturno.jpg\" alt=\"\" class=\"wp-image-119215\" style=\"width:441px;height:auto\" srcset=\"https:\/\/lasprimeras.com.do\/wp-content\/uploads\/2026\/01\/corredor-de-autobuses-nocturno.jpg 896w, https:\/\/lasprimeras.com.do\/wp-content\/uploads\/2026\/01\/corredor-de-autobuses-nocturno-300x169.jpg 300w, https:\/\/lasprimeras.com.do\/wp-content\/uploads\/2026\/01\/corredor-de-autobuses-nocturno-768x432.jpg 768w\" sizes=\"(max-width: 896px) 100vw, 896px\" \/><\/figure>\n<\/div>\n\n\n<p>Asimismo, se\u00f1al\u00f3 que se han realizado coordinaciones con la Polic\u00eda Nacional, el Ministerio de Defensa y la Red Vial para preservar la seguridad de choferes y pasajeros.<\/p>\n\n\n\n<p><strong>Domingo a domingo<\/strong><\/p>\n\n\n\n<p>&#8220;El pasaje ser\u00e1 inalterable y la ruta operar\u00e1 de domingo a domingo. Pedimos a la ciudadan\u00eda que cuide estas unidades, ya que se trata de una inversi\u00f3n realizada con recursos propios de los miembros de la CNTU, sin ning\u00fan tipo de subsidio estatal&#8221;, expres\u00f3.<\/p>\n\n\n\n<p>El dirigente transportista explic\u00f3 que el proyecto ha requerido una inversi\u00f3n aproximada de 75 millones de pesos, con la incorporaci\u00f3n inicial de 25 autobuses, y que la flotilla se ir\u00e1 ampliando de manera gradual seg\u00fan la demanda del servicio.<\/p>\n\n\n<div class=\"wp-block-image\">\n<figure class=\"alignright size-full is-resized\"><img decoding=\"async\" width=\"900\" height=\"657\" src=\"https:\/\/lasprimeras.com.do\/wp-content\/uploads\/2026\/01\/William-Perez-Figuereo.jpg\" alt=\"\" class=\"wp-image-119216\" style=\"aspect-ratio:1.3698929771111632;width:426px;height:auto\" srcset=\"https:\/\/lasprimeras.com.do\/wp-content\/uploads\/2026\/01\/William-Perez-Figuereo.jpg 900w, https:\/\/lasprimeras.com.do\/wp-content\/uploads\/2026\/01\/William-Perez-Figuereo-300x219.jpg 300w, https:\/\/lasprimeras.com.do\/wp-content\/uploads\/2026\/01\/William-Perez-Figuereo-768x561.jpg 768w\" sizes=\"(max-width: 900px) 100vw, 900px\" \/><\/figure>\n<\/div>\n\n\n<p>Asimismo, inform\u00f3 que la CNTU solicitar\u00e1 en los pr\u00f3ximos d\u00edas la ampliaci\u00f3n del recorrido hasta la ciudad Juan Bosch, con el objetivo de facilitar el traslado nocturno de residentes que trabajan en horarios extendidos y necesitan conectarse con el Distrito Nacional.<\/p>\n\n\n\n<p>P\u00e9rez Figuereo resalt\u00f3 que la falta de transporte nocturno obliga a muchos trabajadores de zonas como San Crist\u00f3bal, Villa Altagracia, Boca Chica, San Pedro de Macor\u00eds y Monte Plata a pagar alojamiento en la capital, situaci\u00f3n que podr\u00eda reducirse con la expansi\u00f3n de este tipo de rutas.<\/p>\n\n\n\n<p><strong>Extensi\u00f3n de horarios<\/strong><\/p>\n\n\n\n<p>Finalmente, llam\u00f3 al Gobierno a evaluar la extensi\u00f3n de los horarios de la Oficina Metropolitana de Servicios de Autobuses (OMSA), el Metro y el Telef\u00e9rico de Santo Domingo, as\u00ed como a continuar los programas de renovaci\u00f3n de flotillas, para mejorar la calidad y seguridad del transporte nocturno en el pa\u00eds.<\/p>\n","protected":false},"excerpt":{"rendered":"<p>El presidente de la Confederaci\u00f3n Nacional de Transporte Unificado (CNTU), William P\u00e9rez Figuereo, dijo que el plan es extender la ruta hasta la ciudad Juan Bosch. El corredor nocturno de&hellip;<\/p>\n","protected":false},"author":10,"featured_media":119214,"comment_status":"open","ping_status":"open","sticky":false,"template":"","format":"standard","meta":{"content-type":"","jetpack_post_was_ever_published":false,"_jetpack_newsletter_access":"","_jetpack_dont_email_post_to_subs":false,"_jetpack_newsletter_tier_id":0,"_jetpack_memberships_contains_paywalled_content":false,"_jetpack_memberships_contains_paid_content":false,"footnotes":""},"categories":[39],"tags":[29237,1445,348,29239,29238,3999],"class_list":["post-119213","post","type-post","status-publish","format-standard","has-post-thumbnail","hentry","category-economia","tag-autobuses-nocturno","tag-cntu","tag-corredor","tag-costara-rd45","tag-duarte-con-paris","tag-william-perez-figuereo"],"jetpack_featured_media_url":"https:\/\/lasprimeras.com.do\/wp-content\/uploads\/2026\/01\/corredor-de-autobuses-nocturno-1.jpg","jetpack-related-posts":[{"id":118217,"url":"https:\/\/lasprimeras.com.do\/index.php\/2025\/12\/23\/cntu-destaca-avances-en-infraestructura-vial-y-transporte-vaticina-mejoria-en-la-movilidad-para-enero-de-2025\/","url_meta":{"origin":119213,"position":0},"title":"CNTU destaca avances en infraestructura vial y transporte; vaticina mejor\u00eda en la movilidad para enero de 2025","author":"Nelson Feliz","date":"23 de diciembre de 2025","format":false,"excerpt":"El presidente de la Central Nacional de Transportistas Unificados (CNTU), William P\u00e9rez Figuereo, valor\u00f3 como positivos los avances logrados durante el presente a\u00f1o en materia de infraestructura vial y transporte masivo, asegurando que las inversiones estatales est\u00e1n sentando las bases para una movilidad m\u00e1s eficiente en la Rep\u00fablica Dominicana. Al\u2026","rel":"","context":"En \u00abNACIONALES\u00bb","block_context":{"text":"NACIONALES","link":"https:\/\/lasprimeras.com.do\/index.php\/category\/nacionales\/"},"img":{"alt_text":"William P\u00e9rez Figuereo","src":"https:\/\/i0.wp.com\/lasprimeras.com.do\/wp-content\/uploads\/2024\/10\/William-Perez-Figuereo-1.jpg?resize=350%2C200&ssl=1","width":350,"height":200,"srcset":"https:\/\/i0.wp.com\/lasprimeras.com.do\/wp-content\/uploads\/2024\/10\/William-Perez-Figuereo-1.jpg?resize=350%2C200&ssl=1 1x, https:\/\/i0.wp.com\/lasprimeras.com.do\/wp-content\/uploads\/2024\/10\/William-Perez-Figuereo-1.jpg?resize=525%2C300&ssl=1 1.5x, https:\/\/i0.wp.com\/lasprimeras.com.do\/wp-content\/uploads\/2024\/10\/William-Perez-Figuereo-1.jpg?resize=700%2C400&ssl=1 2x"},"classes":[]},{"id":82252,"url":"https:\/\/lasprimeras.com.do\/index.php\/2024\/04\/30\/cntu-y-rd-en-movimiento-respaldan-la-reeleccion-del-presidente-luis-abinader\/","url_meta":{"origin":119213,"position":1},"title":"CNTU y RD en Movimiento respaldan la reelecci\u00f3n del presidente\u00a0Luis Abinader","author":"Nelson Feliz","date":"30 de abril de 2024","format":false,"excerpt":"El representante de la Central Nacional del Transporte Unificado (CNTU), William P\u00e9rez Figuereo, declar\u00f3 hoy que el movimiento pol\u00edtico \u201cRD en Movimiento\u201d, tiene como objetivo principal aglutinar un gran n\u00famero de votos a favor del presidente Luis Abinader, para que nuestro pa\u00eds contin\u00fae en v\u00eda desarrollo. P\u00e9rez Figuereo, se\u00f1ala que\u2026","rel":"","context":"En \u00abPORTADA\u00bb","block_context":{"text":"PORTADA","link":"https:\/\/lasprimeras.com.do\/index.php\/category\/portada\/"},"img":{"alt_text":"William P\u00e9rez Figuereo","src":"https:\/\/i0.wp.com\/lasprimeras.com.do\/wp-content\/uploads\/2024\/04\/William-Perez-Figuereo-1.jpg?resize=350%2C200&ssl=1","width":350,"height":200,"srcset":"https:\/\/i0.wp.com\/lasprimeras.com.do\/wp-content\/uploads\/2024\/04\/William-Perez-Figuereo-1.jpg?resize=350%2C200&ssl=1 1x, https:\/\/i0.wp.com\/lasprimeras.com.do\/wp-content\/uploads\/2024\/04\/William-Perez-Figuereo-1.jpg?resize=525%2C300&ssl=1 1.5x"},"classes":[]},{"id":109034,"url":"https:\/\/lasprimeras.com.do\/index.php\/2025\/09\/12\/cntu-llama-a-la-conciencia-ciudadana-y-valora-avances-en-el-transporte-colectivo\/","url_meta":{"origin":119213,"position":2},"title":"CNTU llama a la conciencia ciudadana y valora avances en el transporte colectivo","author":"Nelson Feliz","date":"12 de septiembre de 2025","format":false,"excerpt":"El presidente de la Central Nacional del Transporte Unificado (CNTU), William P\u00e9rez Figuereo, expres\u00f3 su preocupaci\u00f3n por la alta incidencia de accidentes de tr\u00e1nsito en la Rep\u00fablica Dominicana, los cuales calific\u00f3 como \u201cuna verdadera tragedia nacional\u201d que afecta a cientos de familias cada a\u00f1o. P\u00e9rez Figuereo record\u00f3 que el pasado\u2026","rel":"","context":"En \u00abNACIONALES\u00bb","block_context":{"text":"NACIONALES","link":"https:\/\/lasprimeras.com.do\/index.php\/category\/nacionales\/"},"img":{"alt_text":"accidentes","src":"https:\/\/i0.wp.com\/lasprimeras.com.do\/wp-content\/uploads\/2023\/10\/accidentes.jpeg?resize=350%2C200&ssl=1","width":350,"height":200,"srcset":"https:\/\/i0.wp.com\/lasprimeras.com.do\/wp-content\/uploads\/2023\/10\/accidentes.jpeg?resize=350%2C200&ssl=1 1x, https:\/\/i0.wp.com\/lasprimeras.com.do\/wp-content\/uploads\/2023\/10\/accidentes.jpeg?resize=525%2C300&ssl=1 1.5x, https:\/\/i0.wp.com\/lasprimeras.com.do\/wp-content\/uploads\/2023\/10\/accidentes.jpeg?resize=700%2C400&ssl=1 2x"},"classes":[]},{"id":115316,"url":"https:\/\/lasprimeras.com.do\/index.php\/2025\/11\/20\/william-perez-figuereo-felicita-al-nuevo-director-de-la-opret-jhael-isa-tavarez\/","url_meta":{"origin":119213,"position":3},"title":"William P\u00e9rez Figuereo felicita al nuevo director de la OPRET Jhael Isa Tav\u00e1rez","author":"Nelson Feliz","date":"20 de noviembre de 2025","format":false,"excerpt":"El presidente de la Central Nacional de Transporte Unificado (CNTU), William P\u00e9rez Figuereo, emiti\u00f3 hoy un comunicado oficial expresando sus felicitaciones y deseando el mayor de los \u00e9xitos a Jhael Isa Tav\u00e1rez, con motivo de su reciente designaci\u00f3n como director ejecutivo de la Oficina para el Reordenamiento del Transporte (OPRET).\u2026","rel":"","context":"En \u00abNACIONALES\u00bb","block_context":{"text":"NACIONALES","link":"https:\/\/lasprimeras.com.do\/index.php\/category\/nacionales\/"},"img":{"alt_text":"William P\u00e9rez Figuereo","src":"https:\/\/i0.wp.com\/lasprimeras.com.do\/wp-content\/uploads\/2024\/10\/William-Perez-Figuereo-1.jpg?resize=350%2C200&ssl=1","width":350,"height":200,"srcset":"https:\/\/i0.wp.com\/lasprimeras.com.do\/wp-content\/uploads\/2024\/10\/William-Perez-Figuereo-1.jpg?resize=350%2C200&ssl=1 1x, https:\/\/i0.wp.com\/lasprimeras.com.do\/wp-content\/uploads\/2024\/10\/William-Perez-Figuereo-1.jpg?resize=525%2C300&ssl=1 1.5x, https:\/\/i0.wp.com\/lasprimeras.com.do\/wp-content\/uploads\/2024\/10\/William-Perez-Figuereo-1.jpg?resize=700%2C400&ssl=1 2x"},"classes":[]},{"id":51367,"url":"https:\/\/lasprimeras.com.do\/index.php\/2023\/05\/30\/hato-mayor-cntu-atribuye-accidente-al-desorden-que-existe-en-el-transporte-publico\/","url_meta":{"origin":119213,"position":4},"title":"HATO MAYOR: CNTU atribuye accidente al desorden que existe en el transporte p\u00fablico","author":"prenxa100","date":"30 de mayo de 2023","format":false,"excerpt":"Santo Domingo, RD.- El presidente de la Central Nacional de Transportistas Unificados (CNTU), William P\u00e9rez Figuereo, declar\u00f3 este martes que el accidente de tr\u00e1nsito ocurrido en el tramo carretero Sabana de la Mar \u2013 Hato Mayor, donde perdieron la vida al menos\u00a0 cinco estudiantes y otros resultaron heridos, se debe\u2026","rel":"","context":"En \u00abNACIONALES\u00bb","block_context":{"text":"NACIONALES","link":"https:\/\/lasprimeras.com.do\/index.php\/category\/nacionales\/"},"img":{"alt_text":"","src":"","width":0,"height":0},"classes":[]},{"id":50187,"url":"https:\/\/lasprimeras.com.do\/index.php\/2023\/05\/17\/cntu-saluda-el-alcance-del-gobierno-en-concertacion\/","url_meta":{"origin":119213,"position":5},"title":"CNTU saluda el alcance del gobierno en concertaci\u00f3n","author":"prenxa100","date":"17 de mayo de 2023","format":false,"excerpt":"Santo Domingo, RD.- La Central Nacional de Transportistas Unificados (CNTU), salud\u00f3 hoy el alcance del gobierno en la concertaci\u00f3n y entrega de licencias de operaci\u00f3n a los dirigentes choferiles, que dirigen los corredores en el pa\u00eds. El presidente de CNTU, William P\u00e9rez Figuereo, dijo que espera que el gobierno, tome\u2026","rel":"","context":"En \u00abNACIONALES\u00bb","block_context":{"text":"NACIONALES","link":"https:\/\/lasprimeras.com.do\/index.php\/category\/nacionales\/"},"img":{"alt_text":"","src":"","width":0,"height":0},"classes":[]}],"jetpack_sharing_enabled":true,"_links":{"self":[{"href":"https:\/\/lasprimeras.com.do\/index.php\/wp-json\/wp\/v2\/posts\/119213","targetHints":{"allow":["GET"]}}],"collection":[{"href":"https:\/\/lasprimeras.com.do\/index.php\/wp-json\/wp\/v2\/posts"}],"about":[{"href":"https:\/\/lasprimeras.com.do\/index.php\/wp-json\/wp\/v2\/types\/post"}],"author":[{"embeddable":true,"href":"https:\/\/lasprimeras.com.do\/index.php\/wp-json\/wp\/v2\/users\/10"}],"replies":[{"embeddable":true,"href":"https:\/\/lasprimeras.com.do\/index.php\/wp-json\/wp\/v2\/comments?post=119213"}],"version-history":[{"count":1,"href":"https:\/\/lasprimeras.com.do\/index.php\/wp-json\/wp\/v2\/posts\/119213\/revisions"}],"predecessor-version":[{"id":119217,"href":"https:\/\/lasprimeras.com.do\/index.php\/wp-json\/wp\/v2\/posts\/119213\/revisions\/119217"}],"wp:featuredmedia":[{"embeddable":true,"href":"https:\/\/lasprimeras.com.do\/index.php\/wp-json\/wp\/v2\/media\/119214"}],"wp:attachment":[{"href":"https:\/\/lasprimeras.com.do\/index.php\/wp-json\/wp\/v2\/media?parent=119213"}],"wp:term":[{"taxonomy":"category","embeddable":true,"href":"https:\/\/lasprimeras.com.do\/index.php\/wp-json\/wp\/v2\/categories?post=119213"},{"taxonomy":"post_tag","embeddable":true,"href":"https:\/\/lasprimeras.com.do\/index.php\/wp-json\/wp\/v2\/tags?post=119213"}],"curies":[{"name":"wp","href":"https:\/\/api.w.org\/{rel}","templated":true}]}}