{"id":119454,"date":"2026-01-12T20:43:47","date_gmt":"2026-01-13T00:43:47","guid":{"rendered":"https:\/\/lasprimeras.com.do\/?p=119454"},"modified":"2026-01-12T20:43:49","modified_gmt":"2026-01-13T00:43:49","slug":"martin-luther-king-jr-un-lider-que-transformo-la-historia-de-estados-unidos","status":"publish","type":"post","link":"https:\/\/lasprimeras.com.do\/index.php\/2026\/01\/12\/martin-luther-king-jr-un-lider-que-transformo-la-historia-de-estados-unidos\/","title":{"rendered":"Martin Luther King Jr.: Un l\u00edder que transform\u00f3 la historia de Estados Unidos"},"content":{"rendered":"\n<p>Por Dr. Am\u00edn Cruz<\/p>\n\n\n\n<p>&#8220;La verdadera paz no es simplemente la ausencia de tensi\u00f3n; es la presencia de justicia.&#8221; \u2014 Martin Luther King Jr.<\/p>\n\n\n\n<p>Dentro de unos dias estaremos recordando al Dr. Martin Luther King Jr., quien ser\u00e1 recordado como uno de los l\u00edderes m\u00e1s influyentes del siglo XX, s\u00edmbolo de la lucha por los derechos civiles en Estados Unidos y referente mundial de la resistencia pac\u00edfica. <\/p>\n\n\n\n<p>Su liderazgo, basado en la no violencia y la fe en la justicia, permiti\u00f3 avances legislativos hist\u00f3ricos como la Ley de Derechos Civiles de 1964 y la Ley del Derecho al Voto de 1965.<\/p>\n\n\n\n<p>Su vida y obra marcaron un antes y un despu\u00e9s en la historia de la igualdad racial. Sin embargo, un an\u00e1lisis cr\u00edtico revela que, aunque sus logros fueron trascendentales, su legado enfrenta l\u00edmites y contradicciones que a\u00fan hoy invitan a la reflexi\u00f3n.<\/p>\n\n\n\n<p>Principales logros de Martin Luther King Jr.<\/p>\n\n\n\n<ul class=\"wp-block-list\">\n<li>Premio Nobel de la Paz (1964): Reconocimiento internacional a su liderazgo pacifista y su capacidad de movilizar multitudes sin recurrir a la violencia.<\/li>\n\n\n\n<li>Impacto legislativo: Su activismo fue decisivo para la aprobaci\u00f3n de leyes que prohibieron la segregaci\u00f3n y garantizaron derechos fundamentales a los afroamericanos.<\/li>\n\n\n\n<li>Inspiraci\u00f3n global: Su filosof\u00eda de no violencia influy\u00f3 en movimientos internacionales como el fin del apartheid en Sud\u00e1frica y la resistencia pac\u00edfica en Polonia.<\/li>\n<\/ul>\n\n\n\n<p>Estos logros consolidaron a King como un referente universal, capaz de transformar la indignaci\u00f3n en esperanza y la protesta en cambios concretos.<\/p>\n\n\n\n<p>Tensiones y cr\u00edticas a su liderazgo<\/p>\n\n\n\n<ul class=\"wp-block-list\">\n<li>Pacifismo vs. radicalismo: Mientras King defend\u00eda la resistencia no violenta, figuras como Malcolm X y los Panteras Negras consideraban que la autodefensa era necesaria frente a la violencia institucional.<\/li>\n\n\n\n<li>Selma, 1965: El episodio del Domingo Sangriento mostr\u00f3 las tensiones entre la brutalidad policial y la disciplina pac\u00edfica. La decisi\u00f3n de King de detener la segunda marcha y pedir oraci\u00f3n fue criticada como pasividad por algunos contempor\u00e1neos.<\/li>\n\n\n\n<li>Desgaste personal: Las amenazas de muerte, encarcelamientos y conflictos internos minaron su resistencia emocional, evidenciando el costo humano de su liderazgo.<\/li>\n<\/ul>\n\n\n\n<p>Vigencia y desaf\u00edos de su legado<\/p>\n\n\n\n<p>M\u00e1s de medio siglo despu\u00e9s de su asesinato en 1968, el legado de King sigue inspirando, pero tambi\u00e9n enfrenta desaf\u00edos:<\/p>\n\n\n\n<ul class=\"wp-block-list\">\n<li>Persistencia del racismo estructural: A pesar de los avances legales, la discriminaci\u00f3n y la desigualdad econ\u00f3mica contin\u00faan afectando a las comunidades afroamericanas.<\/li>\n\n\n\n<li>Idealismo vs. realidad: Su discurso \u201cI Have a Dream\u201d imaginaba una sociedad sin prejuicios, pero movimientos actuales como Black Lives Matter demuestran que ese sue\u00f1o a\u00fan no se ha cumplido.<\/li>\n\n\n\n<li>Memoria institucionalizada: El D\u00eda de Martin Luther King Jr. es celebrado como jornada de servicio comunitario, pero existe el riesgo de que la conmemoraci\u00f3n se convierta en un ritual vac\u00edo si no se acompa\u00f1a de acci\u00f3n pol\u00edtica real.<\/li>\n<\/ul>\n\n\n\n<p>Reflexionando sobre la lucha de Martin Luther King Jr. quien fue un l\u00edder visionario que transform\u00f3 la historia de los Estados Unidos con su compromiso con la no violencia y la justicia social, siguiendo y simbolizando m\u00e1s all\u00e1 de fronteras los pasos de Mahatma Gandhi. <\/p>\n\n\n\n<p>Sin embargo, su legado debe analizarse cr\u00edticamente: sus t\u00e1cticas generaron tensiones, sus logros enfrentan l\u00edmites en la pr\u00e1ctica y su sue\u00f1o de igualdad a\u00fan est\u00e1 lejos de cumplirse, los negros, latinos entre otras etnias siguen sufriendo los vej\u00e1menes por lo cual ofrendo su vida.<\/p>\n\n\n\n<p>Recordar a King no solo implica celebrar sus victorias, sino tambi\u00e9n reconocer los desaf\u00edos que persisten y asumir la responsabilidad de continuar su lucha. Hoy tenemos un reto por delante, el gobierno y funcionarios de Estados Unidos siguen violando diariamente a nivel local, nacional e internacional los derechos humanos, la misma causa por la que muri\u00f3\u2026 Es hora reflexionar y continuar la lucha por los derechos civiles.<\/p>\n\n\n\n<p>&#8220;Hoy ya no tenemos una opci\u00f3n entre la violencia y la no violencia; es la no violencia o la inexistencia.&#8221; \u2014 Martin Luther King Jr.<\/p>\n\n\n\n<p>Dr. Am\u00edn Cruz<\/p>\n\n\n\n<p>CEO, presidente y fundador del Congreso Hispanoamericano de Prensa y del Congreso Mundial de Prensa; Padre Embajador del Periodismo Hispanoamericano y Latinoamericano, diplom\u00e1tico, periodista, historiador, escritor y educador.<\/p>\n","protected":false},"excerpt":{"rendered":"<p>Por Dr. Am\u00edn Cruz &#8220;La verdadera paz no es simplemente la ausencia de tensi\u00f3n; es la presencia de justicia.&#8221; \u2014 Martin Luther King Jr. Dentro de unos dias estaremos recordando&hellip;<\/p>\n","protected":false},"author":10,"featured_media":119455,"comment_status":"open","ping_status":"open","sticky":false,"template":"","format":"standard","meta":{"content-type":"","jetpack_post_was_ever_published":false,"_jetpack_newsletter_access":"","_jetpack_dont_email_post_to_subs":false,"_jetpack_newsletter_tier_id":0,"_jetpack_memberships_contains_paywalled_content":false,"_jetpack_memberships_contains_paid_content":false,"footnotes":""},"categories":[482],"tags":[29318],"class_list":["post-119454","post","type-post","status-publish","format-standard","has-post-thumbnail","hentry","category-historia","tag-martin-luther-king-jr"],"jetpack_featured_media_url":"https:\/\/lasprimeras.com.do\/wp-content\/uploads\/2026\/01\/luter-3.jpg","jetpack-related-posts":[{"id":80156,"url":"https:\/\/lasprimeras.com.do\/index.php\/2024\/04\/04\/ayuntamiento-de-santo-domingo-este-develiza-busto-en-honor-a-martin-luther-king\/","url_meta":{"origin":119454,"position":0},"title":"Ayuntamiento de Santo Domingo Este develiza busto en honor a Martin Luther King","author":"BIMARY DE JES\u00daS Matos","date":"4 de abril de 2024","format":false,"excerpt":"SDE.-En un acto que cont\u00f3 con la presencia de la encargada de negocios de la embajada de Estados Unidos en el pa\u00eds, Patricia Aguilera, el alcalde de Santo Domingo Este, Manuel Jim\u00e9nez, develiz\u00f3 un busto en honor al \u00edcono mundial de los derechos civiles, Martin Luther King, al cumplirse este\u2026","rel":"","context":"En \u00abPORTADA\u00bb","block_context":{"text":"PORTADA","link":"https:\/\/lasprimeras.com.do\/index.php\/category\/portada\/"},"img":{"alt_text":"","src":"https:\/\/i0.wp.com\/lasprimeras.com.do\/wp-content\/uploads\/2024\/04\/WhatsApp-Image-2024-04-04-at-1.52.00-PM-scaled.jpeg?resize=350%2C200&ssl=1","width":350,"height":200,"srcset":"https:\/\/i0.wp.com\/lasprimeras.com.do\/wp-content\/uploads\/2024\/04\/WhatsApp-Image-2024-04-04-at-1.52.00-PM-scaled.jpeg?resize=350%2C200&ssl=1 1x, https:\/\/i0.wp.com\/lasprimeras.com.do\/wp-content\/uploads\/2024\/04\/WhatsApp-Image-2024-04-04-at-1.52.00-PM-scaled.jpeg?resize=525%2C300&ssl=1 1.5x, https:\/\/i0.wp.com\/lasprimeras.com.do\/wp-content\/uploads\/2024\/04\/WhatsApp-Image-2024-04-04-at-1.52.00-PM-scaled.jpeg?resize=700%2C400&ssl=1 2x, https:\/\/i0.wp.com\/lasprimeras.com.do\/wp-content\/uploads\/2024\/04\/WhatsApp-Image-2024-04-04-at-1.52.00-PM-scaled.jpeg?resize=1050%2C600&ssl=1 3x, https:\/\/i0.wp.com\/lasprimeras.com.do\/wp-content\/uploads\/2024\/04\/WhatsApp-Image-2024-04-04-at-1.52.00-PM-scaled.jpeg?resize=1400%2C800&ssl=1 4x"},"classes":[]},{"id":109949,"url":"https:\/\/lasprimeras.com.do\/index.php\/2025\/09\/24\/pastores-negros-dicen-que-charlie-kirk-no-es-un-martir-y-condenan-el-racismo-y-la-violencia-politica\/","url_meta":{"origin":119454,"position":1},"title":"Pastores negros dicen que Charlie Kirk no es un m\u00e1rtir y condenan el racismo y la violencia pol\u00edtica","author":"Nelson Feliz","date":"24 de septiembre de 2025","format":false,"excerpt":"POR AARON MORRISON and JAYLEN GREEN C\u00f3mo se est\u00e1 recordando a Charlie Kirk \u2014 con muchos conservadores y cristianos blancos, particularmente evang\u00e9licos, enfatizando su fe y etiquet\u00e1ndolo como m\u00e1rtir \u2014 ha generado debate entre el clero negro, que intenta conciliar una visi\u00f3n heroica del joven de 31 a\u00f1os con las\u2026","rel":"","context":"En \u00abINTERNACIONALES\u00bb","block_context":{"text":"INTERNACIONALES","link":"https:\/\/lasprimeras.com.do\/index.php\/category\/sin-categoria\/internacionales\/"},"img":{"alt_text":"","src":"https:\/\/i0.wp.com\/lasprimeras.com.do\/wp-content\/uploads\/2025\/09\/pastores.jpg?resize=350%2C200&ssl=1","width":350,"height":200,"srcset":"https:\/\/i0.wp.com\/lasprimeras.com.do\/wp-content\/uploads\/2025\/09\/pastores.jpg?resize=350%2C200&ssl=1 1x, https:\/\/i0.wp.com\/lasprimeras.com.do\/wp-content\/uploads\/2025\/09\/pastores.jpg?resize=525%2C300&ssl=1 1.5x, https:\/\/i0.wp.com\/lasprimeras.com.do\/wp-content\/uploads\/2025\/09\/pastores.jpg?resize=700%2C400&ssl=1 2x"},"classes":[]},{"id":122406,"url":"https:\/\/lasprimeras.com.do\/index.php\/2026\/02\/17\/fallecio-jesse-jackson-lider-historico-del-movimiento-por-los-derechos-civiles-en-estados-unidos\/","url_meta":{"origin":119454,"position":2},"title":"Falleci\u00f3 Jesse Jackson, l\u00edder hist\u00f3rico del movimiento por los derechos civiles en Estados Unidos","author":"Nelson Feliz","date":"17 de febrero de 2026","format":false,"excerpt":"En la historia contempor\u00e1nea de los Estados Unidos, pocos nombres condensan con tanta fuerza moral y persistencia pol\u00edtica el esp\u00edritu del movimiento por los derechos civiles como el de Jesse Louis Jackson Sr. Pastor bautista, estratega social, candidato presidencial y mediador internacional, Jackson fue, durante m\u00e1s de medio siglo, una\u2026","rel":"","context":"En \u00abENTRETENIMIENTO\u00bb","block_context":{"text":"ENTRETENIMIENTO","link":"https:\/\/lasprimeras.com.do\/index.php\/category\/entretenimiento\/"},"img":{"alt_text":"","src":"https:\/\/i0.wp.com\/lasprimeras.com.do\/wp-content\/uploads\/2026\/02\/1003009048-removebg-preview-1.webp?resize=350%2C200&ssl=1","width":350,"height":200},"classes":[]},{"id":87865,"url":"https:\/\/lasprimeras.com.do\/index.php\/2024\/08\/18\/carlos-pena-define-discurso-de-abinader-como-plagio-y-pieza-apologetica-para-aumentar-impuestos\/","url_meta":{"origin":119454,"position":3},"title":"Carlos Pe\u00f1a define discurso de Abinader como plagio y pieza apolog\u00e9tica para aumentar impuestos","author":"Nelson Feliz","date":"18 de agosto de 2024","format":false,"excerpt":"El presidente del Partido Generaci\u00f3n de Servidores (GenS), Carlos Pe\u00f1a consider\u00f3 que el discurso de Lu\u00eds Abinader, adem\u00e1s de ser un plagio al pastor Martin Luther King en su alocuci\u00f3n hist\u00f3rica \u201cYo tengo un sue\u00f1o\u201d, fue una pieza apolog\u00e9tica a sus intenciones de aumentarle los impuestos al pueblo dominicano. Pe\u00f1a,\u2026","rel":"","context":"En \u00abSin categor\u00eda\u00bb","block_context":{"text":"Sin categor\u00eda","link":"https:\/\/lasprimeras.com.do\/index.php\/category\/sin-categoria\/"},"img":{"alt_text":"Carlos Pe\u00f1a","src":"https:\/\/i0.wp.com\/lasprimeras.com.do\/wp-content\/uploads\/2024\/08\/Carlos-Pena.jpg?resize=350%2C200&ssl=1","width":350,"height":200,"srcset":"https:\/\/i0.wp.com\/lasprimeras.com.do\/wp-content\/uploads\/2024\/08\/Carlos-Pena.jpg?resize=350%2C200&ssl=1 1x, https:\/\/i0.wp.com\/lasprimeras.com.do\/wp-content\/uploads\/2024\/08\/Carlos-Pena.jpg?resize=525%2C300&ssl=1 1.5x, https:\/\/i0.wp.com\/lasprimeras.com.do\/wp-content\/uploads\/2024\/08\/Carlos-Pena.jpg?resize=700%2C400&ssl=1 2x"},"classes":[]},{"id":118488,"url":"https:\/\/lasprimeras.com.do\/index.php\/2025\/12\/30\/para-el-2026-habra-11-dias-feriados-en-eua-y-12-en-rd\/","url_meta":{"origin":119454,"position":4},"title":"Para el 2026 habr\u00e1 11 d\u00edas feriados en EUA y 12 en RD","author":"Nelson Feliz","date":"30 de diciembre de 2025","format":false,"excerpt":"Por Ram\u00f3n Mercedes NUEVA YORK.- En los Estados Unidos residen 2,398,009 dominicanos, seg\u00fan el \u00faltimo censo del INDEX, quienes para el 2026 se ver\u00e1n impactados de 11 d\u00edas feriados. Jueves 1\u00b0 de enero - A\u00f1o Nuevo. Lunes 19 - Aniversario de Martin Luther King Jr. Lunes 16 de febrero -\u2026","rel":"","context":"En \u00abINTERNACIONALES\u00bb","block_context":{"text":"INTERNACIONALES","link":"https:\/\/lasprimeras.com.do\/index.php\/category\/sin-categoria\/internacionales\/"},"img":{"alt_text":"","src":"https:\/\/i0.wp.com\/lasprimeras.com.do\/wp-content\/uploads\/2025\/12\/IMG-20251230-WA0568.jpg?resize=350%2C200&ssl=1","width":350,"height":200,"srcset":"https:\/\/i0.wp.com\/lasprimeras.com.do\/wp-content\/uploads\/2025\/12\/IMG-20251230-WA0568.jpg?resize=350%2C200&ssl=1 1x, https:\/\/i0.wp.com\/lasprimeras.com.do\/wp-content\/uploads\/2025\/12\/IMG-20251230-WA0568.jpg?resize=525%2C300&ssl=1 1.5x"},"classes":[]},{"id":86180,"url":"https:\/\/lasprimeras.com.do\/index.php\/2024\/07\/20\/fallecio-la-congresista-estadounidense-sheila-jackson-lee-de-texas\/","url_meta":{"origin":119454,"position":5},"title":"Falleci\u00f3 la congresista estadounidense Sheila Jackson Lee de Texas","author":"Nelson Feliz","date":"20 de julio de 2024","format":false,"excerpt":"Sheila Jackson padec\u00eda c\u00e1ncer de p\u00e1ncreas. POR JIM VERTUNO La congresista estadounidense Sheila Jackson Lee, de Texas, que contribuy\u00f3 durante mucho tiempo a liderar los esfuerzos federales para proteger a las mujeres de la violencia dom\u00e9stica y reconocer el Juneteenth como feriado nacional, falleci\u00f3. Ten\u00eda 74 a\u00f1os. Lillie Conley, su\u2026","rel":"","context":"En \u00abSin categor\u00eda\u00bb","block_context":{"text":"Sin categor\u00eda","link":"https:\/\/lasprimeras.com.do\/index.php\/category\/sin-categoria\/"},"img":{"alt_text":"Sheila Jackson Lee","src":"https:\/\/i0.wp.com\/lasprimeras.com.do\/wp-content\/uploads\/2024\/07\/Sheila-Jackson-Lee.jpg?resize=350%2C200&ssl=1","width":350,"height":200,"srcset":"https:\/\/i0.wp.com\/lasprimeras.com.do\/wp-content\/uploads\/2024\/07\/Sheila-Jackson-Lee.jpg?resize=350%2C200&ssl=1 1x, https:\/\/i0.wp.com\/lasprimeras.com.do\/wp-content\/uploads\/2024\/07\/Sheila-Jackson-Lee.jpg?resize=525%2C300&ssl=1 1.5x, https:\/\/i0.wp.com\/lasprimeras.com.do\/wp-content\/uploads\/2024\/07\/Sheila-Jackson-Lee.jpg?resize=700%2C400&ssl=1 2x"},"classes":[]}],"jetpack_sharing_enabled":true,"_links":{"self":[{"href":"https:\/\/lasprimeras.com.do\/index.php\/wp-json\/wp\/v2\/posts\/119454","targetHints":{"allow":["GET"]}}],"collection":[{"href":"https:\/\/lasprimeras.com.do\/index.php\/wp-json\/wp\/v2\/posts"}],"about":[{"href":"https:\/\/lasprimeras.com.do\/index.php\/wp-json\/wp\/v2\/types\/post"}],"author":[{"embeddable":true,"href":"https:\/\/lasprimeras.com.do\/index.php\/wp-json\/wp\/v2\/users\/10"}],"replies":[{"embeddable":true,"href":"https:\/\/lasprimeras.com.do\/index.php\/wp-json\/wp\/v2\/comments?post=119454"}],"version-history":[{"count":1,"href":"https:\/\/lasprimeras.com.do\/index.php\/wp-json\/wp\/v2\/posts\/119454\/revisions"}],"predecessor-version":[{"id":119456,"href":"https:\/\/lasprimeras.com.do\/index.php\/wp-json\/wp\/v2\/posts\/119454\/revisions\/119456"}],"wp:featuredmedia":[{"embeddable":true,"href":"https:\/\/lasprimeras.com.do\/index.php\/wp-json\/wp\/v2\/media\/119455"}],"wp:attachment":[{"href":"https:\/\/lasprimeras.com.do\/index.php\/wp-json\/wp\/v2\/media?parent=119454"}],"wp:term":[{"taxonomy":"category","embeddable":true,"href":"https:\/\/lasprimeras.com.do\/index.php\/wp-json\/wp\/v2\/categories?post=119454"},{"taxonomy":"post_tag","embeddable":true,"href":"https:\/\/lasprimeras.com.do\/index.php\/wp-json\/wp\/v2\/tags?post=119454"}],"curies":[{"name":"wp","href":"https:\/\/api.w.org\/{rel}","templated":true}]}}