{"id":119517,"date":"2026-01-14T00:40:40","date_gmt":"2026-01-14T04:40:40","guid":{"rendered":"https:\/\/lasprimeras.com.do\/?p=119517"},"modified":"2026-01-14T00:40:41","modified_gmt":"2026-01-14T04:40:41","slug":"dominicano-en-fl-reconocido-en-centenario-de-alcaldia-de-hialeah","status":"publish","type":"post","link":"https:\/\/lasprimeras.com.do\/index.php\/2026\/01\/14\/dominicano-en-fl-reconocido-en-centenario-de-alcaldia-de-hialeah\/","title":{"rendered":"Dominicano en FL reconocido en Centenario de Alcald\u00eda de Hialeah"},"content":{"rendered":"\n<p><strong>Artista y creador RD Xtremee_Ghost recibe reconocimiento en Celebraci\u00f3n Centenario de Ciudad de Hialeah<\/strong><\/p>\n\n\n\n<p><strong>Hialeah, FL.-<\/strong>El prestigioso creador y artista Eleazar Soriano Santana, (Xtremee_Ghost) se convirti\u00f3 en \u00fanico dominico-americano galardonado en su \u00e1rea en la celebraci\u00f3n del Centenario de la fundaci\u00f3n de la Ciudad de Hialeah, reconociendo as\u00ed adem\u00e1s de su arte en el Comic,\u201csu impacto positivo y contribuci\u00f3n cultural en la comunidad hispana\u201d y con ello sus aportes de la di\u00e1spora de la Rep\u00fablica Dominicana en Estados Unidos en esta expresi\u00f3n creativa humana.<\/p>\n\n\n\n<p>Xtremee_Ghost, como es su nombre art\u00edstico, fue distinguido con un hermoso Certificado que as\u00ed lo consigna por parte de la Ciudad de Hialeah en su Centenario, marcando un hito hist\u00f3rico, tomando de base su trayectoria art\u00edstica-cultural en Estados Unidos y grandes aportes para los hispanos.<\/p>\n\n\n<div class=\"wp-block-image\">\n<figure class=\"alignleft size-large is-resized\"><img decoding=\"async\" width=\"646\" height=\"1024\" src=\"https:\/\/lasprimeras.com.do\/wp-content\/uploads\/2026\/01\/Eleazar-Soriano-Santana-1-1-646x1024.jpg\" alt=\"\" class=\"wp-image-119518\" style=\"width:236px;height:auto\" srcset=\"https:\/\/lasprimeras.com.do\/wp-content\/uploads\/2026\/01\/Eleazar-Soriano-Santana-1-1-646x1024.jpg 646w, https:\/\/lasprimeras.com.do\/wp-content\/uploads\/2026\/01\/Eleazar-Soriano-Santana-1-1-189x300.jpg 189w, https:\/\/lasprimeras.com.do\/wp-content\/uploads\/2026\/01\/Eleazar-Soriano-Santana-1-1-768x1217.jpg 768w, https:\/\/lasprimeras.com.do\/wp-content\/uploads\/2026\/01\/Eleazar-Soriano-Santana-1-1-969x1536.jpg 969w, https:\/\/lasprimeras.com.do\/wp-content\/uploads\/2026\/01\/Eleazar-Soriano-Santana-1-1.jpg 1196w\" sizes=\"(max-width: 646px) 100vw, 646px\" \/><\/figure>\n<\/div>\n\n\n<p>Este dominico-americano, se gradu\u00f3 con honores en Broward College en la Florida, donde adem\u00e1s fue dise\u00f1ador del primer peri\u00f3dico digital de la Universidad, mientras que dentro de su rol art\u00edstico y de creador, Xtremee_Ghost, tambi\u00e9n realiz\u00f3 la proeza de recrear en HD los famosos Thundercats alcanzando ya en YouTube el mill\u00f3n de reproducciones.<\/p>\n\n\n\n<p>\u201cLa Ciudad de Hialeah reconoce a Eleazar Soriano Santana (Xtremee_Ghost por sus aportes e impactos positivos a la comunidad\u201d, indica el certificado otorgado al prominente artista, quien tiene la proeza de<br>haber recreado los Thundercats en HD con un mill\u00f3n de reproducciones en Youtube<\/p>\n\n\n\n<p>https:\/\/youtu.be\/UHxtOkrTZKQ&nbsp;&nbsp; .<\/p>\n\n\n\n<p>El reconocimiento a Soriano Santana fue entregado en nombre de la Alcaldesa Jacqueline Garc\u00eda Roves, por Raquel Goico Goris, jefa de su despacho y recibido en nombre del galardonado artista dominico-americano, por su madre la periodista Rose Mary Santana, quien agradeci\u00f3 en nombre suyo \u201cesta distinci\u00f3n que no solo es un logro para Rep\u00fablica Dominicana y su di\u00e1spora, sino que repercute positivamente entre los hispanos en Estados Unidos, donde estamos alcanzado logros excepcionales en la promoci\u00f3n del arte y la cultura y otras \u00e1reas importantes.\u201d<\/p>\n\n\n\n<p>Palabras de Raquel Goico: Raquel Goico, jefa del Despacho de la Primera Alcaldesa de la Ciudad, hablando en su nombre, expres\u00f3 que \u201ccomo dominicana, siente orgullo por los logros de Eleazar\u201d, mientras califica \u201ccomo de excelencia sus aportes a la comunidad en el arte y el c\u00f3mic\u201d y por ende a la Ciudad de Hialeah.<\/p>\n\n\n<div class=\"wp-block-image\">\n<figure class=\"alignright size-full is-resized\"><img decoding=\"async\" width=\"481\" height=\"640\" src=\"https:\/\/lasprimeras.com.do\/wp-content\/uploads\/2026\/01\/Eleazar-Soriano-Santana-2.jpg\" alt=\"\" class=\"wp-image-119519\" style=\"width:318px;height:auto\" srcset=\"https:\/\/lasprimeras.com.do\/wp-content\/uploads\/2026\/01\/Eleazar-Soriano-Santana-2.jpg 481w, https:\/\/lasprimeras.com.do\/wp-content\/uploads\/2026\/01\/Eleazar-Soriano-Santana-2-225x300.jpg 225w\" sizes=\"(max-width: 481px) 100vw, 481px\" \/><\/figure>\n<\/div>\n\n\n<p>Eleazar Soriano Santana, quien no pudo asistir a recibir su galard\u00f3n, tras entrega por parte de su representante, dijo \u201csentirse agradecido de Dios por este reconocimiento, el que dedica a su fenecida abuela, su familia en especial su compa\u00f1era Jessica Rodr\u00edguez, tras superar c\u00e1ncer de seno y todo el que ha apoyado su carrera, donde entrega alma vida y coraz\u00f3n, para contribuir al crecimiento del arte hispano en Estados Unidos a trav\u00e9s de sus creaciones e igualmente a las autoridades de la Ciudad de Hialeah por el honor del reconocimiento.\u201d<\/p>\n\n\n\n<p>Breve sobre Xtremee_Ghost<\/p>\n\n\n\n<p>Eleazar Soriano Santana, se gradu\u00f3 con honores en Broward College. A ra\u00edz de ello, en su carrera ha cosechado varios \u00e9xitos profesionales de relevancia.<\/p>\n\n\n\n<p>Actualmente labora para Miami Dade College, donde recibi\u00f3 \u201cPremio de Oro a la Excelencia\u201d por su arte en el Mes de la Herencia de la Mujer. &nbsp;<\/p>\n\n\n\n<p>Fue seleccionado como \u201cDominicano Destacado en el Exterior\u201d por el Ministerio de Relaciones Exteriores del Gobierno de la Rep\u00fablica Dominicana tras entrega del galard\u00f3n oficial en el Consulado General en Miami, donde reiter\u00f3 sus ra\u00edces.<\/p>\n\n\n\n<p>Tambi\u00e9n el peri\u00f3dico MiamiDiario en Miami, consider\u00f3 a Eleazar Soriano como \u201cOrgullo Latino\u201d y recientemente recibi\u00f3 reconocimientos de parte de Latin Business Network y de la Oficina de Supervisi\u00f3n de Elecciones del Condado de Miami Dade, mientras contin\u00faa cosechando otros grandes logros en su carrera, impulsando el arte y la cultura hispana.<\/p>\n\n\n\n<p>Su creaci\u00f3n en el personaje del juego overwatch, conocido como X-Men de la Era de los 90, se hizo viral en redes sociales, donde plasm\u00f3 escenas que llaman atenci\u00f3n de j\u00f3venes y adultos.&nbsp;<\/p>\n\n\n\n<p>Pueden seguirle en Instagram en @xtremee_ghost ,&nbsp; o en Facebook y Twitter.&nbsp;<\/p>\n","protected":false},"excerpt":{"rendered":"<p>Artista y creador RD Xtremee_Ghost recibe reconocimiento en Celebraci\u00f3n Centenario de Ciudad de Hialeah Hialeah, FL.-El prestigioso creador y artista Eleazar Soriano Santana, (Xtremee_Ghost) se convirti\u00f3 en \u00fanico dominico-americano galardonado&hellip;<\/p>\n","protected":false},"author":10,"featured_media":119515,"comment_status":"open","ping_status":"open","sticky":false,"template":"","format":"standard","meta":{"content-type":"","jetpack_post_was_ever_published":false,"_jetpack_newsletter_access":"","_jetpack_dont_email_post_to_subs":false,"_jetpack_newsletter_tier_id":0,"_jetpack_memberships_contains_paywalled_content":false,"_jetpack_memberships_contains_paid_content":false,"footnotes":""},"categories":[84],"tags":[29325],"class_list":["post-119517","post","type-post","status-publish","format-standard","has-post-thumbnail","hentry","category-entretenimiento","tag-eleazar-soriano-santana"],"jetpack_featured_media_url":"https:\/\/lasprimeras.com.do\/wp-content\/uploads\/2026\/01\/Eleazar-Soriano-Santana.jpg","jetpack-related-posts":[{"id":116604,"url":"https:\/\/lasprimeras.com.do\/index.php\/2025\/12\/02\/adp-se-une-a-actos-conmemorativos-del-centenario-de-fidel-castro\/","url_meta":{"origin":119517,"position":0},"title":"ADP se une a actos conmemorativos del centenario de Fidel Castro","author":"Nelson Feliz","date":"2 de diciembre de 2025","format":false,"excerpt":"Realizaran Gala Cultural en su honor La Asociaci\u00f3n Dominicana de Profesores se une a los actos conmemorativos del centenario del natalicio de Fidel Castro, que realizara la Universidad Aut\u00f3noma de Santo Domingo y otras personalidades, este jueves 4 de diciembre a la 5 de la tarde con una gala cultural\u2026","rel":"","context":"En \u00abNACIONALES\u00bb","block_context":{"text":"NACIONALES","link":"https:\/\/lasprimeras.com.do\/index.php\/category\/nacionales\/"},"img":{"alt_text":"","src":"https:\/\/i0.wp.com\/lasprimeras.com.do\/wp-content\/uploads\/2025\/12\/asoc.jpg?resize=350%2C200&ssl=1","width":350,"height":200,"srcset":"https:\/\/i0.wp.com\/lasprimeras.com.do\/wp-content\/uploads\/2025\/12\/asoc.jpg?resize=350%2C200&ssl=1 1x, https:\/\/i0.wp.com\/lasprimeras.com.do\/wp-content\/uploads\/2025\/12\/asoc.jpg?resize=525%2C300&ssl=1 1.5x, https:\/\/i0.wp.com\/lasprimeras.com.do\/wp-content\/uploads\/2025\/12\/asoc.jpg?resize=700%2C400&ssl=1 2x"},"classes":[]},{"id":62021,"url":"https:\/\/lasprimeras.com.do\/index.php\/2023\/10\/02\/asociacion-de-artistas-participan-en-avocacion-de-la-virgen-de-la-altagracia-en-vaticano\/","url_meta":{"origin":119517,"position":1},"title":"Asociaci\u00f3n de Artistas participan en avocaci\u00f3n de la Virgen de La Altagracia en Vaticano","author":"Nelson Feliz","date":"2 de octubre de 2023","format":false,"excerpt":"La exposici\u00f3n estuvo a cargo de la embajada de la Rep\u00fablica Dominicana ante la Santa Sede y el Centro de Estudios Altagraciano. Italia. - Varios miembros de la Asociaci\u00f3n Dominicana de Artistas Visuales (ADAV) participaron en la primera avocaci\u00f3n de la Virgen de La Altagracia, celebrada en la ciudad de\u2026","rel":"","context":"En \u00abSin categor\u00eda\u00bb","block_context":{"text":"Sin categor\u00eda","link":"https:\/\/lasprimeras.com.do\/index.php\/category\/sin-categoria\/"},"img":{"alt_text":"El Papa","src":"https:\/\/i0.wp.com\/lasprimeras.com.do\/wp-content\/uploads\/2023\/10\/El-Papa.jpg?resize=350%2C200&ssl=1","width":350,"height":200,"srcset":"https:\/\/i0.wp.com\/lasprimeras.com.do\/wp-content\/uploads\/2023\/10\/El-Papa.jpg?resize=350%2C200&ssl=1 1x, https:\/\/i0.wp.com\/lasprimeras.com.do\/wp-content\/uploads\/2023\/10\/El-Papa.jpg?resize=525%2C300&ssl=1 1.5x, https:\/\/i0.wp.com\/lasprimeras.com.do\/wp-content\/uploads\/2023\/10\/El-Papa.jpg?resize=700%2C400&ssl=1 2x"},"classes":[]},{"id":82195,"url":"https:\/\/lasprimeras.com.do\/index.php\/2024\/04\/29\/museo-freddie-cabral-presenta-conferencia-las-palomas-de-la-guerra-de-juan-carlos-mieses\/","url_meta":{"origin":119517,"position":2},"title":"Museo Freddie Cabral presenta conferencia las palomas de la guerra de Juan Carlos Mieses","author":"Nelson Feliz","date":"29 de abril de 2024","format":false,"excerpt":"Anuncian creaci\u00f3n de Club de lectura. El Museo Freddie Cabral realiz\u00f3 este s\u00e1bado la conferencia titulada Las palomas de La guerra, del literato dominicano Juan Carlos Mieses, Premio Nacional de Literatura 2024 de la Fundaci\u00f3n Corripio. La novela, basada en la Revoluci\u00f3n de abril del 1965, acontecida en la Rep\u00fablica\u2026","rel":"","context":"En \u00abENTRETENIMIENTO\u00bb","block_context":{"text":"ENTRETENIMIENTO","link":"https:\/\/lasprimeras.com.do\/index.php\/category\/entretenimiento\/"},"img":{"alt_text":"Juan Carlos Mieses","src":"https:\/\/i0.wp.com\/lasprimeras.com.do\/wp-content\/uploads\/2024\/04\/Juan-Carlos-Mieses.jpg?resize=350%2C200&ssl=1","width":350,"height":200,"srcset":"https:\/\/i0.wp.com\/lasprimeras.com.do\/wp-content\/uploads\/2024\/04\/Juan-Carlos-Mieses.jpg?resize=350%2C200&ssl=1 1x, https:\/\/i0.wp.com\/lasprimeras.com.do\/wp-content\/uploads\/2024\/04\/Juan-Carlos-Mieses.jpg?resize=525%2C300&ssl=1 1.5x, https:\/\/i0.wp.com\/lasprimeras.com.do\/wp-content\/uploads\/2024\/04\/Juan-Carlos-Mieses.jpg?resize=700%2C400&ssl=1 2x"},"classes":[]},{"id":95260,"url":"https:\/\/lasprimeras.com.do\/index.php\/2025\/03\/11\/ciudad-destino-cap-cana-fue-sede-del-nuevo-record-guinness-en-rd\/","url_meta":{"origin":119517,"position":3},"title":"Ciudad Destino Cap Cana fue sede del nuevo R\u00e9cord Guinness en RD","author":"Nelson Feliz","date":"11 de marzo de 2025","format":false,"excerpt":"Av\u00e9le hizo historia con la presentaci\u00f3n de la \u201d imagen en mosaico de un cubo giratorio de doble cara m\u00e1s grande del mundo \u201d con un evento certificado por Guinnes World Record, en presencia de Erno Rubik creador de dicho cubo en el marco de su 50.\u00ba aniversario. La Galer\u00eda\u2026","rel":"","context":"En \u00abENTRETENIMIENTO\u00bb","block_context":{"text":"ENTRETENIMIENTO","link":"https:\/\/lasprimeras.com.do\/index.php\/category\/entretenimiento\/"},"img":{"alt_text":"","src":"https:\/\/i0.wp.com\/lasprimeras.com.do\/wp-content\/uploads\/2025\/03\/Ricardo-Hazoury-Jorge-Abraham-Hazoury-y-Abraham-Hazoury-Jr.jpg?resize=350%2C200&ssl=1","width":350,"height":200,"srcset":"https:\/\/i0.wp.com\/lasprimeras.com.do\/wp-content\/uploads\/2025\/03\/Ricardo-Hazoury-Jorge-Abraham-Hazoury-y-Abraham-Hazoury-Jr.jpg?resize=350%2C200&ssl=1 1x, https:\/\/i0.wp.com\/lasprimeras.com.do\/wp-content\/uploads\/2025\/03\/Ricardo-Hazoury-Jorge-Abraham-Hazoury-y-Abraham-Hazoury-Jr.jpg?resize=525%2C300&ssl=1 1.5x, https:\/\/i0.wp.com\/lasprimeras.com.do\/wp-content\/uploads\/2025\/03\/Ricardo-Hazoury-Jorge-Abraham-Hazoury-y-Abraham-Hazoury-Jr.jpg?resize=700%2C400&ssl=1 2x"},"classes":[]},{"id":57498,"url":"https:\/\/lasprimeras.com.do\/index.php\/2023\/08\/13\/abinader-entrega-reconocimientos-a-26-dominicanos-destacados-en-eeuu\/","url_meta":{"origin":119517,"position":4},"title":"Abinader entrega reconocimientos a 26 dominicanos destacados en EEUU","author":"Nelson Feliz","date":"13 de agosto de 2023","format":false,"excerpt":"El presidente Abinader reconoci\u00f3 a 26 dominicanas y dominicanos destacados en Estados Unidos, por el trabajo que realizan en favor de sus compatriotas y de la imagen del pa\u00eds. En el evento, organizado por el Instituto de Dominicanos y Dominicanas en el Exterior (INDEX), fueron distinguidos acad\u00e9micos, pol\u00edticos, artistas, deportistas,\u2026","rel":"","context":"En \u00abENTRETENIMIENTO\u00bb","block_context":{"text":"ENTRETENIMIENTO","link":"https:\/\/lasprimeras.com.do\/index.php\/category\/entretenimiento\/"},"img":{"alt_text":"Luis Abinader","src":"https:\/\/i0.wp.com\/lasprimeras.com.do\/wp-content\/uploads\/2023\/08\/Luis-Abinader-6.jpg?resize=350%2C200&ssl=1","width":350,"height":200,"srcset":"https:\/\/i0.wp.com\/lasprimeras.com.do\/wp-content\/uploads\/2023\/08\/Luis-Abinader-6.jpg?resize=350%2C200&ssl=1 1x, https:\/\/i0.wp.com\/lasprimeras.com.do\/wp-content\/uploads\/2023\/08\/Luis-Abinader-6.jpg?resize=525%2C300&ssl=1 1.5x, https:\/\/i0.wp.com\/lasprimeras.com.do\/wp-content\/uploads\/2023\/08\/Luis-Abinader-6.jpg?resize=700%2C400&ssl=1 2x"},"classes":[]},{"id":88417,"url":"https:\/\/lasprimeras.com.do\/index.php\/2024\/08\/27\/reconocen-gestion-del-exalcalde-historico-fello-subervi-bonilla\/","url_meta":{"origin":119517,"position":5},"title":"Reconocen gesti\u00f3n del exalcalde hist\u00f3rico Fello Suberv\u00ed Bonilla","author":"Nelson Feliz","date":"27 de agosto de 2024","format":false,"excerpt":"La Alcald\u00eda del Municipio de San Antonio de Guerra nombr\u00f3 la Calle Primera del Quinto Centenario con su nombre y entreg\u00f3 placa a sus familiares. La Alcald\u00eda del Municipio San Antonio de Guerra rindi\u00f3 homenaje al doctor Rafael Suberv\u00ed Bonilla, por ser el precursor del proyecto modelo Quinto Centenario durante\u2026","rel":"","context":"En \u00abNACIONALES\u00bb","block_context":{"text":"NACIONALES","link":"https:\/\/lasprimeras.com.do\/index.php\/category\/nacionales\/"},"img":{"alt_text":"","src":"https:\/\/i0.wp.com\/lasprimeras.com.do\/wp-content\/uploads\/2024\/08\/fello-1.jpg?resize=350%2C200&ssl=1","width":350,"height":200,"srcset":"https:\/\/i0.wp.com\/lasprimeras.com.do\/wp-content\/uploads\/2024\/08\/fello-1.jpg?resize=350%2C200&ssl=1 1x, https:\/\/i0.wp.com\/lasprimeras.com.do\/wp-content\/uploads\/2024\/08\/fello-1.jpg?resize=525%2C300&ssl=1 1.5x, https:\/\/i0.wp.com\/lasprimeras.com.do\/wp-content\/uploads\/2024\/08\/fello-1.jpg?resize=700%2C400&ssl=1 2x"},"classes":[]}],"jetpack_sharing_enabled":true,"_links":{"self":[{"href":"https:\/\/lasprimeras.com.do\/index.php\/wp-json\/wp\/v2\/posts\/119517","targetHints":{"allow":["GET"]}}],"collection":[{"href":"https:\/\/lasprimeras.com.do\/index.php\/wp-json\/wp\/v2\/posts"}],"about":[{"href":"https:\/\/lasprimeras.com.do\/index.php\/wp-json\/wp\/v2\/types\/post"}],"author":[{"embeddable":true,"href":"https:\/\/lasprimeras.com.do\/index.php\/wp-json\/wp\/v2\/users\/10"}],"replies":[{"embeddable":true,"href":"https:\/\/lasprimeras.com.do\/index.php\/wp-json\/wp\/v2\/comments?post=119517"}],"version-history":[{"count":1,"href":"https:\/\/lasprimeras.com.do\/index.php\/wp-json\/wp\/v2\/posts\/119517\/revisions"}],"predecessor-version":[{"id":119520,"href":"https:\/\/lasprimeras.com.do\/index.php\/wp-json\/wp\/v2\/posts\/119517\/revisions\/119520"}],"wp:featuredmedia":[{"embeddable":true,"href":"https:\/\/lasprimeras.com.do\/index.php\/wp-json\/wp\/v2\/media\/119515"}],"wp:attachment":[{"href":"https:\/\/lasprimeras.com.do\/index.php\/wp-json\/wp\/v2\/media?parent=119517"}],"wp:term":[{"taxonomy":"category","embeddable":true,"href":"https:\/\/lasprimeras.com.do\/index.php\/wp-json\/wp\/v2\/categories?post=119517"},{"taxonomy":"post_tag","embeddable":true,"href":"https:\/\/lasprimeras.com.do\/index.php\/wp-json\/wp\/v2\/tags?post=119517"}],"curies":[{"name":"wp","href":"https:\/\/api.w.org\/{rel}","templated":true}]}}