{"id":119605,"date":"2026-01-14T18:01:39","date_gmt":"2026-01-14T22:01:39","guid":{"rendered":"https:\/\/lasprimeras.com.do\/?p=119605"},"modified":"2026-01-14T18:01:41","modified_gmt":"2026-01-14T22:01:41","slug":"cientos-mas-en-venezuela-dicen-que-sus-seres-queridos-son-presos-politicos","status":"publish","type":"post","link":"https:\/\/lasprimeras.com.do\/index.php\/2026\/01\/14\/cientos-mas-en-venezuela-dicen-que-sus-seres-queridos-son-presos-politicos\/","title":{"rendered":"Cientos m\u00e1s en Venezuela dicen que sus seres queridos son &#8220;presos pol\u00edticos&#8221;"},"content":{"rendered":"\n<p>Por Regina Garc\u00eda Cano y MEGAN JANETSKY<\/p>\n\n\n\n<p>GUANARE, Venezuela (AP) \u2014 La libertad lleg\u00f3 demasiado tarde para Edilson Torres. El oficial de polic\u00eda fue enterrado el martes en su humilde pueblo natal rural luego de su muerte en una prisi\u00f3n venezolana , donde estuvo incomunicado desde que fue detenido en diciembre por lo que su familia dijo que eran acusaciones con motivaciones pol\u00edticas.<\/p>\n\n\n\n<p>Torres, de 51 a\u00f1os, falleci\u00f3 el s\u00e1bado de un infarto, justo cuando su familia esperaba la liberaci\u00f3n de prisioneros prometida por el gobierno tras la captura del entonces presidente Nicol\u00e1s Maduro por parte de Estados Unidos. La p\u00e9rdida dej\u00f3 a su familia conmocionada.<\/p>\n\n\n\n<p>Ahora, decenas de familias \u2014que antes dudaban en acercarse a grupos de defensa de sus derechos\u2014 est\u00e1n dando un paso al frente para registrar a sus seres queridos como \u201cpresos pol\u00edticos\u201d con la esperanza de que puedan tener un futuro m\u00e1s optimista que el de Torres.<\/p>\n\n\n\n<p>El Foro Penal, que rastrea y aboga por los presos venezolanos, ha recibido una \u201cavalancha de mensajes\u201d de familias desde la semana pasada, dijo Alfredo Romero, director de la organizaci\u00f3n no gubernamental.<\/p>\n\n\n\n<p>\u201cNo lo denunciaron por miedo, y ahora lo hacen porque, de alguna manera, sienten que existe la posibilidad de que sus familias sean liberadas\u201d, dijo Romero. \u201cLo ven como una esperanza, pero sobre todo, como una oportunidad\u201d.<\/p>\n\n\n\n<p>Esperando liberaciones<\/p>\n\n\n\n<p>El presidente de la Asamblea Nacional de Venezuela, Jorge Rodr\u00edguez, declar\u00f3 la semana pasada que un n\u00famero significativo de venezolanos y extranjeros encarcelados en el pa\u00eds ser\u00edan liberados como un gesto para buscar la paz tras el operativo que captur\u00f3 a Maduro en la madrugada del 3 de enero.<\/p>\n\n\n\n<p>Estados Unidos y la oposici\u00f3n venezolana exigen desde hace tiempo la liberaci\u00f3n generalizada de opositores, activistas y periodistas detenidos, a quienes, seg\u00fan afirman, son utilizados como herramienta pol\u00edtica por el partido gobernante.<\/p>\n\n\n\n<p>El gobierno de Venezuela niega que haya presos detenidos injustamente y los acusa de conspirar para desestabilizar al gobierno de Maduro.<\/p>\n\n\n\n<p>Tras la muerte de Torres, el fiscal general de Venezuela, Tarek William Saab, declar\u00f3 que el caso hab\u00eda sido asignado a una unidad antiterrorista y estaba vinculado a actividades delictivas detectadas por los organismos de seguridad del Estado.<\/p>\n\n\n\n<p>No ofreci\u00f3 detalles, pero la vaguedad del lenguaje concuerda con acusaciones previas contra cr\u00edticos reales o supuestos del gobierno.<\/p>\n\n\n\n<p>Romero afirm\u00f3 que, de las aproximadamente 300 familias que contactaron con Foro Penal, hasta la fecha se han confirmado unos 100 casos con motivaciones pol\u00edticas.<\/p>\n\n\n\n<p>La mayor\u00eda de los denunciados en los \u00faltimos d\u00edas, a\u00f1adi\u00f3, trabajaron para el ej\u00e9rcito venezolano. Esto se suma a las m\u00e1s de 800 personas que, seg\u00fan la organizaci\u00f3n, contin\u00faan detenidas por motivos pol\u00edticos en Venezuela.<\/p>\n\n\n\n<p>Hasta la noche del martes, Foro Penal hab\u00eda confirmado la liberaci\u00f3n de 56 presos que, seg\u00fan afirmaba, estaban detenidos por motivos pol\u00edticos.<br>El grupo critic\u00f3 la falta de transparencia gubernamental sobre las liberaciones. El gobierno venezolano desminti\u00f3 el recuento de la organizaci\u00f3n y report\u00f3 una cifra mucho mayor: 400 el martes por la tarde.<\/p>\n\n\n\n<p>Pero el gobierno no proporcion\u00f3 evidencia de las liberaciones, ni el rango de tiempo en que se llevaron a cabo ni la identificaci\u00f3n de los liberados, lo que hace imposible determinar si los liberados estaban tras las rejas por razones pol\u00edticas o de otro tipo.<\/p>\n\n\n\n<p>&#8216;Secuestro puro y real&#8217;<\/p>\n\n\n\n<p>Antes del funeral de Torres el martes, una procesi\u00f3n de autom\u00f3viles y motocicletas se detuvo en una c\u00e1rcel local, donde su esposa permanece detenida por acusaciones controvertidas.<\/p>\n\n\n\n<p>&#8220;Mi hermanito, mi hermanito&#8221;, dijo Emelyn Torres entre sollozos despu\u00e9s de que su ata\u00fad, envuelto en la bandera de Venezuela, llegara a su casa para el velorio. A pocos metros de distancia, su abuela casi se desmaya cuando decenas de personas se agolparon en la sala para presentarle sus respetos.<\/p>\n\n\n\n<p>Horas antes, mientras una miniv\u00e1n transportaba el cuerpo de su hermano a 430 kil\u00f3metros de la capital, Caracas, hasta Guanare, Torres se enter\u00f3 de que otros hombres vinculados al grupo de WhatsApp que condujo al arresto de su hermano acababan de salir de prisi\u00f3n. Llor\u00f3.<\/p>\n\n\n\n<p>Entre los liberados se encuentran la abogada de derechos humanos Roc\u00edo San Miguel , quien inmediatamente se traslad\u00f3 a Espa\u00f1a; Biagio Pilieri, l\u00edder opositor que form\u00f3 parte de la campa\u00f1a presidencial de 2024 de la Premio Nobel de la Paz Mar\u00eda Corina Machado ; y Enrique M\u00e1rquez, ex autoridad electoral y candidato presidencial.<\/p>\n\n\n\n<p>El empresario italiano Marco Burl\u00f2, que fue liberado de prisi\u00f3n el lunes, dijo a los periodistas el martes a las afueras de un aeropuerto de Roma que lo mantuvieron aislado durante toda su detenci\u00f3n, que calific\u00f3 de &#8220;secuestro puro y real&#8221;.<\/p>\n\n\n\n<p>\u201cNo puedo decir que fui abusada f\u00edsicamente, pero sin poder hablar con nuestros hijos, sin derecho a defensa, sin poder hablar con el abogado, completamente aislada, aqu\u00ed pensaron que yo pod\u00eda haber muerto\u201d, dijo.<\/p>\n\n\n\n<p>Un raro momento de esperanza<\/p>\n\n\n\n<p>El peque\u00f1o conjunto de liberaciones de los \u00faltimos d\u00edas contin\u00faa alimentando las cr\u00edticas de las familias, los organismos de vigilancia de los derechos humanos en las Naciones Unidas y los pol\u00edticos estadounidenses, que han acusado al gobierno de no cumplir su palabra de una liberaci\u00f3n m\u00e1s amplia.<\/p>\n\n\n\n<p>Pero los r\u00e1pidos cambios pol\u00edticos en la naci\u00f3n latinoamericana y la lejana posibilidad de liberaci\u00f3n marcaron simult\u00e1neamente un raro momento de esperanza para muchas familias que han pasado a\u00f1os pregunt\u00e1ndose si sus seres queridos alguna vez ser\u00edan liberados.<\/p>\n\n\n\n<p>Parte de la raz\u00f3n por la que Romero dijo que cre\u00eda que tanta gente no se hab\u00eda presentado es la continua represi\u00f3n del gobierno contra la disidencia desde las tumultuosas elecciones de 2024 en Venezuela, que Maduro afirm\u00f3 haber ganado a pesar de abundante evidencia cre\u00edble de lo contrario.<\/p>\n\n\n\n<p>Tras el estallido de protestas callejeras masivas, las autoridades afirmaron haber detenido a m\u00e1s de 2.000 personas. En el mes posterior a las elecciones de julio, el gobierno venezolano aprob\u00f3 una ley \u2014denominada &#8220;ley anti-ONG&#8221; por sus cr\u00edticos\u2014 que facilita la criminalizaci\u00f3n de grupos de derechos humanos.<\/p>\n\n\n\n<p>Eso tuvo un efecto paralizante, dijo Romero, haciendo que las familias dudaran en presentarse, hasta ahora.<\/p>\n\n\n\n<hr class=\"wp-block-separator has-alpha-channel-opacity\"\/>\n\n\n\n<p>Janetsky inform\u00f3 desde la Ciudad de M\u00e9xico.<\/p>\n","protected":false},"excerpt":{"rendered":"<p>Por Regina Garc\u00eda Cano y MEGAN JANETSKY GUANARE, Venezuela (AP) \u2014 La libertad lleg\u00f3 demasiado tarde para Edilson Torres. El oficial de polic\u00eda fue enterrado el martes en su humilde&hellip;<\/p>\n","protected":false},"author":10,"featured_media":119606,"comment_status":"open","ping_status":"open","sticky":false,"template":"","format":"standard","meta":{"content-type":"","jetpack_post_was_ever_published":false,"_jetpack_newsletter_access":"","_jetpack_dont_email_post_to_subs":false,"_jetpack_newsletter_tier_id":0,"_jetpack_memberships_contains_paywalled_content":false,"_jetpack_memberships_contains_paid_content":false,"footnotes":""},"categories":[16289],"tags":[551,16409,27613,420],"class_list":["post-119605","post","type-post","status-publish","format-standard","has-post-thumbnail","hentry","category-internacionales","tag-cientos","tag-presos-politicos","tag-seres-queridos","tag-venezuela"],"jetpack_featured_media_url":"https:\/\/lasprimeras.com.do\/wp-content\/uploads\/2026\/01\/VENEZUELA.jpg","jetpack-related-posts":[{"id":120577,"url":"https:\/\/lasprimeras.com.do\/index.php\/2026\/01\/26\/alrededor-de-80-presos-politicos-han-sido-puestos-en-libertad-en-venezuela\/","url_meta":{"origin":119605,"position":0},"title":"Alrededor de 80 presos pol\u00edticos han sido puestos en libertad en Venezuela","author":"Nelson Feliz","date":"26 de enero de 2026","format":false,"excerpt":"Madrid, Espa\u00f1a,Europa Press .-. El presidente de la ONG Foro Penal, Alfredo Romero, ha informado este domingo de que las autoridades venezolanas han liberado a m\u00e1s presos por motivos pol\u00edticos en el marco del proceso de excarcelaciones anunciado por el Gobierno. \"Al menos 80 presos pol\u00edticos que estamos verificando han\u2026","rel":"","context":"En \u00abINTERNACIONALES\u00bb","block_context":{"text":"INTERNACIONALES","link":"https:\/\/lasprimeras.com.do\/index.php\/category\/sin-categoria\/internacionales\/"},"img":{"alt_text":"Venezuela","src":"https:\/\/i0.wp.com\/lasprimeras.com.do\/wp-content\/uploads\/2026\/01\/Venezuela-1.jpg?resize=350%2C200&ssl=1","width":350,"height":200,"srcset":"https:\/\/i0.wp.com\/lasprimeras.com.do\/wp-content\/uploads\/2026\/01\/Venezuela-1.jpg?resize=350%2C200&ssl=1 1x, https:\/\/i0.wp.com\/lasprimeras.com.do\/wp-content\/uploads\/2026\/01\/Venezuela-1.jpg?resize=525%2C300&ssl=1 1.5x, https:\/\/i0.wp.com\/lasprimeras.com.do\/wp-content\/uploads\/2026\/01\/Venezuela-1.jpg?resize=700%2C400&ssl=1 2x"},"classes":[]},{"id":91790,"url":"https:\/\/lasprimeras.com.do\/index.php\/2024\/12\/01\/familias-de-presos-politicos-en-venezuela-exigen-su-libertad-y-el-cese-de-la-represion\/","url_meta":{"origin":119605,"position":1},"title":"Familias de &#8220;presos pol\u00edticos&#8221; en Venezuela exigen su libertad y el cese de la &#8220;represi\u00f3n&#8221;","author":"Nelson Feliz","date":"1 de diciembre de 2024","format":false,"excerpt":"Caracas, (EFE).- Familiares y amigos de los considerados \"presos pol\u00edticos\" en Venezuela, acompa\u00f1ados de activistas y otros ciudadanos, llevaron a cabo este domingo una vigilia en una plaza de Caracas para exigir la liberaci\u00f3n de estos detenidos, as\u00ed como el \"cese de la represi\u00f3n\" en el pa\u00eds. Al grito de\u2026","rel":"","context":"En \u00abINTERNACIONALES\u00bb","block_context":{"text":"INTERNACIONALES","link":"https:\/\/lasprimeras.com.do\/index.php\/category\/sin-categoria\/internacionales\/"},"img":{"alt_text":"","src":"https:\/\/i0.wp.com\/lasprimeras.com.do\/wp-content\/uploads\/2024\/12\/familiares.jpg?resize=350%2C200&ssl=1","width":350,"height":200,"srcset":"https:\/\/i0.wp.com\/lasprimeras.com.do\/wp-content\/uploads\/2024\/12\/familiares.jpg?resize=350%2C200&ssl=1 1x, https:\/\/i0.wp.com\/lasprimeras.com.do\/wp-content\/uploads\/2024\/12\/familiares.jpg?resize=525%2C300&ssl=1 1.5x"},"classes":[]},{"id":122140,"url":"https:\/\/lasprimeras.com.do\/index.php\/2026\/02\/14\/familiares-se-reencuentran-con-17-presos-liberados-en-venezuela-otros-aguardan-ley-de-amnistia\/","url_meta":{"origin":119605,"position":2},"title":"Familiares se reencuentran con 17 presos liberados en Venezuela; otros aguardan Ley de Amnist\u00eda","author":"Nelson Feliz","date":"14 de febrero de 2026","format":false,"excerpt":"POR JUAN ARR\u00c1EZ CARACAS (AP) \u2014 Al menos 17 personas que permanec\u00edan detenidas por motivos pol\u00edticos en una prisi\u00f3n del este de Caracas se reencontraron la madrugada del s\u00e1bado con sus familiares tras ser liberados, al tiempo que crece la presi\u00f3n sobre el gobierno de la presidenta encargada Delcy Rodr\u00edguez\u2026","rel":"","context":"En \u00abINTERNACIONALES\u00bb","block_context":{"text":"INTERNACIONALES","link":"https:\/\/lasprimeras.com.do\/index.php\/category\/sin-categoria\/internacionales\/"},"img":{"alt_text":"","src":"https:\/\/i0.wp.com\/lasprimeras.com.do\/wp-content\/uploads\/2026\/02\/liberados.jpg?resize=350%2C200&ssl=1","width":350,"height":200,"srcset":"https:\/\/i0.wp.com\/lasprimeras.com.do\/wp-content\/uploads\/2026\/02\/liberados.jpg?resize=350%2C200&ssl=1 1x, https:\/\/i0.wp.com\/lasprimeras.com.do\/wp-content\/uploads\/2026\/02\/liberados.jpg?resize=525%2C300&ssl=1 1.5x, https:\/\/i0.wp.com\/lasprimeras.com.do\/wp-content\/uploads\/2026\/02\/liberados.jpg?resize=700%2C400&ssl=1 2x"},"classes":[]},{"id":119906,"url":"https:\/\/lasprimeras.com.do\/index.php\/2026\/01\/18\/venezolanos-en-colombia-se-manifiestan-por-la-liberacion-de-presos-en-venezuela\/","url_meta":{"origin":119605,"position":3},"title":"Venezolanos en Colombia se manifiestan por la liberaci\u00f3n de presos en Venezuela","author":"Nelson Feliz","date":"18 de enero de 2026","format":false,"excerpt":"POR SAMUEL SOTOMAYOR BOGOT\u00c1 (AP) \u2014 Venezolanos residentes en Colombia se congregaron el domingo en la principal plaza p\u00fablica de Bogot\u00e1 para pedir la liberaci\u00f3n de los presos pol\u00edticos en Venezuela, un proceso iniciado tras el operativo militar estadounidense en el que fueron capturados el expresidente Nicol\u00e1s Maduro y su\u2026","rel":"","context":"En \u00abINTERNACIONALES\u00bb","block_context":{"text":"INTERNACIONALES","link":"https:\/\/lasprimeras.com.do\/index.php\/category\/sin-categoria\/internacionales\/"},"img":{"alt_text":"","src":"","width":0,"height":0},"classes":[]},{"id":91816,"url":"https:\/\/lasprimeras.com.do\/index.php\/2024\/12\/03\/familiares-desesperados-por-traslado-de-presas-politicas-dice-un-partido-antichavista\/","url_meta":{"origin":119605,"position":4},"title":"Familiares &#8220;desesperados&#8221; por traslado de &#8220;presas pol\u00edticas&#8221;, dice un partido antichavista","author":"Nelson Feliz","date":"3 de diciembre de 2024","format":false,"excerpt":"Caracas,(EFE).- Familiares de \"presas pol\u00edticas\" en Venezuela est\u00e1n \"desesperados\" luego de que trasladaran a 29 mujeres desde el estado Anzo\u00e1tegui (este) hasta un centro penitenciario en Miranda (norte, cercano a Caracas), asegur\u00f3 este martes el Comit\u00e9 de Derechos Humanos de Vente Venezuela (VV), partido liderado por la opositora Mar\u00eda Corina\u2026","rel":"","context":"En \u00abINTERNACIONALES\u00bb","block_context":{"text":"INTERNACIONALES","link":"https:\/\/lasprimeras.com.do\/index.php\/category\/sin-categoria\/internacionales\/"},"img":{"alt_text":"","src":"https:\/\/i0.wp.com\/lasprimeras.com.do\/wp-content\/uploads\/2024\/12\/ANTICHAVISTAS.jpg?resize=350%2C200&ssl=1","width":350,"height":200,"srcset":"https:\/\/i0.wp.com\/lasprimeras.com.do\/wp-content\/uploads\/2024\/12\/ANTICHAVISTAS.jpg?resize=350%2C200&ssl=1 1x, https:\/\/i0.wp.com\/lasprimeras.com.do\/wp-content\/uploads\/2024\/12\/ANTICHAVISTAS.jpg?resize=525%2C300&ssl=1 1.5x, https:\/\/i0.wp.com\/lasprimeras.com.do\/wp-content\/uploads\/2024\/12\/ANTICHAVISTAS.jpg?resize=700%2C400&ssl=1 2x"},"classes":[]},{"id":107257,"url":"https:\/\/lasprimeras.com.do\/index.php\/2025\/08\/25\/oposicion-venezolana-afirma-que-el-gobierno-libero-a-13-presos-en-represion-postelectoral\/","url_meta":{"origin":119605,"position":5},"title":"Oposici\u00f3n venezolana afirma que el gobierno liber\u00f3 a 13 presos en represi\u00f3n postelectoral","author":"Nelson Feliz","date":"25 de agosto de 2025","format":false,"excerpt":"CARACAS, Venezuela (AP) \u2014 L\u00edderes de la oposici\u00f3n venezolana y grupos de la sociedad civil dijeron el domingo que el gobierno liber\u00f3 a 13 personas encarceladas en una ofensiva del gobierno del presidente Nicol\u00e1s Maduro tras las disputadas elecciones del a\u00f1o pasado. Las autoridades venezolanas no confirmaron de inmediato las\u2026","rel":"","context":"En \u00abINTERNACIONALES\u00bb","block_context":{"text":"INTERNACIONALES","link":"https:\/\/lasprimeras.com.do\/index.php\/category\/sin-categoria\/internacionales\/"},"img":{"alt_text":"","src":"https:\/\/i0.wp.com\/lasprimeras.com.do\/wp-content\/uploads\/2025\/08\/Nicolas-Maduro.jpg?resize=350%2C200&ssl=1","width":350,"height":200,"srcset":"https:\/\/i0.wp.com\/lasprimeras.com.do\/wp-content\/uploads\/2025\/08\/Nicolas-Maduro.jpg?resize=350%2C200&ssl=1 1x, https:\/\/i0.wp.com\/lasprimeras.com.do\/wp-content\/uploads\/2025\/08\/Nicolas-Maduro.jpg?resize=525%2C300&ssl=1 1.5x, https:\/\/i0.wp.com\/lasprimeras.com.do\/wp-content\/uploads\/2025\/08\/Nicolas-Maduro.jpg?resize=700%2C400&ssl=1 2x"},"classes":[]}],"jetpack_sharing_enabled":true,"_links":{"self":[{"href":"https:\/\/lasprimeras.com.do\/index.php\/wp-json\/wp\/v2\/posts\/119605","targetHints":{"allow":["GET"]}}],"collection":[{"href":"https:\/\/lasprimeras.com.do\/index.php\/wp-json\/wp\/v2\/posts"}],"about":[{"href":"https:\/\/lasprimeras.com.do\/index.php\/wp-json\/wp\/v2\/types\/post"}],"author":[{"embeddable":true,"href":"https:\/\/lasprimeras.com.do\/index.php\/wp-json\/wp\/v2\/users\/10"}],"replies":[{"embeddable":true,"href":"https:\/\/lasprimeras.com.do\/index.php\/wp-json\/wp\/v2\/comments?post=119605"}],"version-history":[{"count":1,"href":"https:\/\/lasprimeras.com.do\/index.php\/wp-json\/wp\/v2\/posts\/119605\/revisions"}],"predecessor-version":[{"id":119607,"href":"https:\/\/lasprimeras.com.do\/index.php\/wp-json\/wp\/v2\/posts\/119605\/revisions\/119607"}],"wp:featuredmedia":[{"embeddable":true,"href":"https:\/\/lasprimeras.com.do\/index.php\/wp-json\/wp\/v2\/media\/119606"}],"wp:attachment":[{"href":"https:\/\/lasprimeras.com.do\/index.php\/wp-json\/wp\/v2\/media?parent=119605"}],"wp:term":[{"taxonomy":"category","embeddable":true,"href":"https:\/\/lasprimeras.com.do\/index.php\/wp-json\/wp\/v2\/categories?post=119605"},{"taxonomy":"post_tag","embeddable":true,"href":"https:\/\/lasprimeras.com.do\/index.php\/wp-json\/wp\/v2\/tags?post=119605"}],"curies":[{"name":"wp","href":"https:\/\/api.w.org\/{rel}","templated":true}]}}