{"id":119608,"date":"2026-01-14T18:29:53","date_gmt":"2026-01-14T22:29:53","guid":{"rendered":"https:\/\/lasprimeras.com.do\/?p=119608"},"modified":"2026-01-14T18:29:55","modified_gmt":"2026-01-14T22:29:55","slug":"el-senado-se-prepara-para-votar-sobre-los-poderes-de-guerra-en-venezuela","status":"publish","type":"post","link":"https:\/\/lasprimeras.com.do\/index.php\/2026\/01\/14\/el-senado-se-prepara-para-votar-sobre-los-poderes-de-guerra-en-venezuela\/","title":{"rendered":"El Senado se prepara para votar sobre los poderes de guerra en Venezuela"},"content":{"rendered":"\n<p><strong>Trump presiona a los desertores republicanos<\/strong><\/p>\n\n\n\n<p>Por STEPHEN GROVES<\/p>\n\n\n\n<p>WASHINGTON (AP) \u2014 El Senado se dirige el mi\u00e9rcoles a una votaci\u00f3n sobre una resoluci\u00f3n de poderes de guerra que limitar\u00eda la capacidad del presidente Donald Trump para llevar a cabo m\u00e1s ataques militares contra Venezuela, pero el mandatario estaba ejerciendo intensa presi\u00f3n sobre sus compa\u00f1eros republicanos para que rechacen la medida.<\/p>\n\n\n\n<p>Trump ha arremetido contra cinco senadores republicanos que se unieron a los dem\u00f3cratas para impulsar la resoluci\u00f3n la semana pasada, lo que genera dudas sobre su aprobaci\u00f3n.<\/p>\n\n\n\n<p>Sin embargo, incluso la posibilidad de que el Senado, controlado por los republicanos, desafiara a Trump en una votaci\u00f3n tan importante revel\u00f3 la creciente alarma en el Capitolio sobre las crecientes ambiciones del presidente en pol\u00edtica exterior.<\/p>\n\n\n\n<p>Los dem\u00f3cratas est\u00e1n forzando la votaci\u00f3n despu\u00e9s de que las tropas estadounidenses capturaran al l\u00edder venezolano Nicol\u00e1s Maduro en una redada nocturna sorpresa a principios de este mes.<\/p>\n\n\n\n<p>\u201cAqu\u00ed tenemos uno de los ataques m\u00e1s exitosos de la historia y encuentran la manera de oponerse. Es asombroso. Y es una pena\u201d, dijo Trump en un discurso en Michigan el martes.<\/p>\n\n\n\n<p>Tambi\u00e9n insult\u00f3 a varios republicanos que impulsaron la legislaci\u00f3n, calificando al senador Rand Paul de Kentucky de \u201cun completo perdedor\u201d y a las senadoras Lisa Murkowski de Alaska y Susan Collins de Maine de \u201cdesastres\u201d.<\/p>\n\n\n\n<p>Los \u00faltimos comentarios de Trump se produjeron tras conversaciones telef\u00f3nicas previas con los senadores, que estos describieron como breves.<\/p>\n\n\n\n<p>La furia del presidente subray\u00f3 c\u00f3mo la votaci\u00f3n sobre los poderes de guerra ha adquirido una nueva relevancia pol\u00edtica, ya que Trump tambi\u00e9n amenaza con una acci\u00f3n militar para lograr su objetivo de apoderarse de Groenlandia.<\/p>\n\n\n\n<p>La legislaci\u00f3n, incluso si es aprobada por el Senado, pr\u00e1cticamente no tiene posibilidades de convertirse en ley, ya que eventualmente tendr\u00eda que ser firmada por el propio Trump.<\/p>\n\n\n\n<p>Sin embargo, represent\u00f3 tanto una prueba de la lealtad del Partido Republicano al presidente como un indicador de cu\u00e1nta libertad de acci\u00f3n est\u00e1 dispuesta a concederle el Senado, controlado por los republicanos, a Trump para utilizar las fuerzas armadas en el extranjero.<\/p>\n\n\n\n<p><strong>Los l\u00edderes republicanos buscan desestimar el proyecto de ley<\/strong><\/p>\n\n\n\n<p>Los l\u00edderes republicanos del Senado est\u00e1n tratando de desactivar el conflicto entre sus miembros y Trump, as\u00ed como de pasar r\u00e1pidamente a otros asuntos.<\/p>\n\n\n\n<p>En un discurso pronunciado el mi\u00e9rcoles por la ma\u00f1ana, el l\u00edder de la mayor\u00eda del Senado, John Thune, RS.D., expres\u00f3 su frustraci\u00f3n al cuestionar si esta resoluci\u00f3n sobre poderes de guerra deber\u00eda tener prioridad seg\u00fan las reglas de la c\u00e1mara.<\/p>\n\n\n\n<p>\u201cNo tenemos tropas sobre el terreno en Venezuela. Actualmente no estamos llevando a cabo operaciones militares all\u00ed\u201d, dijo. \u201cPero los dem\u00f3cratas est\u00e1n retomando este proyecto de ley porque su histeria anti-Trump no tiene l\u00edmites\u201d.<\/p>\n\n\n\n<p>Para el mi\u00e9rcoles por la noche, los l\u00edderes republicanos buscaban desestimar la medida, argumentando que es irrelevante para la situaci\u00f3n actual en Venezuela. Ese procedimiento a\u00fan ser\u00e1 sometido a votaci\u00f3n.<\/p>\n\n\n\n<p><strong>Al menos un republicano lo reconsidera<\/strong><\/p>\n\n\n\n<p>El senador Josh Hawley, un republicano de Missouri que ayud\u00f3 a impulsar la resoluci\u00f3n de poderes de guerra la semana pasada, ha indicado que podr\u00eda cambiar su posici\u00f3n.<\/p>\n\n\n\n<p>Hawley afirm\u00f3 que el mensaje de Trump durante una llamada telef\u00f3nica la semana pasada fue que la legislaci\u00f3n &#8220;realmente me ata las manos&#8221;. El senador coment\u00f3 que tuvo una llamada de seguimiento con el secretario de Estado, Marco Rubio, que fue &#8220;muy positiva&#8221;.<\/p>\n\n\n\n<p>Hawley afirm\u00f3 que Rubio le dijo el lunes: \u00abSin rodeos, no vamos a enviar tropas terrestres\u00bb.<\/p>\n\n\n\n<p>El senador afirm\u00f3 que tambi\u00e9n recibi\u00f3 garant\u00edas de que la administraci\u00f3n Trump cumplir\u00e1 con los requisitos constitucionales si es necesario desplegar tropas nuevamente en el pa\u00eds sudamericano.<\/p>\n\n\n\n<p>&#8220;Nos llevamos muy bien con Venezuela&#8221;, dijo Trump a los periodistas en una ceremonia para la firma de un proyecto de ley no relacionado el mi\u00e9rcoles.<\/p>\n\n\n\n<p>La posici\u00f3n de Hawley dej\u00f3 el margen de votaci\u00f3n para la resoluci\u00f3n, que avanz\u00f3 52-47 la semana pasada, muy estrecho.<\/p>\n\n\n\n<p>Sin embargo, Collins declar\u00f3 a la prensa el mi\u00e9rcoles que seguir\u00e1 apoyando la resoluci\u00f3n. Murkowski y Paul tambi\u00e9n han indicado que no cambiar\u00e1n de postura.<\/p>\n\n\n\n<p>Eso dej\u00f3 al senador Todd Young, republicano de Indiana, con el voto crucial. Se neg\u00f3 repetidamente a comentar su postura, pero dijo que lo estaba &#8220;considerando&#8221;.<\/p>\n\n\n\n<p>El senador dem\u00f3crata Tim Kaine, que present\u00f3 una serie de resoluciones sobre poderes de guerra este a\u00f1o, dijo que no le sorprendi\u00f3 la reacci\u00f3n de Trump cuando los senadores afirmaron su capacidad de controlar al presidente.<\/p>\n\n\n\n<p>\u201cEst\u00e1n furiosos con la idea de que el Congreso quiera ser el Congreso\u201d, dijo. \u201cPero creo que quienes se postularon para el Senado quieren ser senadores estadounidenses y no quieren simplemente votar por su propia irrelevancia\u201d.<\/p>\n\n\n\n<p><strong>\u00bfQu\u00e9 es la resoluci\u00f3n de poderes de guerra?<\/strong><\/p>\n\n\n\n<p>Seg\u00fan la Constituci\u00f3n, solo el Congreso tiene la facultad de declarar la guerra. Sin embargo, los presidentes estadounidenses han extendido desde hace tiempo sus poderes para utilizar el poder\u00edo militar estadounidense en todo el mundo.<\/p>\n\n\n\n<p>Peter Mansoor, profesor de la Universidad Estatal de Ohio, historiador militar y coronel retirado del Ej\u00e9rcito de Estados Unidos con m\u00faltiples misiones de combate, dijo que esa tendencia desde la Segunda Guerra Mundial permite al Congreso eludir la responsabilidad de la guerra y poner todo el riesgo sobre el presidente.<\/p>\n\n\n\n<p>En la era posterior a la guerra de Vietnam, los legisladores intentaron recuperar parte de su autoridad sobre los poderes en tiempos de guerra con la Resoluci\u00f3n de Poderes de Guerra de 1973.<\/p>\n\n\n\n<p>Esta permite a los legisladores realizar votaciones sobre resoluciones para restringir a un presidente el uso de la fuerza militar en conflictos espec\u00edficos sin la aprobaci\u00f3n del Congreso.<\/p>\n\n\n\n<p>\u201cLos pol\u00edticos tienden a evadir la responsabilidad por cualquier cosa, pero eso los lleva a guerras eternas\u201d, dijo Mansoor.<\/p>\n\n\n\n<p><strong>La cambiante justificaci\u00f3n de Trump para la intervenci\u00f3n militar<\/strong><\/p>\n\n\n\n<p>Trump ha utilizado una serie de argumentos legales para su campa\u00f1a contra Maduro.<\/p>\n\n\n\n<p>Mientras constru\u00eda una fuerza naval en el Caribe y destru\u00eda buques que presuntamente transportaban drogas desde Venezuela, la administraci\u00f3n Trump aprovech\u00f3 los poderes de guerra bajo la guerra global contra el terrorismo al designar a los c\u00e1rteles de la droga como organizaciones terroristas.<\/p>\n\n\n\n<p>La administraci\u00f3n ha afirmado que la captura del propio Maduro fue en realidad una operaci\u00f3n policial, esencialmente para extraditar al presidente venezolano para que fuera juzgado en Estados Unidos por cargos presentados en 2020.<\/p>\n\n\n\n<p>En una sesi\u00f3n informativa clasificada el martes, los senadores revisaron la opini\u00f3n legal, a\u00fan no revelada, de la administraci\u00f3n Trump sobre el uso de las fuerzas armadas en la operaci\u00f3n. Se describi\u00f3 como un documento extenso.<\/p>\n\n\n\n<p>Pero los legisladores, incluyendo un n\u00famero significativo de republicanos, se han mostrado alarmados por las recientes declaraciones de Trump sobre pol\u00edtica exterior.<\/p>\n\n\n\n<p>En las \u00faltimas semanas, ha prometido que Estados Unidos &#8220;gobernar\u00e1&#8221; Venezuela durante a\u00f1os, ha amenazado con tomar posesi\u00f3n militar de Groenlandia y ha dicho a los iran\u00edes que protestan contra su gobierno que &#8221; la ayuda est\u00e1 en camino &#8220;.<\/p>\n\n\n\n<p>Republicanos de alto rango han intentado suavizar la relaci\u00f3n entre Trump y Dinamarca, aliado de la OTAN que considera a Groenlandia un territorio semiaut\u00f3nomo.<\/p>\n\n\n\n<p>Sin embargo, funcionarios daneses , tras una reuni\u00f3n con el vicepresidente J.D. Vance y Rubio el mi\u00e9rcoles, afirmaron que persiste un &#8220;desacuerdo fundamental&#8221; sobre Groenlandia.<\/p>\n\n\n\n<p>El l\u00edder dem\u00f3crata del Senado, Chuck Schumer, dijo que la reciente agresi\u00f3n de Trump equival\u00eda a una \u201cpeligrosa deriva hacia una guerra sin fin\u201d.<\/p>\n\n\n\n<p>M\u00e1s de la mitad de los adultos estadounidenses creen que el presidente Donald Trump ha \u201cido demasiado lejos\u201d al utilizar el ej\u00e9rcito estadounidense para intervenir en otros pa\u00edses, seg\u00fan una nueva encuesta de AP-NORC .<\/p>\n\n\n\n<p>Los dem\u00f3cratas de la C\u00e1mara de Representantes tambi\u00e9n presentaron una resoluci\u00f3n similar sobre poderes de guerra y pueden forzar una votaci\u00f3n sobre ella tan pronto como la pr\u00f3xima semana.<\/p>\n","protected":false},"excerpt":{"rendered":"<p>Trump presiona a los desertores republicanos Por STEPHEN GROVES WASHINGTON (AP) \u2014 El Senado se dirige el mi\u00e9rcoles a una votaci\u00f3n sobre una resoluci\u00f3n de poderes de guerra que limitar\u00eda&hellip;<\/p>\n","protected":false},"author":10,"featured_media":119609,"comment_status":"open","ping_status":"open","sticky":false,"template":"","format":"standard","meta":{"content-type":"","jetpack_post_was_ever_published":false,"_jetpack_newsletter_access":"","_jetpack_dont_email_post_to_subs":false,"_jetpack_newsletter_tier_id":0,"_jetpack_memberships_contains_paywalled_content":false,"_jetpack_memberships_contains_paid_content":false,"footnotes":""},"categories":[16289],"tags":[29359,413,420,6676],"class_list":["post-119608","post","type-post","status-publish","format-standard","has-post-thumbnail","hentry","category-internacionales","tag-poderes-de-guerra","tag-senado","tag-venezuela","tag-votar"],"jetpack_featured_media_url":"https:\/\/lasprimeras.com.do\/wp-content\/uploads\/2026\/01\/JOHN-THUNE.jpg","jetpack-related-posts":[{"id":99523,"url":"https:\/\/lasprimeras.com.do\/index.php\/2025\/05\/22\/camara-de-representantes-aprueba-plan-fiscal-de-trump-sera-enviado-al-senado\/","url_meta":{"origin":119608,"position":0},"title":"C\u00e1mara de Representantes aprueba plan fiscal de Trump: ser\u00e1 enviado al Senado","author":"Nelson Feliz","date":"22 de mayo de 2025","format":false,"excerpt":"La aprobaci\u00f3n se defini\u00f3 por un voto luego de una larga sesi\u00f3n nocturna, la cual gener\u00f3 debate entre los mismos republicanos. Por Jerald Jim\u00e9nez La C\u00e1mara de Representantes aprob\u00f3 luz verde al megaproyecto de recortes fiscales y aumento del gasto p\u00fablico impulsado por el mandatario Donald Trump, que ahora deber\u00e1\u2026","rel":"","context":"En \u00abECONOM\u00cdA\u00bb","block_context":{"text":"ECONOM\u00cdA","link":"https:\/\/lasprimeras.com.do\/index.php\/category\/economia\/"},"img":{"alt_text":"","src":"https:\/\/i0.wp.com\/lasprimeras.com.do\/wp-content\/uploads\/2025\/05\/Camara-de-Representantes.jpg?resize=350%2C200&ssl=1","width":350,"height":200,"srcset":"https:\/\/i0.wp.com\/lasprimeras.com.do\/wp-content\/uploads\/2025\/05\/Camara-de-Representantes.jpg?resize=350%2C200&ssl=1 1x, https:\/\/i0.wp.com\/lasprimeras.com.do\/wp-content\/uploads\/2025\/05\/Camara-de-Representantes.jpg?resize=525%2C300&ssl=1 1.5x, https:\/\/i0.wp.com\/lasprimeras.com.do\/wp-content\/uploads\/2025\/05\/Camara-de-Representantes.jpg?resize=700%2C400&ssl=1 2x"},"classes":[]},{"id":76625,"url":"https:\/\/lasprimeras.com.do\/index.php\/2024\/02\/13\/el-presidente-de-la-camara-de-representantes-arroja-dudas-sobre-paquete-de-ayuda-a-ucrania-e-israel\/","url_meta":{"origin":119608,"position":1},"title":"El presidente de la C\u00e1mara de Representantes arroja dudas sobre paquete de ayuda a Ucrania e Israel","author":"Nelson Feliz","date":"13 de febrero de 2024","format":false,"excerpt":"POR STEPHEN GROVES Y MARY CLARE JALONICK WASHINGTON (AP) \u2014 El presidente de la C\u00e1mara de Representantes, Mike Johnson, critic\u00f3 duramente el lunes por la noche un paquete de ayuda de 95.300 millones de d\u00f3lares para Ucrania, Israel y otros pa\u00edses, generando serias dudas sobre el futuro del paquete justo\u2026","rel":"","context":"En \u00abSin categor\u00eda\u00bb","block_context":{"text":"Sin categor\u00eda","link":"https:\/\/lasprimeras.com.do\/index.php\/category\/sin-categoria\/"},"img":{"alt_text":"","src":"https:\/\/i0.wp.com\/lasprimeras.com.do\/wp-content\/uploads\/2024\/02\/Mike-Johnson.jpg?resize=350%2C200&ssl=1","width":350,"height":200,"srcset":"https:\/\/i0.wp.com\/lasprimeras.com.do\/wp-content\/uploads\/2024\/02\/Mike-Johnson.jpg?resize=350%2C200&ssl=1 1x, https:\/\/i0.wp.com\/lasprimeras.com.do\/wp-content\/uploads\/2024\/02\/Mike-Johnson.jpg?resize=525%2C300&ssl=1 1.5x, https:\/\/i0.wp.com\/lasprimeras.com.do\/wp-content\/uploads\/2024\/02\/Mike-Johnson.jpg?resize=700%2C400&ssl=1 2x"},"classes":[]},{"id":54806,"url":"https:\/\/lasprimeras.com.do\/index.php\/2023\/07\/14\/pensilvania-siguiente-en-la-lista-de-deseos-de-la-campana-republicana-para-el-senado-de-ee-uu-de-2024\/","url_meta":{"origin":119608,"position":2},"title":"Pensilvania, siguiente en la lista de deseos de la campa\u00f1a republicana para el Senado de EE. UU. de 2024","author":"Nelson Feliz","date":"14 de julio de 2023","format":false,"excerpt":"Por David Morgan y Jarrett Renshaw Los principales republicanos del Senado de EE. UU. se est\u00e1n moviendo para tratar de alinear candidatos de alta calidad para las elecciones del pr\u00f3ximo a\u00f1o despu\u00e9s de que candidatos no probados con opiniones marginales les costaron esca\u00f1os en 2022, con Pensilvania como el pr\u00f3ximo\u2026","rel":"","context":"En \u00abSin categor\u00eda\u00bb","block_context":{"text":"Sin categor\u00eda","link":"https:\/\/lasprimeras.com.do\/index.php\/category\/sin-categoria\/"},"img":{"alt_text":"El l\u00edder de la minor\u00eda del Senado de los EE. UU., Mitch McConnell (R-KY), habla con los medios de comunicaci\u00f3n despu\u00e9s del almuerzo semanal del caucus republicano del Senado con el l\u00edder republicano, el senador Steve Daines (R-MT) y John Thune (R-SD), en los EE. UU. Capitolio en Washington, Estados Unidos, 14 de febrero de 2023. REUTERS\/Evelyn Hockstein","src":"https:\/\/i0.wp.com\/lasprimeras.com.do\/wp-content\/uploads\/2023\/07\/Mitch-McConnell-R-KY.jpg?resize=350%2C200&ssl=1","width":350,"height":200,"srcset":"https:\/\/i0.wp.com\/lasprimeras.com.do\/wp-content\/uploads\/2023\/07\/Mitch-McConnell-R-KY.jpg?resize=350%2C200&ssl=1 1x, https:\/\/i0.wp.com\/lasprimeras.com.do\/wp-content\/uploads\/2023\/07\/Mitch-McConnell-R-KY.jpg?resize=525%2C300&ssl=1 1.5x"},"classes":[]},{"id":55312,"url":"https:\/\/lasprimeras.com.do\/index.php\/2023\/07\/19\/en-el-senado-de-ee-uu-reina-el-silencio-apoyan-los-republicanos-a-donald-trump\/","url_meta":{"origin":119608,"position":3},"title":"En el Senado de EE.UU. reina el silencio: \u00bfApoyan los republicanos a Donald Trump?","author":"Nelson Feliz","date":"19 de julio de 2023","format":false,"excerpt":"Aunque Donald Trump cuenta con el apoyo pol\u00edtico de los republicanos en la C\u00e1mara de Representantes, la historia es distinta en el Senado de EE.UU., donde ha reinado el silencio a pesar de que Trump podr\u00eda ser pronto acusado de conspiraci\u00f3n por su presunto v\u00ednculo con el asalto al Capitolio\u2026","rel":"","context":"En \u00abSin categor\u00eda\u00bb","block_context":{"text":"Sin categor\u00eda","link":"https:\/\/lasprimeras.com.do\/index.php\/category\/sin-categoria\/"},"img":{"alt_text":"El expresidente de EE. UU. y candidato presidencial republicano Donald Trump asiste a un evento de campa\u00f1a en Council Bluffs, Iowa, EE. UU., el 7 de julio de 2023. REUTERS\/Scott Morgan","src":"https:\/\/i0.wp.com\/lasprimeras.com.do\/wp-content\/uploads\/2023\/07\/Donald-Triunfo.jpg?resize=350%2C200&ssl=1","width":350,"height":200,"srcset":"https:\/\/i0.wp.com\/lasprimeras.com.do\/wp-content\/uploads\/2023\/07\/Donald-Triunfo.jpg?resize=350%2C200&ssl=1 1x, https:\/\/i0.wp.com\/lasprimeras.com.do\/wp-content\/uploads\/2023\/07\/Donald-Triunfo.jpg?resize=525%2C300&ssl=1 1.5x"},"classes":[]},{"id":113205,"url":"https:\/\/lasprimeras.com.do\/index.php\/2025\/10\/30\/senado-aprueba-resolucion-para-revertir-aranceles-de-trump-en-todo-el-mundo-no-entraria-en-vigor\/","url_meta":{"origin":119608,"position":4},"title":"Senado aprueba resoluci\u00f3n para revertir aranceles de Trump en todo el mundo; no entrar\u00eda en vigor","author":"Nelson Feliz","date":"30 de octubre de 2025","format":false,"excerpt":"POR STEPHEN GROVES WASHINGTON (AP) \u2014 El Senado aprob\u00f3 el jueves una resoluci\u00f3n que anular\u00eda muchos de los aranceles que orden\u00f3 el presidente Donald Trump contra pa\u00edses de todo el mundo, el m\u00e1s reciente ejemplo del descontento de Washington con las pr\u00e1cticas comerciales del mandatario, que se produce en el\u2026","rel":"","context":"En \u00abINTERNACIONALES\u00bb","block_context":{"text":"INTERNACIONALES","link":"https:\/\/lasprimeras.com.do\/index.php\/category\/sin-categoria\/internacionales\/"},"img":{"alt_text":"","src":"https:\/\/i0.wp.com\/lasprimeras.com.do\/wp-content\/uploads\/2025\/10\/siembra.jpg?resize=350%2C200&ssl=1","width":350,"height":200,"srcset":"https:\/\/i0.wp.com\/lasprimeras.com.do\/wp-content\/uploads\/2025\/10\/siembra.jpg?resize=350%2C200&ssl=1 1x, https:\/\/i0.wp.com\/lasprimeras.com.do\/wp-content\/uploads\/2025\/10\/siembra.jpg?resize=525%2C300&ssl=1 1.5x, https:\/\/i0.wp.com\/lasprimeras.com.do\/wp-content\/uploads\/2025\/10\/siembra.jpg?resize=700%2C400&ssl=1 2x"},"classes":[]},{"id":62661,"url":"https:\/\/lasprimeras.com.do\/index.php\/2023\/10\/06\/donald-trump-quiere-cancelar-los-futuros-debates-republicanos-tras-negarse-a-participar-en-ellos\/","url_meta":{"origin":119608,"position":5},"title":"Donald Trump quiere cancelar los futuros debates republicanos tras negarse a participar en ellos","author":"Nelson Feliz","date":"6 de octubre de 2023","format":false,"excerpt":"POR SARA BURNETT La campa\u00f1a de Donald Trump est\u00e1 pidiendo al Comit\u00e9 Nacional Republicano que cancele todos los debates primarios presidenciales restantes , diciendo que el RNC debe, en cambio, \"reorientar su personal\" en derrotar a Joe Biden el pr\u00f3ximo a\u00f1o. En una declaraci\u00f3n el lunes por la noche, los\u2026","rel":"","context":"En \u00abSin categor\u00eda\u00bb","block_context":{"text":"Sin categor\u00eda","link":"https:\/\/lasprimeras.com.do\/index.php\/category\/sin-categoria\/"},"img":{"alt_text":"Donald Trump","src":"https:\/\/i0.wp.com\/lasprimeras.com.do\/wp-content\/uploads\/2023\/10\/Donald-Trump.jpg?resize=350%2C200&ssl=1","width":350,"height":200,"srcset":"https:\/\/i0.wp.com\/lasprimeras.com.do\/wp-content\/uploads\/2023\/10\/Donald-Trump.jpg?resize=350%2C200&ssl=1 1x, https:\/\/i0.wp.com\/lasprimeras.com.do\/wp-content\/uploads\/2023\/10\/Donald-Trump.jpg?resize=525%2C300&ssl=1 1.5x, https:\/\/i0.wp.com\/lasprimeras.com.do\/wp-content\/uploads\/2023\/10\/Donald-Trump.jpg?resize=700%2C400&ssl=1 2x"},"classes":[]}],"jetpack_sharing_enabled":true,"_links":{"self":[{"href":"https:\/\/lasprimeras.com.do\/index.php\/wp-json\/wp\/v2\/posts\/119608","targetHints":{"allow":["GET"]}}],"collection":[{"href":"https:\/\/lasprimeras.com.do\/index.php\/wp-json\/wp\/v2\/posts"}],"about":[{"href":"https:\/\/lasprimeras.com.do\/index.php\/wp-json\/wp\/v2\/types\/post"}],"author":[{"embeddable":true,"href":"https:\/\/lasprimeras.com.do\/index.php\/wp-json\/wp\/v2\/users\/10"}],"replies":[{"embeddable":true,"href":"https:\/\/lasprimeras.com.do\/index.php\/wp-json\/wp\/v2\/comments?post=119608"}],"version-history":[{"count":1,"href":"https:\/\/lasprimeras.com.do\/index.php\/wp-json\/wp\/v2\/posts\/119608\/revisions"}],"predecessor-version":[{"id":119610,"href":"https:\/\/lasprimeras.com.do\/index.php\/wp-json\/wp\/v2\/posts\/119608\/revisions\/119610"}],"wp:featuredmedia":[{"embeddable":true,"href":"https:\/\/lasprimeras.com.do\/index.php\/wp-json\/wp\/v2\/media\/119609"}],"wp:attachment":[{"href":"https:\/\/lasprimeras.com.do\/index.php\/wp-json\/wp\/v2\/media?parent=119608"}],"wp:term":[{"taxonomy":"category","embeddable":true,"href":"https:\/\/lasprimeras.com.do\/index.php\/wp-json\/wp\/v2\/categories?post=119608"},{"taxonomy":"post_tag","embeddable":true,"href":"https:\/\/lasprimeras.com.do\/index.php\/wp-json\/wp\/v2\/tags?post=119608"}],"curies":[{"name":"wp","href":"https:\/\/api.w.org\/{rel}","templated":true}]}}