{"id":119614,"date":"2026-01-14T18:54:12","date_gmt":"2026-01-14T22:54:12","guid":{"rendered":"https:\/\/lasprimeras.com.do\/?p=119614"},"modified":"2026-01-14T18:54:15","modified_gmt":"2026-01-14T22:54:15","slug":"propeep-supervisa-y-coordina-intervenciones-del-gobierno-contigo-en-la-altagracia","status":"publish","type":"post","link":"https:\/\/lasprimeras.com.do\/index.php\/2026\/01\/14\/propeep-supervisa-y-coordina-intervenciones-del-gobierno-contigo-en-la-altagracia\/","title":{"rendered":"Propeep supervisa y coordina intervenciones del \u201cGobierno Contigo\u201d en La Altagracia"},"content":{"rendered":"\n<p>El director general de Proyectos Estrat\u00e9gicos y Especiales de la Presidencia (Propeep), Robert Polanco realizo este mi\u00e9rcoles una visita de supervisi\u00f3n y coordinaci\u00f3n en la provincia La Altagracia, espec\u00edficamente en el municipio de Hig\u00fcey, con el objetivo de dar seguimiento a la segunda fase de los trabajos e intervenciones que desarrollan diversas instituciones del Gobierno en esta demarcaci\u00f3n.<\/p>\n\n\n\n<p>La jornada se enmarca dentro de las disposiciones emanadas por el presidente Luis Abinader, como parte del programa \u201cEl Gobierno Contigo\u201d, celebrado en noviembre pasado, iniciativa que busca acercar el Estado a las comunidades, atender de manera directa las principales necesidades sociales y garantizar respuestas oportunas a las demandas de la poblaci\u00f3n.<\/p>\n\n\n\n<p>Durante el recorrido, Polanco sostuvo una reuni\u00f3n de trabajo de coordinaci\u00f3n interinstitucional y evaluaron las acciones priorizadas, orientadas a impactar positivamente sectores vulnerables de Hig\u00fcey y otras comunidades de La Altagracia, mediante soluciones integrales en \u00e1reas como asistencia social, infraestructura comunitaria, servicios b\u00e1sicos y apoyo al desarrollo local.<\/p>\n\n\n\n<p>Durante el encuentro fueron revisadas de manera detallada las intervenciones ya ejecutadas y las que se encuentran pendientes, con el objetivo de continuar los trabajos de intervenci\u00f3n conforme a la matriz levantada por las organizaciones de la sociedad civil, garantizando as\u00ed una respuesta efectiva a las principales demandas de las comunidades.<\/p>\n\n\n\n<p>En esta reuni\u00f3n participaron, la Gobernadora Civil, Daysi D\u2019Oleo; el representante de la Sociedad Civil, doctor Virgilio Cedano; el director Regional del ministerio de Obras P\u00fablicas, ingeniero Villijat Tavarez; entre otros funcionarios gubernamentales.<\/p>\n\n\n\n<p>El director de Propeep destac\u00f3 que estas labores de supervisi\u00f3n permiten asegurar la correcta ejecuci\u00f3n de los compromisos asumidos por el Gobierno con la gente.<\/p>\n\n\n\n<p>\u201cNuestra misi\u00f3n es garantizar que las intervenciones lleguen de manera efectiva a quienes m\u00e1s lo necesitan, tal como lo ha instruido el presidente Luis Abinader\u201d, se\u00f1al\u00f3 Polanco.<\/p>\n\n\n\n<p>El director de Propeep afirm\u00f3 que estas acciones buscan consolidar a la provincia La Altagracia y al municipio de Hig\u00fcey como territorios plenamente articulados con los programas y proyectos que impulsa el Gobierno del presidente Luis Abinader, promoviendo el desarrollo integral, la cohesi\u00f3n social y una gesti\u00f3n p\u00fablica cercana, participativa y orientada a resultados.<\/p>\n\n\n\n<p><strong>Palabras de la Gobernadora<\/strong><\/p>\n\n\n\n<p>En tanto, que, la gobernadora civil provincial, Daysi D\u2019Oleo, tras agradecer al presidente Luis Abinader por el respaldo permanente a la provincia, destac\u00f3 que los trabajos ya son visibles en las comunidades.<\/p>\n\n\n\n<p>\u201cGracias al trabajo conjunto de todas las instituciones y ministerios que se han unido a esta causa, hoy esto es una realidad. Las comunidades y las juntas de vecinos pueden constatar que los trabajos han iniciado y que sus reclamaciones no fueron en vano. Nos encontramos dando seguimiento y monitoreando cada intervenci\u00f3n, comprobando que esas necesidades tan sentidas est\u00e1n siendo atendidas y que continuar\u00e1n hasta quedar totalmente realizadas\u201d, expres\u00f3.<\/p>\n\n\n\n<p><strong>Obras e intervenciones sociales<\/strong><\/p>\n\n\n\n<p>Entre las obras demandadas por las juntas de vecinos y el liderazgo comunitario se encuentran concluidas: el asfalto de seis calles en el sector Los Morales, reparaci\u00f3n y remozamiento de 15 canchas, entre ellas las del liceo Juan Pablo Duarte; en Villa Palmera; dos en el Polit\u00e9cnico Santa Mar\u00eda; en San Jos\u00e9 y Yuma, entre otras.<\/p>\n\n\n\n<p>La realizaci\u00f3n de jornada \u201cPrimero T\u00fa\u201d donde se ofrecieron 4,990 servicios, impactando de manera directa 1,485 ciudadanos, entre otras acciones sociales.<\/p>\n","protected":false},"excerpt":{"rendered":"<p>El director general de Proyectos Estrat\u00e9gicos y Especiales de la Presidencia (Propeep), Robert Polanco realizo este mi\u00e9rcoles una visita de supervisi\u00f3n y coordinaci\u00f3n en la provincia La Altagracia, espec\u00edficamente en&hellip;<\/p>\n","protected":false},"author":10,"featured_media":119615,"comment_status":"open","ping_status":"open","sticky":false,"template":"","format":"standard","meta":{"content-type":"","jetpack_post_was_ever_published":false,"_jetpack_newsletter_access":"","_jetpack_dont_email_post_to_subs":false,"_jetpack_newsletter_tier_id":0,"_jetpack_memberships_contains_paywalled_content":false,"_jetpack_memberships_contains_paid_content":false,"footnotes":""},"categories":[35,25],"tags":[7689,18218,372,215,451],"class_list":["post-119614","post","type-post","status-publish","format-standard","has-post-thumbnail","hentry","category-nacionales","category-portada","tag-coordina","tag-gobierno-contigo","tag-la-altagracia","tag-propeep","tag-supervisa"],"jetpack_featured_media_url":"https:\/\/lasprimeras.com.do\/wp-content\/uploads\/2026\/01\/Propeep-1.jpg","jetpack-related-posts":[{"id":115165,"url":"https:\/\/lasprimeras.com.do\/index.php\/2025\/11\/19\/propeep-y-dasac-amplia-intervencion-social-durante-cuatro-dias-en-la-altagracia\/","url_meta":{"origin":119614,"position":0},"title":"Propeep y Dasac ampl\u00eda intervenci\u00f3n social durante cuatro d\u00edas en La Altagracia","author":"Nelson Feliz","date":"19 de noviembre de 2025","format":false,"excerpt":"La Direcci\u00f3n de Proyectos Estrat\u00e9gicos y Especiales de la Presidencia (Propeep) y la Direcci\u00f3n de Asistencia Social y Alimentaci\u00f3n Comunitaria (Dasac), iniciaron este mi\u00e9rcoles un amplio despliegue de acciones sociales en distintos barrios y sectores de esta provincia del Este, con el objetivo de proveer de ayudas puntuales y acercar\u2026","rel":"","context":"En \u00abNACIONALES\u00bb","block_context":{"text":"NACIONALES","link":"https:\/\/lasprimeras.com.do\/index.php\/category\/nacionales\/"},"img":{"alt_text":"","src":"https:\/\/i0.wp.com\/lasprimeras.com.do\/wp-content\/uploads\/2025\/11\/robert-1.jpg?resize=350%2C200&ssl=1","width":350,"height":200,"srcset":"https:\/\/i0.wp.com\/lasprimeras.com.do\/wp-content\/uploads\/2025\/11\/robert-1.jpg?resize=350%2C200&ssl=1 1x, https:\/\/i0.wp.com\/lasprimeras.com.do\/wp-content\/uploads\/2025\/11\/robert-1.jpg?resize=525%2C300&ssl=1 1.5x, https:\/\/i0.wp.com\/lasprimeras.com.do\/wp-content\/uploads\/2025\/11\/robert-1.jpg?resize=700%2C400&ssl=1 2x"},"classes":[]},{"id":125189,"url":"https:\/\/lasprimeras.com.do\/index.php\/2026\/03\/20\/propeep-entrega-vivienda-remozada-y-equipada-a-familia-en-san-cristobal\/","url_meta":{"origin":119614,"position":1},"title":"Propeep entrega vivienda remozada y equipada a familia en San Crist\u00f3bal","author":"Nelson Feliz","date":"20 de marzo de 2026","format":false,"excerpt":"_La acci\u00f3n corresponde al compromiso asumido por el presidente Abinader durante la celebraci\u00f3n del Gobierno Contigo, en San Crist\u00f3bal_ La Direcci\u00f3n de Proyectos Estrat\u00e9gicos y Especiales de la Presidencia (Propeep) entreg\u00f3 este jueves una vivienda completamente remozada y equipada a una familia de escasos recursos del sector Pueblo Nuevo, en\u2026","rel":"","context":"En \u00abNACIONALES\u00bb","block_context":{"text":"NACIONALES","link":"https:\/\/lasprimeras.com.do\/index.php\/category\/nacionales\/"},"img":{"alt_text":"","src":"https:\/\/i0.wp.com\/lasprimeras.com.do\/wp-content\/uploads\/2026\/03\/IMG-20260319-WA0994.jpg?resize=350%2C200&ssl=1","width":350,"height":200,"srcset":"https:\/\/i0.wp.com\/lasprimeras.com.do\/wp-content\/uploads\/2026\/03\/IMG-20260319-WA0994.jpg?resize=350%2C200&ssl=1 1x, https:\/\/i0.wp.com\/lasprimeras.com.do\/wp-content\/uploads\/2026\/03\/IMG-20260319-WA0994.jpg?resize=525%2C300&ssl=1 1.5x, https:\/\/i0.wp.com\/lasprimeras.com.do\/wp-content\/uploads\/2026\/03\/IMG-20260319-WA0994.jpg?resize=700%2C400&ssl=1 2x, https:\/\/i0.wp.com\/lasprimeras.com.do\/wp-content\/uploads\/2026\/03\/IMG-20260319-WA0994.jpg?resize=1050%2C600&ssl=1 3x"},"classes":[]},{"id":103173,"url":"https:\/\/lasprimeras.com.do\/index.php\/2025\/07\/13\/propeep-impulsa-intervencion-en-capotillo-con-apoyo-directo-a-emprendedores-y-jovenes\/","url_meta":{"origin":119614,"position":2},"title":"Propeep impulsa intervenci\u00f3n en Capotillo con apoyo directo a emprendedores y j\u00f3venes","author":"Nelson Feliz","date":"13 de julio de 2025","format":false,"excerpt":"A trav\u00e9s del programa Renacer Contigo, m\u00e1s de 120 personas fueron impactadas en jornada que promueve capacitaci\u00f3n, inclusi\u00f3n financiera y convivencia comunitaria El programa Renacer Contigo, ejecutado por la Direcci\u00f3n General de Proyectos Estrat\u00e9gicos y Especiales de la Presidencia (Propeep), inici\u00f3 una intervenci\u00f3n integral en el sector Capotillo, del Distrito\u2026","rel":"","context":"En \u00abNACIONALES\u00bb","block_context":{"text":"NACIONALES","link":"https:\/\/lasprimeras.com.do\/index.php\/category\/nacionales\/"},"img":{"alt_text":"","src":"https:\/\/i0.wp.com\/lasprimeras.com.do\/wp-content\/uploads\/2025\/07\/propep-1.jpg?resize=350%2C200&ssl=1","width":350,"height":200,"srcset":"https:\/\/i0.wp.com\/lasprimeras.com.do\/wp-content\/uploads\/2025\/07\/propep-1.jpg?resize=350%2C200&ssl=1 1x, https:\/\/i0.wp.com\/lasprimeras.com.do\/wp-content\/uploads\/2025\/07\/propep-1.jpg?resize=525%2C300&ssl=1 1.5x, https:\/\/i0.wp.com\/lasprimeras.com.do\/wp-content\/uploads\/2025\/07\/propep-1.jpg?resize=700%2C400&ssl=1 2x"},"classes":[]},{"id":114013,"url":"https:\/\/lasprimeras.com.do\/index.php\/2025\/11\/09\/propeep-impulsa-arte-y-educacion-ciudadana-con-murales-en-tres-provincias-del-este\/","url_meta":{"origin":119614,"position":3},"title":"Propeep impulsa arte y educaci\u00f3n ciudadana con murales en tres provincias del Este","author":"Nelson Feliz","date":"9 de noviembre de 2025","format":false,"excerpt":"El programa Paseo de los Colores interviene 1,828.45 m\u00b2 en los municipios San Rafael del Yuma, La Altagracia; Villa Hermosa, La Romana; y San Pedro de Macor\u00eds La direcci\u00f3n de Proyectos Estrat\u00e9gicos y Especiales de la Presidencia (Propeep) entreg\u00f3 este domingo m\u00e1s de 1,828 metros cuadrados de murales, distribuidos en\u2026","rel":"","context":"En \u00abNACIONALES\u00bb","block_context":{"text":"NACIONALES","link":"https:\/\/lasprimeras.com.do\/index.php\/category\/nacionales\/"},"img":{"alt_text":"","src":"https:\/\/i0.wp.com\/lasprimeras.com.do\/wp-content\/uploads\/2025\/11\/Robert-Polanco.jpg?resize=350%2C200&ssl=1","width":350,"height":200,"srcset":"https:\/\/i0.wp.com\/lasprimeras.com.do\/wp-content\/uploads\/2025\/11\/Robert-Polanco.jpg?resize=350%2C200&ssl=1 1x, https:\/\/i0.wp.com\/lasprimeras.com.do\/wp-content\/uploads\/2025\/11\/Robert-Polanco.jpg?resize=525%2C300&ssl=1 1.5x, https:\/\/i0.wp.com\/lasprimeras.com.do\/wp-content\/uploads\/2025\/11\/Robert-Polanco.jpg?resize=700%2C400&ssl=1 2x"},"classes":[]},{"id":100094,"url":"https:\/\/lasprimeras.com.do\/index.php\/2025\/06\/01\/robert-polanco-destaca-articulacion-de-32-instituciones-del-estado-en-el-gobierno-contigo\/","url_meta":{"origin":119614,"position":4},"title":"Robert Polanco destaca articulaci\u00f3n de 32 instituciones del Estado en \u201cEl Gobierno Contigo\u201d","author":"Nelson Feliz","date":"1 de junio de 2025","format":false,"excerpt":"El director de Proyectos Estrat\u00e9gicos y Especiales de la Presidencia (Propeep), Robert Polanco, destac\u00f3 la efectiva articulaci\u00f3n de 32 instituciones del Estado, durante la cuarta jornada del programa \u201cEl Gobierno Contigo\u201d, desarrollada en San Crist\u00f3bal, con el objetivo de dar respuesta directa a las necesidades comunitarias. Polanco subray\u00f3 la importancia\u2026","rel":"","context":"En \u00abNACIONALES\u00bb","block_context":{"text":"NACIONALES","link":"https:\/\/lasprimeras.com.do\/index.php\/category\/nacionales\/"},"img":{"alt_text":"Robert Polanco","src":"https:\/\/i0.wp.com\/lasprimeras.com.do\/wp-content\/uploads\/2025\/06\/Robert-Polanco-3.jpg?resize=350%2C200&ssl=1","width":350,"height":200,"srcset":"https:\/\/i0.wp.com\/lasprimeras.com.do\/wp-content\/uploads\/2025\/06\/Robert-Polanco-3.jpg?resize=350%2C200&ssl=1 1x, https:\/\/i0.wp.com\/lasprimeras.com.do\/wp-content\/uploads\/2025\/06\/Robert-Polanco-3.jpg?resize=525%2C300&ssl=1 1.5x, https:\/\/i0.wp.com\/lasprimeras.com.do\/wp-content\/uploads\/2025\/06\/Robert-Polanco-3.jpg?resize=700%2C400&ssl=1 2x"},"classes":[]},{"id":94983,"url":"https:\/\/lasprimeras.com.do\/index.php\/2025\/03\/07\/cne-y-propeep-impactaran-sabana-perdida-norte-como-parte-del-programa-el-gobierno-contigo\/","url_meta":{"origin":119614,"position":5},"title":"CNE y Propeep impactar\u00e1n Sabana Perdida Norte como parte del programa \u201cEl Gobierno Contigo\u201d","author":"Nelson Feliz","date":"7 de marzo de 2025","format":false,"excerpt":"Entregan l\u00e1mparas Led para contribuir con la seguridad ciudadana La Comisi\u00f3n Nacional de Energ\u00eda (CNE) entreg\u00f3 50 l\u00e1mparas LED al sector de Sabana Perdida Norte, en colaboraci\u00f3n con la Direcci\u00f3n de Proyectos Estrat\u00e9gicos y Especiales de la Presidencia (PROPEEP). Esta entrega forma parte de la iniciativa #ElGobiernoContigo, que tiene como\u2026","rel":"","context":"En \u00abNACIONALES\u00bb","block_context":{"text":"NACIONALES","link":"https:\/\/lasprimeras.com.do\/index.php\/category\/nacionales\/"},"img":{"alt_text":"","src":"https:\/\/i0.wp.com\/lasprimeras.com.do\/wp-content\/uploads\/2025\/03\/Robert-Polanco-2.jpg?resize=350%2C200&ssl=1","width":350,"height":200,"srcset":"https:\/\/i0.wp.com\/lasprimeras.com.do\/wp-content\/uploads\/2025\/03\/Robert-Polanco-2.jpg?resize=350%2C200&ssl=1 1x, https:\/\/i0.wp.com\/lasprimeras.com.do\/wp-content\/uploads\/2025\/03\/Robert-Polanco-2.jpg?resize=525%2C300&ssl=1 1.5x"},"classes":[]}],"jetpack_sharing_enabled":true,"_links":{"self":[{"href":"https:\/\/lasprimeras.com.do\/index.php\/wp-json\/wp\/v2\/posts\/119614","targetHints":{"allow":["GET"]}}],"collection":[{"href":"https:\/\/lasprimeras.com.do\/index.php\/wp-json\/wp\/v2\/posts"}],"about":[{"href":"https:\/\/lasprimeras.com.do\/index.php\/wp-json\/wp\/v2\/types\/post"}],"author":[{"embeddable":true,"href":"https:\/\/lasprimeras.com.do\/index.php\/wp-json\/wp\/v2\/users\/10"}],"replies":[{"embeddable":true,"href":"https:\/\/lasprimeras.com.do\/index.php\/wp-json\/wp\/v2\/comments?post=119614"}],"version-history":[{"count":1,"href":"https:\/\/lasprimeras.com.do\/index.php\/wp-json\/wp\/v2\/posts\/119614\/revisions"}],"predecessor-version":[{"id":119616,"href":"https:\/\/lasprimeras.com.do\/index.php\/wp-json\/wp\/v2\/posts\/119614\/revisions\/119616"}],"wp:featuredmedia":[{"embeddable":true,"href":"https:\/\/lasprimeras.com.do\/index.php\/wp-json\/wp\/v2\/media\/119615"}],"wp:attachment":[{"href":"https:\/\/lasprimeras.com.do\/index.php\/wp-json\/wp\/v2\/media?parent=119614"}],"wp:term":[{"taxonomy":"category","embeddable":true,"href":"https:\/\/lasprimeras.com.do\/index.php\/wp-json\/wp\/v2\/categories?post=119614"},{"taxonomy":"post_tag","embeddable":true,"href":"https:\/\/lasprimeras.com.do\/index.php\/wp-json\/wp\/v2\/tags?post=119614"}],"curies":[{"name":"wp","href":"https:\/\/api.w.org\/{rel}","templated":true}]}}