{"id":119620,"date":"2026-01-14T19:47:38","date_gmt":"2026-01-14T23:47:38","guid":{"rendered":"https:\/\/lasprimeras.com.do\/?p=119620"},"modified":"2026-01-14T19:47:40","modified_gmt":"2026-01-14T23:47:40","slug":"andres-navarro-considera-un-desacierto-fusionar-los-ministerios-educativos","status":"publish","type":"post","link":"https:\/\/lasprimeras.com.do\/index.php\/2026\/01\/14\/andres-navarro-considera-un-desacierto-fusionar-los-ministerios-educativos\/","title":{"rendered":"Andr\u00e9s Navarro considera un desacierto fusionar los ministerios educativos"},"content":{"rendered":"\n<p>El ex ministro de Educaci\u00f3n, Andr\u00e9s Navarro, considera un desacierto del Gobierno del PRM sus intenciones de fusionar los ministerios de educaci\u00f3n de Rep\u00fablica Dominicana, medida que, de aplicarse, agudizar\u00e1 la crisis del sistema educativo.<\/p>\n\n\n\n<p>En consonancia con la posici\u00f3n oficial del Partido de la Liberaci\u00f3n Dominicana, Navarro, quien es miembro de su Comit\u00e9 Pol\u00edtico, presenta seis razones que determinan lo desacertado que resultar\u00eda la fusi\u00f3n del Ministerio de Educaci\u00f3n Superior, con el de Educaci\u00f3n.<\/p>\n\n\n\n<p>\u201cMayor concentraci\u00f3n de competencias en una sola instituci\u00f3n; monopolizaci\u00f3n de las decisiones en la figura del ministro; retroceso en las ciencias y tecnolog\u00edas; reducci\u00f3n del financiamiento a la educaci\u00f3n; ampliaci\u00f3n de la crisis estructural del sistema educativo; y ausencia de credibilidad t\u00e9cnica y legitimidad social\u201d, cita las razones por las que considera desacierto el intento de fusionar los ministerios educativos.<\/p>\n\n\n\n<p>En un trabajo publicado en Vanguardia del Pueblo, \u00f3rgano escrito del PLD, Andr\u00e9s Navarro ofrece los detalles de cada uno de los aspectos porque es desacertada la intenci\u00f3n de fusionar el Ministerio de Educaci\u00f3n con el Ministerio de Educaci\u00f3n Superior, Ciencia y Tecnolog\u00eda.<\/p>\n\n\n\n<p>Al considerar que se est\u00e1 a tiempo para evitar el desacierto de fusionar los ministerios de educaci\u00f3n, Andr\u00e9s Navarro sugiere modificar las Leyes que rigen ambas instituciones:<\/p>\n\n\n\n<p>\u201cLas actuales circunstancias lo que demandan es la reforma a las leyes 66-97 de educaci\u00f3n y la 139-01 de educaci\u00f3n superior, ciencia y tecnolog\u00eda. Ambas legislaciones cuentan con 28 y 24 a\u00f1os de vigencia, respectivamente, lo que evidencia que ya no responden a los nuevos retos de la educaci\u00f3n. Por otra parte, urge la aprobaci\u00f3n del proyecto de ley del Marco Nacional de Cualificaciones, que a\u00fan permanece en la C\u00e1mara de Diputados, a pesar de que fue aprobado por el Senado en junio de 2020.\u201d, expone.<\/p>\n\n\n\n<p>Al considerar que la apuesta del Gobierno debe ser el fortalecimiento de los sistemas de educaci\u00f3n preuniversitaria y superior, junto a la articulaci\u00f3n eficaz entre estos y los sectores productivos de la naci\u00f3n, a trav\u00e9s del marco nacional de cualificaciones, Andr\u00e9s Navarro sugiere al Consejo Econ\u00f3mico Social (CES), como espacio id\u00f3neo para emprender el camino de fortalecimiento de la educaci\u00f3n dominicana.<\/p>\n","protected":false},"excerpt":{"rendered":"<p>El ex ministro de Educaci\u00f3n, Andr\u00e9s Navarro, considera un desacierto del Gobierno del PRM sus intenciones de fusionar los ministerios de educaci\u00f3n de Rep\u00fablica Dominicana, medida que, de aplicarse, agudizar\u00e1&hellip;<\/p>\n","protected":false},"author":10,"featured_media":84061,"comment_status":"open","ping_status":"open","sticky":false,"template":"","format":"standard","meta":{"content-type":"","jetpack_post_was_ever_published":false,"_jetpack_newsletter_access":"","_jetpack_dont_email_post_to_subs":false,"_jetpack_newsletter_tier_id":0,"_jetpack_memberships_contains_paywalled_content":false,"_jetpack_memberships_contains_paid_content":false,"footnotes":""},"categories":[16559,25],"tags":[2262,29362,28502,29363],"class_list":["post-119620","post","type-post","status-publish","format-standard","has-post-thumbnail","hentry","category-politica","category-portada","tag-andres-navarro","tag-desacierto","tag-fusionar","tag-ministerios-educativos"],"jetpack_featured_media_url":"https:\/\/lasprimeras.com.do\/wp-content\/uploads\/2024\/05\/Andres-Navarro.jpeg","jetpack-related-posts":[{"id":59510,"url":"https:\/\/lasprimeras.com.do\/index.php\/2023\/09\/04\/andres-navarro-la-incapacidad-es-predominante-en-el-gobierno-del-prm\/","url_meta":{"origin":119620,"position":0},"title":"Andr\u00e9s Navarro: La incapacidad es predominante en el Gobierno del PRM","author":"Nelson Feliz","date":"4 de septiembre de 2023","format":false,"excerpt":"El presidente Luis Abinader es quien debe dar una explicaci\u00f3n de los tantos esc\u00e1ndalos generados en el sistema educativo, apunta Andr\u00e9s Navarro, del CP del PLD Es al presidente de la Rep\u00fablica, Luis Abinader, a quien le corresponde explicar los tantos esc\u00e1ndalos generados en el Ministerio de Educaci\u00f3n, que salen\u2026","rel":"","context":"En \u00abSin categor\u00eda\u00bb","block_context":{"text":"Sin categor\u00eda","link":"https:\/\/lasprimeras.com.do\/index.php\/category\/sin-categoria\/"},"img":{"alt_text":"","src":"https:\/\/i0.wp.com\/lasprimeras.com.do\/wp-content\/uploads\/2023\/09\/Andres-Navarro.jpeg?resize=350%2C200&ssl=1","width":350,"height":200},"classes":[]},{"id":105082,"url":"https:\/\/lasprimeras.com.do\/index.php\/2025\/07\/30\/exministro-de-educacion-la-falta-de-aulas-es-el-foco-del-problema-educativo-actual\/","url_meta":{"origin":119620,"position":1},"title":"Exministro de Educaci\u00f3n: La falta de aulas es el foco del problema educativo actual","author":"Nelson Feliz","date":"30 de julio de 2025","format":false,"excerpt":"Melanio Paredes considera un lastre que los ni\u00f1os est\u00e9n fuera de las escuelas por falta de aulas. El miembro del Comit\u00e9 Pol\u00edtico del Partido de la Liberaci\u00f3n Dominicana (PLD) y de la Mesa de Educaci\u00f3n de esa organizaci\u00f3n, Profesor Melanio Paredes, lament\u00f3 que una cantidad de ni\u00f1os y ni\u00f1as queden\u2026","rel":"","context":"En \u00abPOLITICA\u00bb","block_context":{"text":"POLITICA","link":"https:\/\/lasprimeras.com.do\/index.php\/category\/politica\/"},"img":{"alt_text":"","src":"https:\/\/i0.wp.com\/lasprimeras.com.do\/wp-content\/uploads\/2025\/07\/MELANIO-1.jpg?resize=350%2C200&ssl=1","width":350,"height":200,"srcset":"https:\/\/i0.wp.com\/lasprimeras.com.do\/wp-content\/uploads\/2025\/07\/MELANIO-1.jpg?resize=350%2C200&ssl=1 1x, https:\/\/i0.wp.com\/lasprimeras.com.do\/wp-content\/uploads\/2025\/07\/MELANIO-1.jpg?resize=525%2C300&ssl=1 1.5x, https:\/\/i0.wp.com\/lasprimeras.com.do\/wp-content\/uploads\/2025\/07\/MELANIO-1.jpg?resize=700%2C400&ssl=1 2x"},"classes":[]},{"id":89207,"url":"https:\/\/lasprimeras.com.do\/index.php\/2024\/09\/19\/fusion-de-minerd-y-mescyt-es-inoportuna-no-implicaria-ahorro-economico-ni-elevaria-calidad-de-la-educacion-asegura-la-fp\/","url_meta":{"origin":119620,"position":2},"title":"Fusi\u00f3n de MINERD y MESCyT es inoportuna: no implicar\u00eda ahorro econ\u00f3mico, ni elevar\u00eda calidad de la educaci\u00f3n, asegura la FP","author":"Paola Castillo","date":"19 de septiembre de 2024","format":false,"excerpt":"Santo Domingo.- La Secretar\u00eda de Educaci\u00f3n Superior del partido Fuerza del Pueblo, dirigida por Ligia Amada Melo, critic\u00f3 de manera en\u00e9rgica los argumentos del gobierno para unificar los Ministerios de Educaci\u00f3n (MINERD) y de Educaci\u00f3n Superior, Ciencia y Tecnolog\u00eda (MESCyT). De acuerdo a Melo, la fusi\u00f3n no lograr\u00e1 la \u201cracionalizaci\u00f3n\u2026","rel":"","context":"En \u00abPORTADA\u00bb","block_context":{"text":"PORTADA","link":"https:\/\/lasprimeras.com.do\/index.php\/category\/portada\/"},"img":{"alt_text":"","src":"https:\/\/i0.wp.com\/lasprimeras.com.do\/wp-content\/uploads\/2024\/09\/WhatsApp-Image-2024-09-19-at-1.26.21-PM.jpeg?resize=350%2C200&ssl=1","width":350,"height":200,"srcset":"https:\/\/i0.wp.com\/lasprimeras.com.do\/wp-content\/uploads\/2024\/09\/WhatsApp-Image-2024-09-19-at-1.26.21-PM.jpeg?resize=350%2C200&ssl=1 1x, https:\/\/i0.wp.com\/lasprimeras.com.do\/wp-content\/uploads\/2024\/09\/WhatsApp-Image-2024-09-19-at-1.26.21-PM.jpeg?resize=525%2C300&ssl=1 1.5x, https:\/\/i0.wp.com\/lasprimeras.com.do\/wp-content\/uploads\/2024\/09\/WhatsApp-Image-2024-09-19-at-1.26.21-PM.jpeg?resize=700%2C400&ssl=1 2x, https:\/\/i0.wp.com\/lasprimeras.com.do\/wp-content\/uploads\/2024\/09\/WhatsApp-Image-2024-09-19-at-1.26.21-PM.jpeg?resize=1050%2C600&ssl=1 3x"},"classes":[]},{"id":119412,"url":"https:\/\/lasprimeras.com.do\/index.php\/2026\/01\/12\/pld-denuncia-fusion-en-educacion-busca-reducir-4-pib-tilda-medida-de-inaceptable\/","url_meta":{"origin":119620,"position":3},"title":"PLD denuncia fusi\u00f3n en Educaci\u00f3n busca reducir 4% PIB; tilda medida de \u201cinaceptable\u201d","author":"Nelson Feliz","date":"12 de enero de 2026","format":false,"excerpt":"PLD","rel":"","context":"En \u00abPOLITICA\u00bb","block_context":{"text":"POLITICA","link":"https:\/\/lasprimeras.com.do\/index.php\/category\/politica\/"},"img":{"alt_text":"","src":"https:\/\/i0.wp.com\/lasprimeras.com.do\/wp-content\/uploads\/2026\/01\/20c8dbd3-022b-45a0-ba29-05ab357247de.jpg?resize=350%2C200&ssl=1","width":350,"height":200,"srcset":"https:\/\/i0.wp.com\/lasprimeras.com.do\/wp-content\/uploads\/2026\/01\/20c8dbd3-022b-45a0-ba29-05ab357247de.jpg?resize=350%2C200&ssl=1 1x, https:\/\/i0.wp.com\/lasprimeras.com.do\/wp-content\/uploads\/2026\/01\/20c8dbd3-022b-45a0-ba29-05ab357247de.jpg?resize=525%2C300&ssl=1 1.5x, https:\/\/i0.wp.com\/lasprimeras.com.do\/wp-content\/uploads\/2026\/01\/20c8dbd3-022b-45a0-ba29-05ab357247de.jpg?resize=700%2C400&ssl=1 2x, https:\/\/i0.wp.com\/lasprimeras.com.do\/wp-content\/uploads\/2026\/01\/20c8dbd3-022b-45a0-ba29-05ab357247de.jpg?resize=1050%2C600&ssl=1 3x, https:\/\/i0.wp.com\/lasprimeras.com.do\/wp-content\/uploads\/2026\/01\/20c8dbd3-022b-45a0-ba29-05ab357247de.jpg?resize=1400%2C800&ssl=1 4x"},"classes":[]},{"id":119207,"url":"https:\/\/lasprimeras.com.do\/index.php\/2026\/01\/08\/profesores-protestan-contra-fusion-del-minerd-mescyt-advierten-afectara-la-calidad-educativa\/","url_meta":{"origin":119620,"position":4},"title":"Profesores protestan contra fusi\u00f3n del Minerd-Mescyt; advierten afectar\u00e1 la calidad educativa","author":"Nelson Feliz","date":"8 de enero de 2026","format":false,"excerpt":"El presidente de la ADP, Eduardo Hidalgo, exhort\u00f3 a los sectores que se oponen a articular un gran movimiento nacional. Profesores realizaron la tarde de este jueves una parada c\u00edvica en el Parque Independencia, en el Distrito Nacional, en rechazo a la propuesta de fusi\u00f3n entre el Ministerio de Educaci\u00f3n\u2026","rel":"","context":"En \u00abNACIONALES\u00bb","block_context":{"text":"NACIONALES","link":"https:\/\/lasprimeras.com.do\/index.php\/category\/nacionales\/"},"img":{"alt_text":"protesta","src":"https:\/\/i0.wp.com\/lasprimeras.com.do\/wp-content\/uploads\/2026\/01\/protesta.jpeg?resize=350%2C200&ssl=1","width":350,"height":200,"srcset":"https:\/\/i0.wp.com\/lasprimeras.com.do\/wp-content\/uploads\/2026\/01\/protesta.jpeg?resize=350%2C200&ssl=1 1x, https:\/\/i0.wp.com\/lasprimeras.com.do\/wp-content\/uploads\/2026\/01\/protesta.jpeg?resize=525%2C300&ssl=1 1.5x, https:\/\/i0.wp.com\/lasprimeras.com.do\/wp-content\/uploads\/2026\/01\/protesta.jpeg?resize=700%2C400&ssl=1 2x, https:\/\/i0.wp.com\/lasprimeras.com.do\/wp-content\/uploads\/2026\/01\/protesta.jpeg?resize=1050%2C600&ssl=1 3x"},"classes":[]},{"id":119685,"url":"https:\/\/lasprimeras.com.do\/index.php\/2026\/01\/15\/francisco-dominguez-brito-fusionar-los-ministerios-de-educacion-seria-un-grave-retroceso\/","url_meta":{"origin":119620,"position":5},"title":"Francisco Dom\u00ednguez Brito: Fusionar los ministerios de Educaci\u00f3n ser\u00eda un grave retroceso","author":"Nelson Feliz","date":"15 de enero de 2026","format":false,"excerpt":"El miembro del Comit\u00e9 Pol\u00edtico del Partido de la Liberaci\u00f3n Dominicana (PLD), Francisco Dom\u00ednguez Brito, advirti\u00f3 sobre las consecuencias que tendr\u00eda la eventual fusi\u00f3n del Ministerio de Educaci\u00f3n con el Ministerio de Educaci\u00f3n Superior, al considerar que no se trata de un simple ajuste administrativo, sino de una decisi\u00f3n con\u2026","rel":"","context":"En \u00abPOLITICA\u00bb","block_context":{"text":"POLITICA","link":"https:\/\/lasprimeras.com.do\/index.php\/category\/politica\/"},"img":{"alt_text":"","src":"https:\/\/i0.wp.com\/lasprimeras.com.do\/wp-content\/uploads\/2026\/01\/fusion.jpg?resize=350%2C200&ssl=1","width":350,"height":200,"srcset":"https:\/\/i0.wp.com\/lasprimeras.com.do\/wp-content\/uploads\/2026\/01\/fusion.jpg?resize=350%2C200&ssl=1 1x, https:\/\/i0.wp.com\/lasprimeras.com.do\/wp-content\/uploads\/2026\/01\/fusion.jpg?resize=525%2C300&ssl=1 1.5x, https:\/\/i0.wp.com\/lasprimeras.com.do\/wp-content\/uploads\/2026\/01\/fusion.jpg?resize=700%2C400&ssl=1 2x, https:\/\/i0.wp.com\/lasprimeras.com.do\/wp-content\/uploads\/2026\/01\/fusion.jpg?resize=1050%2C600&ssl=1 3x"},"classes":[]}],"jetpack_sharing_enabled":true,"_links":{"self":[{"href":"https:\/\/lasprimeras.com.do\/index.php\/wp-json\/wp\/v2\/posts\/119620","targetHints":{"allow":["GET"]}}],"collection":[{"href":"https:\/\/lasprimeras.com.do\/index.php\/wp-json\/wp\/v2\/posts"}],"about":[{"href":"https:\/\/lasprimeras.com.do\/index.php\/wp-json\/wp\/v2\/types\/post"}],"author":[{"embeddable":true,"href":"https:\/\/lasprimeras.com.do\/index.php\/wp-json\/wp\/v2\/users\/10"}],"replies":[{"embeddable":true,"href":"https:\/\/lasprimeras.com.do\/index.php\/wp-json\/wp\/v2\/comments?post=119620"}],"version-history":[{"count":1,"href":"https:\/\/lasprimeras.com.do\/index.php\/wp-json\/wp\/v2\/posts\/119620\/revisions"}],"predecessor-version":[{"id":119621,"href":"https:\/\/lasprimeras.com.do\/index.php\/wp-json\/wp\/v2\/posts\/119620\/revisions\/119621"}],"wp:featuredmedia":[{"embeddable":true,"href":"https:\/\/lasprimeras.com.do\/index.php\/wp-json\/wp\/v2\/media\/84061"}],"wp:attachment":[{"href":"https:\/\/lasprimeras.com.do\/index.php\/wp-json\/wp\/v2\/media?parent=119620"}],"wp:term":[{"taxonomy":"category","embeddable":true,"href":"https:\/\/lasprimeras.com.do\/index.php\/wp-json\/wp\/v2\/categories?post=119620"},{"taxonomy":"post_tag","embeddable":true,"href":"https:\/\/lasprimeras.com.do\/index.php\/wp-json\/wp\/v2\/tags?post=119620"}],"curies":[{"name":"wp","href":"https:\/\/api.w.org\/{rel}","templated":true}]}}