{"id":119625,"date":"2026-01-14T20:11:54","date_gmt":"2026-01-15T00:11:54","guid":{"rendered":"https:\/\/lasprimeras.com.do\/?p=119625"},"modified":"2026-01-14T20:11:56","modified_gmt":"2026-01-15T00:11:56","slug":"comerciantes-se-reunen-con-ministro-industria-y-comercio","status":"publish","type":"post","link":"https:\/\/lasprimeras.com.do\/index.php\/2026\/01\/14\/comerciantes-se-reunen-con-ministro-industria-y-comercio\/","title":{"rendered":"Comerciantes se re\u00fanen con Ministro Industria y Comercio"},"content":{"rendered":"\n<p>La Federaci\u00f3n Dominicana de Comerciantes (FDC) encabez\u00f3 hoy un encuentro, junto a otras entidades representantes del sector comercio, con el ministro de Industria, Comercio y Mipymes, Eduardo Sanz Lovat\u00f3n, con el objetivo de tratar temas que afectan al comercio organizado, como son el art\u00edculo 36 de la Ley 98-25 sobre Gesti\u00f3n Integral y Coprocesamiento de Residuos S\u00f3lidos, y la competencia desleal de cadenas de farmacias y tiendas de capital chino.<\/p>\n\n\n\n<p>Durante el encuentro, el presidente de la FDC, Iv\u00e1n Garc\u00eda, expres\u00f3 la confianza de que el ministro Sanz Lovat\u00f3n continuar\u00e1 su apoyo al sector comercio, tal y como lo realiz\u00f3 en la Direcci\u00f3n General de Aduanas.<\/p>\n\n\n\n<p>Sobre la Ley 98-25, Gracia dijo que el ministro se comprometi\u00f3 a ser mediador entre las micro, peque\u00f1as y medianas empresas (Mipymes), autoridades gubernamentales y los legisladores con la finalidad de llegar a soluciones que favorezcan a las Mipymes para que este sector pueda continuar creciendo, contribuyendo a la creaci\u00f3n de empleos y realizando los aportes en para el desarrollo del pa\u00eds.<\/p>\n\n\n\n<p>Puntualiz\u00f3 que el sector Mipymes representa el 98.7% del aparato productivo nacional y el mayor empleador del pa\u00eds.&nbsp;<\/p>\n\n\n\n<p>En tanto, con relaci\u00f3n a la competencia desleal en el sector farmacia, el FDC qued\u00f3 de suministrar todas las informaciones sobre esa situaci\u00f3n para que tambi\u00e9n el funcionario pueda intervenir en ese tema.<\/p>\n\n\n\n<p>Mientras que con el tema de los comercios chinos esperan contin\u00faen las reuniones con el Ministro de Hacienda y Econom\u00eda, Mag\u00edn D\u00edaz; el director de Aduanas, Nelson Arroyo y el director Impuestos Internos (DGII), Pedro Urrutia y otras instituciones gubernamentales en la mesa de trabajo que inici\u00f3 el mes de diciembre del 2025.<\/p>\n\n\n\n<p>\u201cEl ministro Sanz Lovaton es el mediador entre el Gobierno y el Congreso Nacional con la FDC y las Mipymes para resolver estos tres temas de gran importancia para nuestro sector.<\/p>\n\n\n\n<p>Consideramos exitosa la reuni\u00f3n y en un plazo de 15 d\u00edas confiamos se terminar\u00e1n las negociaciones sobre el art\u00edculo 36 de la Ley 95-25 para que las micro, peque\u00f1as y medianas empresas del pa\u00eds puedan continuar con la contribuci\u00f3n voluntaria obligatoria de acuerdo a la capacidad del sector\u201d, subray\u00f3 Garc\u00eda.<\/p>\n\n\n\n<p>El presidente de la FDC agradeci\u00f3 en nombre de los dem\u00e1s gremios la mediaci\u00f3n de Sanz Lovaton, al definirlo como un funcionario que siempre ha escuchado las demandas del sector comercio.<\/p>\n\n\n\n<p>En la reuni\u00f3n participaron Jenny Rubiera de ADPYME; F\u00e9lix Rodr\u00edguez, secretario general FDC; Isabel Puig, de CODOPYME; Pablo Adon, vicepresidente FDC sector Supermercados; Juan Mar\u00eda Garc\u00eda, vicepresidente FDC Nordeste; Eduardo Sanz Lovaton, Ministro Industria, Comercio y MIPYMES, Iv\u00e1n Garc\u00eda- Presidente FDC, Raymond Ulloa vicepresidente nacional FDC, Ricardo Rosario, sector Detallista y Carlos Berges, Uni\u00f3n de Farmacias.<\/p>\n","protected":false},"excerpt":{"rendered":"<p>La Federaci\u00f3n Dominicana de Comerciantes (FDC) encabez\u00f3 hoy un encuentro, junto a otras entidades representantes del sector comercio, con el ministro de Industria, Comercio y Mipymes, Eduardo Sanz Lovat\u00f3n, con&hellip;<\/p>\n","protected":false},"author":10,"featured_media":119626,"comment_status":"open","ping_status":"open","sticky":false,"template":"","format":"standard","meta":{"content-type":"","jetpack_post_was_ever_published":false,"_jetpack_newsletter_access":"","_jetpack_dont_email_post_to_subs":false,"_jetpack_newsletter_tier_id":0,"_jetpack_memberships_contains_paywalled_content":false,"_jetpack_memberships_contains_paid_content":false,"footnotes":""},"categories":[39,25],"tags":[1449,4043,373],"class_list":["post-119625","post","type-post","status-publish","format-standard","has-post-thumbnail","hentry","category-economia","category-portada","tag-comerciantes","tag-industria-y-comercio","tag-ministro"],"jetpack_featured_media_url":"https:\/\/lasprimeras.com.do\/wp-content\/uploads\/2026\/01\/comerciantes.jpg","jetpack-related-posts":[{"id":119234,"url":"https:\/\/lasprimeras.com.do\/index.php\/2026\/01\/08\/raquel-pena-deja-juramentado-a-eduardo-sanz-como-ministro-de-industria-y-comercio\/","url_meta":{"origin":119625,"position":0},"title":"Raquel Pe\u00f1a deja juramentado a Eduardo Sanz como ministro de Industria y Comercio","author":"Nelson Feliz","date":"8 de enero de 2026","format":false,"excerpt":"Raquel Pe\u00f1a","rel":"","context":"En \u00abNACIONALES\u00bb","block_context":{"text":"NACIONALES","link":"https:\/\/lasprimeras.com.do\/index.php\/category\/nacionales\/"},"img":{"alt_text":"Raquel Pe\u00f1a","src":"https:\/\/i0.wp.com\/lasprimeras.com.do\/wp-content\/uploads\/2026\/01\/Raquel-Pena-3.jpg?resize=350%2C200&ssl=1","width":350,"height":200,"srcset":"https:\/\/i0.wp.com\/lasprimeras.com.do\/wp-content\/uploads\/2026\/01\/Raquel-Pena-3.jpg?resize=350%2C200&ssl=1 1x, https:\/\/i0.wp.com\/lasprimeras.com.do\/wp-content\/uploads\/2026\/01\/Raquel-Pena-3.jpg?resize=525%2C300&ssl=1 1.5x, https:\/\/i0.wp.com\/lasprimeras.com.do\/wp-content\/uploads\/2026\/01\/Raquel-Pena-3.jpg?resize=700%2C400&ssl=1 2x"},"classes":[]},{"id":119050,"url":"https:\/\/lasprimeras.com.do\/index.php\/2026\/01\/06\/abinader-designa-a-eduardo-yayo-sanz-lovaton-como-ministro-de-industria-comercio-y-mipymes\/","url_meta":{"origin":119625,"position":1},"title":"Abinader designa a Eduardo \u201cYayo\u201d Sanz Lovat\u00f3n como ministro de Industria, Comercio y Mipymes","author":"Nelson Feliz","date":"6 de enero de 2026","format":false,"excerpt":"\u201cYayo\u201d Sanz Lovat\u00f3n, quien desde el a\u00f1o 2020 fung\u00eda como director de la Direcci\u00f3n General de Aduanas, fue designado mediante el decreto n\u00famero 3-26. El presidente Luis Abinader design\u00f3 este martes a Eduardo \u201cYayo\u201d Sanz Lovat\u00f3n como nuevo ministro de Industria, Comercio y Mipymes en sustituci\u00f3n de V\u00edctor \u201cIto\u201d Bison\u00f3,\u2026","rel":"","context":"En \u00abNACIONALES\u00bb","block_context":{"text":"NACIONALES","link":"https:\/\/lasprimeras.com.do\/index.php\/category\/nacionales\/"},"img":{"alt_text":"Eduardo \u201cYayo\u201d Sanz Lovat\u00f3n","src":"https:\/\/i0.wp.com\/lasprimeras.com.do\/wp-content\/uploads\/2026\/01\/Eduardo-Sanz-Lovaton.jpeg?resize=350%2C200&ssl=1","width":350,"height":200,"srcset":"https:\/\/i0.wp.com\/lasprimeras.com.do\/wp-content\/uploads\/2026\/01\/Eduardo-Sanz-Lovaton.jpeg?resize=350%2C200&ssl=1 1x, https:\/\/i0.wp.com\/lasprimeras.com.do\/wp-content\/uploads\/2026\/01\/Eduardo-Sanz-Lovaton.jpeg?resize=525%2C300&ssl=1 1.5x"},"classes":[]},{"id":119420,"url":"https:\/\/lasprimeras.com.do\/index.php\/2026\/01\/12\/gobierno-destruye-mas-de-24-millones-de-productos-ilegales\/","url_meta":{"origin":119625,"position":2},"title":"Gobierno destruye m\u00e1s de 24 millones de productos ilegales","author":"Nelson Feliz","date":"12 de enero de 2026","format":false,"excerpt":"Yayo Sanz Lovaton","rel":"","context":"En \u00abNACIONALES\u00bb","block_context":{"text":"NACIONALES","link":"https:\/\/lasprimeras.com.do\/index.php\/category\/nacionales\/"},"img":{"alt_text":"","src":"https:\/\/i0.wp.com\/lasprimeras.com.do\/wp-content\/uploads\/2026\/01\/IMG-20260112-WA0699.jpg?resize=350%2C200&ssl=1","width":350,"height":200,"srcset":"https:\/\/i0.wp.com\/lasprimeras.com.do\/wp-content\/uploads\/2026\/01\/IMG-20260112-WA0699.jpg?resize=350%2C200&ssl=1 1x, https:\/\/i0.wp.com\/lasprimeras.com.do\/wp-content\/uploads\/2026\/01\/IMG-20260112-WA0699.jpg?resize=525%2C300&ssl=1 1.5x, https:\/\/i0.wp.com\/lasprimeras.com.do\/wp-content\/uploads\/2026\/01\/IMG-20260112-WA0699.jpg?resize=700%2C400&ssl=1 2x, https:\/\/i0.wp.com\/lasprimeras.com.do\/wp-content\/uploads\/2026\/01\/IMG-20260112-WA0699.jpg?resize=1050%2C600&ssl=1 3x"},"classes":[]},{"id":121480,"url":"https:\/\/lasprimeras.com.do\/index.php\/2026\/02\/04\/rd-se-consolida-como-nueva-capital-de-inversion-para-latam-destaca-sanz-lovaton-en-miami\/","url_meta":{"origin":119625,"position":3},"title":"RD se consolida como nueva capital de inversi\u00f3n para LATAM, destaca Sanz Lovat\u00f3n en Miami","author":"Nelson Feliz","date":"4 de febrero de 2026","format":false,"excerpt":"Miami, Florida .\u2013. El ministro de Industria, Comercio y Mipymes (MICM), Eduardo -Yayo- Sanz Lovat\u00f3n destac\u00f3 que la Rep\u00fablica Dominicana y Estados Unidos avanzan en la construcci\u00f3n de cadenas de suministro integradas, resilientes y competitivas. Durante su participaci\u00f3n en la conferencia \u201cPerspectivas de las Am\u00e9ricas 2026\u201d, Sanz Lovat\u00f3n, manifest\u00f3 que\u2026","rel":"","context":"En \u00abECONOM\u00cdA\u00bb","block_context":{"text":"ECONOM\u00cdA","link":"https:\/\/lasprimeras.com.do\/index.php\/category\/economia\/"},"img":{"alt_text":"Eduardo -Yayo- Sanz Lovat\u00f3n","src":"https:\/\/i0.wp.com\/lasprimeras.com.do\/wp-content\/uploads\/2026\/02\/Eduardo-Yayo-Sanz-Lovaton.jpg?resize=350%2C200&ssl=1","width":350,"height":200},"classes":[]},{"id":119047,"url":"https:\/\/lasprimeras.com.do\/index.php\/2026\/01\/06\/abinader-designo-a-ito-bisono-como-nuevo-ministro-de-vivienda\/","url_meta":{"origin":119625,"position":4},"title":"Abinader design\u00f3 a Ito Bison\u00f3 como nuevo ministro de Vivienda","author":"Nelson Feliz","date":"6 de enero de 2026","format":false,"excerpt":"Entre la noche del lunes y el transcurso de este martes, el presidente Abinader ha realizado 10 movimientos en su tren gubernamental y se apresta a realizar m\u00e1s durante la semana. El presidente Luis Abinader design\u00f3 a V\u00edctor \u201cIto\u201d Bison\u00f3 como el nuevo ministro de Viviendas y Edificaciones, en sustituci\u00f3n\u2026","rel":"","context":"En \u00abNACIONALES\u00bb","block_context":{"text":"NACIONALES","link":"https:\/\/lasprimeras.com.do\/index.php\/category\/nacionales\/"},"img":{"alt_text":"V\u00edctor Ito Bison\u00f3","src":"https:\/\/i0.wp.com\/lasprimeras.com.do\/wp-content\/uploads\/2026\/01\/Victor-Ito-Bisono.jpeg?resize=350%2C200&ssl=1","width":350,"height":200,"srcset":"https:\/\/i0.wp.com\/lasprimeras.com.do\/wp-content\/uploads\/2026\/01\/Victor-Ito-Bisono.jpeg?resize=350%2C200&ssl=1 1x, https:\/\/i0.wp.com\/lasprimeras.com.do\/wp-content\/uploads\/2026\/01\/Victor-Ito-Bisono.jpeg?resize=525%2C300&ssl=1 1.5x, https:\/\/i0.wp.com\/lasprimeras.com.do\/wp-content\/uploads\/2026\/01\/Victor-Ito-Bisono.jpeg?resize=700%2C400&ssl=1 2x"},"classes":[]},{"id":119721,"url":"https:\/\/lasprimeras.com.do\/index.php\/2026\/01\/16\/orlando-jerez-asume-formalmente-como-director-del-ceccom\/","url_meta":{"origin":119625,"position":5},"title":"Orlando Jerez asume formalmente c\u00f3mo director del CECCOM","author":"Nelson Feliz","date":"16 de enero de 2026","format":false,"excerpt":"Orlando Jerez","rel":"","context":"En \u00abMILITARES\u00bb","block_context":{"text":"MILITARES","link":"https:\/\/lasprimeras.com.do\/index.php\/category\/militares\/"},"img":{"alt_text":"","src":"https:\/\/i0.wp.com\/lasprimeras.com.do\/wp-content\/uploads\/2026\/01\/IMG-20260115-WA0857.jpg?resize=350%2C200&ssl=1","width":350,"height":200,"srcset":"https:\/\/i0.wp.com\/lasprimeras.com.do\/wp-content\/uploads\/2026\/01\/IMG-20260115-WA0857.jpg?resize=350%2C200&ssl=1 1x, https:\/\/i0.wp.com\/lasprimeras.com.do\/wp-content\/uploads\/2026\/01\/IMG-20260115-WA0857.jpg?resize=525%2C300&ssl=1 1.5x, https:\/\/i0.wp.com\/lasprimeras.com.do\/wp-content\/uploads\/2026\/01\/IMG-20260115-WA0857.jpg?resize=700%2C400&ssl=1 2x, https:\/\/i0.wp.com\/lasprimeras.com.do\/wp-content\/uploads\/2026\/01\/IMG-20260115-WA0857.jpg?resize=1050%2C600&ssl=1 3x"},"classes":[]}],"jetpack_sharing_enabled":true,"_links":{"self":[{"href":"https:\/\/lasprimeras.com.do\/index.php\/wp-json\/wp\/v2\/posts\/119625","targetHints":{"allow":["GET"]}}],"collection":[{"href":"https:\/\/lasprimeras.com.do\/index.php\/wp-json\/wp\/v2\/posts"}],"about":[{"href":"https:\/\/lasprimeras.com.do\/index.php\/wp-json\/wp\/v2\/types\/post"}],"author":[{"embeddable":true,"href":"https:\/\/lasprimeras.com.do\/index.php\/wp-json\/wp\/v2\/users\/10"}],"replies":[{"embeddable":true,"href":"https:\/\/lasprimeras.com.do\/index.php\/wp-json\/wp\/v2\/comments?post=119625"}],"version-history":[{"count":1,"href":"https:\/\/lasprimeras.com.do\/index.php\/wp-json\/wp\/v2\/posts\/119625\/revisions"}],"predecessor-version":[{"id":119627,"href":"https:\/\/lasprimeras.com.do\/index.php\/wp-json\/wp\/v2\/posts\/119625\/revisions\/119627"}],"wp:featuredmedia":[{"embeddable":true,"href":"https:\/\/lasprimeras.com.do\/index.php\/wp-json\/wp\/v2\/media\/119626"}],"wp:attachment":[{"href":"https:\/\/lasprimeras.com.do\/index.php\/wp-json\/wp\/v2\/media?parent=119625"}],"wp:term":[{"taxonomy":"category","embeddable":true,"href":"https:\/\/lasprimeras.com.do\/index.php\/wp-json\/wp\/v2\/categories?post=119625"},{"taxonomy":"post_tag","embeddable":true,"href":"https:\/\/lasprimeras.com.do\/index.php\/wp-json\/wp\/v2\/tags?post=119625"}],"curies":[{"name":"wp","href":"https:\/\/api.w.org\/{rel}","templated":true}]}}