{"id":119700,"date":"2026-01-16T07:39:16","date_gmt":"2026-01-16T11:39:16","guid":{"rendered":"https:\/\/lasprimeras.com.do\/?p=119700"},"modified":"2026-01-16T07:39:19","modified_gmt":"2026-01-16T11:39:19","slug":"prensa-hispana-informa-habitantes-morristown-en-nj-cambian-su-vida-cotidiana-por-temor-ice-dominicanos-residen-alli-2","status":"publish","type":"post","link":"https:\/\/lasprimeras.com.do\/index.php\/2026\/01\/16\/prensa-hispana-informa-habitantes-morristown-en-nj-cambian-su-vida-cotidiana-por-temor-ice-dominicanos-residen-alli-2\/","title":{"rendered":"Prensa hispana informa habitantes Morristown en NJ cambian su vida cotidiana por temor ICE; dominicanos residen all\u00ed"},"content":{"rendered":"\n<p>Por Ram\u00f3n Mercedes<\/p>\n\n\n\n<p>NUEVA YORK.- Los habitantes de la ciudad de Morristown, distante a 51 kil\u00f3metros de Manhattan, con cerca de 20 mil habitantes, entre ellos familias dominicanas, han abandonado su vida cotidiana por temor al ICE, seg\u00fan reporta la prensa hispana en el estado de Nueva Jersey.<\/p>\n\n\n\n<p>Asimismo, sus calles y escuelas lucen vac\u00edas, no llevando a sus hijos a la escuela y cerrando negocios por temor a los constantes operativos de ICE, especifica el canal Univisi\u00f3n 41.<\/p>\n\n\n\n<p>Adem\u00e1s, agentes de ICE fueron vistos deteniendo conductores y realizando operativos en el condado de Somerset en el mismo estado, mientras autoridades locales aseguran no haber sido notificadas ni haber participado en las acciones federales.<\/p>\n\n\n\n<p>El Departamento de Seguridad Nacional (DHS) confirm\u00f3 que un inmigrante hondure\u00f1o de 68 a\u00f1os residente de Union City, Nueva Jersey, muri\u00f3 en un hospital de California.<\/p>\n\n\n\n<p>Funcionarios de ICE inspeccionaron un almac\u00e9n en el condado de Morris, NJ, que potencialmente podr\u00eda considerarse como un nuevo centro de detenci\u00f3n de inmigrantes. Se encuentra junto a la Ruta 46.<\/p>\n\n\n\n<p>En NY, el venezolano Rafael Andr\u00e9s Rubio Boh\u00f3rquez, de 53 a\u00f1os, quien se desempe\u00f1aba como analista de datos para el Concejo Municipal, fue detenido por Inmigraci\u00f3n la semana pasada cuando acud\u00eda a una cita migratoria de rutina en el condado de Nassau, Long Island.<\/p>\n\n\n\n<p>Organizaciones sociales de Jackson Heights en Queens han distribuido silbatos en la comunidad para alertar a los inmigrantes sobre redadas o la presencia de agentes federales en el \u00e1rea.<\/p>\n\n\n\n<p>Mientras, la gobernadora de NY, Kathy Hochul, declar\u00f3 este jueves que \u201cno permitir\u00e1 agentes enmascarados molestando en nuestras escuelas, iglesias u hospitales\u201d.<\/p>\n\n\n\n<p>El estado \u201cse encuentra fuerte\u201d y celebr\u00f3 tener el impuesto m\u00e1s bajo en 70 a\u00f1os.<\/p>\n","protected":false},"excerpt":{"rendered":"<p>Por Ram\u00f3n Mercedes NUEVA YORK.- Los habitantes de la ciudad de Morristown, distante a 51 kil\u00f3metros de Manhattan, con cerca de 20 mil habitantes, entre ellos familias dominicanas, han abandonado&hellip;<\/p>\n","protected":false},"author":10,"featured_media":119698,"comment_status":"open","ping_status":"open","sticky":false,"template":"","format":"standard","meta":{"content-type":"","jetpack_post_was_ever_published":false,"_jetpack_newsletter_access":"","_jetpack_dont_email_post_to_subs":false,"_jetpack_newsletter_tier_id":0,"_jetpack_memberships_contains_paywalled_content":false,"_jetpack_memberships_contains_paid_content":false,"footnotes":""},"categories":[16289],"tags":[3482,17575,20162],"class_list":["post-119700","post","type-post","status-publish","format-standard","has-post-thumbnail","hentry","category-internacionales","tag-habitantes","tag-ice","tag-nj"],"jetpack_featured_media_url":"https:\/\/lasprimeras.com.do\/wp-content\/uploads\/2026\/01\/IMG-20260116-WA0104.jpg","jetpack-related-posts":[{"id":119697,"url":"https:\/\/lasprimeras.com.do\/index.php\/2026\/01\/16\/prensa-hispana-informa-habitantes-morristown-en-nj-cambian-su-vida-cotidiana-por-temor-ice-dominicanos-residen-alli\/","url_meta":{"origin":119700,"position":0},"title":"Prensa hispana informa habitantes Morristown en NJ cambian su vida cotidiana por temor ICE; dominicanos residen all\u00ed","author":"Nelson Feliz","date":"16 de enero de 2026","format":false,"excerpt":"Por Ram\u00f3n Mercedes NUEVA YORK.- Los habitantes de la ciudad de Morristown, distante a 51 kil\u00f3metros de Manhattan, con cerca de 20 mil habitantes, entre ellos familias dominicanas, han abandonado su vida cotidiana por temor al ICE, seg\u00fan reporta la prensa hispana en el estado de Nueva Jersey. Asimismo, sus\u2026","rel":"","context":"En \u00abINTERNACIONALES\u00bb","block_context":{"text":"INTERNACIONALES","link":"https:\/\/lasprimeras.com.do\/index.php\/category\/sin-categoria\/internacionales\/"},"img":{"alt_text":"","src":"https:\/\/i0.wp.com\/lasprimeras.com.do\/wp-content\/uploads\/2026\/01\/IMG-20260116-WA0104.jpg?resize=350%2C200&ssl=1","width":350,"height":200,"srcset":"https:\/\/i0.wp.com\/lasprimeras.com.do\/wp-content\/uploads\/2026\/01\/IMG-20260116-WA0104.jpg?resize=350%2C200&ssl=1 1x, https:\/\/i0.wp.com\/lasprimeras.com.do\/wp-content\/uploads\/2026\/01\/IMG-20260116-WA0104.jpg?resize=525%2C300&ssl=1 1.5x, https:\/\/i0.wp.com\/lasprimeras.com.do\/wp-content\/uploads\/2026\/01\/IMG-20260116-WA0104.jpg?resize=700%2C400&ssl=1 2x"},"classes":[]},{"id":93085,"url":"https:\/\/lasprimeras.com.do\/index.php\/2025\/01\/24\/crecen-los-temores-tras-demostracion-de-fuerza-de-trump-sobre-la-inmigracion\/","url_meta":{"origin":119700,"position":1},"title":"Crecen los temores tras demostraci\u00f3n de fuerza de Trump sobre la inmigraci\u00f3n","author":"Nelson Feliz","date":"24 de enero de 2025","format":false,"excerpt":"POR MIKE CATALINI and REBECCA SANTANA NEWARK, Nueva Jersey, EE.UU. (AP) \u2014 Menos de una semana despu\u00e9s de haber iniciado su presidencia, el gobierno de Donald Trump pregon\u00f3 el viernes sus labores de deportaci\u00f3n y public\u00f3 nuevas reglas que facilitan la expulsi\u00f3n de personas de Estados Unidos, parte de una\u2026","rel":"","context":"En \u00abINTERNACIONALES\u00bb","block_context":{"text":"INTERNACIONALES","link":"https:\/\/lasprimeras.com.do\/index.php\/category\/sin-categoria\/internacionales\/"},"img":{"alt_text":"","src":"https:\/\/i0.wp.com\/lasprimeras.com.do\/wp-content\/uploads\/2025\/01\/Inmigracion.jpg?resize=350%2C200&ssl=1","width":350,"height":200,"srcset":"https:\/\/i0.wp.com\/lasprimeras.com.do\/wp-content\/uploads\/2025\/01\/Inmigracion.jpg?resize=350%2C200&ssl=1 1x, https:\/\/i0.wp.com\/lasprimeras.com.do\/wp-content\/uploads\/2025\/01\/Inmigracion.jpg?resize=525%2C300&ssl=1 1.5x, https:\/\/i0.wp.com\/lasprimeras.com.do\/wp-content\/uploads\/2025\/01\/Inmigracion.jpg?resize=700%2C400&ssl=1 2x"},"classes":[]},{"id":97449,"url":"https:\/\/lasprimeras.com.do\/index.php\/2025\/04\/21\/ice-detiene-en-ny-206-inmigrantes-incluidos-dominicanos-activistas-piden-auxilio-autoridades\/","url_meta":{"origin":119700,"position":2},"title":"ICE detiene en NY 206 inmigrantes, incluidos dominicanos; activistas piden auxilio autoridades","author":"Nelson Feliz","date":"21 de abril de 2025","format":false,"excerpt":"Por Ram\u00f3n Mercedes NUEVA YORK.- El Servicio de Inmigraci\u00f3n y sus socios policiales detuvieron a 206 inmigrantes ilegales durante una operaci\u00f3n intensificada de control migratorio enfocada en delincuentes extranjeros flagrantes en NYC y sus alrededores. Durante la operaci\u00f3n, entre el 6 al 12 del presente mes, se enfocaron en delincuentes\u2026","rel":"","context":"En \u00abINTERNACIONALES\u00bb","block_context":{"text":"INTERNACIONALES","link":"https:\/\/lasprimeras.com.do\/index.php\/category\/sin-categoria\/internacionales\/"},"img":{"alt_text":"ICE detiene en NY 206 inmigrantes, incluidos dominicanos; activistas piden auxilio autoridades","src":"https:\/\/i0.wp.com\/lasprimeras.com.do\/wp-content\/uploads\/2025\/04\/WhatsApp-Image-2025-04-21-at-5.16.10-AM-1.jpeg?resize=350%2C200&ssl=1","width":350,"height":200,"srcset":"https:\/\/i0.wp.com\/lasprimeras.com.do\/wp-content\/uploads\/2025\/04\/WhatsApp-Image-2025-04-21-at-5.16.10-AM-1.jpeg?resize=350%2C200&ssl=1 1x, https:\/\/i0.wp.com\/lasprimeras.com.do\/wp-content\/uploads\/2025\/04\/WhatsApp-Image-2025-04-21-at-5.16.10-AM-1.jpeg?resize=525%2C300&ssl=1 1.5x"},"classes":[]},{"id":97611,"url":"https:\/\/lasprimeras.com.do\/index.php\/2025\/04\/24\/congresistas-en-nyc-denuncian-secuestro-joven-hispano-en-el-bronx-por-inmigracion\/","url_meta":{"origin":119700,"position":3},"title":"Congresistas en NYC denuncian secuestro joven hispano en El Bronx por Inmigraci\u00f3n","author":"Nelson Feliz","date":"24 de abril de 2025","format":false,"excerpt":"Por Ram\u00f3n Mercedes NUEVA YORK.- Los congresistas por esta ciudad Adriano Espaillat (D-13) y Alexandria Ocasio-Cortez (NY-14) denunciaron el secuestro por parte de Inmigraci\u00f3n en El Bronx del joven hispano Merwil Guti\u00e9rrez, de 19 a\u00f1os. Los legisladores sostienen que el ICE detuvo a Guti\u00e9rrez en la puerta de su apartamento\u2026","rel":"","context":"En \u00abINTERNACIONALES\u00bb","block_context":{"text":"INTERNACIONALES","link":"https:\/\/lasprimeras.com.do\/index.php\/category\/sin-categoria\/internacionales\/"},"img":{"alt_text":"Congresistas en NYC denuncian secuestro joven hispano en El Bronx por Inmigraci\u00f3n","src":"https:\/\/i0.wp.com\/lasprimeras.com.do\/wp-content\/uploads\/2025\/04\/WhatsApp-Image-2025-04-24-at-6.07.05-AM.jpeg?resize=350%2C200&ssl=1","width":350,"height":200,"srcset":"https:\/\/i0.wp.com\/lasprimeras.com.do\/wp-content\/uploads\/2025\/04\/WhatsApp-Image-2025-04-24-at-6.07.05-AM.jpeg?resize=350%2C200&ssl=1 1x, https:\/\/i0.wp.com\/lasprimeras.com.do\/wp-content\/uploads\/2025\/04\/WhatsApp-Image-2025-04-24-at-6.07.05-AM.jpeg?resize=525%2C300&ssl=1 1.5x, https:\/\/i0.wp.com\/lasprimeras.com.do\/wp-content\/uploads\/2025\/04\/WhatsApp-Image-2025-04-24-at-6.07.05-AM.jpeg?resize=700%2C400&ssl=1 2x"},"classes":[]},{"id":98779,"url":"https:\/\/lasprimeras.com.do\/index.php\/2025\/05\/12\/encuentro-entre-trump-y-adams-en-la-casa-blanca-ambos-divulgan-lo-tratado\/","url_meta":{"origin":119700,"position":4},"title":"Encuentro entre Trump y Adams en la Casa Blanca; ambos divulgan lo tratado","author":"Nelson Feliz","date":"12 de mayo de 2025","format":false,"excerpt":"Por Ram\u00f3n Mercedes NUEVA YORK.- La prensa anglosajona public\u00f3 este fin de semana el encuentro en la Casa Blanca entre el presidente Donald Trump y el alcalde de esta ciudad, Eric Adams; dominicanos en la urbe han prestado sumo inter\u00e9s a la misma. El alcalde declar\u00f3 que visit\u00f3 al presidente\u2026","rel":"","context":"En \u00abINTERNACIONALES\u00bb","block_context":{"text":"INTERNACIONALES","link":"https:\/\/lasprimeras.com.do\/index.php\/category\/sin-categoria\/internacionales\/"},"img":{"alt_text":"","src":"https:\/\/i0.wp.com\/lasprimeras.com.do\/wp-content\/uploads\/2025\/05\/WhatsApp-Image-2025-05-12-at-6.33.00-AM-3.jpeg?resize=350%2C200&ssl=1","width":350,"height":200,"srcset":"https:\/\/i0.wp.com\/lasprimeras.com.do\/wp-content\/uploads\/2025\/05\/WhatsApp-Image-2025-05-12-at-6.33.00-AM-3.jpeg?resize=350%2C200&ssl=1 1x, https:\/\/i0.wp.com\/lasprimeras.com.do\/wp-content\/uploads\/2025\/05\/WhatsApp-Image-2025-05-12-at-6.33.00-AM-3.jpeg?resize=525%2C300&ssl=1 1.5x"},"classes":[]},{"id":94351,"url":"https:\/\/lasprimeras.com.do\/index.php\/2025\/02\/28\/decenas-de-personas-protestan-en-puerto-rico-contra-arrestos-de-migrantes-por-parte-de-ice\/","url_meta":{"origin":119700,"position":5},"title":"Decenas de personas protestan en Puerto Rico contra arrestos de migrantes por parte de ICE","author":"Nelson Feliz","date":"28 de febrero de 2025","format":false,"excerpt":"Los grupos promueven \"El apag\u00f3n econ\u00f3mico de 24 horas\" programado para este viernes, 28 de febrero San Juan,EFE \u2013 Decenas de personas se concentraron la tarde de este jueves en el Viejo San Juan, distrito hist\u00f3rico de la capital puertorrique\u00f1a, para protestar en contra de la pol\u00edtica migratoria del presidente\u2026","rel":"","context":"En \u00abINTERNACIONALES\u00bb","block_context":{"text":"INTERNACIONALES","link":"https:\/\/lasprimeras.com.do\/index.php\/category\/sin-categoria\/internacionales\/"},"img":{"alt_text":"","src":"https:\/\/i0.wp.com\/lasprimeras.com.do\/wp-content\/uploads\/2025\/02\/protesta.png?resize=350%2C200&ssl=1","width":350,"height":200,"srcset":"https:\/\/i0.wp.com\/lasprimeras.com.do\/wp-content\/uploads\/2025\/02\/protesta.png?resize=350%2C200&ssl=1 1x, https:\/\/i0.wp.com\/lasprimeras.com.do\/wp-content\/uploads\/2025\/02\/protesta.png?resize=525%2C300&ssl=1 1.5x, https:\/\/i0.wp.com\/lasprimeras.com.do\/wp-content\/uploads\/2025\/02\/protesta.png?resize=700%2C400&ssl=1 2x"},"classes":[]}],"jetpack_sharing_enabled":true,"_links":{"self":[{"href":"https:\/\/lasprimeras.com.do\/index.php\/wp-json\/wp\/v2\/posts\/119700","targetHints":{"allow":["GET"]}}],"collection":[{"href":"https:\/\/lasprimeras.com.do\/index.php\/wp-json\/wp\/v2\/posts"}],"about":[{"href":"https:\/\/lasprimeras.com.do\/index.php\/wp-json\/wp\/v2\/types\/post"}],"author":[{"embeddable":true,"href":"https:\/\/lasprimeras.com.do\/index.php\/wp-json\/wp\/v2\/users\/10"}],"replies":[{"embeddable":true,"href":"https:\/\/lasprimeras.com.do\/index.php\/wp-json\/wp\/v2\/comments?post=119700"}],"version-history":[{"count":1,"href":"https:\/\/lasprimeras.com.do\/index.php\/wp-json\/wp\/v2\/posts\/119700\/revisions"}],"predecessor-version":[{"id":119701,"href":"https:\/\/lasprimeras.com.do\/index.php\/wp-json\/wp\/v2\/posts\/119700\/revisions\/119701"}],"wp:featuredmedia":[{"embeddable":true,"href":"https:\/\/lasprimeras.com.do\/index.php\/wp-json\/wp\/v2\/media\/119698"}],"wp:attachment":[{"href":"https:\/\/lasprimeras.com.do\/index.php\/wp-json\/wp\/v2\/media?parent=119700"}],"wp:term":[{"taxonomy":"category","embeddable":true,"href":"https:\/\/lasprimeras.com.do\/index.php\/wp-json\/wp\/v2\/categories?post=119700"},{"taxonomy":"post_tag","embeddable":true,"href":"https:\/\/lasprimeras.com.do\/index.php\/wp-json\/wp\/v2\/tags?post=119700"}],"curies":[{"name":"wp","href":"https:\/\/api.w.org\/{rel}","templated":true}]}}