{"id":119705,"date":"2026-01-16T08:02:56","date_gmt":"2026-01-16T12:02:56","guid":{"rendered":"https:\/\/lasprimeras.com.do\/?p=119705"},"modified":"2026-01-16T08:02:59","modified_gmt":"2026-01-16T12:02:59","slug":"policia-falso-en-un-automovil-acosa-conductores-en-raritan-nueva-jersey-dominicanos-conducen-por-alli","status":"publish","type":"post","link":"https:\/\/lasprimeras.com.do\/index.php\/2026\/01\/16\/policia-falso-en-un-automovil-acosa-conductores-en-raritan-nueva-jersey-dominicanos-conducen-por-alli\/","title":{"rendered":"Polic\u00eda falso en un automovil acosa conductores en Raritan-Nueva Jersey; dominicanos conducen por all\u00ed"},"content":{"rendered":"\n<p>Por Ram\u00f3n Mercedes<\/p>\n\n\n\n<p>NUEVA JERSEY.- El Departamento de Polic\u00eda de la ciudad de Raritan en este estado, distante a 71 kil\u00f3metros de Manhattan, advierte a los conductores que transitan por el \u00e1rea que un falso polic\u00eda en un autom\u00f3vil sin identificaci\u00f3n intentaba detener veh\u00edculos.<\/p>\n\n\n\n<p>M\u00faltiples choferes dominicanos transitan a diario por el lugar.<\/p>\n\n\n\n<p>La Polic\u00eda ha iniciado una investigaci\u00f3n luego de varios informes sobre la situaci\u00f3n, y los conductores que sospechen que un polic\u00eda falso est\u00e1 tratando de detenerlos deben hacer lo siguiente:<\/p>\n\n\n\n<p>Encender las luces intermitentes, conduzca a la velocidad l\u00edmite y llame al 911 desde su celular. D\u00edgale al operador del 911 que le preocupa que alguien intente detenerlo en un auto sin identificaci\u00f3n que podr\u00eda no ser un polic\u00eda.<\/p>\n\n\n\n<p>Pedir al operador que verifique si el auto que intenta detenerlo es efectivamente un agente del orden.<\/p>\n\n\n\n<p>Si no tiene un tel\u00e9fono celular, conduzca hasta un \u00e1rea concurrida y bien iluminada, como el estacionamiento de una tienda concurrida, un supermercado o una tienda de conveniencia.<\/p>\n\n\n\n<p>Anote los detalles de identificaci\u00f3n (tipo de veh\u00edculo, matr\u00edcula, n\u00famero de placa). Informe cualquier cosa sospechosa a la polic\u00eda; no espere para realizar una denuncia, y mantener la calma<\/p>\n\n\n\n<p><\/p>\n","protected":false},"excerpt":{"rendered":"<p>Por Ram\u00f3n Mercedes NUEVA JERSEY.- El Departamento de Polic\u00eda de la ciudad de Raritan en este estado, distante a 71 kil\u00f3metros de Manhattan, advierte a los conductores que transitan por&hellip;<\/p>\n","protected":false},"author":10,"featured_media":119706,"comment_status":"open","ping_status":"open","sticky":false,"template":"","format":"standard","meta":{"content-type":"","jetpack_post_was_ever_published":false,"_jetpack_newsletter_access":"","_jetpack_dont_email_post_to_subs":false,"_jetpack_newsletter_tier_id":0,"_jetpack_memberships_contains_paywalled_content":false,"_jetpack_memberships_contains_paid_content":false,"footnotes":""},"categories":[16289],"tags":[5290,4372,2441,29392,29391],"class_list":["post-119705","post","type-post","status-publish","format-standard","has-post-thumbnail","hentry","category-internacionales","tag-automovil","tag-conductores","tag-nueva-jersey","tag-police","tag-raritan"],"jetpack_featured_media_url":"https:\/\/lasprimeras.com.do\/wp-content\/uploads\/2026\/01\/IMG-20260116-WA0106.jpg","jetpack-related-posts":[{"id":97065,"url":"https:\/\/lasprimeras.com.do\/index.php\/2025\/04\/14\/a-partir-de-este-miercoles-entraran-en-vigor-nyc-nuevas-reglas-para-vehiculos-con-placas-fantasmas\/","url_meta":{"origin":119705,"position":0},"title":"A partir de este mi\u00e9rcoles entrar\u00e1n en vigor NYC nuevas reglas para veh\u00edculos con placas fantasmas","author":"Nelson Feliz","date":"14 de abril de 2025","format":false,"excerpt":"Por Ram\u00f3n Mercedes NUEVA YORK. Nuevas reglas entrar\u00e1n en vigencia este pr\u00f3ximo mi\u00e9rcoles en esta ciudad contra los autos con placas fantasmas (falsas u ocultas) para evitar la aplicaci\u00f3n de la ley. Las nuevas reglas de la ciudad, que se aplicar\u00e1n a lo que se considera una placa obstruida, dijeron\u2026","rel":"","context":"En \u00abINTERNACIONALES\u00bb","block_context":{"text":"INTERNACIONALES","link":"https:\/\/lasprimeras.com.do\/index.php\/category\/sin-categoria\/internacionales\/"},"img":{"alt_text":"","src":"https:\/\/i0.wp.com\/lasprimeras.com.do\/wp-content\/uploads\/2025\/04\/WhatsApp-Image-2025-04-14-at-7.16.31-AM.jpeg?resize=350%2C200&ssl=1","width":350,"height":200,"srcset":"https:\/\/i0.wp.com\/lasprimeras.com.do\/wp-content\/uploads\/2025\/04\/WhatsApp-Image-2025-04-14-at-7.16.31-AM.jpeg?resize=350%2C200&ssl=1 1x, https:\/\/i0.wp.com\/lasprimeras.com.do\/wp-content\/uploads\/2025\/04\/WhatsApp-Image-2025-04-14-at-7.16.31-AM.jpeg?resize=525%2C300&ssl=1 1.5x, https:\/\/i0.wp.com\/lasprimeras.com.do\/wp-content\/uploads\/2025\/04\/WhatsApp-Image-2025-04-14-at-7.16.31-AM.jpeg?resize=700%2C400&ssl=1 2x"},"classes":[]},{"id":96296,"url":"https:\/\/lasprimeras.com.do\/index.php\/2025\/03\/28\/arrestan-cabo-de-la-policia-con-contrabando-de-cigarrillos-en-elias-pina\/","url_meta":{"origin":119705,"position":1},"title":"Arrestan Cabo de la polic\u00eda con contrabando de cigarrillos en El\u00edas Pi\u00f1a","author":"Nelson Feliz","date":"28 de marzo de 2025","format":false,"excerpt":"Otros dos hombres que le acompa\u00f1aban lograron escapar. Miembros del Ej\u00e9rcito de Rep\u00fablica Dominicana detuvieron a un cabo de la Polic\u00eda Nacional con un contrabando de 80 mil cigarrillos en el veh\u00edculo que conduc\u00eda en el puesto de control El Hig\u00fcerito-El\u00edas Pi\u00f1a. El alistado fue identificado como Eduar Recio Cordero,\u2026","rel":"","context":"En \u00abMILITARES\u00bb","block_context":{"text":"MILITARES","link":"https:\/\/lasprimeras.com.do\/index.php\/category\/militares\/"},"img":{"alt_text":"","src":"https:\/\/i0.wp.com\/lasprimeras.com.do\/wp-content\/uploads\/2025\/03\/armas.jpg?resize=350%2C200&ssl=1","width":350,"height":200,"srcset":"https:\/\/i0.wp.com\/lasprimeras.com.do\/wp-content\/uploads\/2025\/03\/armas.jpg?resize=350%2C200&ssl=1 1x, https:\/\/i0.wp.com\/lasprimeras.com.do\/wp-content\/uploads\/2025\/03\/armas.jpg?resize=525%2C300&ssl=1 1.5x, https:\/\/i0.wp.com\/lasprimeras.com.do\/wp-content\/uploads\/2025\/03\/armas.jpg?resize=700%2C400&ssl=1 2x"},"classes":[]},{"id":71654,"url":"https:\/\/lasprimeras.com.do\/index.php\/2023\/12\/21\/digesett-detiene-nueve-conductores-por-carreras-clandestinas\/","url_meta":{"origin":119705,"position":2},"title":"DIGESETT detiene nueve conductores por carreras clandestinas","author":"BIMARY DE JES\u00daS Matos","date":"21 de diciembre de 2023","format":false,"excerpt":"SANTO DOMINGO.\u2013 La Direcci\u00f3n General de Seguridad de Tr\u00e1nsito y Transporte Terrestre (DIGESETT) sigue reforzando los operativos en contra de los conductores de veh\u00edculos y motocicletas que realizan carreras clandestinas, quienes ponen en peligro sus vidas y la de los dem\u00e1s. El departamento de Inteligencia Vial de la entidad junto\u2026","rel":"","context":"En \u00abNACIONALES\u00bb","block_context":{"text":"NACIONALES","link":"https:\/\/lasprimeras.com.do\/index.php\/category\/nacionales\/"},"img":{"alt_text":"","src":"https:\/\/i0.wp.com\/lasprimeras.com.do\/wp-content\/uploads\/2023\/12\/WhatsApp-Image-2023-12-21-at-1.17.44-PM.webp?resize=350%2C200&ssl=1","width":350,"height":200,"srcset":"https:\/\/i0.wp.com\/lasprimeras.com.do\/wp-content\/uploads\/2023\/12\/WhatsApp-Image-2023-12-21-at-1.17.44-PM.webp?resize=350%2C200&ssl=1 1x, https:\/\/i0.wp.com\/lasprimeras.com.do\/wp-content\/uploads\/2023\/12\/WhatsApp-Image-2023-12-21-at-1.17.44-PM.webp?resize=525%2C300&ssl=1 1.5x"},"classes":[]},{"id":78542,"url":"https:\/\/lasprimeras.com.do\/index.php\/2024\/03\/17\/autoridades-de-nuevo-mexico-detienen-hombre-que-mato-a-tiros-un-policia-estatal\/","url_meta":{"origin":119705,"position":3},"title":"Autoridades de Nuevo M\u00e9xico detienen hombre que mat\u00f3 a tiros un polic\u00eda estatal","author":"Nelson Feliz","date":"17 de marzo de 2024","format":false,"excerpt":"SANTA FE, Nuevo M\u00e9xico (AP) \u2014 Un sospechoso de la muerte a tiros de un oficial de polic\u00eda estatal fue capturado el domingo por agentes del orden en el \u00e1rea de Albuquerque bas\u00e1ndose en una pista de un empleado de una gasolinera, dijeron las autoridades el domingo en una conferencia\u2026","rel":"","context":"En \u00abSin categor\u00eda\u00bb","block_context":{"text":"Sin categor\u00eda","link":"https:\/\/lasprimeras.com.do\/index.php\/category\/sin-categoria\/"},"img":{"alt_text":"polic\u00eda estatal","src":"https:\/\/i0.wp.com\/lasprimeras.com.do\/wp-content\/uploads\/2024\/03\/policia-estatal.jpg?resize=350%2C200&ssl=1","width":350,"height":200,"srcset":"https:\/\/i0.wp.com\/lasprimeras.com.do\/wp-content\/uploads\/2024\/03\/policia-estatal.jpg?resize=350%2C200&ssl=1 1x, https:\/\/i0.wp.com\/lasprimeras.com.do\/wp-content\/uploads\/2024\/03\/policia-estatal.jpg?resize=525%2C300&ssl=1 1.5x, https:\/\/i0.wp.com\/lasprimeras.com.do\/wp-content\/uploads\/2024\/03\/policia-estatal.jpg?resize=700%2C400&ssl=1 2x"},"classes":[]},{"id":75124,"url":"https:\/\/lasprimeras.com.do\/index.php\/2024\/01\/29\/digesett-detiene-motocicletas-corredoras-y-vehiculos-en-carreras-clandestinas\/","url_meta":{"origin":119705,"position":4},"title":"DIGESETT detiene motocicletas corredoras y veh\u00edculos en carreras clandestinas","author":"BIMARY DE JES\u00daS Matos","date":"29 de enero de 2024","format":false,"excerpt":"Martin Restituyo Santo DomingoEn coordinaci\u00f3n con la Polic\u00eda Preventiva y el departamento de Inteligencia Vial de la Direcci\u00f3n General de Seguridad de Tr\u00e1nsito y Transporte Terrestre (DIGESETT) se logr\u00f3 detener cinco (5) motocicletas conocidas como \"corredoras\" y tres (3) veh\u00edculos utilizados como transporte en las carreras clandestinas. Estas motocicletas, que\u2026","rel":"","context":"En \u00abPORTADA\u00bb","block_context":{"text":"PORTADA","link":"https:\/\/lasprimeras.com.do\/index.php\/category\/portada\/"},"img":{"alt_text":"","src":"https:\/\/i0.wp.com\/lasprimeras.com.do\/wp-content\/uploads\/2024\/01\/WhatsApp-Image-2024-01-29-at-3.07.47-PM.jpeg?resize=350%2C200&ssl=1","width":350,"height":200,"srcset":"https:\/\/i0.wp.com\/lasprimeras.com.do\/wp-content\/uploads\/2024\/01\/WhatsApp-Image-2024-01-29-at-3.07.47-PM.jpeg?resize=350%2C200&ssl=1 1x, https:\/\/i0.wp.com\/lasprimeras.com.do\/wp-content\/uploads\/2024\/01\/WhatsApp-Image-2024-01-29-at-3.07.47-PM.jpeg?resize=525%2C300&ssl=1 1.5x, https:\/\/i0.wp.com\/lasprimeras.com.do\/wp-content\/uploads\/2024\/01\/WhatsApp-Image-2024-01-29-at-3.07.47-PM.jpeg?resize=700%2C400&ssl=1 2x, https:\/\/i0.wp.com\/lasprimeras.com.do\/wp-content\/uploads\/2024\/01\/WhatsApp-Image-2024-01-29-at-3.07.47-PM.jpeg?resize=1050%2C600&ssl=1 3x"},"classes":[]},{"id":78478,"url":"https:\/\/lasprimeras.com.do\/index.php\/2024\/03\/17\/arrestan-en-nueva-jersey-hombre-sospechoso-de-matar-a-3-personas-en-filadelfia\/","url_meta":{"origin":119705,"position":5},"title":"Arrestan en Nueva Jersey hombre sospechoso de matar a 3 personas en Filadelfia","author":"Nelson Feliz","date":"17 de marzo de 2024","format":false,"excerpt":"POR MIKE CATALINI Y RON TODT TRENTON, Nueva Jersey (AP) \u2014 Un hombre sospechoso de matar a tiros a tres miembros de su familia en sus casas en el \u00e1rea de Filadelfia el s\u00e1bado fue arrestado en Nueva Jersey despu\u00e9s de evadir a la polic\u00eda durante horas mientras la polic\u00eda\u2026","rel":"","context":"En \u00abSin categor\u00eda\u00bb","block_context":{"text":"Sin categor\u00eda","link":"https:\/\/lasprimeras.com.do\/index.php\/category\/sin-categoria\/"},"img":{"alt_text":"","src":"https:\/\/i0.wp.com\/lasprimeras.com.do\/wp-content\/uploads\/2024\/03\/preso-1.jpg?resize=350%2C200&ssl=1","width":350,"height":200,"srcset":"https:\/\/i0.wp.com\/lasprimeras.com.do\/wp-content\/uploads\/2024\/03\/preso-1.jpg?resize=350%2C200&ssl=1 1x, https:\/\/i0.wp.com\/lasprimeras.com.do\/wp-content\/uploads\/2024\/03\/preso-1.jpg?resize=525%2C300&ssl=1 1.5x, https:\/\/i0.wp.com\/lasprimeras.com.do\/wp-content\/uploads\/2024\/03\/preso-1.jpg?resize=700%2C400&ssl=1 2x"},"classes":[]}],"jetpack_sharing_enabled":true,"_links":{"self":[{"href":"https:\/\/lasprimeras.com.do\/index.php\/wp-json\/wp\/v2\/posts\/119705","targetHints":{"allow":["GET"]}}],"collection":[{"href":"https:\/\/lasprimeras.com.do\/index.php\/wp-json\/wp\/v2\/posts"}],"about":[{"href":"https:\/\/lasprimeras.com.do\/index.php\/wp-json\/wp\/v2\/types\/post"}],"author":[{"embeddable":true,"href":"https:\/\/lasprimeras.com.do\/index.php\/wp-json\/wp\/v2\/users\/10"}],"replies":[{"embeddable":true,"href":"https:\/\/lasprimeras.com.do\/index.php\/wp-json\/wp\/v2\/comments?post=119705"}],"version-history":[{"count":1,"href":"https:\/\/lasprimeras.com.do\/index.php\/wp-json\/wp\/v2\/posts\/119705\/revisions"}],"predecessor-version":[{"id":119707,"href":"https:\/\/lasprimeras.com.do\/index.php\/wp-json\/wp\/v2\/posts\/119705\/revisions\/119707"}],"wp:featuredmedia":[{"embeddable":true,"href":"https:\/\/lasprimeras.com.do\/index.php\/wp-json\/wp\/v2\/media\/119706"}],"wp:attachment":[{"href":"https:\/\/lasprimeras.com.do\/index.php\/wp-json\/wp\/v2\/media?parent=119705"}],"wp:term":[{"taxonomy":"category","embeddable":true,"href":"https:\/\/lasprimeras.com.do\/index.php\/wp-json\/wp\/v2\/categories?post=119705"},{"taxonomy":"post_tag","embeddable":true,"href":"https:\/\/lasprimeras.com.do\/index.php\/wp-json\/wp\/v2\/tags?post=119705"}],"curies":[{"name":"wp","href":"https:\/\/api.w.org\/{rel}","templated":true}]}}