{"id":119708,"date":"2026-01-16T08:12:44","date_gmt":"2026-01-16T12:12:44","guid":{"rendered":"https:\/\/lasprimeras.com.do\/?p=119708"},"modified":"2026-01-16T08:12:45","modified_gmt":"2026-01-16T12:12:45","slug":"gobernadora-ny-anuncia-reduccion-costo-seguros-de-autos-miles-dominicanos-se-beneficiaran","status":"publish","type":"post","link":"https:\/\/lasprimeras.com.do\/index.php\/2026\/01\/16\/gobernadora-ny-anuncia-reduccion-costo-seguros-de-autos-miles-dominicanos-se-beneficiaran\/","title":{"rendered":"Gobernadora NY anuncia reducci\u00f3n costo seguros de autos; miles dominicanos se beneficiar\u00e1n"},"content":{"rendered":"\n<p>Por Ram\u00f3n Mercedes<\/p>\n\n\n\n<p>NUEVA YORK.- Cientos de miles de conductores, entre ellos miles de dominicanos, que han mantenido el grito al cierlo por el elevado costo de los seguros de sus automoviles, tendr\u00e1n un respiro a su favor.<\/p>\n\n\n\n<p>La gobernadora Kathy Hochul present\u00f3 esta semana amplias reformas al seguro de autom\u00f3vil para reducir su costo.<\/p>\n\n\n\n<p>As\u00ed lo inform\u00f3 durante su discurso del Estado 2026, al delinear un plan para combatir el fraude y reducir dr\u00e1sticamente los elevados costos de los seguros que est\u00e1n presionando los presupuestos familiares.<\/p>\n\n\n\n<p>El plan de la Gobernadora aborda de frente los principales factores que impulsan los costos al cerrar vac\u00edos legales explotados por malos actores, fortalecer la aplicaci\u00f3n de leyes contra el fraude, actualizar normas legales obsoletas y modernizar las reglas de responsabilidad que durante a\u00f1os han alimentado el aumento de las primas del seguro de autom\u00f3vil.<\/p>\n\n\n\n<p>\u201cDurante a\u00f1os, las familias trabajadoras de El Bronx, Brooklyn, Queens y los vecindarios inmigrantes de nuestra ciudad han pagado algunas de las tarifas de seguro de autom\u00f3vil m\u00e1s altas del pa\u00eds, mientras actores inescrupulosos explotaban el sistema para lucrarse\u201d, se inform\u00f3.<\/p>\n\n\n\n<p>Actualmente, los conductores de Nueva York pagan un promedio de $336 al mes por seguro de autom\u00f3vil -casi $4,030 al a\u00f1o por cobertura completa, aproximadamente $1,500 m\u00e1s que el promedio nacional.<\/p>\n\n\n\n<p>Pero en los vecindarios de clase trabajadora de NYC la crisis es mucho m\u00e1s grave:<\/p>\n\n\n\n<p>En Brooklyn y El Bronx, las familias pagan aproximadamente $6,000 al a\u00f1o, m\u00e1s del doble del promedio nacional. Para una familia de El Bronx que gana $60,000 al a\u00f1o, los costos del seguro consumen m\u00e1s del 10% de todo su ingreso familiar.<\/p>\n\n\n\n<p>Los peque\u00f1os empresarios -desde due\u00f1os de bodegas hasta conductores de veh\u00edculos de alquiler y servicios de entrega- ven c\u00f3mo estos costos se trasladan directamente a los clientes, elevando el costo de vida de comunidades enteras.<\/p>\n\n\n\n<p>Incluso quienes no conducen sienten el impacto a trav\u00e9s de tarifas m\u00e1s altas de taxis, costos de viajes compartidos y precios m\u00e1s elevados en todo, desde comida para llevar hasta entregas de supermercado. \u201cEsto se trata de supervivencia econ\u00f3mica\u201d.<\/p>\n","protected":false},"excerpt":{"rendered":"<p>Katty Hochul <\/p>\n","protected":false},"author":10,"featured_media":119709,"comment_status":"open","ping_status":"open","sticky":false,"template":"","format":"standard","meta":{"content-type":"","jetpack_post_was_ever_published":false,"_jetpack_newsletter_access":"","_jetpack_dont_email_post_to_subs":false,"_jetpack_newsletter_tier_id":0,"_jetpack_memberships_contains_paywalled_content":false,"_jetpack_memberships_contains_paid_content":false,"footnotes":""},"categories":[16289],"tags":[4028,26937,3178,29393],"class_list":["post-119708","post","type-post","status-publish","format-standard","has-post-thumbnail","hentry","category-internacionales","tag-costo","tag-gobernadora-kathy-hochul","tag-reduccion","tag-seguros-autos"],"jetpack_featured_media_url":"https:\/\/lasprimeras.com.do\/wp-content\/uploads\/2026\/01\/IMG-20260114-WA00831.jpg","jetpack-related-posts":[{"id":72813,"url":"https:\/\/lasprimeras.com.do\/index.php\/2024\/01\/03\/200-millones-para-alimentar-2-millones-de-ninos-en-nys\/","url_meta":{"origin":119708,"position":0},"title":"$200 millones para alimentar 2 millones de ni\u00f1os en NYS","author":"Nelson Feliz","date":"3 de enero de 2024","format":false,"excerpt":"La gobernadora Kathy Hochul anunci\u00f3 hoy m\u00e1s de $200 millones para comidas de verano para aproximadamente 2 millones de ni\u00f1os en edad escolar de bajos ingresos en Nueva York. Tras la decisi\u00f3n de la Gobernadora Hochul de incluir a Nueva York en el Programa de Transferencia Electr\u00f3nica de Beneficios de\u2026","rel":"","context":"En \u00abSin categor\u00eda\u00bb","block_context":{"text":"Sin categor\u00eda","link":"https:\/\/lasprimeras.com.do\/index.php\/category\/sin-categoria\/"},"img":{"alt_text":"Kathy Hochul","src":"https:\/\/i0.wp.com\/lasprimeras.com.do\/wp-content\/uploads\/2024\/01\/Gobernadora-Kathy-Hochul.png?resize=350%2C200&ssl=1","width":350,"height":200,"srcset":"https:\/\/i0.wp.com\/lasprimeras.com.do\/wp-content\/uploads\/2024\/01\/Gobernadora-Kathy-Hochul.png?resize=350%2C200&ssl=1 1x, https:\/\/i0.wp.com\/lasprimeras.com.do\/wp-content\/uploads\/2024\/01\/Gobernadora-Kathy-Hochul.png?resize=525%2C300&ssl=1 1.5x, https:\/\/i0.wp.com\/lasprimeras.com.do\/wp-content\/uploads\/2024\/01\/Gobernadora-Kathy-Hochul.png?resize=700%2C400&ssl=1 2x"},"classes":[]},{"id":81784,"url":"https:\/\/lasprimeras.com.do\/index.php\/2024\/04\/24\/kathy-hochul-y-manny-de-los-santos-visitan-bodega-dominicana-del-alto-manhattan\/","url_meta":{"origin":119708,"position":1},"title":"Kathy Hochul y Manny De Los Santos visitan\u00a0 bodega dominicana del Alto Manhattan","author":"Nelson Feliz","date":"24 de abril de 2024","format":false,"excerpt":"El encuentro se produce en el marco de la nueva Ley de Protecci\u00f3n al Trabajador Minorista que indujo el legislador De Los Santos. Por Aquiles Rojas NUEVA YORK*. -La gobernadora del Estado Nueva York, Kathy Hochul y asamble\u00edsta de origen dominicano, Manny De Los Santos, quien representa el distrito 72\u2026","rel":"","context":"En \u00abSin categor\u00eda\u00bb","block_context":{"text":"Sin categor\u00eda","link":"https:\/\/lasprimeras.com.do\/index.php\/category\/sin-categoria\/"},"img":{"alt_text":"Kathy Hochul y Manny De Los Santos","src":"https:\/\/i0.wp.com\/lasprimeras.com.do\/wp-content\/uploads\/2024\/04\/Kathy-Hochul-y-Manny-De-Los-Santos.jpg?resize=350%2C200&ssl=1","width":350,"height":200,"srcset":"https:\/\/i0.wp.com\/lasprimeras.com.do\/wp-content\/uploads\/2024\/04\/Kathy-Hochul-y-Manny-De-Los-Santos.jpg?resize=350%2C200&ssl=1 1x, https:\/\/i0.wp.com\/lasprimeras.com.do\/wp-content\/uploads\/2024\/04\/Kathy-Hochul-y-Manny-De-Los-Santos.jpg?resize=525%2C300&ssl=1 1.5x, https:\/\/i0.wp.com\/lasprimeras.com.do\/wp-content\/uploads\/2024\/04\/Kathy-Hochul-y-Manny-De-Los-Santos.jpg?resize=700%2C400&ssl=1 2x"},"classes":[]},{"id":99746,"url":"https:\/\/lasprimeras.com.do\/index.php\/2025\/05\/26\/asambleista-george-alvarez-aplaude-firma-de-la-gobernadora-hochul-en-un-nuevo-paquete-legislativo\/","url_meta":{"origin":119708,"position":2},"title":"Asamble\u00edsta George \u00c1lvarez aplaude firma de la gobernadora Hochul en un nuevo paquete legislativo","author":"Nelson Feliz","date":"26 de mayo de 2025","format":false,"excerpt":"Bajo el t\u00edtulo de \u201cDinero en tus bolsillos\u201d es alivio fiscal hist\u00f3rico y apoyo a las familias trabajadoras El Bronx, NY \u2014 Hoy, el asamble\u00edsta de origen dominicano, George \u00c1lvarez (AD78) emiti\u00f3 una declaraci\u00f3n en la que celebra la firma del Presupuesto Estatal Enmendado del A\u00f1o Fiscal 2026 por parte\u2026","rel":"","context":"En \u00abECONOM\u00cdA\u00bb","block_context":{"text":"ECONOM\u00cdA","link":"https:\/\/lasprimeras.com.do\/index.php\/category\/economia\/"},"img":{"alt_text":"","src":"https:\/\/i0.wp.com\/lasprimeras.com.do\/wp-content\/uploads\/2025\/05\/Asambleista-George-Alvarez.png?resize=350%2C200&ssl=1","width":350,"height":200},"classes":[]},{"id":123948,"url":"https:\/\/lasprimeras.com.do\/index.php\/2026\/03\/06\/respaldan-propuesta-de-gobernadora-de-ny-contra-fraude-en-seguros\/","url_meta":{"origin":119708,"position":3},"title":"Respaldan propuesta de gobernadora de NY contra fraude en seguros","author":"Nelson Feliz","date":"6 de marzo de 2026","format":false,"excerpt":"Por Ram\u00f3n Mercedes NUEVA YORK.- El presidente del consorcio High Class en esta ciudad, el empresario Antonio Cabrera (Tuly), quien agrupa a cientos de conductores taxistas, manifest\u00f3 su apoyo a la propuesta de la gobernadora del estado, Kathy Hochul, para combatir el fraude en el sistema estatal de seguros de\u2026","rel":"","context":"En \u00abINTERNACIONALES\u00bb","block_context":{"text":"INTERNACIONALES","link":"https:\/\/lasprimeras.com.do\/index.php\/category\/sin-categoria\/internacionales\/"},"img":{"alt_text":"","src":"https:\/\/i0.wp.com\/lasprimeras.com.do\/wp-content\/uploads\/2026\/03\/Apoya-propuesta-gobernadora-de-NY-para-combatir-el-fraude-en-el-sistema-estatal-de-seguros-de-automoviles.jpg?resize=350%2C200&ssl=1","width":350,"height":200,"srcset":"https:\/\/i0.wp.com\/lasprimeras.com.do\/wp-content\/uploads\/2026\/03\/Apoya-propuesta-gobernadora-de-NY-para-combatir-el-fraude-en-el-sistema-estatal-de-seguros-de-automoviles.jpg?resize=350%2C200&ssl=1 1x, https:\/\/i0.wp.com\/lasprimeras.com.do\/wp-content\/uploads\/2026\/03\/Apoya-propuesta-gobernadora-de-NY-para-combatir-el-fraude-en-el-sistema-estatal-de-seguros-de-automoviles.jpg?resize=525%2C300&ssl=1 1.5x, https:\/\/i0.wp.com\/lasprimeras.com.do\/wp-content\/uploads\/2026\/03\/Apoya-propuesta-gobernadora-de-NY-para-combatir-el-fraude-en-el-sistema-estatal-de-seguros-de-automoviles.jpg?resize=700%2C400&ssl=1 2x"},"classes":[]},{"id":99596,"url":"https:\/\/lasprimeras.com.do\/index.php\/2025\/05\/23\/gobernadora-kathy-hochul-dice-menos-muertes-por-sobredosis-en-ny\/","url_meta":{"origin":119708,"position":4},"title":"Gobernadora Kathy Hochul dice \u00abmenos muertes por sobredosis en NY\u00bb","author":"Nelson Feliz","date":"23 de mayo de 2025","format":false,"excerpt":"Por Ram\u00f3n Mercedes NUEVA YORK.- La gobernadora Kathy Hochul anunci\u00f3 en esta semana cifras preliminares de los Centros para el Control y la Prevenci\u00f3n de Enfermedades (CDC) que confirman la reducci\u00f3n de muertes por sobredosis de drogas en el estado de Nueva York, durante el a\u00f1o pasado. Dominicanos figuran entre\u2026","rel":"","context":"En \u00abINTERNACIONALES\u00bb","block_context":{"text":"INTERNACIONALES","link":"https:\/\/lasprimeras.com.do\/index.php\/category\/sin-categoria\/internacionales\/"},"img":{"alt_text":"Gobernadora dice \u00abmenos muertes por sobredosis en NY\u00bb","src":"https:\/\/i0.wp.com\/lasprimeras.com.do\/wp-content\/uploads\/2025\/05\/WhatsApp-Image-2025-05-23-at-6.44.53-AM.jpeg?resize=350%2C200&ssl=1","width":350,"height":200,"srcset":"https:\/\/i0.wp.com\/lasprimeras.com.do\/wp-content\/uploads\/2025\/05\/WhatsApp-Image-2025-05-23-at-6.44.53-AM.jpeg?resize=350%2C200&ssl=1 1x, https:\/\/i0.wp.com\/lasprimeras.com.do\/wp-content\/uploads\/2025\/05\/WhatsApp-Image-2025-05-23-at-6.44.53-AM.jpeg?resize=525%2C300&ssl=1 1.5x, https:\/\/i0.wp.com\/lasprimeras.com.do\/wp-content\/uploads\/2025\/05\/WhatsApp-Image-2025-05-23-at-6.44.53-AM.jpeg?resize=700%2C400&ssl=1 2x"},"classes":[]},{"id":93775,"url":"https:\/\/lasprimeras.com.do\/index.php\/2025\/02\/19\/demandara-ny-por-no-permitir-verificar-archivos-licencias-conducir-indocumentados-dominicanos-poseen\/","url_meta":{"origin":119708,"position":5},"title":"Demandar\u00e1 NY por no permitir verificar archivos licencias conducir indocumentados; dominicanos poseen","author":"Nelson Feliz","date":"19 de febrero de 2025","format":false,"excerpt":"Por Ram\u00f3n Mercedes NUEVA YORK.- El Departamento de Justica de los Estados Unidos (DOJ) anunci\u00f3 que demandar\u00e1 a la gobernadora Kathy Hochul y a la fiscal estatal Letitia James por no seguir las ordenanzas federales de inmigraci\u00f3n. Pam Bondi, fiscal general de esta naci\u00f3n, dijo esperar que el alcalde Eric\u2026","rel":"","context":"En \u00abINTERNACIONALES\u00bb","block_context":{"text":"INTERNACIONALES","link":"https:\/\/lasprimeras.com.do\/index.php\/category\/sin-categoria\/internacionales\/"},"img":{"alt_text":"","src":"https:\/\/i0.wp.com\/lasprimeras.com.do\/wp-content\/uploads\/2025\/02\/WhatsApp-Image-2025-02-19-at-4.38.52-AM-2.jpeg?resize=350%2C200&ssl=1","width":350,"height":200,"srcset":"https:\/\/i0.wp.com\/lasprimeras.com.do\/wp-content\/uploads\/2025\/02\/WhatsApp-Image-2025-02-19-at-4.38.52-AM-2.jpeg?resize=350%2C200&ssl=1 1x, https:\/\/i0.wp.com\/lasprimeras.com.do\/wp-content\/uploads\/2025\/02\/WhatsApp-Image-2025-02-19-at-4.38.52-AM-2.jpeg?resize=525%2C300&ssl=1 1.5x, https:\/\/i0.wp.com\/lasprimeras.com.do\/wp-content\/uploads\/2025\/02\/WhatsApp-Image-2025-02-19-at-4.38.52-AM-2.jpeg?resize=700%2C400&ssl=1 2x"},"classes":[]}],"jetpack_sharing_enabled":true,"_links":{"self":[{"href":"https:\/\/lasprimeras.com.do\/index.php\/wp-json\/wp\/v2\/posts\/119708","targetHints":{"allow":["GET"]}}],"collection":[{"href":"https:\/\/lasprimeras.com.do\/index.php\/wp-json\/wp\/v2\/posts"}],"about":[{"href":"https:\/\/lasprimeras.com.do\/index.php\/wp-json\/wp\/v2\/types\/post"}],"author":[{"embeddable":true,"href":"https:\/\/lasprimeras.com.do\/index.php\/wp-json\/wp\/v2\/users\/10"}],"replies":[{"embeddable":true,"href":"https:\/\/lasprimeras.com.do\/index.php\/wp-json\/wp\/v2\/comments?post=119708"}],"version-history":[{"count":1,"href":"https:\/\/lasprimeras.com.do\/index.php\/wp-json\/wp\/v2\/posts\/119708\/revisions"}],"predecessor-version":[{"id":119710,"href":"https:\/\/lasprimeras.com.do\/index.php\/wp-json\/wp\/v2\/posts\/119708\/revisions\/119710"}],"wp:featuredmedia":[{"embeddable":true,"href":"https:\/\/lasprimeras.com.do\/index.php\/wp-json\/wp\/v2\/media\/119709"}],"wp:attachment":[{"href":"https:\/\/lasprimeras.com.do\/index.php\/wp-json\/wp\/v2\/media?parent=119708"}],"wp:term":[{"taxonomy":"category","embeddable":true,"href":"https:\/\/lasprimeras.com.do\/index.php\/wp-json\/wp\/v2\/categories?post=119708"},{"taxonomy":"post_tag","embeddable":true,"href":"https:\/\/lasprimeras.com.do\/index.php\/wp-json\/wp\/v2\/tags?post=119708"}],"curies":[{"name":"wp","href":"https:\/\/api.w.org\/{rel}","templated":true}]}}