{"id":119788,"date":"2026-01-18T11:14:14","date_gmt":"2026-01-18T15:14:14","guid":{"rendered":"https:\/\/lasprimeras.com.do\/?p=119788"},"modified":"2026-01-18T11:14:16","modified_gmt":"2026-01-18T15:14:16","slug":"el-secretario-general-del-pld-el-gobierno-insiste-en-violentar-ley-de-acceso-a-la-informacion-publica","status":"publish","type":"post","link":"https:\/\/lasprimeras.com.do\/index.php\/2026\/01\/18\/el-secretario-general-del-pld-el-gobierno-insiste-en-violentar-ley-de-acceso-a-la-informacion-publica\/","title":{"rendered":"El Secretario general del PLD: \u201cEl gobierno insiste en violentar ley de Acceso a la Informaci\u00f3n P\u00fablica\u201d"},"content":{"rendered":"\n<p>El secretario general del Partido de la Liberaci\u00f3n Dominicana, Johnny Pujols, denunci\u00f3 la persistencia del gobierno en violentar la ley de Acceso a la Informaci\u00f3n P\u00fablica, ya que los medios de comunicaci\u00f3n, los ciudadanos y el partido morado han venido solicitando informaciones sobre ejecutorias de instituciones p\u00fablicas, las cuales no son entregadas, y cuando suelen entregar algo, lo ofrecen incompleto.<\/p>\n\n\n\n<p>Pujols, manifest\u00f3 que no ha habido m\u00e1s opacidad en los \u00faltimos 20 a\u00f1os que en este gobierno; ah\u00ed hay un medio de informaci\u00f3n que acaba de elevar un recurso por negaci\u00f3n de informaci\u00f3n p\u00fablica. Aqu\u00ed hay una ley de Libre Acceso a la Informaci\u00f3n P\u00fablica del 2004; esa norma ha sido burlada en este gobierno.<\/p>\n\n\n\n<p>El dirigente peledeista, record\u00f3 que en los gobiernos del PLD cualquier periodista o ciudadano solicitaba una informaci\u00f3n p\u00fablica y se entregaba, y con ese mismo documento se les hac\u00edan las cr\u00edticas a las distintas instituciones del Estado, y las mismas se aguantaban, porque les serv\u00eda para corregir, ya que se trataba de una forma de equilibrar, y eso se convert\u00eda en un contrapoder al poder que ten\u00edan los funcionarios p\u00fablicos.<\/p>\n\n\n\n<p>\u201cAhora te niegan la informaci\u00f3n p\u00fablica, te dan muchas vueltas bajo una serie de alegatos esgrimiendo que los documentos de solicitud est\u00e1n incompletos, hasta que el solicitante se desespera, o termina acudiendo al Tribunal Superior Administrativo, que tarda mucho en emitir un fallo ordenando la entrega de la informaci\u00f3n solicitada, y todo ese tiempo se lo gana la instituci\u00f3n que violenta dicha norma\u201d, censur\u00f3 el dirigente opositor al responder preguntas en el programa D\u00b4AGENDA.<\/p>\n\n\n\n<p>Agreg\u00f3 que nadie sabe lo que ocurre en el tiempo que se dilata para que una entidad del Estado entregue una informaci\u00f3n que la ley le obliga, ni la manipulaci\u00f3n que hacen con los datos requeridos, si es que terminan entreg\u00e1ndola, o si tendr\u00e1 sentido usarla al momento que se reciba luego de tantas trabas.<\/p>\n\n\n\n<p><strong>El PLD sobre escoger candidato presidencial este a\u00f1o<\/strong><\/p>\n\n\n\n<p>El secretario general del Partido de la Liberaci\u00f3n Dominicana (PLD) no descarta que esa organizaci\u00f3n pol\u00edtica pueda seleccionar su candidato presidencial para los comicios del 2028 en el presente a\u00f1o, aunque se deba oficializar en el 2027, conforme lo establecen las normas.<\/p>\n\n\n\n<p>Johnny Pujols aclar\u00f3 que, contra el consenso, no hay ley; \u201cporque si un grupo de personas deciden declinar y expresan que el candidato va a ser un determinado dirigente, contra eso no hay normas\u201d<\/p>\n\n\n\n<p>Pujols explic\u00f3 que el Comit\u00e9 Pol\u00edtico de la organizaci\u00f3n opositora le dio potestad al expresidente Danilo Medina para que le diera seguimiento al tema, y este, a su vez, design\u00f3 una comisi\u00f3n conformada por \u00e9l, en su condici\u00f3n de secretario general, Margarita Pimentel, Rub\u00e9n Bichara, Andr\u00e9s Navarro y Robert de la Cruz.<\/p>\n\n\n\n<p>A\u00f1adi\u00f3 que esa comisi\u00f3n se reuni\u00f3 por separado con cada uno de los aspirantes y elabor\u00f3 un documento, que es una especie de protocolo, porque se dieron cuenta de que en el 97% del tema hay concordancia.<\/p>\n\n\n\n<p>El dirigente opositor record\u00f3 que, previo a la actual comisi\u00f3n, existi\u00f3 otra de \u201cunidad y arbitraje\u201d que presidi\u00f3 el profesor Lidio Cadet, la cual logr\u00f3 un gran avance.<\/p>\n\n\n\n<p>Agreg\u00f3 que el centro de la discusi\u00f3n se focalizaba en cu\u00e1ndo y c\u00f3mo se podr\u00eda llevar a cabo el proceso de escogencia del candidato presidencial, o sea, fecha y m\u00e9todo.<\/p>\n\n\n\n<p>\u201cY decidimos que, como ah\u00ed est\u00e1 el desacuerdo, deb\u00edamos avanzar en los dem\u00e1s aspectos, entre ellos uno que tiene que ver con un c\u00f3digo de conducta con la posibilidad de que un aspirante a la candidatura presidencial, luego de no ser seleccionado, pueda aspirar a una posici\u00f3n electiva distinta\u201d, detall\u00f3 el secretario general del PLD.<\/p>\n\n\n\n<p>Entrevistado por H\u00e9ctor Herrera Cabral en el programa D\u00b4AGENDA, Pujols aclar\u00f3 que eso lo deben conocer posteriormente los organismos correspondientes conforme a los estatutos del partido.<\/p>\n\n\n\n<p>\u201cY ah\u00ed tuvimos el primer encuentro con los cuatro aspirantes que hab\u00edan declarado p\u00fablicamente sus aspiraciones, los cuales pertenecen al Comit\u00e9 Pol\u00edtico, porque existen otros dos que tambi\u00e9n han expresado por escrito su intenci\u00f3n de aspirar, pero no pertenecen al principal organismo ejecutivo del partido\u201d, explic\u00f3.<\/p>\n\n\n\n<p>Sostuvo que en el encuentro con los cuatro aspirantes del CP se dieron cuenta de que podr\u00edan seguir avanzando un poco m\u00e1s y ahora est\u00e1n en esa fase de la discusi\u00f3n.<\/p>\n\n\n\n<p>\u201cPorque, como se sabe, contra el consenso no hay ley; si un grupo de personas decide declinar y expresa que el candidato va a ser un determinado dirigente, contra eso no hay normas, pero si hay desacuerdo, eso es lo que nos complica un poco el tema\u201d, advirti\u00f3.<\/p>\n\n\n\n<p>Johnny Pujols, asegur\u00f3 que hay voluntad y consenso entre los aspirantes presidenciales del PLD, tanto quienes lo han expresado de manera p\u00fablica como los que no lo han hecho: \u201cCreo que hay una conciencia, una madurez, un compromiso con la organizaci\u00f3n y la sociedad, que sabe que el pa\u00eds ha comenzado a mirar hacia nosotros\u201d.<\/p>\n\n\n\n<p>El secretario general del PLD, cuestionado en el sentido de que, si no es descartable que el partido morado escoja su candidato presidencial el presente a\u00f1o, Johnny Pujols respondi\u00f3: \u201cNo es descartable\u201d.<\/p>\n","protected":false},"excerpt":{"rendered":"<p>El secretario general del Partido de la Liberaci\u00f3n Dominicana, Johnny Pujols, denunci\u00f3 la persistencia del gobierno en violentar la ley de Acceso a la Informaci\u00f3n P\u00fablica, ya que los medios&hellip;<\/p>\n","protected":false},"author":10,"featured_media":119789,"comment_status":"open","ping_status":"open","sticky":false,"template":"","format":"standard","meta":{"content-type":"","jetpack_post_was_ever_published":false,"_jetpack_newsletter_access":"","_jetpack_dont_email_post_to_subs":false,"_jetpack_newsletter_tier_id":0,"_jetpack_memberships_contains_paywalled_content":false,"_jetpack_memberships_contains_paid_content":false,"footnotes":""},"categories":[16559,25],"tags":[171,17230,4341,29444,269,29443],"class_list":["post-119788","post","type-post","status-publish","format-standard","has-post-thumbnail","hentry","category-politica","category-portada","tag-gobierno","tag-informacion-publica","tag-johnny-pujols","tag-ley-de-acceso","tag-pld","tag-violentar"],"jetpack_featured_media_url":"https:\/\/lasprimeras.com.do\/wp-content\/uploads\/2026\/01\/Johnny-Pujols-entrevistado-por-Hector-Herrera-Cabral.jpeg","jetpack-related-posts":[{"id":120432,"url":"https:\/\/lasprimeras.com.do\/index.php\/2026\/01\/23\/pld-reitera-violaciones-a-ley-de-libre-acceso-a-la-informacion-publica-tweet\/","url_meta":{"origin":119788,"position":0},"title":"PLD reitera violaciones a Ley de Libre Acceso a la Informaci\u00f3n P\u00fablica | Tweet","author":"Nelson Feliz","date":"23 de enero de 2026","format":false,"excerpt":"Johnny Pujols","rel":"","context":"En \u00abPOLITICA\u00bb","block_context":{"text":"POLITICA","link":"https:\/\/lasprimeras.com.do\/index.php\/category\/politica\/"},"img":{"alt_text":"Johnny Pujols","src":"https:\/\/i0.wp.com\/lasprimeras.com.do\/wp-content\/uploads\/2026\/01\/Johnny-Pujols.jpg?resize=350%2C200&ssl=1","width":350,"height":200,"srcset":"https:\/\/i0.wp.com\/lasprimeras.com.do\/wp-content\/uploads\/2026\/01\/Johnny-Pujols.jpg?resize=350%2C200&ssl=1 1x, https:\/\/i0.wp.com\/lasprimeras.com.do\/wp-content\/uploads\/2026\/01\/Johnny-Pujols.jpg?resize=525%2C300&ssl=1 1.5x, https:\/\/i0.wp.com\/lasprimeras.com.do\/wp-content\/uploads\/2026\/01\/Johnny-Pujols.jpg?resize=700%2C400&ssl=1 2x"},"classes":[]},{"id":75842,"url":"https:\/\/lasprimeras.com.do\/index.php\/2024\/02\/05\/johnny-pujols-el-gobierno-del-prm-socava-democracia-con-violaciones-a-las-leyes-electorales\/","url_meta":{"origin":119788,"position":1},"title":"Johnny Pujols: &#8220;El Gobierno del PRM socava democracia con violaciones a las leyes electorales&#8221;","author":"Nelson Feliz","date":"5 de febrero de 2024","format":false,"excerpt":"El uso de los recursos p\u00fablicos promoviendo candidatos del PRM es intento de manipular electoralmente a la poblaci\u00f3n, denuncia Johnny Pujols, del CP del PLD. El miembro del C\u00f3mitre Pol\u00edtico del Partido de la Liberaci\u00f3n Dominicana (PLD), Coordinador de Gabinete de la campa\u00f1a presidencial de esa organizaci\u00f3n, Johnny Pujols, salud\u00f3\u2026","rel":"","context":"En \u00abPORTADA\u00bb","block_context":{"text":"PORTADA","link":"https:\/\/lasprimeras.com.do\/index.php\/category\/portada\/"},"img":{"alt_text":"Johnny Pujols","src":"https:\/\/i0.wp.com\/lasprimeras.com.do\/wp-content\/uploads\/2024\/02\/Johnny-Pujols.jpg?resize=350%2C200&ssl=1","width":350,"height":200,"srcset":"https:\/\/i0.wp.com\/lasprimeras.com.do\/wp-content\/uploads\/2024\/02\/Johnny-Pujols.jpg?resize=350%2C200&ssl=1 1x, https:\/\/i0.wp.com\/lasprimeras.com.do\/wp-content\/uploads\/2024\/02\/Johnny-Pujols.jpg?resize=525%2C300&ssl=1 1.5x"},"classes":[]},{"id":113045,"url":"https:\/\/lasprimeras.com.do\/index.php\/2025\/10\/29\/pld-cuestiona-uso-reiterado-del-estado-de-emergencia\/","url_meta":{"origin":119788,"position":2},"title":"PLD cuestiona uso reiterado del Estado de Emergencia","author":"Nelson Feliz","date":"29 de octubre de 2025","format":false,"excerpt":"Johnny Pujols: \u201cNo podemos abusar del Estado de Emergencia, no hay necesidad de utilizarlo en extremo para darle asistencia a la poblaci\u00f3n.\u201d El Secretario General del Partido de la Liberaci\u00f3n Dominicana (PLD), Johnny Pujols, expres\u00f3 preocupaci\u00f3n ante la frecuencia con que el gobierno recurre al mecanismo de Situaci\u00f3n de Emergencia,\u2026","rel":"","context":"En \u00abPOLITICA\u00bb","block_context":{"text":"POLITICA","link":"https:\/\/lasprimeras.com.do\/index.php\/category\/politica\/"},"img":{"alt_text":"Johnny Pujols","src":"https:\/\/i0.wp.com\/lasprimeras.com.do\/wp-content\/uploads\/2025\/10\/Johnny-Pujols-3.jpg?resize=350%2C200&ssl=1","width":350,"height":200,"srcset":"https:\/\/i0.wp.com\/lasprimeras.com.do\/wp-content\/uploads\/2025\/10\/Johnny-Pujols-3.jpg?resize=350%2C200&ssl=1 1x, https:\/\/i0.wp.com\/lasprimeras.com.do\/wp-content\/uploads\/2025\/10\/Johnny-Pujols-3.jpg?resize=525%2C300&ssl=1 1.5x, https:\/\/i0.wp.com\/lasprimeras.com.do\/wp-content\/uploads\/2025\/10\/Johnny-Pujols-3.jpg?resize=700%2C400&ssl=1 2x"},"classes":[]},{"id":102810,"url":"https:\/\/lasprimeras.com.do\/index.php\/2025\/07\/08\/johnny-pujols-comite-politico-del-pld-conocera-sentencia-del-tse\/","url_meta":{"origin":119788,"position":3},"title":"Johnny Pujols: Comit\u00e9 Pol\u00edtico del PLD conocer\u00e1 sentencia del TSE","author":"Nelson Feliz","date":"8 de julio de 2025","format":false,"excerpt":"Secretario General del PLD ratifica convocatoria del Comit\u00e9 Pol\u00edtico para el pr\u00f3ximo jueves en horas de la ma\u00f1ana. El Comit\u00e9 Pol\u00edtico del Partido de la Liberaci\u00f3n dominicana se reunir\u00e1 el pr\u00f3ximo jueves para analizar la sentencia del Tribunal Superior Electoral (TSE-01-0010-2025) sobre las aspiraciones a precandidaturas presidencial. La informaci\u00f3n fue\u2026","rel":"","context":"En \u00abPOLITICA\u00bb","block_context":{"text":"POLITICA","link":"https:\/\/lasprimeras.com.do\/index.php\/category\/politica\/"},"img":{"alt_text":"","src":"https:\/\/i0.wp.com\/lasprimeras.com.do\/wp-content\/uploads\/2025\/05\/Johnny-Pujols-2.jpg?resize=350%2C200&ssl=1","width":350,"height":200,"srcset":"https:\/\/i0.wp.com\/lasprimeras.com.do\/wp-content\/uploads\/2025\/05\/Johnny-Pujols-2.jpg?resize=350%2C200&ssl=1 1x, https:\/\/i0.wp.com\/lasprimeras.com.do\/wp-content\/uploads\/2025\/05\/Johnny-Pujols-2.jpg?resize=525%2C300&ssl=1 1.5x, https:\/\/i0.wp.com\/lasprimeras.com.do\/wp-content\/uploads\/2025\/05\/Johnny-Pujols-2.jpg?resize=700%2C400&ssl=1 2x"},"classes":[]},{"id":102522,"url":"https:\/\/lasprimeras.com.do\/index.php\/2025\/07\/06\/johnny-pujols-el-clientelismo-es-un-mal-para-la-democracia-dominicana-que-debemos-erradicar-como-sociedad\/","url_meta":{"origin":119788,"position":4},"title":"Johnny Pujols: \u201cEl clientelismo es un mal para la democracia dominicana que debemos erradicar como sociedad\u201d","author":"Nelson Feliz","date":"6 de julio de 2025","format":false,"excerpt":"El secretario general del Partido de la Liberaci\u00f3n Dominicana (PLD), Johnny Pujols, advirti\u00f3 sobre los riesgos que enfrenta la democracia dominicana si no se combate de manera firme el uso del clientelismo pol\u00edtico, al participar en el acto de investidura del Diplomado Especializado en Administraci\u00f3n Electoral impartido por el IESPEC,\u2026","rel":"","context":"En \u00abPOLITICA\u00bb","block_context":{"text":"POLITICA","link":"https:\/\/lasprimeras.com.do\/index.php\/category\/politica\/"},"img":{"alt_text":"Johnny Pujols","src":"https:\/\/i0.wp.com\/lasprimeras.com.do\/wp-content\/uploads\/2025\/07\/Johnny-Pujols-1.jpg?resize=350%2C200&ssl=1","width":350,"height":200,"srcset":"https:\/\/i0.wp.com\/lasprimeras.com.do\/wp-content\/uploads\/2025\/07\/Johnny-Pujols-1.jpg?resize=350%2C200&ssl=1 1x, https:\/\/i0.wp.com\/lasprimeras.com.do\/wp-content\/uploads\/2025\/07\/Johnny-Pujols-1.jpg?resize=525%2C300&ssl=1 1.5x, https:\/\/i0.wp.com\/lasprimeras.com.do\/wp-content\/uploads\/2025\/07\/Johnny-Pujols-1.jpg?resize=700%2C400&ssl=1 2x"},"classes":[]},{"id":105102,"url":"https:\/\/lasprimeras.com.do\/index.php\/2025\/07\/30\/johnny-pujols-advierte-sobre-riesgos-para-la-democracia-y-senala-errores-del-prm\/","url_meta":{"origin":119788,"position":5},"title":"Johnny Pujols advierte sobre riesgos para la democracia y se\u00f1ala errores del PRM","author":"Nelson Feliz","date":"30 de julio de 2025","format":false,"excerpt":"\u201cLa Rep\u00fablica Dominicana tiene un sistema de partidos fuerte que debemos cuidar como un tesoro, pues de ello depende la estabilidad pol\u00edtica y social del pa\u00eds\u201d, sostuvo Johnny Pujols, Sec Gral. del PLD. El Secretario General del Partido de la Liberaci\u00f3n Dominicana (PLD), Johnny Pujols, afirm\u00f3 que es vital preservar\u2026","rel":"","context":"En \u00abPOLITICA\u00bb","block_context":{"text":"POLITICA","link":"https:\/\/lasprimeras.com.do\/index.php\/category\/politica\/"},"img":{"alt_text":"Johnny Pujols","src":"https:\/\/i0.wp.com\/lasprimeras.com.do\/wp-content\/uploads\/2025\/07\/Johnny-Pujols-2.jpg?resize=350%2C200&ssl=1","width":350,"height":200,"srcset":"https:\/\/i0.wp.com\/lasprimeras.com.do\/wp-content\/uploads\/2025\/07\/Johnny-Pujols-2.jpg?resize=350%2C200&ssl=1 1x, https:\/\/i0.wp.com\/lasprimeras.com.do\/wp-content\/uploads\/2025\/07\/Johnny-Pujols-2.jpg?resize=525%2C300&ssl=1 1.5x, https:\/\/i0.wp.com\/lasprimeras.com.do\/wp-content\/uploads\/2025\/07\/Johnny-Pujols-2.jpg?resize=700%2C400&ssl=1 2x"},"classes":[]}],"jetpack_sharing_enabled":true,"_links":{"self":[{"href":"https:\/\/lasprimeras.com.do\/index.php\/wp-json\/wp\/v2\/posts\/119788","targetHints":{"allow":["GET"]}}],"collection":[{"href":"https:\/\/lasprimeras.com.do\/index.php\/wp-json\/wp\/v2\/posts"}],"about":[{"href":"https:\/\/lasprimeras.com.do\/index.php\/wp-json\/wp\/v2\/types\/post"}],"author":[{"embeddable":true,"href":"https:\/\/lasprimeras.com.do\/index.php\/wp-json\/wp\/v2\/users\/10"}],"replies":[{"embeddable":true,"href":"https:\/\/lasprimeras.com.do\/index.php\/wp-json\/wp\/v2\/comments?post=119788"}],"version-history":[{"count":1,"href":"https:\/\/lasprimeras.com.do\/index.php\/wp-json\/wp\/v2\/posts\/119788\/revisions"}],"predecessor-version":[{"id":119790,"href":"https:\/\/lasprimeras.com.do\/index.php\/wp-json\/wp\/v2\/posts\/119788\/revisions\/119790"}],"wp:featuredmedia":[{"embeddable":true,"href":"https:\/\/lasprimeras.com.do\/index.php\/wp-json\/wp\/v2\/media\/119789"}],"wp:attachment":[{"href":"https:\/\/lasprimeras.com.do\/index.php\/wp-json\/wp\/v2\/media?parent=119788"}],"wp:term":[{"taxonomy":"category","embeddable":true,"href":"https:\/\/lasprimeras.com.do\/index.php\/wp-json\/wp\/v2\/categories?post=119788"},{"taxonomy":"post_tag","embeddable":true,"href":"https:\/\/lasprimeras.com.do\/index.php\/wp-json\/wp\/v2\/tags?post=119788"}],"curies":[{"name":"wp","href":"https:\/\/api.w.org\/{rel}","templated":true}]}}