{"id":119828,"date":"2026-01-17T15:18:48","date_gmt":"2026-01-17T19:18:48","guid":{"rendered":"https:\/\/lasprimeras.com.do\/?p=119828"},"modified":"2026-01-18T15:28:43","modified_gmt":"2026-01-18T19:28:43","slug":"fuerza-magisterial-realiza-masiva-asamblea-nacional-en-la-sede-de-la-adp","status":"publish","type":"post","link":"https:\/\/lasprimeras.com.do\/index.php\/2026\/01\/17\/fuerza-magisterial-realiza-masiva-asamblea-nacional-en-la-sede-de-la-adp\/","title":{"rendered":"Fuerza Magisterial realiza masiva asamblea nacional en la sede de la ADP"},"content":{"rendered":"\n<p><strong>Maestros de FP aprueban estatutos internos y dejan instalada comisi\u00f3n electoral.<\/strong><\/p>\n\n\n\n<p>La Corriente Fuerza Magisterial realiz\u00f3 este s\u00e1bado una masiva y entusiasta asamblea nacional, en la que participaron 157 de 174 coordinadores, equivalentes a m\u00e1s del 90 %, provenientes de unas 25 provincias del pa\u00eds, con la finalidad de aprobar los estatutos que regir\u00e1n la vida org\u00e1nica de esta estructura gremial de la Fuerza del Pueblo.<\/p>\n\n\n\n<p>El sal\u00f3n de eventos de la sede de la Asociaci\u00f3n Dominicana de Profesores (ADP) qued\u00f3 peque\u00f1o ante la amplia asistencia de coordinadores magisteriales provenientes de 25 de las 28 provincias del pa\u00eds en que tiene estructuras, incluyendo demarcaciones tan distantes como Pedernales, El\u00edas Pi\u00f1a, Bahoruco, Independencia, Barahona, Dajab\u00f3n, Saman\u00e1, Mar\u00eda Trinidad S\u00e1nchez y La Altagracia, lo que evidenci\u00f3 el alto nivel de organizaci\u00f3n y movilizaci\u00f3n de la Fuerza Magisterial.<\/p>\n\n\n<div class=\"wp-block-image\">\n<figure class=\"alignleft size-full is-resized\"><img decoding=\"async\" width=\"900\" height=\"600\" src=\"https:\/\/lasprimeras.com.do\/wp-content\/uploads\/2026\/01\/ADP.jpg\" alt=\"\" class=\"wp-image-119831\" style=\"aspect-ratio:1.5000445964025568;width:365px;height:auto\" srcset=\"https:\/\/lasprimeras.com.do\/wp-content\/uploads\/2026\/01\/ADP.jpg 900w, https:\/\/lasprimeras.com.do\/wp-content\/uploads\/2026\/01\/ADP-300x200.jpg 300w, https:\/\/lasprimeras.com.do\/wp-content\/uploads\/2026\/01\/ADP-768x512.jpg 768w\" sizes=\"(max-width: 900px) 100vw, 900px\" \/><\/figure>\n<\/div>\n\n\n<p>Entre los coordinadores que asistieron a la asamblea de aprobaci\u00f3n de los estatutos se destacaron importantes dirigentes de la Fuerza del Pueblo, entre ellos cuatro regidores, m\u00e1s de 20 miembros de la Direcci\u00f3n Central, as\u00ed como varios presidentes municipales y de distritos municipales.<\/p>\n\n\n\n<p>La asamblea fue coordinada por los presidentes de la ADP en las seccionales de El Llano, El\u00edas Pi\u00f1a, Daniel Ospino Valdez, y Hato Mayor, Darling Peguero, ambos con cuatro per\u00edodos de tres a\u00f1os al frente del sindicato de los maestros.<\/p>\n\n\n\n<p>Adem\u00e1s de los veteranos gremialistas, la comisi\u00f3n estuvo integrada por el secretario de Organizaci\u00f3n de la Fuerza Magisterial y de la Secretar\u00eda de Educaci\u00f3n, los vicesecretarios y miembros de la Direcci\u00f3n Central Norman Paredes y Fausto Est\u00e9vez, respectivamente, quienes se turnaron la lectura de los estatutos.<\/p>\n\n\n\n<p>Cada art\u00edculo fue sometido a la consideraci\u00f3n de la asamblea de manera individual, recibiendo aprobaci\u00f3n un\u00e1nime en un 95 % y mayoritaria en el resto.<\/p>\n\n\n<div class=\"wp-block-image\">\n<figure class=\"alignright size-full is-resized\"><img decoding=\"async\" width=\"900\" height=\"514\" src=\"https:\/\/lasprimeras.com.do\/wp-content\/uploads\/2026\/01\/ADP-2.jpg\" alt=\"\" class=\"wp-image-119832\" style=\"aspect-ratio:1.7510238078711737;width:423px;height:auto\" srcset=\"https:\/\/lasprimeras.com.do\/wp-content\/uploads\/2026\/01\/ADP-2.jpg 900w, https:\/\/lasprimeras.com.do\/wp-content\/uploads\/2026\/01\/ADP-2-300x171.jpg 300w, https:\/\/lasprimeras.com.do\/wp-content\/uploads\/2026\/01\/ADP-2-768x439.jpg 768w\" sizes=\"(max-width: 900px) 100vw, 900px\" \/><\/figure>\n<\/div>\n\n\n<p>Al inicio de la asamblea, las palabras de bienvenida estuvieron a cargo de la regidora y maestra Adhamilka Espinal, directora de la Escuela Duarte en Santo Domingo Oeste (SDO) y representante de la Fuerza Magisterial en el Comit\u00e9 Ejecutivo Nacional de la ADP.<\/p>\n\n\n\n<p>Posteriormente, Fausto Est\u00e9vez explic\u00f3 el proceso de m\u00e1s de un a\u00f1o de trabajo, durante el cual cuatro comisiones realizaron amplias consultas, encuentros y plenos que permitieron presentar a la asamblea el borrador final de los estatutos.<\/p>\n\n\n\n<p>El acto cont\u00f3 como observador con el Dr. An\u00edbal Rosario Ram\u00edrez, Notario P\u00fablico del Distrito Nacional, quien pudo verificar la asistencia de los delegados convocados y el desarrollo de la agenda.<\/p>\n\n\n\n<p>Con la aprobaci\u00f3n de estos estatutos, que constan de 50 art\u00edculos m\u00e1s tres transitorios, los maestros organizados bajo la l\u00ednea de pensamiento de la Fuerza del Pueblo dan un paso importante en su consolidaci\u00f3n institucional, al concluir el congreso interno de la FP y dar paso a la continuidad del trabajo org\u00e1nico territorial.<\/p>\n\n\n\n<p>Uno de los aspectos m\u00e1s relevantes fue el art\u00edculo transitorio que establece la escogencia de una Comisi\u00f3n Electoral, responsable de presentar un reglamento electoral y un cronograma que permita a los maestros elegir democr\u00e1ticamente su direcci\u00f3n.<\/p>\n\n\n\n<p>Tras la aprobaci\u00f3n de los estatutos, los asamble\u00edstas realizaron diversas propuestas para integrar dicha comisi\u00f3n, quedando conformada de manera colegiada por los maestros Faustino Cede\u00f1o, coordinador provincial de la Fuerza Magisterial en La Altagracia; Ra\u00fal Alandre Pula, presidente de la ADP en Ram\u00f3n Santana; Romaira Flori\u00e1n, coordinadora de la Fuerza del Pueblo en la provincia Bahoruco; Alfredo Lizardo, coordinador de la Fuerza Magisterial en La Ci\u00e9naga; y Gisela Montero, miembro de la Direcci\u00f3n Central de la Fuerza del Pueblo.<\/p>\n\n\n\n<p>Los asistentes coincidieron en resaltar que la ADP es el principal sindicato del pa\u00eds, debido al alto esp\u00edritu democr\u00e1tico de los maestros, quienes hist\u00f3ricamente realizan consultas y votaciones para la toma de decisiones, al igual que en la Cooperativa Nacional de Servicios M\u00faltiples de los Maestros (COOPNAMA), la principal cooperativa de Latinoam\u00e9rica, sustentada en procesos electorales permanentes mediante el voto de sus miembros, como justificaci\u00f3n de la necesidad de que toda representaci\u00f3n magisterial sea siempre electa democr\u00e1ticamente.<\/p>\n","protected":false},"excerpt":{"rendered":"<p>Maestros de FP aprueban estatutos internos y dejan instalada comisi\u00f3n electoral. La Corriente Fuerza Magisterial realiz\u00f3 este s\u00e1bado una masiva y entusiasta asamblea nacional, en la que participaron 157 de&hellip;<\/p>\n","protected":false},"author":10,"featured_media":119829,"comment_status":"open","ping_status":"open","sticky":false,"template":"","format":"standard","meta":{"content-type":"","jetpack_post_was_ever_published":false,"_jetpack_newsletter_access":"","_jetpack_dont_email_post_to_subs":false,"_jetpack_newsletter_tier_id":0,"_jetpack_memberships_contains_paywalled_content":false,"_jetpack_memberships_contains_paid_content":false,"footnotes":""},"categories":[35],"tags":[882,11992,29459,15275],"class_list":["post-119828","post","type-post","status-publish","format-standard","has-post-thumbnail","hentry","category-nacionales","tag-adp","tag-asamblea-nacional","tag-comision-electoral","tag-fuerza-magisterial"],"jetpack_featured_media_url":"https:\/\/lasprimeras.com.do\/wp-content\/uploads\/2026\/01\/ADP-1.jpg","jetpack-related-posts":[{"id":101870,"url":"https:\/\/lasprimeras.com.do\/index.php\/2025\/06\/27\/fuerza-magisterial-en-el-dn-se-prepara-para-intensificar-acciones-en-defensa-de-la-educacion\/","url_meta":{"origin":119828,"position":0},"title":"Fuerza Magisterial en el DN se prepara para intensificar acciones en defensa de la educaci\u00f3n","author":"Nelson Feliz","date":"27 de junio de 2025","format":false,"excerpt":"La corriente Fuerza Magisterial contin\u00faa consolidando su presencia en el Distrito Nacional con la realizaci\u00f3n de una asamblea de orientaci\u00f3n dirigida a dirigentes y militantes del magisterio pertenecientes a la Seccional Noreste. La actividad, celebrada este mi\u00e9rcoles, reuni\u00f3 a m\u00e1s de 70 coordinadores y l\u00edderes escolares comprometidos con las causas\u2026","rel":"","context":"En \u00abPOLITICA\u00bb","block_context":{"text":"POLITICA","link":"https:\/\/lasprimeras.com.do\/index.php\/category\/politica\/"},"img":{"alt_text":"","src":"https:\/\/i0.wp.com\/lasprimeras.com.do\/wp-content\/uploads\/2025\/06\/edu.jpg?resize=350%2C200&ssl=1","width":350,"height":200,"srcset":"https:\/\/i0.wp.com\/lasprimeras.com.do\/wp-content\/uploads\/2025\/06\/edu.jpg?resize=350%2C200&ssl=1 1x, https:\/\/i0.wp.com\/lasprimeras.com.do\/wp-content\/uploads\/2025\/06\/edu.jpg?resize=525%2C300&ssl=1 1.5x, https:\/\/i0.wp.com\/lasprimeras.com.do\/wp-content\/uploads\/2025\/06\/edu.jpg?resize=700%2C400&ssl=1 2x"},"classes":[]},{"id":128664,"url":"https:\/\/lasprimeras.com.do\/index.php\/2026\/04\/25\/juramentan-nueva-direccion-de-fuerza-magisterial\/","url_meta":{"origin":119828,"position":1},"title":"Juramentan nueva direcci\u00f3n de Fuerza Magisterial","author":"Nelson Feliz","date":"25 de abril de 2026","format":false,"excerpt":"Anuncian que saldr\u00e1n centro por centro a organizar simpat\u00edas. La Fuerza Magisterial dej\u00f3 formalmente juramentada este s\u00e1bado su nueva Direcci\u00f3n Nacional y anunci\u00f3 el inicio de una jornada de organizaci\u00f3n territorial \u201ccentro por centro\u201d en todo el pa\u00eds, con el objetivo de fortalecer su estructura y ampliar su base de\u2026","rel":"","context":"En \u00abPOLITICA\u00bb","block_context":{"text":"POLITICA","link":"https:\/\/lasprimeras.com.do\/index.php\/category\/politica\/"},"img":{"alt_text":"Adhamilka Espinal","src":"https:\/\/i0.wp.com\/lasprimeras.com.do\/wp-content\/uploads\/2026\/04\/Adhamilka-Espinal.jpg?resize=350%2C200&ssl=1","width":350,"height":200,"srcset":"https:\/\/i0.wp.com\/lasprimeras.com.do\/wp-content\/uploads\/2026\/04\/Adhamilka-Espinal.jpg?resize=350%2C200&ssl=1 1x, https:\/\/i0.wp.com\/lasprimeras.com.do\/wp-content\/uploads\/2026\/04\/Adhamilka-Espinal.jpg?resize=525%2C300&ssl=1 1.5x, https:\/\/i0.wp.com\/lasprimeras.com.do\/wp-content\/uploads\/2026\/04\/Adhamilka-Espinal.jpg?resize=700%2C400&ssl=1 2x"},"classes":[]},{"id":127499,"url":"https:\/\/lasprimeras.com.do\/index.php\/2026\/04\/12\/observadores-elogian-organizacion-en-elecciones-de-maestros-de-la-fp\/","url_meta":{"origin":119828,"position":2},"title":"Observadores elogian organizaci\u00f3n en elecciones de maestros de la FP","author":"Nelson Feliz","date":"12 de abril de 2026","format":false,"excerpt":"Observadores de distintas corrientes magisteriales, organizaciones sindicales y entidades de la sociedad civil destacaron el alto nivel de organizaci\u00f3n, transparencia y participaci\u00f3n evidenciado en el proceso de elecci\u00f3n de las autoridades nacionales de la corriente Fuerza Magisterial, realizado este s\u00e1bado. Dirigentes provenientes de diversas demarcaciones del pa\u00eds acudieron desde tempranas\u2026","rel":"","context":"En \u00abPOLITICA\u00bb","block_context":{"text":"POLITICA","link":"https:\/\/lasprimeras.com.do\/index.php\/category\/politica\/"},"img":{"alt_text":"","src":"https:\/\/i0.wp.com\/lasprimeras.com.do\/wp-content\/uploads\/2026\/04\/oservadores.jpg?resize=350%2C200&ssl=1","width":350,"height":200,"srcset":"https:\/\/i0.wp.com\/lasprimeras.com.do\/wp-content\/uploads\/2026\/04\/oservadores.jpg?resize=350%2C200&ssl=1 1x, https:\/\/i0.wp.com\/lasprimeras.com.do\/wp-content\/uploads\/2026\/04\/oservadores.jpg?resize=525%2C300&ssl=1 1.5x, https:\/\/i0.wp.com\/lasprimeras.com.do\/wp-content\/uploads\/2026\/04\/oservadores.jpg?resize=700%2C400&ssl=1 2x"},"classes":[]},{"id":96133,"url":"https:\/\/lasprimeras.com.do\/index.php\/2025\/03\/25\/secretaria-de-educacion-de-la-fp-y-la-corriente-fuerza-magisterial-celebran-asamblea-nacional-de-dirigentes\/","url_meta":{"origin":119828,"position":3},"title":"Secretar\u00eda de Educaci\u00f3n de la FP y la corriente Fuerza Magisterial celebran Asamblea Nacional de dirigentes","author":"Nelson Feliz","date":"25 de marzo de 2025","format":false,"excerpt":"El encuentro abord\u00f3 el Congreso Elector \u201cManolo Tav\u00e1rez Justo\u201d y el fortalecimiento de las estructuras de base en los centros educativos. Con una amplia representaci\u00f3n a nivel nacional, la corriente Fuerza Magisterial y la Secretar\u00eda de Educaci\u00f3n del partido Fuerza del Pueblo (FP) realizaron una Asamblea Ordinaria que reuni\u00f3 a\u2026","rel":"","context":"En \u00abPOLITICA\u00bb","block_context":{"text":"POLITICA","link":"https:\/\/lasprimeras.com.do\/index.php\/category\/politica\/"},"img":{"alt_text":"","src":"https:\/\/i0.wp.com\/lasprimeras.com.do\/wp-content\/uploads\/2025\/03\/PLD-1.jpg?resize=350%2C200&ssl=1","width":350,"height":200,"srcset":"https:\/\/i0.wp.com\/lasprimeras.com.do\/wp-content\/uploads\/2025\/03\/PLD-1.jpg?resize=350%2C200&ssl=1 1x, https:\/\/i0.wp.com\/lasprimeras.com.do\/wp-content\/uploads\/2025\/03\/PLD-1.jpg?resize=525%2C300&ssl=1 1.5x"},"classes":[]},{"id":105796,"url":"https:\/\/lasprimeras.com.do\/index.php\/2025\/08\/07\/fuerza-magisterial-advierte-que-escuelas-no-estan-listas-para-iniciar-el-ano-escolar-2025-2026\/","url_meta":{"origin":119828,"position":4},"title":"Fuerza Magisterial advierte que escuelas no est\u00e1n listas para iniciar el a\u00f1o escolar 2025-2026","author":"Nelson Feliz","date":"7 de agosto de 2025","format":false,"excerpt":"Denuncia condiciones cr\u00edticas en infraestructuras escolares: \u201cNuestros ni\u00f1os merecen educaci\u00f3n en espacios dignos y seguros\u201d. La Fuerza Magisterial, corriente del magisterio organizada en la Asociaci\u00f3n Dominicana de Profesores (ADP), advirti\u00f3 que, tras un levantamiento realizado en las 174 seccionales del pa\u00eds, la mayor\u00eda de las escuelas no est\u00e1n en condiciones\u2026","rel":"","context":"En \u00abPOLITICA\u00bb","block_context":{"text":"POLITICA","link":"https:\/\/lasprimeras.com.do\/index.php\/category\/politica\/"},"img":{"alt_text":"","src":"https:\/\/i0.wp.com\/lasprimeras.com.do\/wp-content\/uploads\/2025\/08\/Fuerza-Magisterial.jpg?resize=350%2C200&ssl=1","width":350,"height":200,"srcset":"https:\/\/i0.wp.com\/lasprimeras.com.do\/wp-content\/uploads\/2025\/08\/Fuerza-Magisterial.jpg?resize=350%2C200&ssl=1 1x, https:\/\/i0.wp.com\/lasprimeras.com.do\/wp-content\/uploads\/2025\/08\/Fuerza-Magisterial.jpg?resize=525%2C300&ssl=1 1.5x, https:\/\/i0.wp.com\/lasprimeras.com.do\/wp-content\/uploads\/2025\/08\/Fuerza-Magisterial.jpg?resize=700%2C400&ssl=1 2x"},"classes":[]},{"id":88763,"url":"https:\/\/lasprimeras.com.do\/index.php\/2024\/09\/06\/fuerza-magisterial-presenta-candidata-a-la-presidencia-del-adp\/","url_meta":{"origin":119828,"position":5},"title":"Fuerza Magisterial presenta candidata a la Presidencia del ADP","author":"Nelson Feliz","date":"6 de septiembre de 2024","format":false,"excerpt":"Adhamilka Espinal asegura que la ADP debe ser una organizaci\u00f3n que vele \"por el bienestar integral de los docentes\". La corriente Fuerza Magisterial present\u00f3 oficialmente a la maestra Adhamilka Espinal como candidata a la Presidencia Nacional de la Asociaci\u00f3n Dominicana de Profesores (ADP), para las elecciones que se realizar\u00e1n el\u2026","rel":"","context":"En \u00abNACIONALES\u00bb","block_context":{"text":"NACIONALES","link":"https:\/\/lasprimeras.com.do\/index.php\/category\/nacionales\/"},"img":{"alt_text":"","src":"https:\/\/i0.wp.com\/lasprimeras.com.do\/wp-content\/uploads\/2024\/09\/Adhamilka-Espinal-1.jpg?resize=350%2C200&ssl=1","width":350,"height":200,"srcset":"https:\/\/i0.wp.com\/lasprimeras.com.do\/wp-content\/uploads\/2024\/09\/Adhamilka-Espinal-1.jpg?resize=350%2C200&ssl=1 1x, https:\/\/i0.wp.com\/lasprimeras.com.do\/wp-content\/uploads\/2024\/09\/Adhamilka-Espinal-1.jpg?resize=525%2C300&ssl=1 1.5x"},"classes":[]}],"jetpack_sharing_enabled":true,"_links":{"self":[{"href":"https:\/\/lasprimeras.com.do\/index.php\/wp-json\/wp\/v2\/posts\/119828","targetHints":{"allow":["GET"]}}],"collection":[{"href":"https:\/\/lasprimeras.com.do\/index.php\/wp-json\/wp\/v2\/posts"}],"about":[{"href":"https:\/\/lasprimeras.com.do\/index.php\/wp-json\/wp\/v2\/types\/post"}],"author":[{"embeddable":true,"href":"https:\/\/lasprimeras.com.do\/index.php\/wp-json\/wp\/v2\/users\/10"}],"replies":[{"embeddable":true,"href":"https:\/\/lasprimeras.com.do\/index.php\/wp-json\/wp\/v2\/comments?post=119828"}],"version-history":[{"count":1,"href":"https:\/\/lasprimeras.com.do\/index.php\/wp-json\/wp\/v2\/posts\/119828\/revisions"}],"predecessor-version":[{"id":119833,"href":"https:\/\/lasprimeras.com.do\/index.php\/wp-json\/wp\/v2\/posts\/119828\/revisions\/119833"}],"wp:featuredmedia":[{"embeddable":true,"href":"https:\/\/lasprimeras.com.do\/index.php\/wp-json\/wp\/v2\/media\/119829"}],"wp:attachment":[{"href":"https:\/\/lasprimeras.com.do\/index.php\/wp-json\/wp\/v2\/media?parent=119828"}],"wp:term":[{"taxonomy":"category","embeddable":true,"href":"https:\/\/lasprimeras.com.do\/index.php\/wp-json\/wp\/v2\/categories?post=119828"},{"taxonomy":"post_tag","embeddable":true,"href":"https:\/\/lasprimeras.com.do\/index.php\/wp-json\/wp\/v2\/tags?post=119828"}],"curies":[{"name":"wp","href":"https:\/\/api.w.org\/{rel}","templated":true}]}}