{"id":119997,"date":"2026-01-20T00:47:59","date_gmt":"2026-01-20T04:47:59","guid":{"rendered":"https:\/\/lasprimeras.com.do\/?p=119997"},"modified":"2026-01-20T00:48:01","modified_gmt":"2026-01-20T04:48:01","slug":"cifra-de-muertos-en-choque-de-trenes-en-espana-sube-a-40-autoridades-temen-que-podria-subir-mas","status":"publish","type":"post","link":"https:\/\/lasprimeras.com.do\/index.php\/2026\/01\/20\/cifra-de-muertos-en-choque-de-trenes-en-espana-sube-a-40-autoridades-temen-que-podria-subir-mas\/","title":{"rendered":"Cifra de muertos en choque de trenes en Espa\u00f1a sube a 40; autoridades temen que podr\u00eda subir m\u00e1s"},"content":{"rendered":"\n<p>POR JOSEPH WILSON, SUMAN NAISHADHAM and IAIN SULLIVAN<\/p>\n\n\n\n<p>ADAMUZ, Espa\u00f1a (AP) \u2014 La polic\u00eda espa\u00f1ola dijo el lunes que se han confirmado al menos 40 muertes en una colisi\u00f3n de trenes de alta velocidad la noche anterior en el sur del pa\u00eds cuando la parte trasera de un tren se sali\u00f3 de las v\u00edas, causando que otro tren que pasaba a gran velocidad en direcci\u00f3n opuesta descarrilara.<\/p>\n\n\n\n<p>Juanma Moreno, el presidente de Andaluc\u00eda, la regi\u00f3n del sur de Espa\u00f1a donde ocurri\u00f3 el accidente, confirm\u00f3 el nuevo n\u00famero de muertos en una conferencia de prensa por la tarde.<\/p>\n\n\n\n<p>Los esfuerzos para recuperar los cuerpos de los dos vagones destrozados continuaron, a\u00f1adi\u00f3.<\/p>\n\n\n\n<p>El impacto sac\u00f3 los primeros vagones del segundo tren de la v\u00eda, envi\u00e1ndolos por una pendiente de 4 metros (13 pies).<\/p>\n\n\n\n<p>Algunos cuerpos fueron encontrados a cientos de metros del lugar del accidente, declar\u00f3 Moreno m\u00e1s temprano en el d\u00eda, describiendo los restos como un \u201camasijo de hierro\u201d con cuerpos que probablemente a\u00fan se encuentren dentro.<\/p>\n\n\n\n<p>Las autoridades tambi\u00e9n se est\u00e1n enfocando en atender a cientos de familiares angustiados y han solicitado que proporcionen muestras de ADN para ayudar a identificar a las v\u00edctimas.<\/p>\n\n\n\n<p>La colisi\u00f3n ocurri\u00f3 el domingo a las 7:45 de la tarde cuando la parte trasera de un tren que transportaba a 289 pasajeros en la ruta de M\u00e1laga a la capital, Madrid, se sali\u00f3 de las v\u00edas.<\/p>\n\n\n\n<p>Choc\u00f3 contra un tren que ven\u00eda de Madrid a Huelva, otra ciudad del sur de Espa\u00f1a, seg\u00fan el operador ferroviario Adif.<\/p>\n\n\n\n<p>La cabeza del segundo tren, que transportaba a casi 200 pasajeros, recibi\u00f3 el mayor impacto, dijo el ministro de Transportes, \u00d3scar Puente.<\/p>\n\n\n\n<p>El impacto sac\u00f3 sus dos primeros vagones de la v\u00eda. Puente dijo que parec\u00eda que el mayor n\u00famero de muertes ocurri\u00f3 en esos vagones.<\/p>\n\n\n\n<p>Las autoridades dijeron que todos los sobrevivientes hab\u00edan sido rescatados en la madrugada.<\/p>\n\n\n\n<p>Tres d\u00edas de luto<\/p>\n\n\n\n<p>El accidente sacudi\u00f3 a una naci\u00f3n que lidera Europa en kil\u00f3metros de trenes de alta velocidad y se enorgullece de una red que se considera a la vanguardia del transporte ferroviario.<\/p>\n\n\n\n<p>El presidente del gobierno espa\u00f1ol, Pedro S\u00e1nchez, declar\u00f3 tres d\u00edas de luto nacional por las v\u00edctimas del accidente.<\/p>\n\n\n\n<p>El presidente del gobierno espa\u00f1ol, Pedro S\u00e1nchez, declar\u00f3 tres d\u00edas de luto nacional por las v\u00edctimas del accidente.<\/p>\n\n\n\n<p>\u201cHoy es una noche de profundo dolor para nuestro pa\u00eds\u201d, escribi\u00f3 en X. Visit\u00f3 Adamuz una localidad cercana al lugar del accidente, donde muchos lugare\u00f1os ayudaron a los servicios de emergencia a manejar la afluencia de pasajeros angustiados y heridos durante la noche.<\/p>\n\n\n\n<p>Hierros retorcidos tras un impacto violento<br>Moreno, el l\u00edder regional, dijo el lunes por la ma\u00f1ana que los servicios de emergencia segu\u00edan buscando cuerpos.<\/p>\n\n\n\n<p>\u201cEn la zona cero, las im\u00e1genes fueron terribles, un amasijo de hierro. Hab\u00eda impactado con tanta violencia. Fue tal la violencia que hemos encontrado personas fallecidas a cientos de metros del impacto\u201d, indic\u00f3 Moreno.<\/p>\n\n\n\n<p>Un video publicado por la Guardia Civil mostr\u00f3 los vagones m\u00e1s afectados destrozados con asientos de tren esparcidos sobre la grava bajo las v\u00edas. Un vag\u00f3n yac\u00eda de lado doblado alrededor de un gran pilar de concreto, con escombros esparcidos por el \u00e1rea.<\/p>\n\n\n\n<p>Los pasajeros informaron haber salido por ventanas rotas, algunos usando martillos de emergencia para romper el vidrio.<\/p>\n\n\n\n<p>Los servicios de emergencia de Andaluc\u00eda dijeron que 41 personas permanec\u00edan hospitalizadas, 12 de ellas en unidades de cuidados intensivos. Otras 81 personas fueron dadas de alta el lunes por la tarde, indicaron autoridades.<\/p>\n\n\n\n<p>Los servicios de tren entre Madrid y ciudades de Andaluc\u00eda fueron cancelados el lunes, causando grandes interrupciones.<\/p>\n\n\n\n<p>La aerol\u00ednea espa\u00f1ola Iberia a\u00f1adi\u00f3 vuelos a Sevilla y otros dos a M\u00e1laga para ayudar a los viajeros varados. Algunas compa\u00f1\u00edas de autobuses tambi\u00e9n reforzaron sus servicios en el sur.<\/p>\n\n\n\n<p>Las autoridades califican el accidente de \u201cextra\u00f1o\u201d<\/p>\n\n\n\n<p>El ministro de Transportes, Puente, dijo el lunes por la ma\u00f1ana que se desconoc\u00eda la causa del accidente.<\/p>\n\n\n\n<p>Lo calific\u00f3 como un incidente \u201ctremendamente extra\u00f1o\u201d porque ocurri\u00f3 en un tramo llano de la v\u00eda que hab\u00eda sido renovado en mayo. Tambi\u00e9n dijo que el tren que se sali\u00f3 de la v\u00eda ten\u00eda menos de cuatro a\u00f1os.<\/p>\n\n\n\n<p>Ese tren pertenec\u00eda a la empresa privada Iryo, mientras que el segundo tren era de la empresa p\u00fablica espa\u00f1ola Renfe.<\/p>\n\n\n\n<p>Seg\u00fan Puente, la parte trasera del primer tren descarril\u00f3 y choc\u00f3 contra la cabeza del otro tren. Una investigaci\u00f3n sobre la causa podr\u00eda tomar un mes.<\/p>\n\n\n\n<p>La Uni\u00f3n Espa\u00f1ola de Maquinistas de Tren dijo a The Associated Press que en agosto envi\u00f3 una carta pidiendo al operador ferroviario nacional de Espa\u00f1a que investigara fallos en las l\u00edneas de tren en todo el pa\u00eds y que redujera las velocidades en ciertos puntos hasta que las v\u00edas estuvieran completamente reparadas. Esas recomendaciones se hicieron para las l\u00edneas de alta velocidad, incluida la del accidente del domingo, indic\u00f3 el sindicato.<\/p>\n\n\n\n<p>\u00c1lvaro Fern\u00e1ndez, el presidente de Renfe, dijo a la radio p\u00fablica espa\u00f1ola RNE que ambos trenes estaban muy por debajo del l\u00edmite de velocidad de 250 km\/h (155 mph), ya que dijo que uno circulaba a 205 km\/h (127 mph) y el otro a 210 km\/h (130 mph). Tambi\u00e9n dijo que \u201cel fallo humano puede quedar descartado\u201d.<\/p>\n\n\n\n<p>El siniestro, se\u00f1al\u00f3, \u201ctendr\u00e1 que ver con material m\u00f3vil de Iryo o de la infraestructura\u201d.<\/p>\n\n\n\n<p>Iryo emiti\u00f3 un comunicado el lunes diciendo que su tren fue fabricado en 2022 y pas\u00f3 su \u00faltima revisi\u00f3n de seguridad el 15 de enero.<\/p>\n\n\n\n<p>Identificaci\u00f3n de v\u00edctimas<\/p>\n\n\n\n<p>La Guardia Civil abri\u00f3 una oficina en C\u00f3rdoba, la ciudad m\u00e1s cercana al accidente, as\u00ed como en Madrid, M\u00e1laga, Huelva y Sevilla para que los familiares de los desaparecidos busquen ayuda y dejen muestras de ADN.<\/p>\n\n\n\n<p>\u201cLos vagones est\u00e1n retorcidos, hab\u00eda que ir avanzando poco a poco, cortando, despejando. Fue bastante complicado. Tienes que ir abriendo camino, ayer hubo momentos en los que tuvimos que retirar fallecidos para acceder a una persona viva\u201d, se\u00f1al\u00f3 Francisco Carmona, jefe de bomberos de C\u00f3rdoba, a la radio Onda Cero.<\/p>\n\n\n\n<p>En Adamuz, un polideportivo se convirti\u00f3 en un hospital improvisado. La Cruz Roja Espa\u00f1ola estableci\u00f3 un centro de ayuda ofreciendo asistencia a los servicios de emergencia y a las personas que buscaban informaci\u00f3n.<\/p>\n\n\n\n<p>El alcalde de Adamuz, Rafael Moreno, dijo a The Associated Press y otros reporteros que la escena fue horrible. Hab\u00eda gente pidiendo y suplicando ayuda y saliendo de los restos. A\u00f1adi\u00f3 que las im\u00e1genes siempre quedar\u00e1n en su mente.<\/p>\n\n\n\n<p>Una pasajera hab\u00eda sido atendida en un hospital local junto con su hermana antes de regresar a Adamuz con la esperanza de encontrar a su perro perdido. Cojeaba y ten\u00eda un peque\u00f1o vendaje en la mejilla, seg\u00fan observ\u00f3 un reportero de AP.<\/p>\n\n\n\n<p>Primer accidente mortal para trenes de alta velocidad de Espa\u00f1a<br>Espa\u00f1a ha invertido mucho durante d\u00e9cadas en trenes de alta velocidad y actualmente tiene la red ferroviaria m\u00e1s grande de Europa para trenes que se mueven a m\u00e1s de 250 km\/h (155 mph), con m\u00e1s de 3.900 kil\u00f3metros de v\u00edas, seg\u00fan la Uni\u00f3n Internacional de Ferrocarriles.<\/p>\n\n\n\n<p>La red es un medio de transporte popular, seguro y con precios competitivos. Renfe dijo que m\u00e1s de 25 millones de pasajeros tomaron alguno de sus trenes de alta velocidad en 2024.<\/p>\n\n\n\n<p>Iryo se convirti\u00f3 en el primer competidor privado en alta velocidad de Renfe en Espa\u00f1a en 2022.<\/p>\n\n\n\n<p>El accidente del domingo fue el primero con muertes desde que la red de trenes de alta velocidad de Espa\u00f1a abri\u00f3 su primera l\u00ednea en 1992.<\/p>\n\n\n\n<p>El peor accidente de tren en Espa\u00f1a este siglo ocurri\u00f3 en 2013, cuando 80 personas murieron despu\u00e9s de que un tren descarrilara en el noroeste del pa\u00eds.<\/p>\n\n\n\n<p>Una investigaci\u00f3n concluy\u00f3 que el tren viajaba a 179 km\/h en un tramo con un l\u00edmite de velocidad de 80 km\/h cuando se sali\u00f3 de las v\u00edas. Ese tramo de v\u00eda no era de alta velocidad.<\/p>\n","protected":false},"excerpt":{"rendered":"<p>POR JOSEPH WILSON, SUMAN NAISHADHAM and IAIN SULLIVAN ADAMUZ, Espa\u00f1a (AP) \u2014 La polic\u00eda espa\u00f1ola dijo el lunes que se han confirmado al menos 40 muertes en una colisi\u00f3n de&hellip;<\/p>\n","protected":false},"author":10,"featured_media":119998,"comment_status":"open","ping_status":"open","sticky":false,"template":"","format":"standard","meta":{"content-type":"","jetpack_post_was_ever_published":false,"_jetpack_newsletter_access":"","_jetpack_dont_email_post_to_subs":false,"_jetpack_newsletter_tier_id":0,"_jetpack_memberships_contains_paywalled_content":false,"_jetpack_memberships_contains_paid_content":false,"footnotes":""},"categories":[16289],"tags":[949,11440,21274,28],"class_list":["post-119997","post","type-post","status-publish","format-standard","has-post-thumbnail","hentry","category-internacionales","tag-autoridades","tag-choque-de-trenes","tag-cifra-de-muertos","tag-espana"],"jetpack_featured_media_url":"https:\/\/lasprimeras.com.do\/wp-content\/uploads\/2026\/01\/tren.jpg","jetpack-related-posts":[{"id":119943,"url":"https:\/\/lasprimeras.com.do\/index.php\/2026\/01\/19\/el-choque-de-trenes-en-espana-deja-39-muertos-las-autoridades-dicen-que-la-cifra-podria-aumentar\/","url_meta":{"origin":119997,"position":0},"title":"El choque de trenes en Espa\u00f1a deja 39 muertos. Las autoridades dicen que la cifra podr\u00eda aumentar","author":"Nelson Feliz","date":"19 de enero de 2026","format":false,"excerpt":"POR\u00a0JOSEPH WILSON,SUMAN NAISHADHAMandIAIN SULLIVAN ADAMUZ, Espa\u00f1a (AP) \u2014 La polic\u00eda espa\u00f1ola dijo el lunes que se hab\u00edan confirmado al menos 39 muertes en una colisi\u00f3n de trenes de alta velocidad en el sur del pa\u00eds la noche anterior. Los esfuerzos para recuperar los cuerpos contin\u00faan y es probable que el\u2026","rel":"","context":"En \u00abINTERNACIONALES\u00bb","block_context":{"text":"INTERNACIONALES","link":"https:\/\/lasprimeras.com.do\/index.php\/category\/sin-categoria\/internacionales\/"},"img":{"alt_text":"","src":"https:\/\/i0.wp.com\/lasprimeras.com.do\/wp-content\/uploads\/2026\/01\/IMG-20260119-WA0010.jpg?resize=350%2C200&ssl=1","width":350,"height":200},"classes":[]},{"id":119894,"url":"https:\/\/lasprimeras.com.do\/index.php\/2026\/01\/18\/al-menos-10-muertos-en-choque-de-trenes-de-alta-velocidad-tras-descarrilamiento-en-sur-de-espana\/","url_meta":{"origin":119997,"position":1},"title":"Al menos 10 muertos en choque de trenes de alta velocidad tras descarrilamiento en sur de Espa\u00f1a","author":"Nelson Feliz","date":"18 de enero de 2026","format":false,"excerpt":"POR SUMAN NAISHADHAM and JOSEPH WILSON MADRID (AP) \u2014 Un tren de alta velocidad descarril\u00f3 en el sur de Espa\u00f1a el domingo, saltando a la v\u00eda en direcci\u00f3n opuesta e impactando con un tren que viajaba en sentido contrario en un choque que dej\u00f3 al menos 10 muertos, informaron las\u2026","rel":"","context":"En \u00abINTERNACIONALES\u00bb","block_context":{"text":"INTERNACIONALES","link":"https:\/\/lasprimeras.com.do\/index.php\/category\/sin-categoria\/internacionales\/"},"img":{"alt_text":"choque de trenes","src":"https:\/\/i0.wp.com\/lasprimeras.com.do\/wp-content\/uploads\/2026\/01\/choque-de-trenes.jpg?resize=350%2C200&ssl=1","width":350,"height":200,"srcset":"https:\/\/i0.wp.com\/lasprimeras.com.do\/wp-content\/uploads\/2026\/01\/choque-de-trenes.jpg?resize=350%2C200&ssl=1 1x, https:\/\/i0.wp.com\/lasprimeras.com.do\/wp-content\/uploads\/2026\/01\/choque-de-trenes.jpg?resize=525%2C300&ssl=1 1.5x, https:\/\/i0.wp.com\/lasprimeras.com.do\/wp-content\/uploads\/2026\/01\/choque-de-trenes.jpg?resize=700%2C400&ssl=1 2x"},"classes":[]},{"id":120108,"url":"https:\/\/lasprimeras.com.do\/index.php\/2026\/01\/20\/se-estrella-tren-en-barcelona-a-dos-dias-del-letal-choque-ferroviario-en-el-sur-de-espana\/","url_meta":{"origin":119997,"position":2},"title":"Se estrella tren en Barcelona, a dos d\u00edas del letal choque ferroviario en el sur de Espa\u00f1a","author":"Nelson Feliz","date":"20 de enero de 2026","format":false,"excerpt":"POR IAIN SULLIVAN and JOSEPH WILSON ADAMUZ, Espa\u00f1a (AP) \u2014 Un tren suburbano en Barcelona se estrell\u00f3 el martes tras la ca\u00edda de un muro de contenci\u00f3n sobre las v\u00edas, informaron los servicios de emergencia espa\u00f1oles, provocando un muerto y 15 heridos, tres de ellas de gravedad. Otras cinco estaban\u2026","rel":"","context":"En \u00abINTERNACIONALES\u00bb","block_context":{"text":"INTERNACIONALES","link":"https:\/\/lasprimeras.com.do\/index.php\/category\/sin-categoria\/internacionales\/"},"img":{"alt_text":"Se estrella tren en Barcelona","src":"https:\/\/i0.wp.com\/lasprimeras.com.do\/wp-content\/uploads\/2026\/01\/Se-estrella-tren-en-Barcelona.jpg?resize=350%2C200&ssl=1","width":350,"height":200,"srcset":"https:\/\/i0.wp.com\/lasprimeras.com.do\/wp-content\/uploads\/2026\/01\/Se-estrella-tren-en-Barcelona.jpg?resize=350%2C200&ssl=1 1x, https:\/\/i0.wp.com\/lasprimeras.com.do\/wp-content\/uploads\/2026\/01\/Se-estrella-tren-en-Barcelona.jpg?resize=525%2C300&ssl=1 1.5x, https:\/\/i0.wp.com\/lasprimeras.com.do\/wp-content\/uploads\/2026\/01\/Se-estrella-tren-en-Barcelona.jpg?resize=700%2C400&ssl=1 2x"},"classes":[]},{"id":120167,"url":"https:\/\/lasprimeras.com.do\/index.php\/2026\/01\/21\/espana-de-luto-tras-el-segundo-accidente-ferroviario-en-dos-dias-que-deja-una-persona-muerta\/","url_meta":{"origin":119997,"position":3},"title":"Espa\u00f1a de luto tras el segundo accidente ferroviario en dos d\u00edas que deja una persona muerta","author":"Nelson Feliz","date":"21 de enero de 2026","format":false,"excerpt":"El n\u00famero de muertos en el primer accidente asciende a 43. Por HERN\u00c1N MU\u00d1OZ y SUMAN NAISHADHAM GELIDA, Espa\u00f1a (AP) \u2014 El servicio ferroviario de cercan\u00edas en la regi\u00f3n nororiental de Catalu\u00f1a fue suspendido el mi\u00e9rcoles despu\u00e9s de que un tren de cercan\u00edas de Barcelona se estrellara la noche anterior,\u2026","rel":"","context":"En \u00abINTERNACIONALES\u00bb","block_context":{"text":"INTERNACIONALES","link":"https:\/\/lasprimeras.com.do\/index.php\/category\/sin-categoria\/internacionales\/"},"img":{"alt_text":"","src":"https:\/\/i0.wp.com\/lasprimeras.com.do\/wp-content\/uploads\/2026\/01\/accidente-tren.jpg?resize=350%2C200&ssl=1","width":350,"height":200,"srcset":"https:\/\/i0.wp.com\/lasprimeras.com.do\/wp-content\/uploads\/2026\/01\/accidente-tren.jpg?resize=350%2C200&ssl=1 1x, https:\/\/i0.wp.com\/lasprimeras.com.do\/wp-content\/uploads\/2026\/01\/accidente-tren.jpg?resize=525%2C300&ssl=1 1.5x, https:\/\/i0.wp.com\/lasprimeras.com.do\/wp-content\/uploads\/2026\/01\/accidente-tren.jpg?resize=700%2C400&ssl=1 2x"},"classes":[]},{"id":75407,"url":"https:\/\/lasprimeras.com.do\/index.php\/2024\/02\/01\/el-domingo-sangriento-del-peor-choque-de-trenes-de-la-argentina-un-olvido-criminal-que-causo-236-muertos-y-mas-de-400-heridos\/","url_meta":{"origin":119997,"position":4},"title":"El domingo sangriento del peor choque de trenes de la Argentina: un olvido criminal que caus\u00f3 236 muertos y m\u00e1s de 400 heridos","author":"Nelson Feliz","date":"1 de febrero de 2024","format":false,"excerpt":"El 1\u00b0 de febrero de 1970, un tren colmado de pasajeros que se dirig\u00eda a Retiro proveniente de Z\u00e1rate se detuvo en las v\u00edas por un desperfecto. Tres minutos despu\u00e9s, otro convoy arrastrado por dos locomotoras que marchaban a m\u00e1s de 100 kil\u00f3metros por hora lo embisti\u00f3 y desat\u00f3 un\u2026","rel":"","context":"En \u00abHISTORIA\u00bb","block_context":{"text":"HISTORIA","link":"https:\/\/lasprimeras.com.do\/index.php\/category\/historia\/"},"img":{"alt_text":"El domingo sangriento del peor choque de trenes de la Argentina","src":"https:\/\/i0.wp.com\/lasprimeras.com.do\/wp-content\/uploads\/2024\/02\/Tren-1.jpg?resize=350%2C200&ssl=1","width":350,"height":200,"srcset":"https:\/\/i0.wp.com\/lasprimeras.com.do\/wp-content\/uploads\/2024\/02\/Tren-1.jpg?resize=350%2C200&ssl=1 1x, https:\/\/i0.wp.com\/lasprimeras.com.do\/wp-content\/uploads\/2024\/02\/Tren-1.jpg?resize=525%2C300&ssl=1 1.5x, https:\/\/i0.wp.com\/lasprimeras.com.do\/wp-content\/uploads\/2024\/02\/Tren-1.jpg?resize=700%2C400&ssl=1 2x"},"classes":[]},{"id":51819,"url":"https:\/\/lasprimeras.com.do\/index.php\/2023\/06\/04\/suben-a-288-muertos-por-choque-multiple-de-trenes-en-la-india\/","url_meta":{"origin":119997,"position":5},"title":"Suben a 288 muertos por choque m\u00faltiple de trenes en La India","author":"prenxa100","date":"4 de junio de 2023","format":false,"excerpt":"Los servicios de Emergencia ya est\u00e1n centr\u00e1ndose principalmente en las tareas de recuperaci\u00f3n de los entre 50 y 60 cad\u00e1veres, temen fuentes del Ej\u00e9rcito indio en comentarios bajo condici\u00f3n de anonimato al \u2018Hindustan Times\u2019, que todav\u00eda quedan debajo de los restos de los 17 vagones despedazados en las v\u00edas. De\u2026","rel":"","context":"En \u00abSin categor\u00eda\u00bb","block_context":{"text":"Sin categor\u00eda","link":"https:\/\/lasprimeras.com.do\/index.php\/category\/sin-categoria\/"},"img":{"alt_text":"","src":"","width":0,"height":0},"classes":[]}],"jetpack_sharing_enabled":true,"_links":{"self":[{"href":"https:\/\/lasprimeras.com.do\/index.php\/wp-json\/wp\/v2\/posts\/119997","targetHints":{"allow":["GET"]}}],"collection":[{"href":"https:\/\/lasprimeras.com.do\/index.php\/wp-json\/wp\/v2\/posts"}],"about":[{"href":"https:\/\/lasprimeras.com.do\/index.php\/wp-json\/wp\/v2\/types\/post"}],"author":[{"embeddable":true,"href":"https:\/\/lasprimeras.com.do\/index.php\/wp-json\/wp\/v2\/users\/10"}],"replies":[{"embeddable":true,"href":"https:\/\/lasprimeras.com.do\/index.php\/wp-json\/wp\/v2\/comments?post=119997"}],"version-history":[{"count":1,"href":"https:\/\/lasprimeras.com.do\/index.php\/wp-json\/wp\/v2\/posts\/119997\/revisions"}],"predecessor-version":[{"id":119999,"href":"https:\/\/lasprimeras.com.do\/index.php\/wp-json\/wp\/v2\/posts\/119997\/revisions\/119999"}],"wp:featuredmedia":[{"embeddable":true,"href":"https:\/\/lasprimeras.com.do\/index.php\/wp-json\/wp\/v2\/media\/119998"}],"wp:attachment":[{"href":"https:\/\/lasprimeras.com.do\/index.php\/wp-json\/wp\/v2\/media?parent=119997"}],"wp:term":[{"taxonomy":"category","embeddable":true,"href":"https:\/\/lasprimeras.com.do\/index.php\/wp-json\/wp\/v2\/categories?post=119997"},{"taxonomy":"post_tag","embeddable":true,"href":"https:\/\/lasprimeras.com.do\/index.php\/wp-json\/wp\/v2\/tags?post=119997"}],"curies":[{"name":"wp","href":"https:\/\/api.w.org\/{rel}","templated":true}]}}