{"id":120012,"date":"2026-01-20T08:13:30","date_gmt":"2026-01-20T12:13:30","guid":{"rendered":"https:\/\/lasprimeras.com.do\/?p=120012"},"modified":"2026-01-20T08:13:33","modified_gmt":"2026-01-20T12:13:33","slug":"inmigracion-abrira-carcel-en-el-norte-ny-para-mil-500-detenidos-detiene-diacono-iglesia-en-brooklyn","status":"publish","type":"post","link":"https:\/\/lasprimeras.com.do\/index.php\/2026\/01\/20\/inmigracion-abrira-carcel-en-el-norte-ny-para-mil-500-detenidos-detiene-diacono-iglesia-en-brooklyn\/","title":{"rendered":"Inmigraci\u00f3n abrir\u00e1 c\u00e1rcel en el norte NY para mil 500 detenidos; detiene di\u00e1cono iglesia en Brooklyn"},"content":{"rendered":"\n<p>Por Ram\u00f3n Mercedes<\/p>\n\n\n\n<p>NUEVA YORK.- \u201cEl Departamento de Seguridad Nacional (DHS) realiza diariamente actividades de aplicaci\u00f3n de la ley en todo Estados Unidos para garantizar la seguridad de los estadounidenses\u201d, declar\u00f3 un portavoz.<\/p>\n\n\n\n<p>Funcionarios del Servicio de Control de Inmigraci\u00f3n y Aduanas (ICE) planean convertir un almac\u00e9n en la ciudad de Chester, condado de Orange, a 80 kil\u00f3metros al norte de NYC, en un centro de detenci\u00f3n que albergar\u00e1 hasta 1.500 detenidos.<\/p>\n\n\n\n<p>Esas nuevas instalaciones est\u00e1n destinadas a albergar a inmigrantes detenidos durante algunas semanas, antes de ser enviados a Virginia, Texas, Luisiana, Arizona, Georgia y Missouri, que albergar\u00e1n entre 5.000 y 10.000 personas cada uno.<\/p>\n\n\n\n<p>El DHS parece estar avanzando con un nuevo centro de detenci\u00f3n tras el reporte de 328,000 arrestos y casi 327,000 deportaciones en el a\u00f1o fiscal 2025, n\u00fameros que el presidente Donald Trump ha presentado como prueba de una agenda de \u201cprioridad en la aplicaci\u00f3n de la ley\u201d.<\/p>\n\n\n\n<p>Asimismo, ICE detuvo hace pocos d\u00edas a Sebasti\u00e1n Renoj Ord\u00f3nez di\u00e1cono de Bay Ridge en Brooklyn, cuando sal\u00eda de un edificio junto a media docena de persona con rumbo a la iglesia, y de pronto agentes de inmigraci\u00f3n ocultos en un veh\u00edculo blanco, salieron y detuvieron a todos.<\/p>\n\n\n\n<p>El caso ha causado alarma en la Gran Manzana.<\/p>\n\n\n\n<p>Adem\u00e1s, el empleado del Concejo Municipal de NYC, el venezolano Rafael Boh\u00f3rquez, fue detenido por ICE despu\u00e9s de una cita de inmigraci\u00f3n de rutina.<\/p>\n\n\n\n<p>&#8220;Acababa de ir a mi entrevista de asilo y, de repente, al terminar, me dijeron que ten\u00edamos que hablar con otra persona&#8221;, otro agente de ICE, sostuvo.<\/p>\n","protected":false},"excerpt":{"rendered":"<p>Por Ram\u00f3n Mercedes NUEVA YORK.- \u201cEl Departamento de Seguridad Nacional (DHS) realiza diariamente actividades de aplicaci\u00f3n de la ley en todo Estados Unidos para garantizar la seguridad de los estadounidenses\u201d,&hellip;<\/p>\n","protected":false},"author":10,"featured_media":120013,"comment_status":"open","ping_status":"open","sticky":false,"template":"","format":"standard","meta":{"content-type":"","jetpack_post_was_ever_published":false,"_jetpack_newsletter_access":"","_jetpack_dont_email_post_to_subs":false,"_jetpack_newsletter_tier_id":0,"_jetpack_memberships_contains_paywalled_content":false,"_jetpack_memberships_contains_paid_content":false,"footnotes":""},"categories":[16289],"tags":[29517,4249,908,104],"class_list":["post-120012","post","type-post","status-publish","format-standard","has-post-thumbnail","hentry","category-internacionales","tag-carcel-2","tag-inmigracion","tag-norte","tag-nueva-york"],"jetpack_featured_media_url":"https:\/\/lasprimeras.com.do\/wp-content\/uploads\/2026\/01\/IMG-20260120-WA0095.jpg","jetpack-related-posts":[{"id":94193,"url":"https:\/\/lasprimeras.com.do\/index.php\/2025\/02\/26\/gobierno-de-trump-exige-a-indocumentados-registrarse-en-base-de-datos-e-irse-del-pais-voluntariamente\/","url_meta":{"origin":120012,"position":0},"title":"Gobierno de Trump exige a indocumentados registrarse en base de datos e irse del pa\u00eds voluntariamente","author":"Nelson Feliz","date":"26 de febrero de 2025","format":false,"excerpt":"La Administraci\u00f3n Trump impondr\u00e1 sanciones econ\u00f3micas severas a los indocumentados que no se vayan voluntariamente del pa\u00eds, confirm\u00f3 el DHS Por Jes\u00fas Garc\u00eda Al exigir que se inscriban en una base de datos, el Departamento de Seguridad Nacional (DHS) afirm\u00f3 que utilizar\u00e1 todas las herramientas posibles para \u201cobligar a los\u2026","rel":"","context":"En \u00abINTERNACIONALES\u00bb","block_context":{"text":"INTERNACIONALES","link":"https:\/\/lasprimeras.com.do\/index.php\/category\/sin-categoria\/internacionales\/"},"img":{"alt_text":"","src":"https:\/\/i0.wp.com\/lasprimeras.com.do\/wp-content\/uploads\/2025\/02\/ICE-1.png?resize=350%2C200&ssl=1","width":350,"height":200,"srcset":"https:\/\/i0.wp.com\/lasprimeras.com.do\/wp-content\/uploads\/2025\/02\/ICE-1.png?resize=350%2C200&ssl=1 1x, https:\/\/i0.wp.com\/lasprimeras.com.do\/wp-content\/uploads\/2025\/02\/ICE-1.png?resize=525%2C300&ssl=1 1.5x, https:\/\/i0.wp.com\/lasprimeras.com.do\/wp-content\/uploads\/2025\/02\/ICE-1.png?resize=700%2C400&ssl=1 2x"},"classes":[]},{"id":122289,"url":"https:\/\/lasprimeras.com.do\/index.php\/2026\/02\/16\/inmigracion-abrira-centros-de-detencion-en-ciudad-chester-al-norte-estado-ny-residen-dominicanos\/","url_meta":{"origin":120012,"position":1},"title":"Inmigraci\u00f3n abrir\u00e1 centros de detenci\u00f3n en ciudad Chester al norte estado NY; residen dominicanos","author":"Nelson Feliz","date":"16 de febrero de 2026","format":false,"excerpt":"Por Ram\u00f3n Mercedes NUEVA YORK.-El Servicio de Inmigraci\u00f3n y Control de Aduanas (ICE), seg\u00fan reportes de prensa, abrir\u00e1 centros de detenci\u00f3n en la ciudad de Chester, en el condado de Orange, al norte del estado Nueva York, donde residen m\u00faltiples familias dominicanas, entre otras etnias. \u201cDichos centros estar\u00e1n a unos\u2026","rel":"","context":"En \u00abINTERNACIONALES\u00bb","block_context":{"text":"INTERNACIONALES","link":"https:\/\/lasprimeras.com.do\/index.php\/category\/sin-categoria\/internacionales\/"},"img":{"alt_text":"","src":"https:\/\/i0.wp.com\/lasprimeras.com.do\/wp-content\/uploads\/2026\/02\/Inmigracion-abrira-centros-de-detencion-en-ciudad-Chester-al-norte-estado-NY-residen-dominicanos.jpg?resize=350%2C200&ssl=1","width":350,"height":200},"classes":[]},{"id":85509,"url":"https:\/\/lasprimeras.com.do\/index.php\/2024\/07\/01\/eeuu-pagara-vuelos-para-ayudar-a-panama-a-repatriar-a-migrantes-que-pudieran-dirigirse-al-norte\/","url_meta":{"origin":120012,"position":2},"title":"EEUU pagar\u00e1 vuelos para ayudar a Panam\u00e1 a repatriar a migrantes que pudieran dirigirse al norte","author":"Nelson Feliz","date":"1 de julio de 2024","format":false,"excerpt":"BY REBECCA SANTANA WASHINGTON (AP) \u2014 Estados Unidos cubrir\u00e1 el costo de los vuelos y brindar\u00e1 otro tipo de asistencia a Panam\u00e1 para repatriar a migrantes, seg\u00fan un acuerdo firmado el lunes, mientras que el nuevo presidente de la naci\u00f3n centroamericana ha prometido cerrar el peligroso Tap\u00f3n del Dari\u00e9n por\u2026","rel":"","context":"En \u00abSin categor\u00eda\u00bb","block_context":{"text":"Sin categor\u00eda","link":"https:\/\/lasprimeras.com.do\/index.php\/category\/sin-categoria\/"},"img":{"alt_text":"Alejandro Mayorkas","src":"https:\/\/i0.wp.com\/lasprimeras.com.do\/wp-content\/uploads\/2024\/07\/Alejandro-Mayorkas.jpg?resize=350%2C200&ssl=1","width":350,"height":200,"srcset":"https:\/\/i0.wp.com\/lasprimeras.com.do\/wp-content\/uploads\/2024\/07\/Alejandro-Mayorkas.jpg?resize=350%2C200&ssl=1 1x, https:\/\/i0.wp.com\/lasprimeras.com.do\/wp-content\/uploads\/2024\/07\/Alejandro-Mayorkas.jpg?resize=525%2C300&ssl=1 1.5x, https:\/\/i0.wp.com\/lasprimeras.com.do\/wp-content\/uploads\/2024\/07\/Alejandro-Mayorkas.jpg?resize=700%2C400&ssl=1 2x"},"classes":[]},{"id":97655,"url":"https:\/\/lasprimeras.com.do\/index.php\/2025\/04\/25\/aumentan-las-denuncias-de-abusos-en-centro-de-detencion-migratorio-de-eeuu\/","url_meta":{"origin":120012,"position":3},"title":"Aumentan las denuncias de abusos en centro de detenci\u00f3n migratorio de EEUU","author":"Nelson Feliz","date":"25 de abril de 2025","format":false,"excerpt":"POR JOSHUA GOODMAN and GISELA SALOMON MIAMI (AP) \u2014 Cuando cientos de inmigrantes abarrotaron el Centro de Detenci\u00f3n Krome de Miami, en las afueras de los humedales del Parque Nacional Everglades de Florida, el temor de una revuelta se apoder\u00f3 del personal. Mientras el presidente Donald J. Trump buscaba cumplir\u2026","rel":"","context":"En \u00abINTERNACIONALES\u00bb","block_context":{"text":"INTERNACIONALES","link":"https:\/\/lasprimeras.com.do\/index.php\/category\/sin-categoria\/internacionales\/"},"img":{"alt_text":"","src":"https:\/\/i0.wp.com\/lasprimeras.com.do\/wp-content\/uploads\/2025\/04\/Centro-de-Detencion.jpg?resize=350%2C200&ssl=1","width":350,"height":200,"srcset":"https:\/\/i0.wp.com\/lasprimeras.com.do\/wp-content\/uploads\/2025\/04\/Centro-de-Detencion.jpg?resize=350%2C200&ssl=1 1x, https:\/\/i0.wp.com\/lasprimeras.com.do\/wp-content\/uploads\/2025\/04\/Centro-de-Detencion.jpg?resize=525%2C300&ssl=1 1.5x, https:\/\/i0.wp.com\/lasprimeras.com.do\/wp-content\/uploads\/2025\/04\/Centro-de-Detencion.jpg?resize=700%2C400&ssl=1 2x"},"classes":[]},{"id":89692,"url":"https:\/\/lasprimeras.com.do\/index.php\/2024\/10\/03\/que-proponen-trump-y-harris-sobre-inmigracion-y-seguridad-fronteriza\/","url_meta":{"origin":120012,"position":4},"title":"\u00bfQu\u00e9 proponen Trump y Harris sobre inmigraci\u00f3n y seguridad fronteriza?","author":"Paola Castillo","date":"3 de octubre de 2024","format":false,"excerpt":"WASHINGTON \u2014 La seguridad fronteriza y la inmigraci\u00f3n son un tema central en las elecciones de noviembre de 2024 en Estados Unidos. Las pol\u00edticas migratorias del republicano Donald Trump incluyen deportaciones masivas y la eliminaci\u00f3n de programas de migraci\u00f3n como el \u201cparole humanitario\u201d y la aplicaci\u00f3n de citas online CBP\u2026","rel":"","context":"En \u00abSin categor\u00eda\u00bb","block_context":{"text":"Sin categor\u00eda","link":"https:\/\/lasprimeras.com.do\/index.php\/category\/sin-categoria\/"},"img":{"alt_text":"","src":"","width":0,"height":0},"classes":[]},{"id":92872,"url":"https:\/\/lasprimeras.com.do\/index.php\/2025\/01\/18\/alcalde-de-ny-se-reune-con-zar-de-la-frontera-de-trump-para-discutir-como-ir-tras-criminales\/","url_meta":{"origin":120012,"position":5},"title":"Alcalde de NY se re\u00fane con \u201czar de la frontera\u201d de Trump para discutir c\u00f3mo ir tras criminales","author":"Nelson Feliz","date":"18 de enero de 2025","format":false,"excerpt":"POR ANTHONY IZAGUIRRE and CEDAR ATTANASIO NUEVA YORK (AP) \u2014 El alcalde de la ciudad de Nueva York, Eric Adams, se reuni\u00f3 el jueves con el \u201czar de la frontera\u201d del presidente electo Donald Trump, Tom Homan, y el alcalde dem\u00f3crata expres\u00f3 entusiasmo por trabajar con el gobierno entrante para\u2026","rel":"","context":"En \u00abINTERNACIONALES\u00bb","block_context":{"text":"INTERNACIONALES","link":"https:\/\/lasprimeras.com.do\/index.php\/category\/sin-categoria\/internacionales\/"},"img":{"alt_text":"","src":"https:\/\/i0.wp.com\/lasprimeras.com.do\/wp-content\/uploads\/2025\/01\/Eric-Adams-1.jpg?resize=350%2C200&ssl=1","width":350,"height":200,"srcset":"https:\/\/i0.wp.com\/lasprimeras.com.do\/wp-content\/uploads\/2025\/01\/Eric-Adams-1.jpg?resize=350%2C200&ssl=1 1x, https:\/\/i0.wp.com\/lasprimeras.com.do\/wp-content\/uploads\/2025\/01\/Eric-Adams-1.jpg?resize=525%2C300&ssl=1 1.5x, https:\/\/i0.wp.com\/lasprimeras.com.do\/wp-content\/uploads\/2025\/01\/Eric-Adams-1.jpg?resize=700%2C400&ssl=1 2x"},"classes":[]}],"jetpack_sharing_enabled":true,"_links":{"self":[{"href":"https:\/\/lasprimeras.com.do\/index.php\/wp-json\/wp\/v2\/posts\/120012","targetHints":{"allow":["GET"]}}],"collection":[{"href":"https:\/\/lasprimeras.com.do\/index.php\/wp-json\/wp\/v2\/posts"}],"about":[{"href":"https:\/\/lasprimeras.com.do\/index.php\/wp-json\/wp\/v2\/types\/post"}],"author":[{"embeddable":true,"href":"https:\/\/lasprimeras.com.do\/index.php\/wp-json\/wp\/v2\/users\/10"}],"replies":[{"embeddable":true,"href":"https:\/\/lasprimeras.com.do\/index.php\/wp-json\/wp\/v2\/comments?post=120012"}],"version-history":[{"count":1,"href":"https:\/\/lasprimeras.com.do\/index.php\/wp-json\/wp\/v2\/posts\/120012\/revisions"}],"predecessor-version":[{"id":120014,"href":"https:\/\/lasprimeras.com.do\/index.php\/wp-json\/wp\/v2\/posts\/120012\/revisions\/120014"}],"wp:featuredmedia":[{"embeddable":true,"href":"https:\/\/lasprimeras.com.do\/index.php\/wp-json\/wp\/v2\/media\/120013"}],"wp:attachment":[{"href":"https:\/\/lasprimeras.com.do\/index.php\/wp-json\/wp\/v2\/media?parent=120012"}],"wp:term":[{"taxonomy":"category","embeddable":true,"href":"https:\/\/lasprimeras.com.do\/index.php\/wp-json\/wp\/v2\/categories?post=120012"},{"taxonomy":"post_tag","embeddable":true,"href":"https:\/\/lasprimeras.com.do\/index.php\/wp-json\/wp\/v2\/tags?post=120012"}],"curies":[{"name":"wp","href":"https:\/\/api.w.org\/{rel}","templated":true}]}}