{"id":120061,"date":"2026-01-20T16:40:54","date_gmt":"2026-01-20T20:40:54","guid":{"rendered":"https:\/\/lasprimeras.com.do\/?p=120061"},"modified":"2026-01-20T16:40:55","modified_gmt":"2026-01-20T20:40:55","slug":"asesinato-del-dr-rafael-mendez-mendez-fello-en-barahona-en-1962","status":"publish","type":"post","link":"https:\/\/lasprimeras.com.do\/index.php\/2026\/01\/20\/asesinato-del-dr-rafael-mendez-mendez-fello-en-barahona-en-1962\/","title":{"rendered":"Asesinato del Dr. Rafael M\u00e9ndez M\u00e9ndez-Fello- en Barahona, en 1962"},"content":{"rendered":"\n<p><a><\/a>Alegre, fiestero, con gran sentido del humor, lo describ\u00eda su hermano Don Antonio M\u00e9ndez, al tiempo de afirmar que cultiv\u00f3 relaciones humanas excelentes.<\/p>\n\n\n\n<p>Hijo del matrimonio constituido por Don Leonardo M\u00e9ndez P\u00e9rez y Do\u00f1a Carmen M\u00e9ndez de M\u00e9ndez, vio Fello la luz en esta ciudad de Barahona el 24 de octubre de 1933.<\/p>\n\n\n\n<p>Tras graduarse de Doctor en Derecho en el pa\u00eds, realiz\u00f3 la especialidad en Derecho Internacional en el exterior. En la ciudad de Azua y en Barahona se desempe\u00f1\u00f3 como Procurador Fiscal durante el per\u00edodo 1960-1962.<\/p>\n\n\n\n<p>Fue miembro del Casino del Sur Inc. y, aficionado a los deportes, cooperaba con todo lo relacionado a los mismos y practicaba el Voleibol.<\/p>\n\n\n\n<p>Tras corta existencia y sin dejar descendencia, cay\u00f3 Fello M\u00e9ndez abatido a tiros a manos de militares la noche del 18 de enero del 1962, durante la celebraci\u00f3n de la destituci\u00f3n por oficiales de la de la Fuerza A\u00e9rea Dominicana de la Junta C\u00edvico-Militar encabezada por el General Pedro Rafael Ram\u00f3n Rodr\u00edguez Echavarr\u00eda, tras \u00e9ste haber intentado derrocar al Consejo de Estado que hab\u00eda sustituido a la tiran\u00eda trujillista.<\/p>\n\n\n\n<p>Este acontecimiento fue descrito en art\u00edculo period\u00edstico publicado por la revista AHORA en su edici\u00f3n No. 2 del 31 de enero de 1962, y reproducido \u00edntegramente Gustavo A. Tav\u00e1rez R. (1999) en su obra \u201cEran otros los Tiempos y otros los Hombres\u201d.<\/p>\n\n\n\n<p>El 18 de enero de 1962 fue asesinado a balazos por parte de una patrulla de la Fuerza A\u00e9rea Dominicana (FAD), en la calle Nuestra Se\u00f1ora del Rosario esquina Arzobispo Noel del sector La Playa, Barahona .<\/p>\n\n\n\n<p>Esa vez, Fello M\u00e9ndez hab\u00eda salido a festejar junto a un grupo de amigos, la destituci\u00f3n de la Junta Militar que encabezaba el general Rafael Ram\u00f3n Rodr\u00edguez Echavarr\u00eda, sin saber que en la referida esquina iban a ser tiroteados por soldados de la FAD, en cuyo hecho tambi\u00e9n resultaron heridos de bala el doctor Pablo F\u00e9liz Pe\u00f1a y el barbero, Gonzalo Castillo (Macor\u00eds)..<\/p>\n\n\n\n<p>El 19 de enero todo el pueblo llor\u00f3 la muerte de Fello M\u00e9ndez y colm\u00f3 la casa mortuoria donde fueron velados sus restos, constituyendo velatorio y sepelio una sentida manifestaci\u00f3n de duelo.<\/p>\n\n\n\n<p>Texto: Ecos del Sur<\/p>\n","protected":false},"excerpt":{"rendered":"<p>Rafael Mendez Mendez<\/p>\n","protected":false},"author":10,"featured_media":120062,"comment_status":"open","ping_status":"open","sticky":false,"template":"","format":"standard","meta":{"content-type":"","jetpack_post_was_ever_published":false,"_jetpack_newsletter_access":"","_jetpack_dont_email_post_to_subs":false,"_jetpack_newsletter_tier_id":0,"_jetpack_memberships_contains_paywalled_content":false,"_jetpack_memberships_contains_paid_content":false,"footnotes":""},"categories":[482],"tags":[29533,771,265,29532,29531],"class_list":["post-120061","post","type-post","status-publish","format-standard","has-post-thumbnail","hentry","category-historia","tag-29533","tag-asesinato","tag-barahona","tag-dr-rafael-mendez-mendez","tag-fello"],"jetpack_featured_media_url":"https:\/\/lasprimeras.com.do\/wp-content\/uploads\/2026\/01\/Rafael-Mendez-Mendez.jpg","jetpack-related-posts":[{"id":111576,"url":"https:\/\/lasprimeras.com.do\/index.php\/2025\/10\/10\/edgar-a-feliz-mendez-asume-nuevas-funciones-como-director-de-asistencia-social-y-alimentacion-comunitaria\/","url_meta":{"origin":120061,"position":0},"title":"Edgar A. F\u00e9liz M\u00e9ndez asume nuevas funciones como director de Asistencia Social y Alimentaci\u00f3n Comunitaria","author":"Nelson Feliz","date":"10 de octubre de 2025","format":false,"excerpt":"Edgar Augusto F\u00e9liz M\u00e9ndez asume Direcci\u00f3n de Asistencia Social y Alimentaci\u00f3n Comunitaria con el compromiso de seguir trabajando por mejorar la calidad de vida de la poblaci\u00f3n m\u00e1s vulnerable del pa\u00eds. Mediante el Decreto n\u00fam. 597-25, el presidente Luis Abinader Corona design\u00f3 a Edgar Augusto F\u00e9liz M\u00e9ndez como titular de\u2026","rel":"","context":"En \u00abNACIONALES\u00bb","block_context":{"text":"NACIONALES","link":"https:\/\/lasprimeras.com.do\/index.php\/category\/nacionales\/"},"img":{"alt_text":"Edgar A. F\u00e9liz M\u00e9ndez","src":"https:\/\/i0.wp.com\/lasprimeras.com.do\/wp-content\/uploads\/2025\/10\/Edgar-A.-Feliz-Mendez.jpg?resize=350%2C200&ssl=1","width":350,"height":200,"srcset":"https:\/\/i0.wp.com\/lasprimeras.com.do\/wp-content\/uploads\/2025\/10\/Edgar-A.-Feliz-Mendez.jpg?resize=350%2C200&ssl=1 1x, https:\/\/i0.wp.com\/lasprimeras.com.do\/wp-content\/uploads\/2025\/10\/Edgar-A.-Feliz-Mendez.jpg?resize=525%2C300&ssl=1 1.5x, https:\/\/i0.wp.com\/lasprimeras.com.do\/wp-content\/uploads\/2025\/10\/Edgar-A.-Feliz-Mendez.jpg?resize=700%2C400&ssl=1 2x"},"classes":[]},{"id":125414,"url":"https:\/\/lasprimeras.com.do\/index.php\/2026\/03\/23\/miembros-de-la-dirigencia-del-pld-que-respaldan-a-gonzalo-castillo-se-unifican-en-barahona\/","url_meta":{"origin":120061,"position":1},"title":"Miembros de la dirigencia del PLD que respaldan a Gonzalo Castillo se unifican en Barahona","author":"Nelson Feliz","date":"23 de marzo de 2026","format":false,"excerpt":"Miembros de la dirigencia del Partido de la Liberaci\u00f3n Dominicana (PLD) en Barahona que apoyan la precandidatura presidencial de Gonzalo Castillo se reunieron este domingo en una asamblea celebrada en uno de los salones del Hotel Costa Larimar. Durante el encuentro, los participantes reafirmaron su respaldo al proyecto pol\u00edtico del\u2026","rel":"","context":"En \u00abPOLITICA\u00bb","block_context":{"text":"POLITICA","link":"https:\/\/lasprimeras.com.do\/index.php\/category\/politica\/"},"img":{"alt_text":"","src":"https:\/\/i0.wp.com\/lasprimeras.com.do\/wp-content\/uploads\/2026\/03\/Miembros-de-la-dirigencia-del-PLD-que-respaldan-a-Gonzalo-Castillo-1.jpeg?resize=350%2C200&ssl=1","width":350,"height":200,"srcset":"https:\/\/i0.wp.com\/lasprimeras.com.do\/wp-content\/uploads\/2026\/03\/Miembros-de-la-dirigencia-del-PLD-que-respaldan-a-Gonzalo-Castillo-1.jpeg?resize=350%2C200&ssl=1 1x, https:\/\/i0.wp.com\/lasprimeras.com.do\/wp-content\/uploads\/2026\/03\/Miembros-de-la-dirigencia-del-PLD-que-respaldan-a-Gonzalo-Castillo-1.jpeg?resize=525%2C300&ssl=1 1.5x"},"classes":[]},{"id":115771,"url":"https:\/\/lasprimeras.com.do\/index.php\/2025\/11\/25\/miles-personas-recibieron-en-paterson-nj-con-pavos-donaron-alex-mendez-y-su-hijo\/","url_meta":{"origin":120061,"position":2},"title":"Miles personas recibieron en Paterson-NJ con pavos donaron Alex M\u00e9ndez y su hijo","author":"Nelson Feliz","date":"25 de noviembre de 2025","format":false,"excerpt":"Por Ram\u00f3n Mercedes PATERSON-Nueva Jersey.- Miles de personas residentes en esta ciudad se beneficiaron este lunes al recibir el tradicional pavo y cajas con diversos alimentos para la cena del \u00abD\u00eda de Acci\u00f3n de Gracias\u00bb (Thanksgiving) de parte de Alex M\u00e9ndez, presidente del Consejo Municipal, y de su hijo Alex\u2026","rel":"","context":"En \u00abLA VOZ DE LA DIASPORA\u00bb","block_context":{"text":"LA VOZ DE LA DIASPORA","link":"https:\/\/lasprimeras.com.do\/index.php\/category\/la-voz-de-la-diaspora\/"},"img":{"alt_text":"","src":"https:\/\/i0.wp.com\/lasprimeras.com.do\/wp-content\/uploads\/2025\/11\/Miles-personas-recibieron-en-Paterson-NJ-con-pavos-donaron-Alex-Mendez-y-su-hijo.jpeg?resize=350%2C200&ssl=1","width":350,"height":200,"srcset":"https:\/\/i0.wp.com\/lasprimeras.com.do\/wp-content\/uploads\/2025\/11\/Miles-personas-recibieron-en-Paterson-NJ-con-pavos-donaron-Alex-Mendez-y-su-hijo.jpeg?resize=350%2C200&ssl=1 1x, https:\/\/i0.wp.com\/lasprimeras.com.do\/wp-content\/uploads\/2025\/11\/Miles-personas-recibieron-en-Paterson-NJ-con-pavos-donaron-Alex-Mendez-y-su-hijo.jpeg?resize=525%2C300&ssl=1 1.5x"},"classes":[]},{"id":128287,"url":"https:\/\/lasprimeras.com.do\/index.php\/2026\/04\/21\/muere-joven-al-perderse-tiempo-en-ser-trasladado-a-centro-de-salud-de-barahona\/","url_meta":{"origin":120061,"position":3},"title":"Muere joven al perderse tiempo en ser trasladado a centro de salud de Barahona","author":"Nelson Feliz","date":"21 de abril de 2026","format":false,"excerpt":"Por Bienvenido M\u00e9ndez Galarza Un joven de 23 a\u00f1os muri\u00f3 la tarde de este lunes en la ciudad de Barahona tras perderse mucho tiempo en ser trasladado desde el municipio de Enriquillo a un centro m\u00e9dico. Se trata de Liz Brayan Feliz Segura, (Yeison), quien era hijo de Saholi Segura\u2026","rel":"","context":"En \u00abSALUD\u00bb","block_context":{"text":"SALUD","link":"https:\/\/lasprimeras.com.do\/index.php\/category\/salud\/"},"img":{"alt_text":"","src":"https:\/\/i0.wp.com\/lasprimeras.com.do\/wp-content\/uploads\/2026\/04\/Liz-Brayan-Feliz-Segura.jpeg?resize=350%2C200&ssl=1","width":350,"height":200,"srcset":"https:\/\/i0.wp.com\/lasprimeras.com.do\/wp-content\/uploads\/2026\/04\/Liz-Brayan-Feliz-Segura.jpeg?resize=350%2C200&ssl=1 1x, https:\/\/i0.wp.com\/lasprimeras.com.do\/wp-content\/uploads\/2026\/04\/Liz-Brayan-Feliz-Segura.jpeg?resize=525%2C300&ssl=1 1.5x, https:\/\/i0.wp.com\/lasprimeras.com.do\/wp-content\/uploads\/2026\/04\/Liz-Brayan-Feliz-Segura.jpeg?resize=700%2C400&ssl=1 2x"},"classes":[]},{"id":126966,"url":"https:\/\/lasprimeras.com.do\/index.php\/2026\/04\/07\/mayoria-hispanos-en-paterson-apoyan-al-dominicano-alex-mendez-para-la-alcaldia\/","url_meta":{"origin":120061,"position":4},"title":"Mayor\u00eda hispanos en Paterson apoyan al dominicano Alex M\u00e9ndez para la alcald\u00eda","author":"Nelson Feliz","date":"7 de abril de 2026","format":false,"excerpt":"https:\/\/www.youtube.com\/watch?v=Y5hXuD94D0s Por Ram\u00f3n Mercedes PATERSON, Nueva Jersey.- La mayor\u00eda de la comunidad hispana en esta ciudad, calculada en 160 mil, y el 64 % de ella pertenece a dicha etnia, ha expresado su apoyo al dominicano y actual concejal del Tercer Barrio, Alex M\u00e9ndez, para la alcald\u00eda. As\u00ed lo hicieron\u2026","rel":"","context":"En \u00abINTERNACIONALES\u00bb","block_context":{"text":"INTERNACIONALES","link":"https:\/\/lasprimeras.com.do\/index.php\/category\/sin-categoria\/internacionales\/"},"img":{"alt_text":"","src":"https:\/\/i0.wp.com\/lasprimeras.com.do\/wp-content\/uploads\/2026\/04\/IMG-20260407-WA0073.jpg?resize=350%2C200&ssl=1","width":350,"height":200},"classes":[]},{"id":125950,"url":"https:\/\/lasprimeras.com.do\/index.php\/2026\/03\/27\/rafael-mendez-urge-accion-en-rios-de-bahoruco\/","url_meta":{"origin":120061,"position":5},"title":"Rafael M\u00e9ndez urge acci\u00f3n en r\u00edos de Bahoruco","author":"Nelson Feliz","date":"27 de marzo de 2026","format":false,"excerpt":"Valor\u00f3 como \u201catinada y oportuna\u201d la propuesta t\u00e9cnica presentada por el expresidente del CODIA, ingeniero Teodoro Tejada quien sugiri\u00f3 un plan nacional de adecuaci\u00f3n hidr\u00e1ulica para frenar el impacto de las inundaciones. El ex diputado Rafael M\u00e9ndez urgi\u00f3 al Gobierno a intervenir de manera inmediata los cauces de r\u00edos y\u2026","rel":"","context":"En \u00abPOLITICA\u00bb","block_context":{"text":"POLITICA","link":"https:\/\/lasprimeras.com.do\/index.php\/category\/politica\/"},"img":{"alt_text":"Rafael M\u00e9ndez","src":"https:\/\/i0.wp.com\/lasprimeras.com.do\/wp-content\/uploads\/2024\/04\/Rafal-Mendez.jpg?resize=350%2C200&ssl=1","width":350,"height":200},"classes":[]}],"jetpack_sharing_enabled":true,"_links":{"self":[{"href":"https:\/\/lasprimeras.com.do\/index.php\/wp-json\/wp\/v2\/posts\/120061","targetHints":{"allow":["GET"]}}],"collection":[{"href":"https:\/\/lasprimeras.com.do\/index.php\/wp-json\/wp\/v2\/posts"}],"about":[{"href":"https:\/\/lasprimeras.com.do\/index.php\/wp-json\/wp\/v2\/types\/post"}],"author":[{"embeddable":true,"href":"https:\/\/lasprimeras.com.do\/index.php\/wp-json\/wp\/v2\/users\/10"}],"replies":[{"embeddable":true,"href":"https:\/\/lasprimeras.com.do\/index.php\/wp-json\/wp\/v2\/comments?post=120061"}],"version-history":[{"count":1,"href":"https:\/\/lasprimeras.com.do\/index.php\/wp-json\/wp\/v2\/posts\/120061\/revisions"}],"predecessor-version":[{"id":120063,"href":"https:\/\/lasprimeras.com.do\/index.php\/wp-json\/wp\/v2\/posts\/120061\/revisions\/120063"}],"wp:featuredmedia":[{"embeddable":true,"href":"https:\/\/lasprimeras.com.do\/index.php\/wp-json\/wp\/v2\/media\/120062"}],"wp:attachment":[{"href":"https:\/\/lasprimeras.com.do\/index.php\/wp-json\/wp\/v2\/media?parent=120061"}],"wp:term":[{"taxonomy":"category","embeddable":true,"href":"https:\/\/lasprimeras.com.do\/index.php\/wp-json\/wp\/v2\/categories?post=120061"},{"taxonomy":"post_tag","embeddable":true,"href":"https:\/\/lasprimeras.com.do\/index.php\/wp-json\/wp\/v2\/tags?post=120061"}],"curies":[{"name":"wp","href":"https:\/\/api.w.org\/{rel}","templated":true}]}}