{"id":120192,"date":"2026-01-21T12:14:40","date_gmt":"2026-01-21T16:14:40","guid":{"rendered":"https:\/\/lasprimeras.com.do\/?p=120192"},"modified":"2026-01-21T12:14:42","modified_gmt":"2026-01-21T16:14:42","slug":"leonardo-aguilera-afirma-que-banreservas-apuesta-al-fortalecimiento-del-turismo-video","status":"publish","type":"post","link":"https:\/\/lasprimeras.com.do\/index.php\/2026\/01\/21\/leonardo-aguilera-afirma-que-banreservas-apuesta-al-fortalecimiento-del-turismo-video\/","title":{"rendered":"Leonardo Aguilera afirma que Banreservas apuesta al fortalecimiento del turismo \/ Video"},"content":{"rendered":"\n<p><strong>La instituci\u00f3n financiera pone a disposici\u00f3n de los inversionistas su experiencia de 84 a\u00f1os para financiar proyectos tur\u00edsticos.<\/strong><\/p>\n\n\n\n<p><strong>Madrid, Espa\u00f1a.\u2013 <\/strong>El presidente ejecutivo del Banco de Reservas, doctor Leonardo Aguilera, asegur\u00f3 este mi\u00e9rcoles, en el marco de la Feria Internacional de Turismo (FITUR) 2026, que la instituci\u00f3n financiera apuesta firmemente al fortalecimiento del turismo como principal dinamizador de la econom\u00eda dominicana.<\/p>\n\n\n\n<p>Aguilera, al hablar durante la ceremonia de inauguraci\u00f3n del stand dominicano en la reconocida feria que se celebra en IFEMA, se\u00f1al\u00f3 que el turismo representa uno de los principales generadores de divisas y empleos para el pa\u00eds, una actividad que impacta de manera directa y transversal en los diversos sectores productivos de bienes y servicios.<\/p>\n\n\n\n<p>\u201cLa edici\u00f3n FITUR 2026 nos proporciona enormes oportunidades para ampliar nuestras relaciones con empresarios del sector y con aliados internacionales que ya conocen las potencialidades de la Rep\u00fablica Dominicana para la inversi\u00f3n en polos tur\u00edsticos y en otras \u00e1reas de negocio\u201d, expres\u00f3.<\/p>\n\n\n\n<figure class=\"wp-block-image size-full\"><img decoding=\"async\" width=\"900\" height=\"645\" src=\"https:\/\/lasprimeras.com.do\/wp-content\/uploads\/2026\/01\/Leonardo-Aguilera-1.jpg\" alt=\"\" class=\"wp-image-120194\" srcset=\"https:\/\/lasprimeras.com.do\/wp-content\/uploads\/2026\/01\/Leonardo-Aguilera-1.jpg 900w, https:\/\/lasprimeras.com.do\/wp-content\/uploads\/2026\/01\/Leonardo-Aguilera-1-300x215.jpg 300w, https:\/\/lasprimeras.com.do\/wp-content\/uploads\/2026\/01\/Leonardo-Aguilera-1-768x550.jpg 768w\" sizes=\"(max-width: 900px) 100vw, 900px\" \/><\/figure>\n\n\n\n<p>El ejecutivo bancario destac\u00f3 que Banreservas pone a disposici\u00f3n de los inversionistas su experiencia de 84 a\u00f1os de trayectoria y \u00e9xitos en la naci\u00f3n caribe\u00f1a, para financiar sus inversiones tur\u00edsticas y acompa\u00f1arlos con una s\u00f3lida relaci\u00f3n de negocios.<\/p>\n\n\n\n<p>En ese sentido, enfatiz\u00f3 que la entidad bancaria se ha trazado la meta de lograr una participaci\u00f3n destacada en la captaci\u00f3n de inversiones para el sector tur\u00edstico, mediante negociaciones bilaterales que ya han reportado importantes resultados para el pa\u00eds.<\/p>\n\n\n\n<p>\u201cNos proponemos, mediante el incremento de nuestra cartera tur\u00edstica, seguir siendo l\u00edderes en la financiaci\u00f3n de proyectos del sector y continuar contribuyendo al crecimiento de las extraordinarias cifras de visitantes que cada a\u00f1o rompen r\u00e9cords\u201d, afirm\u00f3.<\/p>\n\n\n\n<figure class=\"wp-block-image size-full\"><img decoding=\"async\" width=\"900\" height=\"599\" src=\"https:\/\/lasprimeras.com.do\/wp-content\/uploads\/2026\/01\/Leonardo-Aguilera-2.jpg\" alt=\"\" class=\"wp-image-120195\" srcset=\"https:\/\/lasprimeras.com.do\/wp-content\/uploads\/2026\/01\/Leonardo-Aguilera-2.jpg 900w, https:\/\/lasprimeras.com.do\/wp-content\/uploads\/2026\/01\/Leonardo-Aguilera-2-300x200.jpg 300w, https:\/\/lasprimeras.com.do\/wp-content\/uploads\/2026\/01\/Leonardo-Aguilera-2-768x511.jpg 768w\" sizes=\"(max-width: 900px) 100vw, 900px\" \/><\/figure>\n\n\n\n<p>Aguilera sostuvo que el turismo act\u00faa como una verdadera locomotora de la econom\u00eda dominicana, al impulsar el crecimiento econ\u00f3mico, generar riqueza y crear oportunidades para amplios sectores de la sociedad.<\/p>\n\n\n\n<p>Ante autoridades, representantes del sector financiero, empresarios y p\u00fablico en general, el presidente ejecutivo de Banreservas asegur\u00f3 que la instituci\u00f3n tiene motivos m\u00e1s que suficientes para augurar una participaci\u00f3n destacada en esta feria, sustentada en su experiencia, prestigio y el reconocimiento de la sociedad dominicana.<\/p>\n\n\n\n<p>Actualmente, Banreservas es la principal instituci\u00f3n financiera del sistema financiero nacional, con una participaci\u00f3n cercana al 45 % del total de los cr\u00e9ditos otorgados al sector tur\u00edstico en la Rep\u00fablica Dominicana.<\/p>\n\n\n\n<figure class=\"wp-block-embed is-type-video is-provider-youtube wp-block-embed-youtube wp-embed-aspect-16-9 wp-has-aspect-ratio\"><div class=\"wp-block-embed__wrapper\">\n<iframe title=\"Banreservas apuesta al fortalecimiento del turismo\" width=\"500\" height=\"281\" src=\"https:\/\/www.youtube.com\/embed\/g-bTJgulYxY?feature=oembed\" frameborder=\"0\" allow=\"accelerometer; autoplay; clipboard-write; encrypted-media; gyroscope; picture-in-picture; web-share\" referrerpolicy=\"strict-origin-when-cross-origin\" allowfullscreen><\/iframe>\n<\/div><\/figure>\n","protected":false},"excerpt":{"rendered":"<p>Leonardo Aguilera<\/p>\n","protected":false},"author":10,"featured_media":120193,"comment_status":"open","ping_status":"open","sticky":false,"template":"","format":"standard","meta":{"content-type":"","jetpack_post_was_ever_published":false,"_jetpack_newsletter_access":"","_jetpack_dont_email_post_to_subs":false,"_jetpack_newsletter_tier_id":0,"_jetpack_memberships_contains_paywalled_content":false,"_jetpack_memberships_contains_paid_content":false,"footnotes":""},"categories":[39,25],"tags":[726,29304,3883,17615,375],"class_list":["post-120192","post","type-post","status-publish","format-standard","has-post-thumbnail","hentry","category-economia","category-portada","tag-banreservas","tag-fitur-2026","tag-fortalecimiento","tag-leonardo-aguilera","tag-turismo"],"jetpack_featured_media_url":"https:\/\/lasprimeras.com.do\/wp-content\/uploads\/2026\/01\/Leonardo-Aguilera.jpg","jetpack-related-posts":[{"id":120410,"url":"https:\/\/lasprimeras.com.do\/index.php\/2026\/01\/23\/banreservas-lidera-en-fitur-2026-con-acuerdos-de-inversion-superiores-a-us6500-millones\/","url_meta":{"origin":120192,"position":0},"title":"Banreservas lidera en FITUR 2026 con acuerdos de inversi\u00f3n superiores a US$6,500 millones","author":"Nelson Feliz","date":"23 de enero de 2026","format":false,"excerpt":"Leonardo Aguilera anuncia negociaciones concretas para financiar proyectos tur\u00edsticos por m\u00e1s de US$4,200 millones Madrid.- El Banco de Reservas logr\u00f3 en la Feria Internacional de Turismo (FITUR) 2026 acuerdos de inversi\u00f3n superiores a los US$6,500 millones, los cuales se traducir\u00e1n en expectativas de financiamiento por m\u00e1s de US$4,200 millones para\u2026","rel":"","context":"En \u00abECONOM\u00cdA\u00bb","block_context":{"text":"ECONOM\u00cdA","link":"https:\/\/lasprimeras.com.do\/index.php\/category\/economia\/"},"img":{"alt_text":"","src":"https:\/\/i0.wp.com\/lasprimeras.com.do\/wp-content\/uploads\/2026\/01\/IMG-20260123-WA0193.jpg?resize=350%2C200&ssl=1","width":350,"height":200,"srcset":"https:\/\/i0.wp.com\/lasprimeras.com.do\/wp-content\/uploads\/2026\/01\/IMG-20260123-WA0193.jpg?resize=350%2C200&ssl=1 1x, https:\/\/i0.wp.com\/lasprimeras.com.do\/wp-content\/uploads\/2026\/01\/IMG-20260123-WA0193.jpg?resize=525%2C300&ssl=1 1.5x, https:\/\/i0.wp.com\/lasprimeras.com.do\/wp-content\/uploads\/2026\/01\/IMG-20260123-WA0193.jpg?resize=700%2C400&ssl=1 2x, https:\/\/i0.wp.com\/lasprimeras.com.do\/wp-content\/uploads\/2026\/01\/IMG-20260123-WA0193.jpg?resize=1050%2C600&ssl=1 3x, https:\/\/i0.wp.com\/lasprimeras.com.do\/wp-content\/uploads\/2026\/01\/IMG-20260123-WA0193.jpg?resize=1400%2C800&ssl=1 4x"},"classes":[]},{"id":119408,"url":"https:\/\/lasprimeras.com.do\/index.php\/2026\/01\/12\/banreservas-llevara-a-fitur-2026-amplia-agenda-de-negocios-para-seguir-impulsando-inversion-turistica-en-rd\/","url_meta":{"origin":120192,"position":1},"title":"Banreservas llevar\u00e1 a Fitur 2026 amplia agenda de negocios para seguir impulsando inversi\u00f3n tur\u00edstica en RD","author":"Nelson Feliz","date":"12 de enero de 2026","format":false,"excerpt":"El presidente ejecutivo, doctor Leonardo Aguilera, encabezar\u00e1 delegaci\u00f3n de la entidad financiera que se reunir\u00e1 con inversionistas El Banco de Reservas tiene programada una amplia agenda de negocios en la Feria Internacional de Turismo Fitur 2026, donde se proyecta una participaci\u00f3n en la captaci\u00f3n de inversi\u00f3n para la continuaci\u00f3n del\u2026","rel":"","context":"En \u00abECONOM\u00cdA\u00bb","block_context":{"text":"ECONOM\u00cdA","link":"https:\/\/lasprimeras.com.do\/index.php\/category\/economia\/"},"img":{"alt_text":"","src":"https:\/\/i0.wp.com\/lasprimeras.com.do\/wp-content\/uploads\/2025\/12\/Leonardo-Aguilera-1-1.jpg?resize=350%2C200&ssl=1","width":350,"height":200,"srcset":"https:\/\/i0.wp.com\/lasprimeras.com.do\/wp-content\/uploads\/2025\/12\/Leonardo-Aguilera-1-1.jpg?resize=350%2C200&ssl=1 1x, https:\/\/i0.wp.com\/lasprimeras.com.do\/wp-content\/uploads\/2025\/12\/Leonardo-Aguilera-1-1.jpg?resize=525%2C300&ssl=1 1.5x, https:\/\/i0.wp.com\/lasprimeras.com.do\/wp-content\/uploads\/2025\/12\/Leonardo-Aguilera-1-1.jpg?resize=700%2C400&ssl=1 2x"},"classes":[]},{"id":128437,"url":"https:\/\/lasprimeras.com.do\/index.php\/2026\/04\/23\/banreservas-apuesta-en-date-2026-por-la-diversificacion-del-turismo-dominicano\/","url_meta":{"origin":120192,"position":2},"title":"Banreservas apuesta en DATE 2026 por la diversificaci\u00f3n del turismo dominicano","author":"Nelson Feliz","date":"23 de abril de 2026","format":false,"excerpt":"Decenas de rondas de negocios se desarrollan en el estand de la instituci\u00f3n financiera, donde se visualizan novedosos proyectos para el pa\u00eds El Banco de Reservas desarrolla, en el marco del Dominican Annual Tourism Exchange (DATE) 2026, una extensa agenda de reuniones y rondas de negocios con importantes actores del\u2026","rel":"","context":"En \u00abPORTADA\u00bb","block_context":{"text":"PORTADA","link":"https:\/\/lasprimeras.com.do\/index.php\/category\/portada\/"},"img":{"alt_text":"","src":"https:\/\/i0.wp.com\/lasprimeras.com.do\/wp-content\/uploads\/2026\/04\/IMG-20260423-WA0298.jpg?resize=350%2C200&ssl=1","width":350,"height":200,"srcset":"https:\/\/i0.wp.com\/lasprimeras.com.do\/wp-content\/uploads\/2026\/04\/IMG-20260423-WA0298.jpg?resize=350%2C200&ssl=1 1x, https:\/\/i0.wp.com\/lasprimeras.com.do\/wp-content\/uploads\/2026\/04\/IMG-20260423-WA0298.jpg?resize=525%2C300&ssl=1 1.5x, https:\/\/i0.wp.com\/lasprimeras.com.do\/wp-content\/uploads\/2026\/04\/IMG-20260423-WA0298.jpg?resize=700%2C400&ssl=1 2x, https:\/\/i0.wp.com\/lasprimeras.com.do\/wp-content\/uploads\/2026\/04\/IMG-20260423-WA0298.jpg?resize=1050%2C600&ssl=1 3x"},"classes":[]},{"id":120305,"url":"https:\/\/lasprimeras.com.do\/index.php\/2026\/01\/22\/banreservas-financia-inversiones-espanolas-en-turismo-por-mas-de-us175-millones-y-aportara-9500-habitaciones-adicionales\/","url_meta":{"origin":120192,"position":3},"title":"Banreservas financia inversiones espa\u00f1olas en turismo por m\u00e1s de US$175 millones y aportar\u00e1 9,500 habitaciones adicionales","author":"Nelson Feliz","date":"22 de enero de 2026","format":false,"excerpt":"Madrid, Espa\u00f1a.\u2013 El Banco de Reservas ha desembolsado m\u00e1s de US$175 millones para respaldar diversos proyectos tur\u00edsticos de capital espa\u00f1ol, los cuales contemplan la construcci\u00f3n de aproximadamente 9,500 habitaciones hoteleras en distintas localidades de la Rep\u00fablica Dominicana. La informaci\u00f3n fue ofrecida por el doctor Leonardo Aguilera, presidente ejecutivo de Banreservas,\u2026","rel":"","context":"En \u00abECONOM\u00cdA\u00bb","block_context":{"text":"ECONOM\u00cdA","link":"https:\/\/lasprimeras.com.do\/index.php\/category\/economia\/"},"img":{"alt_text":"Leonardo Aguilera","src":"https:\/\/i0.wp.com\/lasprimeras.com.do\/wp-content\/uploads\/2026\/01\/Leonardo-Aguilera.jpg?resize=350%2C200&ssl=1","width":350,"height":200,"srcset":"https:\/\/i0.wp.com\/lasprimeras.com.do\/wp-content\/uploads\/2026\/01\/Leonardo-Aguilera.jpg?resize=350%2C200&ssl=1 1x, https:\/\/i0.wp.com\/lasprimeras.com.do\/wp-content\/uploads\/2026\/01\/Leonardo-Aguilera.jpg?resize=525%2C300&ssl=1 1.5x, https:\/\/i0.wp.com\/lasprimeras.com.do\/wp-content\/uploads\/2026\/01\/Leonardo-Aguilera.jpg?resize=700%2C400&ssl=1 2x"},"classes":[]},{"id":123100,"url":"https:\/\/lasprimeras.com.do\/index.php\/2026\/02\/25\/banreservas-anuncia-comodas-condiciones-de-financiamiento-para-inversionistas-colombianos-en-anato-2026\/","url_meta":{"origin":120192,"position":4},"title":"Banreservas anuncia c\u00f3modas condiciones de financiamiento para inversionistas colombianos en ANATO 2026","author":"Nelson Feliz","date":"25 de febrero de 2026","format":false,"excerpt":"Leonardo Aguilera resalta que Rep\u00fablica Dominicana cuenta con un buen clima de inversi\u00f3n y de seguridad jur\u00eddica para atraer inversionistas extranjeros Bogot\u00e1, Colombia - El Banco de Reservas anunci\u00f3 en la feria Vitrina Tur\u00edstica ANATO 2026 que dispone de c\u00f3modas condiciones de financiamientos para inversionistas y desarrolladores colombianos que se\u2026","rel":"","context":"En \u00abECONOM\u00cdA\u00bb","block_context":{"text":"ECONOM\u00cdA","link":"https:\/\/lasprimeras.com.do\/index.php\/category\/economia\/"},"img":{"alt_text":"","src":"https:\/\/i0.wp.com\/lasprimeras.com.do\/wp-content\/uploads\/2026\/02\/Leonardo-Aguilera.jpg?resize=350%2C200&ssl=1","width":350,"height":200,"srcset":"https:\/\/i0.wp.com\/lasprimeras.com.do\/wp-content\/uploads\/2026\/02\/Leonardo-Aguilera.jpg?resize=350%2C200&ssl=1 1x, https:\/\/i0.wp.com\/lasprimeras.com.do\/wp-content\/uploads\/2026\/02\/Leonardo-Aguilera.jpg?resize=525%2C300&ssl=1 1.5x, https:\/\/i0.wp.com\/lasprimeras.com.do\/wp-content\/uploads\/2026\/02\/Leonardo-Aguilera.jpg?resize=700%2C400&ssl=1 2x"},"classes":[]},{"id":113531,"url":"https:\/\/lasprimeras.com.do\/index.php\/2025\/11\/03\/banreservas-promovera-nuevas-inversiones-en-rd-durante-la-feria-world-travel-market-2025-en-londres\/","url_meta":{"origin":120192,"position":5},"title":"Banreservas promover\u00e1 nuevas inversiones en RD durante la feria World Travel Market 2025 en Londres","author":"Nelson Feliz","date":"3 de noviembre de 2025","format":false,"excerpt":"El Banco de Reservas (Banreservas) estar\u00e1 presente en la feria internacional de turismo World Travel Market 2025 (WTM 2025), que se celebrar\u00e1 del 4 al 6 de noviembre en el centro de exposiciones ExCeL London, Londres, Inglaterra. La participaci\u00f3n del banco de todos los dominicanos tiene como objetivo promover nuevas\u2026","rel":"","context":"En \u00abECONOM\u00cdA\u00bb","block_context":{"text":"ECONOM\u00cdA","link":"https:\/\/lasprimeras.com.do\/index.php\/category\/economia\/"},"img":{"alt_text":"","src":"https:\/\/i0.wp.com\/lasprimeras.com.do\/wp-content\/uploads\/2025\/11\/banreservas-4.jpg?resize=350%2C200&ssl=1","width":350,"height":200,"srcset":"https:\/\/i0.wp.com\/lasprimeras.com.do\/wp-content\/uploads\/2025\/11\/banreservas-4.jpg?resize=350%2C200&ssl=1 1x, https:\/\/i0.wp.com\/lasprimeras.com.do\/wp-content\/uploads\/2025\/11\/banreservas-4.jpg?resize=525%2C300&ssl=1 1.5x, https:\/\/i0.wp.com\/lasprimeras.com.do\/wp-content\/uploads\/2025\/11\/banreservas-4.jpg?resize=700%2C400&ssl=1 2x"},"classes":[]}],"jetpack_sharing_enabled":true,"_links":{"self":[{"href":"https:\/\/lasprimeras.com.do\/index.php\/wp-json\/wp\/v2\/posts\/120192","targetHints":{"allow":["GET"]}}],"collection":[{"href":"https:\/\/lasprimeras.com.do\/index.php\/wp-json\/wp\/v2\/posts"}],"about":[{"href":"https:\/\/lasprimeras.com.do\/index.php\/wp-json\/wp\/v2\/types\/post"}],"author":[{"embeddable":true,"href":"https:\/\/lasprimeras.com.do\/index.php\/wp-json\/wp\/v2\/users\/10"}],"replies":[{"embeddable":true,"href":"https:\/\/lasprimeras.com.do\/index.php\/wp-json\/wp\/v2\/comments?post=120192"}],"version-history":[{"count":1,"href":"https:\/\/lasprimeras.com.do\/index.php\/wp-json\/wp\/v2\/posts\/120192\/revisions"}],"predecessor-version":[{"id":120196,"href":"https:\/\/lasprimeras.com.do\/index.php\/wp-json\/wp\/v2\/posts\/120192\/revisions\/120196"}],"wp:featuredmedia":[{"embeddable":true,"href":"https:\/\/lasprimeras.com.do\/index.php\/wp-json\/wp\/v2\/media\/120193"}],"wp:attachment":[{"href":"https:\/\/lasprimeras.com.do\/index.php\/wp-json\/wp\/v2\/media?parent=120192"}],"wp:term":[{"taxonomy":"category","embeddable":true,"href":"https:\/\/lasprimeras.com.do\/index.php\/wp-json\/wp\/v2\/categories?post=120192"},{"taxonomy":"post_tag","embeddable":true,"href":"https:\/\/lasprimeras.com.do\/index.php\/wp-json\/wp\/v2\/tags?post=120192"}],"curies":[{"name":"wp","href":"https:\/\/api.w.org\/{rel}","templated":true}]}}