{"id":120197,"date":"2026-01-20T12:38:08","date_gmt":"2026-01-20T16:38:08","guid":{"rendered":"https:\/\/lasprimeras.com.do\/?p=120197"},"modified":"2026-01-21T12:41:15","modified_gmt":"2026-01-21T16:41:15","slug":"sns-garantiza-asistencia-integral-en-hospitales-durante-feriado-dia-de-la-altagracia","status":"publish","type":"post","link":"https:\/\/lasprimeras.com.do\/index.php\/2026\/01\/20\/sns-garantiza-asistencia-integral-en-hospitales-durante-feriado-dia-de-la-altagracia\/","title":{"rendered":"SNS garantiza asistencia integral en hospitales durante feriado D\u00eda de la Altagracia"},"content":{"rendered":"\n<p><strong>Medidas buscan asegurar atenci\u00f3n oportuna en hospitales p\u00fablicos ante el aumento de desplazamientos.<\/strong><\/p>\n\n\n\n<p>El director ejecutivo del Servicio Nacional de Salud (SNS), doctor Julio Landr\u00f3n, inform\u00f3 que se tomaron las medidas necesarias para garantizar asistencia oportuna y manejo integral de los usuarios en los hospitales de la Red P\u00fablica, en respuesta a la alta movilidad de ciudadanos que se desplazan hacia la parte este del pa\u00eds para conmemorar el D\u00eda de la Altagracia.<\/p>\n\n\n\n<p>En el marco del Operativo Altagraciano 2026, que inicia este martes 20 de enero a las 2:00 de la tarde y finaliza el mi\u00e9rcoles 21 a las 6:00 de la tarde, el doctor Julio Landr\u00f3n detall\u00f3 que fueron priorizados los hospitales ubicados desde el puente Juan Carlos hacia el este y en los Servicios Regionales de Salud Yuma e Higuamo.<\/p>\n\n\n\n<p>Precis\u00f3 que fueron instruidos los directores departamentales, regionales y de establecimientos de salud, encargados, coordinadores y jefes de Emergencias a incrementar las acciones de preparaci\u00f3n en los centros sanitarios de las referidas zonas.<\/p>\n\n\n\n<p>Mientras que la directora de Centros Hospitalarios del SNS, doctora Yocasta Lara, destac\u00f3 que las acciones de preparaci\u00f3n incluyen la activaci\u00f3n de los planes y Comit\u00e9s de Emergencias y Desastres, Plan de Alta Demanda Asistencial y Plan de Respuesta a Intoxicaci\u00f3n por Metanol.<\/p>\n\n\n\n<p>Adem\u00e1s, se organiza el personal con el fin de que los servicios est\u00e9n cubiertos las 24 horas y garantizar la atenci\u00f3n de los pacientes en urgencias, emergencias y \u00e1reas cr\u00edticas.<\/p>\n\n\n\n<p>Entre las medidas tambi\u00e9n figura asegurar la disponibilidad de medicamentos e insumos en los servicios de emergencias, mantener la seguridad permanente en esas \u00e1reas, velar por el \u00f3ptimo funcionamiento de las plantas el\u00e9ctricas y disponer de los debidos reservorios de agua y combustible.<\/p>\n\n\n\n<p>De acuerdo con lo establecido por el SNS, las direcciones de los hospitales deber\u00e1n garantizar el reporte oportuno de los casos en Ia plataforma Sitrep, durante los d\u00edas del Operativo Altagraciano 2026 y fortalecer la notificaci\u00f3n oportuna de las atenciones para la vigilancia y el monitoreo, lo que permitir\u00e1 la evaluaci\u00f3n de la situaci\u00f3n y la toma de decisiones.<\/p>\n\n\n\n<p>Igualmente, garantizar el reporte en la plataforma Sitrep de los datos de intoxicaci\u00f3n alcoh\u00f3lica en adultos y menores, intoxicaci\u00f3n alimentaria, accidentes de tr\u00e1nsito y muertes por cualquiera de las causas mencionadas.<\/p>\n\n\n\n<p>El doctor Landr\u00f3n record\u00f3 que el vocero oficial del operativo es el Centro de Operaciones de Emergencia (COE) y exhort\u00f3 a la poblaci\u00f3n a realizar un desplazamiento seguro, en aras de proteger su vida y la de los usuarios de las v\u00edas.<\/p>\n","protected":false},"excerpt":{"rendered":"<p>Medidas buscan asegurar atenci\u00f3n oportuna en hospitales p\u00fablicos ante el aumento de desplazamientos. El director ejecutivo del Servicio Nacional de Salud (SNS), doctor Julio Landr\u00f3n, inform\u00f3 que se tomaron las&hellip;<\/p>\n","protected":false},"author":10,"featured_media":120198,"comment_status":"open","ping_status":"open","sticky":false,"template":"","format":"standard","meta":{"content-type":"","jetpack_post_was_ever_published":false,"_jetpack_newsletter_access":"","_jetpack_dont_email_post_to_subs":false,"_jetpack_newsletter_tier_id":0,"_jetpack_memberships_contains_paywalled_content":false,"_jetpack_memberships_contains_paid_content":false,"footnotes":""},"categories":[25,16558],"tags":[29596,17059,10681,1949,2756],"class_list":["post-120197","post","type-post","status-publish","format-standard","has-post-thumbnail","hentry","category-portada","category-salud","tag-asistencia-integral","tag-dia-de-la-altagracia","tag-feriado","tag-hospitales","tag-sns"],"jetpack_featured_media_url":"https:\/\/lasprimeras.com.do\/wp-content\/uploads\/2026\/01\/SNS.jpg","jetpack-related-posts":[{"id":126595,"url":"https:\/\/lasprimeras.com.do\/index.php\/2026\/04\/02\/sns-activa-su-maxima-capacidad-hospitalaria-para-semana-santa-2026\/","url_meta":{"origin":120197,"position":0},"title":"SNS activa su m\u00e1xima capacidad hospitalaria para Semana Santa 2026","author":"Nelson Feliz","date":"2 de abril de 2026","format":false,"excerpt":"Julio Landr\u00f3n garantiza atenci\u00f3n oportuna en todo el pa\u00eds. El Servicio Nacional de Salud (SNS) se consolida como pilar fundamental en la respuesta sanitaria del operativo \u201cConciencia por la Vida, Semana Santa 2026\u201d, activado este jueves por el Centro de Operaciones de Emergencias (COE), con el despliegue de m\u00e1s de\u2026","rel":"","context":"En \u00abSALUD\u00bb","block_context":{"text":"SALUD","link":"https:\/\/lasprimeras.com.do\/index.php\/category\/salud\/"},"img":{"alt_text":"Julio Landr\u00f3n","src":"https:\/\/i0.wp.com\/lasprimeras.com.do\/wp-content\/uploads\/2026\/04\/Julio-Landron-1.jpg?resize=350%2C200&ssl=1","width":350,"height":200,"srcset":"https:\/\/i0.wp.com\/lasprimeras.com.do\/wp-content\/uploads\/2026\/04\/Julio-Landron-1.jpg?resize=350%2C200&ssl=1 1x, https:\/\/i0.wp.com\/lasprimeras.com.do\/wp-content\/uploads\/2026\/04\/Julio-Landron-1.jpg?resize=525%2C300&ssl=1 1.5x, https:\/\/i0.wp.com\/lasprimeras.com.do\/wp-content\/uploads\/2026\/04\/Julio-Landron-1.jpg?resize=700%2C400&ssl=1 2x"},"classes":[]},{"id":126113,"url":"https:\/\/lasprimeras.com.do\/index.php\/2026\/03\/29\/hospital-ney-arias-lora-inaugura%c2%a8unidad-de-psicotrauma%c2%a8para-atencion-integral-de-pacientes\/","url_meta":{"origin":120197,"position":1},"title":"Hospital Ney Arias Lora inaugura\u00a8Unidad de Psicotrauma\u00a8para atenci\u00f3n integral de pacientes","author":"Nelson Feliz","date":"29 de marzo de 2026","format":false,"excerpt":"Titular del SNS destaca importancia de dicha unidad. La Direcci\u00f3n del Hospital Universitario Docente Traumatol\u00f3gico Dr. Ney Arias Lora inaugur\u00f3 la Unidad de Psicotrauma, un espacio dise\u00f1ado para atender a pacientes con traumas f\u00edsicos y psicol\u00f3gicos de manera integral, fortaleciendo la atenci\u00f3n en salud mental en Santo Domingo Norte y\u2026","rel":"","context":"En \u00abSALUD\u00bb","block_context":{"text":"SALUD","link":"https:\/\/lasprimeras.com.do\/index.php\/category\/salud\/"},"img":{"alt_text":"","src":"https:\/\/i0.wp.com\/lasprimeras.com.do\/wp-content\/uploads\/2026\/03\/ney-arias-doctor-landron.jpg?resize=350%2C200&ssl=1","width":350,"height":200,"srcset":"https:\/\/i0.wp.com\/lasprimeras.com.do\/wp-content\/uploads\/2026\/03\/ney-arias-doctor-landron.jpg?resize=350%2C200&ssl=1 1x, https:\/\/i0.wp.com\/lasprimeras.com.do\/wp-content\/uploads\/2026\/03\/ney-arias-doctor-landron.jpg?resize=525%2C300&ssl=1 1.5x, https:\/\/i0.wp.com\/lasprimeras.com.do\/wp-content\/uploads\/2026\/03\/ney-arias-doctor-landron.jpg?resize=700%2C400&ssl=1 2x"},"classes":[]},{"id":126936,"url":"https:\/\/lasprimeras.com.do\/index.php\/2026\/04\/07\/emergencias-se-reducen-mas-de-un-60-durante-semana-santa-destaca-el-sns\/","url_meta":{"origin":120197,"position":2},"title":"Emergencias se reducen m\u00e1s de un 60 % durante Semana Santa, destaca el SNS","author":"Nelson Feliz","date":"7 de abril de 2026","format":false,"excerpt":"Julio Landr\u00f3n reconoce labor del personal de salud y el impacto de la coordinaci\u00f3n institucional. El director del Servicio Nacional de Salud, Julio Landr\u00f3n, inform\u00f3 que la demanda de emergencias en hospitales del pa\u00eds se redujo en m\u00e1s de un 60 % durante el asueto de Semana Santa, resultado que\u2026","rel":"","context":"En \u00abSALUD\u00bb","block_context":{"text":"SALUD","link":"https:\/\/lasprimeras.com.do\/index.php\/category\/salud\/"},"img":{"alt_text":"","src":"https:\/\/i0.wp.com\/lasprimeras.com.do\/wp-content\/uploads\/2026\/04\/dario-contreras.jpg?resize=350%2C200&ssl=1","width":350,"height":200,"srcset":"https:\/\/i0.wp.com\/lasprimeras.com.do\/wp-content\/uploads\/2026\/04\/dario-contreras.jpg?resize=350%2C200&ssl=1 1x, https:\/\/i0.wp.com\/lasprimeras.com.do\/wp-content\/uploads\/2026\/04\/dario-contreras.jpg?resize=525%2C300&ssl=1 1.5x, https:\/\/i0.wp.com\/lasprimeras.com.do\/wp-content\/uploads\/2026\/04\/dario-contreras.jpg?resize=700%2C400&ssl=1 2x"},"classes":[]},{"id":119201,"url":"https:\/\/lasprimeras.com.do\/index.php\/2026\/01\/08\/presidente-abinader-designa-a-julio-landron-como-director-del-servicio-nacional-de-salud\/","url_meta":{"origin":120197,"position":3},"title":"Presidente Abinader designa a Julio Landr\u00f3n como director del Servicio Nacional de Salud","author":"Nelson Feliz","date":"8 de enero de 2026","format":false,"excerpt":"Julio C\u00e9sar Landr\u00f3n","rel":"","context":"En \u00abSin categor\u00eda\u00bb","block_context":{"text":"Sin categor\u00eda","link":"https:\/\/lasprimeras.com.do\/index.php\/category\/sin-categoria\/"},"img":{"alt_text":"Julio C\u00e9sar Landr\u00f3n","src":"https:\/\/i0.wp.com\/lasprimeras.com.do\/wp-content\/uploads\/2026\/01\/Julio-Cesar-Landron.jpg?resize=350%2C200&ssl=1","width":350,"height":200,"srcset":"https:\/\/i0.wp.com\/lasprimeras.com.do\/wp-content\/uploads\/2026\/01\/Julio-Cesar-Landron.jpg?resize=350%2C200&ssl=1 1x, https:\/\/i0.wp.com\/lasprimeras.com.do\/wp-content\/uploads\/2026\/01\/Julio-Cesar-Landron.jpg?resize=525%2C300&ssl=1 1.5x, https:\/\/i0.wp.com\/lasprimeras.com.do\/wp-content\/uploads\/2026\/01\/Julio-Cesar-Landron.jpg?resize=700%2C400&ssl=1 2x"},"classes":[]},{"id":129049,"url":"https:\/\/lasprimeras.com.do\/index.php\/2026\/04\/29\/sns-refuerza-supervision-para-elevar-la-calidad-en-hospitales-publicos\/","url_meta":{"origin":120197,"position":4},"title":"SNS refuerza supervisi\u00f3n para elevar la calidad en hospitales p\u00fablicos","author":"Nelson Feliz","date":"29 de abril de 2026","format":false,"excerpt":"Visita sorpresa de Julio C\u00e9sar Landr\u00f3n impulsa mejoras continuas en la atenci\u00f3n del Mario Tolentino Dipp. El director ejecutivo del Servicio Nacional de Salud (SNS), doctor\u00a0Julio C\u00e9sar Landr\u00f3n, realiz\u00f3 una\u00a0visita no coordinada\u00a0al\u00a0Hospital General y de Especialidades Dr. Mario Tolentino Dipp, donde supervis\u00f3 de primera mano el funcionamiento de\u00a0los servicios y\u2026","rel":"","context":"En \u00abSALUD\u00bb","block_context":{"text":"SALUD","link":"https:\/\/lasprimeras.com.do\/index.php\/category\/salud\/"},"img":{"alt_text":"","src":"https:\/\/i0.wp.com\/lasprimeras.com.do\/wp-content\/uploads\/2026\/04\/1000340625.jpg?resize=350%2C200&ssl=1","width":350,"height":200,"srcset":"https:\/\/i0.wp.com\/lasprimeras.com.do\/wp-content\/uploads\/2026\/04\/1000340625.jpg?resize=350%2C200&ssl=1 1x, https:\/\/i0.wp.com\/lasprimeras.com.do\/wp-content\/uploads\/2026\/04\/1000340625.jpg?resize=525%2C300&ssl=1 1.5x, https:\/\/i0.wp.com\/lasprimeras.com.do\/wp-content\/uploads\/2026\/04\/1000340625.jpg?resize=700%2C400&ssl=1 2x, https:\/\/i0.wp.com\/lasprimeras.com.do\/wp-content\/uploads\/2026\/04\/1000340625.jpg?resize=1050%2C600&ssl=1 3x"},"classes":[]},{"id":119239,"url":"https:\/\/lasprimeras.com.do\/index.php\/2026\/01\/08\/decreto-6-26-presidente-designa-a-julio-landron-como-director-del-servicio-nacional-de-salud\/","url_meta":{"origin":120197,"position":5},"title":"Decreto 6-26: Presidente designa a Julio Landr\u00f3n como director del Servicio Nacional de Salud","author":"Nelson Feliz","date":"8 de enero de 2026","format":false,"excerpt":"Julio Landr\u00f3n","rel":"","context":"En \u00abNACIONALES\u00bb","block_context":{"text":"NACIONALES","link":"https:\/\/lasprimeras.com.do\/index.php\/category\/nacionales\/"},"img":{"alt_text":"Julio Landr\u00f3n","src":"https:\/\/i0.wp.com\/lasprimeras.com.do\/wp-content\/uploads\/2026\/01\/Julio-Landron-1.jpg?resize=350%2C200&ssl=1","width":350,"height":200,"srcset":"https:\/\/i0.wp.com\/lasprimeras.com.do\/wp-content\/uploads\/2026\/01\/Julio-Landron-1.jpg?resize=350%2C200&ssl=1 1x, https:\/\/i0.wp.com\/lasprimeras.com.do\/wp-content\/uploads\/2026\/01\/Julio-Landron-1.jpg?resize=525%2C300&ssl=1 1.5x, https:\/\/i0.wp.com\/lasprimeras.com.do\/wp-content\/uploads\/2026\/01\/Julio-Landron-1.jpg?resize=700%2C400&ssl=1 2x"},"classes":[]}],"jetpack_sharing_enabled":true,"_links":{"self":[{"href":"https:\/\/lasprimeras.com.do\/index.php\/wp-json\/wp\/v2\/posts\/120197","targetHints":{"allow":["GET"]}}],"collection":[{"href":"https:\/\/lasprimeras.com.do\/index.php\/wp-json\/wp\/v2\/posts"}],"about":[{"href":"https:\/\/lasprimeras.com.do\/index.php\/wp-json\/wp\/v2\/types\/post"}],"author":[{"embeddable":true,"href":"https:\/\/lasprimeras.com.do\/index.php\/wp-json\/wp\/v2\/users\/10"}],"replies":[{"embeddable":true,"href":"https:\/\/lasprimeras.com.do\/index.php\/wp-json\/wp\/v2\/comments?post=120197"}],"version-history":[{"count":1,"href":"https:\/\/lasprimeras.com.do\/index.php\/wp-json\/wp\/v2\/posts\/120197\/revisions"}],"predecessor-version":[{"id":120199,"href":"https:\/\/lasprimeras.com.do\/index.php\/wp-json\/wp\/v2\/posts\/120197\/revisions\/120199"}],"wp:featuredmedia":[{"embeddable":true,"href":"https:\/\/lasprimeras.com.do\/index.php\/wp-json\/wp\/v2\/media\/120198"}],"wp:attachment":[{"href":"https:\/\/lasprimeras.com.do\/index.php\/wp-json\/wp\/v2\/media?parent=120197"}],"wp:term":[{"taxonomy":"category","embeddable":true,"href":"https:\/\/lasprimeras.com.do\/index.php\/wp-json\/wp\/v2\/categories?post=120197"},{"taxonomy":"post_tag","embeddable":true,"href":"https:\/\/lasprimeras.com.do\/index.php\/wp-json\/wp\/v2\/tags?post=120197"}],"curies":[{"name":"wp","href":"https:\/\/api.w.org\/{rel}","templated":true}]}}