{"id":120222,"date":"2026-01-21T12:58:00","date_gmt":"2026-01-21T16:58:00","guid":{"rendered":"https:\/\/lasprimeras.com.do\/?p=120222"},"modified":"2026-01-21T15:02:21","modified_gmt":"2026-01-21T19:02:21","slug":"gastronomia-dominicana-se-posiciona-como-referente-del-caribe-en-fitur-2026","status":"publish","type":"post","link":"https:\/\/lasprimeras.com.do\/index.php\/2026\/01\/21\/gastronomia-dominicana-se-posiciona-como-referente-del-caribe-en-fitur-2026\/","title":{"rendered":"Gastronom\u00eda dominicana se posiciona como referente del Caribe en FITUR 2026"},"content":{"rendered":"\n<p>Omar Cepeda, pasado presidente de ADERES, dijo que \u201ceste esfuerzo, desarrollado en colaboraci\u00f3n p\u00fablico-privada junto a MITUR, ASONAHORES y otros aliados, ha permitido transformar el dise\u00f1o inicial en acciones concretas, fortaleciendo la gastronom\u00eda como eje fundamental del turismo dominicano.\u201d<\/p>\n\n\n\n<p>En el marco de FITUR 2026, la Asociaci\u00f3n Dominicana de Restaurantes (ADERES) junto al Ministerio de Turismo (MITUR), dieron a conocer los logros alcanzados para el posicionamiento y consolidaci\u00f3n de la Rep\u00fablica Dominicana como referente del Caribe y la regi\u00f3n en Turismo Gastron\u00f3mico Sostenible, tras haber sido presentado su plan estrat\u00e9gico en 2024.<\/p>\n\n\n\n<p>En el encuentro estuvieron presentes David Collado, ministro de Turismo; Giancarlo Bonarelli, presidente de ADERES; Omar Cepeda, pasado presidente de ADERES; Filipo Ciccone, tesorero de ADERES; junto a Luis Ros, presidente de la Academia Gastron\u00f3mica Dominicana; Cristina Arana, vicepresidente de Macarfi Espa\u00f1a; Franklin Lithgow, presidente de Macarfi RD; Pedro Cuevas, responsable de Desarrollo Territorial de GOe Tech Center \u2013 Basque Culinary Center.<\/p>\n\n\n\n<p>Giancarlo Bonarelli, presidente de ADERES, resalt\u00f3 el progreso sostenido en la construcci\u00f3n de una visi\u00f3n clara para consolidar la gastronom\u00eda como eje estrat\u00e9gico del turismo dominicano.<\/p>\n\n\n\n<p>Subray\u00f3, adem\u00e1s, la incorporaci\u00f3n del sector como prioridad nacional dentro de Meta 2036, bajo un enfoque orientado a su consolidaci\u00f3n, escalamiento y sostenibilidad.<\/p>\n\n\n\n<p>Entre los logros, Bonarelli destac\u00f3 la creaci\u00f3n del Comit\u00e9 de Turismo Gastron\u00f3mico, del cual forma parte ADERES, as\u00ed como la participaci\u00f3n de la instituci\u00f3n en el Lab GOE &#8211; Gastronomy Open Ecosystem, -, junto al Basque Culinary Center.<\/p>\n\n\n\n<p>\u201cEsta colaboraci\u00f3n busca impulsar la formaci\u00f3n, la investigaci\u00f3n y la innovaci\u00f3n, marcando el camino para la implementaci\u00f3n del turismo gastron\u00f3mico en la Rep\u00fablica Dominicana\u201d.<\/p>\n\n\n\n<p>Omar Cepeda, pasado presidente de ADERES, dijo que \u201ceste esfuerzo, desarrollado en colaboraci\u00f3n p\u00fablico-privada junto a MITUR, ASONAHORES y otros aliados, ha permitido transformar el dise\u00f1o inicial en acciones concretas, fortaleciendo la gastronom\u00eda como eje fundamental del turismo dominicano.\u201d<\/p>\n\n\n\n<p>Resalt\u00f3 que \u201cel primer eje estrat\u00e9gico es el producto dominicano, valorando sus ingredientes, su biodiversidad y su cadena productiva. Este enfoque conecta la agricultura familiar, los suplidores locales, restaurantes y hoteles en un modelo \u2018de la granja a la mesa\u2019, que fortalece la econom\u00eda local y convierte la gastronom\u00eda en una experiencia diferenciadora para el visitante\u201d.<\/p>\n\n\n\n<p>Al dirigirse a los presentes, el ministro de Turismo, David Collado, reafirm\u00f3 su \u201ccompromiso de declarar septiembre como el \u201cMes de la Gastronom\u00eda Dominicana\u201d, iniciativa que contar\u00e1 con el respaldo del Ministerio de Turismo y de aliados estrat\u00e9gicos como turoperadores, l\u00edneas a\u00e9reas y hoteles, con el objetivo de impulsar el turismo gastron\u00f3mico y fortalecer el posicionamiento de la Rep\u00fablica Dominicana como destino gastron\u00f3mico. Seguiremos apoyando la gastronom\u00eda en nuestro plan estrat\u00e9gico, puntualiz\u00f3\u201d.<\/p>\n\n\n\n<p>Durante el acto, Cristina Arana y Franklin Lithgow, en representaci\u00f3n de la Gu\u00eda Macarfi, entregaron un reconocimiento al ministro Collado, resaltando sus contribuciones al posicionamiento de la gastronom\u00eda dominicana como motor del turismo nacional.<\/p>\n\n\n\n<p>Resultados que impulsan el sector gastron\u00f3mico dominicano<\/p>\n\n\n\n<p>Desde el 2024, de manera conjunta el sector ha avanzado en la institucionalizaci\u00f3n del plan, alcanzando logros importantes tales como la ampliaci\u00f3n de la promoci\u00f3n internacional con la participaci\u00f3n en ONU Turismo, reafirmando la importancia de la gastronom\u00eda en la construcci\u00f3n de un sector tur\u00edstico responsable e innovador, alineado con los Objetivos de Desarrollo Sostenible.<\/p>\n\n\n\n<p>Asimismo, se realizaron acercamientos con 50 Best Restaurants, donde la Rep\u00fablica Dominicana comienza a ganar presencia en el panorama gastron\u00f3mico internacional, alcanzando ya posiciones destacadas en sus rankings.<\/p>\n\n\n\n<p>Por iniciativa de la Academia Dominicana de Gastronom\u00eda se ha posicionado al pa\u00eds en plataformas globales de referencia como la Gu\u00eda Macarfi.<\/p>\n\n\n\n<p>En materia de promoci\u00f3n local, la asociaci\u00f3n ha fortalecido iniciativas emblem\u00e1ticas como Restaurant Week, estableciendo septiembre como el \u2018Mes de la Gastronom\u00eda\u2019, as\u00ed como Tapas Night, una propuesta que fomenta la creatividad y el uso de ingredientes aut\u00f3ctonos capaces de contar la historia culinaria del pa\u00eds.<\/p>\n\n\n\n<p>Estas acciones integran la identidad nacional, el producto local y el turismo, generando un impacto real en los comensales, mayor visibilidad internacional y contribuyendo a la construcci\u00f3n de una marca pa\u00eds coherente y s\u00f3lida.<\/p>\n\n\n\n<p>El objetivo de ADERES es claro: convertir la gastronom\u00eda dominicana en un motor de desarrollo, una marca pa\u00eds s\u00f3lida y una ventaja competitiva sostenible para el turismo de la Rep\u00fablica Dominicana.<\/p>\n\n\n\n<p>Fuente Hoy.com.do<\/p>\n","protected":false},"excerpt":{"rendered":"<p>Omar Cepeda, pasado presidente de ADERES, dijo que \u201ceste esfuerzo, desarrollado en colaboraci\u00f3n p\u00fablico-privada junto a MITUR, ASONAHORES y otros aliados, ha permitido transformar el dise\u00f1o inicial en acciones concretas,&hellip;<\/p>\n","protected":false},"author":10,"featured_media":120223,"comment_status":"open","ping_status":"open","sticky":false,"template":"","format":"standard","meta":{"content-type":"","jetpack_post_was_ever_published":false,"_jetpack_newsletter_access":"","_jetpack_dont_email_post_to_subs":false,"_jetpack_newsletter_tier_id":0,"_jetpack_memberships_contains_paywalled_content":false,"_jetpack_memberships_contains_paid_content":false,"footnotes":""},"categories":[25,376],"tags":[259,29304,29607,14265,3384],"class_list":["post-120222","post","type-post","status-publish","format-standard","has-post-thumbnail","hentry","category-portada","category-turismo","tag-caribe","tag-fitur-2026","tag-gastronomia-dominicana","tag-referente","tag-se-posiciona"],"jetpack_featured_media_url":"https:\/\/lasprimeras.com.do\/wp-content\/uploads\/2026\/01\/ADERES-presenta-avances-del-turismo-gastronomico-sostenible-de-la-Republica-Dominicana-en-FITUR-2026.jpg","jetpack-related-posts":[{"id":120069,"url":"https:\/\/lasprimeras.com.do\/index.php\/2026\/01\/20\/bhd-reconoce-en-fitur-labor-de-ministro-david-collado-en-favor-del-turismo\/","url_meta":{"origin":120222,"position":0},"title":"BHD reconoce en FITUR labor de ministro David Collado en favor del turismo","author":"Nelson Feliz","date":"20 de enero de 2026","format":false,"excerpt":"BHD reconoce en FITUR labor de ministro David Collado en favor del turismo","rel":"","context":"En \u00abPORTADA\u00bb","block_context":{"text":"PORTADA","link":"https:\/\/lasprimeras.com.do\/index.php\/category\/portada\/"},"img":{"alt_text":"David Collado","src":"https:\/\/i0.wp.com\/lasprimeras.com.do\/wp-content\/uploads\/2026\/01\/David-Collado.jpg?resize=350%2C200&ssl=1","width":350,"height":200,"srcset":"https:\/\/i0.wp.com\/lasprimeras.com.do\/wp-content\/uploads\/2026\/01\/David-Collado.jpg?resize=350%2C200&ssl=1 1x, https:\/\/i0.wp.com\/lasprimeras.com.do\/wp-content\/uploads\/2026\/01\/David-Collado.jpg?resize=525%2C300&ssl=1 1.5x, https:\/\/i0.wp.com\/lasprimeras.com.do\/wp-content\/uploads\/2026\/01\/David-Collado.jpg?resize=700%2C400&ssl=1 2x"},"classes":[]},{"id":120466,"url":"https:\/\/lasprimeras.com.do\/index.php\/2026\/01\/24\/republica-dominicana-y-puerto-rico-se-asocian-para-impulsar-el-caribe-en-mercados-internacionales\/","url_meta":{"origin":120222,"position":1},"title":"Rep\u00fablica Dominicana y Puerto Rico se asocian para impulsar el Caribe en mercados internacionales","author":"Nelson Feliz","date":"24 de enero de 2026","format":false,"excerpt":"La alianza facilita al viajero la posibilidad de explorar dos culturas caribe\u00f1as aut\u00e9nticas en un solo viaje San Juan, Puerto Rico,EFE -Rep\u00fablica Dominicana y Puerto Rico han presentado en Fitur 2026, en Madrid, la campa\u00f1a multidestino, 'Juntos Somos el Caribe', una colaboraci\u00f3n tur\u00edstica regional que marca el inicio de una\u2026","rel":"","context":"En \u00abTURISMO\u00bb","block_context":{"text":"TURISMO","link":"https:\/\/lasprimeras.com.do\/index.php\/category\/turismo\/"},"img":{"alt_text":"El ministro de Turismo de Rep\u00fablica Dominicana, David Collado (centro), ofrece los detalles sobre la campa\u00f1a multidestino, 'Juntos Somos el Caribe', que une a Rep\u00fablica Dominicana y Puerto Rico.","src":"https:\/\/i0.wp.com\/lasprimeras.com.do\/wp-content\/uploads\/2026\/01\/Republica-Dominicana.jpg?resize=350%2C200&ssl=1","width":350,"height":200,"srcset":"https:\/\/i0.wp.com\/lasprimeras.com.do\/wp-content\/uploads\/2026\/01\/Republica-Dominicana.jpg?resize=350%2C200&ssl=1 1x, https:\/\/i0.wp.com\/lasprimeras.com.do\/wp-content\/uploads\/2026\/01\/Republica-Dominicana.jpg?resize=525%2C300&ssl=1 1.5x, https:\/\/i0.wp.com\/lasprimeras.com.do\/wp-content\/uploads\/2026\/01\/Republica-Dominicana.jpg?resize=700%2C400&ssl=1 2x"},"classes":[]},{"id":119423,"url":"https:\/\/lasprimeras.com.do\/index.php\/2026\/01\/12\/grupo-puntacana-apuesta-por-el-turismo-deportivo-y-de-lujo-en-fitur-2026\/","url_meta":{"origin":120222,"position":2},"title":"Grupo Puntacana apuesta por el turismo deportivo y de lujo en Fitur 2026","author":"Nelson Feliz","date":"12 de enero de 2026","format":false,"excerpt":"En Fitur 2026, la compa\u00f1\u00eda pondr\u00e1 especial \u00e9nfasis en el deporte como motor de desarrollo tur\u00edstico, econ\u00f3mico y reputacional. El Grupo Puntacana anunci\u00f3 su participaci\u00f3n como parte de la delegaci\u00f3n dominicana en la Feria Internacional de Turismo (Fitur) 2026, que se celebrar\u00e1 del 21 al 25 de enero en Madrid,\u2026","rel":"","context":"En \u00abPORTADA\u00bb","block_context":{"text":"PORTADA","link":"https:\/\/lasprimeras.com.do\/index.php\/category\/portada\/"},"img":{"alt_text":"","src":"https:\/\/i0.wp.com\/lasprimeras.com.do\/wp-content\/uploads\/2026\/01\/padel-week-con-coki-nieto-y-alfonso-sanchez-en-puntacana-resort-f04c03e6.jpg?resize=350%2C200&ssl=1","width":350,"height":200,"srcset":"https:\/\/i0.wp.com\/lasprimeras.com.do\/wp-content\/uploads\/2026\/01\/padel-week-con-coki-nieto-y-alfonso-sanchez-en-puntacana-resort-f04c03e6.jpg?resize=350%2C200&ssl=1 1x, https:\/\/i0.wp.com\/lasprimeras.com.do\/wp-content\/uploads\/2026\/01\/padel-week-con-coki-nieto-y-alfonso-sanchez-en-puntacana-resort-f04c03e6.jpg?resize=525%2C300&ssl=1 1.5x, https:\/\/i0.wp.com\/lasprimeras.com.do\/wp-content\/uploads\/2026\/01\/padel-week-con-coki-nieto-y-alfonso-sanchez-en-puntacana-resort-f04c03e6.jpg?resize=700%2C400&ssl=1 2x"},"classes":[]},{"id":120333,"url":"https:\/\/lasprimeras.com.do\/index.php\/2026\/01\/22\/republica-dominicana-asume-presidencias-pro-tempore-en-turismo-regional-durante-fitur-2026\/","url_meta":{"origin":120222,"position":3},"title":"Rep\u00fablica Dominicana asume presidencias Pro T\u00e9mpore en turismo regional durante Fitur 2026","author":"Nelson Feliz","date":"22 de enero de 2026","format":false,"excerpt":"En el centro, el viceministro de Turismo de Rep\u00fablica Dominicana, Carlos Peguero, al recibir ambas presidencias.","rel":"","context":"En \u00abPORTADA\u00bb","block_context":{"text":"PORTADA","link":"https:\/\/lasprimeras.com.do\/index.php\/category\/portada\/"},"img":{"alt_text":"En el centro, el viceministro de Turismo de Rep\u00fablica Dominicana, Carlos Peguero, al recibir ambas presidencias.","src":"https:\/\/i0.wp.com\/lasprimeras.com.do\/wp-content\/uploads\/2026\/01\/Carlos-Peguero.jpg?resize=350%2C200&ssl=1","width":350,"height":200,"srcset":"https:\/\/i0.wp.com\/lasprimeras.com.do\/wp-content\/uploads\/2026\/01\/Carlos-Peguero.jpg?resize=350%2C200&ssl=1 1x, https:\/\/i0.wp.com\/lasprimeras.com.do\/wp-content\/uploads\/2026\/01\/Carlos-Peguero.jpg?resize=525%2C300&ssl=1 1.5x, https:\/\/i0.wp.com\/lasprimeras.com.do\/wp-content\/uploads\/2026\/01\/Carlos-Peguero.jpg?resize=700%2C400&ssl=1 2x"},"classes":[]},{"id":120438,"url":"https:\/\/lasprimeras.com.do\/index.php\/2026\/01\/23\/corphotels-impulsa-la-inversion-extranjera-en-fitur-2026-bajo-el-liderazgo-de-victor-ogando\/","url_meta":{"origin":120222,"position":4},"title":"CORPHOTELS impulsa la inversi\u00f3n extranjera en FITUR 2026 bajo el liderazgo de V\u00edctor Ogando","author":"Nelson Feliz","date":"23 de enero de 2026","format":false,"excerpt":"V\u00edctor Ogando","rel":"","context":"En \u00abTURISMO\u00bb","block_context":{"text":"TURISMO","link":"https:\/\/lasprimeras.com.do\/index.php\/category\/turismo\/"},"img":{"alt_text":"V\u00edctor Ogando","src":"https:\/\/i0.wp.com\/lasprimeras.com.do\/wp-content\/uploads\/2026\/01\/Victor-Ogando.jpg?resize=350%2C200&ssl=1","width":350,"height":200,"srcset":"https:\/\/i0.wp.com\/lasprimeras.com.do\/wp-content\/uploads\/2026\/01\/Victor-Ogando.jpg?resize=350%2C200&ssl=1 1x, https:\/\/i0.wp.com\/lasprimeras.com.do\/wp-content\/uploads\/2026\/01\/Victor-Ogando.jpg?resize=525%2C300&ssl=1 1.5x"},"classes":[]},{"id":120644,"url":"https:\/\/lasprimeras.com.do\/index.php\/2026\/01\/25\/hector-rizek-lo-exhibido-por-rd-en-fitur-eleva-el-orgullo-de-ser-dominicano\/","url_meta":{"origin":120222,"position":5},"title":"H\u00e9ctor Rizek : Lo exhibido por RD en FITUR eleva el orgullo de ser dominicano","author":"Nelson Feliz","date":"25 de enero de 2026","format":false,"excerpt":"Madrid\/ Espa\u00f1a. El presidente del Grupo Rizek, H\u00e9ctor Rizek, valor\u00f3 de manera positiva la participaci\u00f3n de la Rep\u00fablica Dominicana en FITUR 2026, destacando que la proyecci\u00f3n del pa\u00eds en este importante escenario internacional refleja una estrategia clara, coherente y con visi\u00f3n de largo plazo, que fortalece la Marca Pa\u00eds y\u2026","rel":"","context":"En \u00abECONOM\u00cdA\u00bb","block_context":{"text":"ECONOM\u00cdA","link":"https:\/\/lasprimeras.com.do\/index.php\/category\/economia\/"},"img":{"alt_text":"H\u00e9ctor Rizek","src":"https:\/\/i0.wp.com\/lasprimeras.com.do\/wp-content\/uploads\/2026\/01\/Hector-Rizek.jpg?resize=350%2C200&ssl=1","width":350,"height":200,"srcset":"https:\/\/i0.wp.com\/lasprimeras.com.do\/wp-content\/uploads\/2026\/01\/Hector-Rizek.jpg?resize=350%2C200&ssl=1 1x, https:\/\/i0.wp.com\/lasprimeras.com.do\/wp-content\/uploads\/2026\/01\/Hector-Rizek.jpg?resize=525%2C300&ssl=1 1.5x, https:\/\/i0.wp.com\/lasprimeras.com.do\/wp-content\/uploads\/2026\/01\/Hector-Rizek.jpg?resize=700%2C400&ssl=1 2x, https:\/\/i0.wp.com\/lasprimeras.com.do\/wp-content\/uploads\/2026\/01\/Hector-Rizek.jpg?resize=1050%2C600&ssl=1 3x"},"classes":[]}],"jetpack_sharing_enabled":true,"_links":{"self":[{"href":"https:\/\/lasprimeras.com.do\/index.php\/wp-json\/wp\/v2\/posts\/120222","targetHints":{"allow":["GET"]}}],"collection":[{"href":"https:\/\/lasprimeras.com.do\/index.php\/wp-json\/wp\/v2\/posts"}],"about":[{"href":"https:\/\/lasprimeras.com.do\/index.php\/wp-json\/wp\/v2\/types\/post"}],"author":[{"embeddable":true,"href":"https:\/\/lasprimeras.com.do\/index.php\/wp-json\/wp\/v2\/users\/10"}],"replies":[{"embeddable":true,"href":"https:\/\/lasprimeras.com.do\/index.php\/wp-json\/wp\/v2\/comments?post=120222"}],"version-history":[{"count":1,"href":"https:\/\/lasprimeras.com.do\/index.php\/wp-json\/wp\/v2\/posts\/120222\/revisions"}],"predecessor-version":[{"id":120224,"href":"https:\/\/lasprimeras.com.do\/index.php\/wp-json\/wp\/v2\/posts\/120222\/revisions\/120224"}],"wp:featuredmedia":[{"embeddable":true,"href":"https:\/\/lasprimeras.com.do\/index.php\/wp-json\/wp\/v2\/media\/120223"}],"wp:attachment":[{"href":"https:\/\/lasprimeras.com.do\/index.php\/wp-json\/wp\/v2\/media?parent=120222"}],"wp:term":[{"taxonomy":"category","embeddable":true,"href":"https:\/\/lasprimeras.com.do\/index.php\/wp-json\/wp\/v2\/categories?post=120222"},{"taxonomy":"post_tag","embeddable":true,"href":"https:\/\/lasprimeras.com.do\/index.php\/wp-json\/wp\/v2\/tags?post=120222"}],"curies":[{"name":"wp","href":"https:\/\/api.w.org\/{rel}","templated":true}]}}