{"id":120241,"date":"2026-01-21T20:08:00","date_gmt":"2026-01-22T00:08:00","guid":{"rendered":"https:\/\/lasprimeras.com.do\/?p=120241"},"modified":"2026-01-21T20:08:04","modified_gmt":"2026-01-22T00:08:04","slug":"carlos-gomez-anuncia-llegada-de-franquicia-de-baloncesto-profesional-a-moca-desde-2026","status":"publish","type":"post","link":"https:\/\/lasprimeras.com.do\/index.php\/2026\/01\/21\/carlos-gomez-anuncia-llegada-de-franquicia-de-baloncesto-profesional-a-moca-desde-2026\/","title":{"rendered":"Carlos G\u00f3mez anuncia llegada de franquicia de baloncesto profesional a Moca desde 2026"},"content":{"rendered":"\n<p>Por Nicol\u00e1s Grull\u00f3n Ubinas<\/p>\n\n\n\n<p>Carlos G\u00f3mez expres\u00f3 su m\u00e1s sincero agradecimiento y satisfacci\u00f3n al confirmar que, luego de un largo proceso de gesti\u00f3n, esfuerzo y perseverancia Moca contar\u00e1 con una franquicia de baloncesto profesional a partir de la temporada 2026, marcando un hecho hist\u00f3rico para la provincia Espaillat.<\/p>\n\n\n\n<p>El anuncio fue respaldado de manera oficial por Antonio Mir, presidente de la Liga Nacional de Baloncesto (LNB), quien confirm\u00f3 la expansi\u00f3n del torneo a nueve equipos e inform\u00f3 la integraci\u00f3n formal de Moca al circuito profesional.<\/p>\n\n\n\n<p>En los pr\u00f3ximos d\u00edas se realizar\u00e1 una rueda de prensa donde se dar\u00e1n a conocer todos los detalles del proyecto.<\/p>\n\n\n\n<p>Carlos G\u00f3mez asumir\u00e1 la presidencia del nuevo equipo, con el respaldo de sus empresas y una convocatoria abierta a otras empresas de la provincia Espaillat que deseen sumarse a esta iniciativa.<\/p>\n\n\n\n<p>Este logro pertenece a Moca, a Espaillat y a toda la clase deportiva, reflejando el compromiso de una provincia que cree y apuesta al deporte. El baloncesto profesional llega a la Villa Heroica.<\/p>\n","protected":false},"excerpt":{"rendered":"<p>Por Nicol\u00e1s Grull\u00f3n Ubinas Carlos G\u00f3mez expres\u00f3 su m\u00e1s sincero agradecimiento y satisfacci\u00f3n al confirmar que, luego de un largo proceso de gesti\u00f3n, esfuerzo y perseverancia Moca contar\u00e1 con una&hellip;<\/p>\n","protected":false},"author":10,"featured_media":120242,"comment_status":"open","ping_status":"open","sticky":false,"template":"","format":"standard","meta":{"content-type":"","jetpack_post_was_ever_published":false,"_jetpack_newsletter_access":"","_jetpack_dont_email_post_to_subs":false,"_jetpack_newsletter_tier_id":0,"_jetpack_memberships_contains_paywalled_content":false,"_jetpack_memberships_contains_paid_content":false,"footnotes":""},"categories":[630],"tags":[29615,3787,8679,22215,2030],"class_list":["post-120241","post","type-post","status-publish","format-standard","has-post-thumbnail","hentry","category-deportes","tag-baloncesto-profesional","tag-carlos-gomez","tag-franquicia","tag-llegada","tag-moca"],"jetpack_featured_media_url":"https:\/\/lasprimeras.com.do\/wp-content\/uploads\/2026\/01\/Carlos-Gomez.jpg","jetpack-related-posts":[{"id":123095,"url":"https:\/\/lasprimeras.com.do\/index.php\/2026\/02\/25\/carlos-gomez-presenta-en-moca-la-nueva-franquicia-heroes-de-moca-equipo-que-representara-a-espaillat-en-la-lnb\/","url_meta":{"origin":120241,"position":0},"title":"Carlos G\u00f3mez presenta en Moca la nueva franquicia \u201cH\u00e9roes de Moca\u201d, equipo que representar\u00e1 a Espaillat en la LNB","author":"Nelson Feliz","date":"25 de febrero de 2026","format":false,"excerpt":"Por: Nicol\u00e1s Grull\u00f3n Ubinas El empresario y pol\u00edtico Carlos G\u00f3mez present\u00f3 oficialmente en Moca la nueva franquicia de la Liga Nacional de Baloncesto (LNB), denominada H\u00e9roes de Moca, equipo que representar\u00e1 con orgullo a la provincia Espaillat en el principal escenario del baloncesto profesional dominicano. Durante la rueda de prensa\u2026","rel":"","context":"En \u00abDEPORTES\u00bb","block_context":{"text":"DEPORTES","link":"https:\/\/lasprimeras.com.do\/index.php\/category\/deportes\/"},"img":{"alt_text":"","src":"https:\/\/i0.wp.com\/lasprimeras.com.do\/wp-content\/uploads\/2026\/02\/Carlos-Gomez.jpg?resize=350%2C200&ssl=1","width":350,"height":200,"srcset":"https:\/\/i0.wp.com\/lasprimeras.com.do\/wp-content\/uploads\/2026\/02\/Carlos-Gomez.jpg?resize=350%2C200&ssl=1 1x, https:\/\/i0.wp.com\/lasprimeras.com.do\/wp-content\/uploads\/2026\/02\/Carlos-Gomez.jpg?resize=525%2C300&ssl=1 1.5x, https:\/\/i0.wp.com\/lasprimeras.com.do\/wp-content\/uploads\/2026\/02\/Carlos-Gomez.jpg?resize=700%2C400&ssl=1 2x"},"classes":[]},{"id":127656,"url":"https:\/\/lasprimeras.com.do\/index.php\/2026\/04\/14\/lnb-inicia-temporada-2026-con-el-respaldo-oficial-de-banreservas\/","url_meta":{"origin":120241,"position":1},"title":"LNB inicia temporada 2026 con el respaldo oficial de Banreservas","author":"Nelson Feliz","date":"14 de abril de 2026","format":false,"excerpt":"Antonio Mir anuncia la incorporaci\u00f3n de Los H\u00e9roes de Moca; el torneo se celebrar\u00e1 del 14 de abril al 27 de mayo El Banco de Reservas de la Rep\u00fablica Dominicana anunci\u00f3 su respaldo a la Liga Nacional de Baloncesto (LNB) para la temporada 2026, que comienza este martes 14 de\u2026","rel":"","context":"En \u00abDEPORTES\u00bb","block_context":{"text":"DEPORTES","link":"https:\/\/lasprimeras.com.do\/index.php\/category\/deportes\/"},"img":{"alt_text":"","src":"https:\/\/i0.wp.com\/lasprimeras.com.do\/wp-content\/uploads\/2026\/04\/IMG-20260414-WA0478-scaled.jpg?resize=350%2C200&ssl=1","width":350,"height":200,"srcset":"https:\/\/i0.wp.com\/lasprimeras.com.do\/wp-content\/uploads\/2026\/04\/IMG-20260414-WA0478-scaled.jpg?resize=350%2C200&ssl=1 1x, https:\/\/i0.wp.com\/lasprimeras.com.do\/wp-content\/uploads\/2026\/04\/IMG-20260414-WA0478-scaled.jpg?resize=525%2C300&ssl=1 1.5x, https:\/\/i0.wp.com\/lasprimeras.com.do\/wp-content\/uploads\/2026\/04\/IMG-20260414-WA0478-scaled.jpg?resize=700%2C400&ssl=1 2x, https:\/\/i0.wp.com\/lasprimeras.com.do\/wp-content\/uploads\/2026\/04\/IMG-20260414-WA0478-scaled.jpg?resize=1050%2C600&ssl=1 3x, https:\/\/i0.wp.com\/lasprimeras.com.do\/wp-content\/uploads\/2026\/04\/IMG-20260414-WA0478-scaled.jpg?resize=1400%2C800&ssl=1 4x"},"classes":[]},{"id":105585,"url":"https:\/\/lasprimeras.com.do\/index.php\/2025\/08\/05\/el-senador-carlos-gomez-impulsa-el-desarrollo-emprendedor-en-moca\/","url_meta":{"origin":120241,"position":2},"title":"El Senador Carlos G\u00f3mez impulsa el desarrollo emprendedor en Moca","author":"Nelson Feliz","date":"5 de agosto de 2025","format":false,"excerpt":"Promipyme entrega RD$100 millones en cr\u00e9ditos a 400 microempresarios en la provincia Espaillat. Por: Nicolas Grull\u00f3n Ubi\u00f1as El Consejo Nacional de Promoci\u00f3n y Apoyo a la Micro, Peque\u00f1a y Mediana Empresa (Promipyme) en coordinaci\u00f3n con el senador Carlos G\u00f3mez encabez\u00f3 el acto de entrega de RD$100 millones en pr\u00e9stamos a\u2026","rel":"","context":"En \u00abECONOM\u00cdA\u00bb","block_context":{"text":"ECONOM\u00cdA","link":"https:\/\/lasprimeras.com.do\/index.php\/category\/economia\/"},"img":{"alt_text":"","src":"https:\/\/i0.wp.com\/lasprimeras.com.do\/wp-content\/uploads\/2025\/08\/Carlos-Gomez.jpg?resize=350%2C200&ssl=1","width":350,"height":200,"srcset":"https:\/\/i0.wp.com\/lasprimeras.com.do\/wp-content\/uploads\/2025\/08\/Carlos-Gomez.jpg?resize=350%2C200&ssl=1 1x, https:\/\/i0.wp.com\/lasprimeras.com.do\/wp-content\/uploads\/2025\/08\/Carlos-Gomez.jpg?resize=525%2C300&ssl=1 1.5x, https:\/\/i0.wp.com\/lasprimeras.com.do\/wp-content\/uploads\/2025\/08\/Carlos-Gomez.jpg?resize=700%2C400&ssl=1 2x"},"classes":[]},{"id":121995,"url":"https:\/\/lasprimeras.com.do\/index.php\/2026\/02\/12\/luna-tv-firma-acuerdo-de-transmision-del-baloncesto-superior-de-santiago\/","url_meta":{"origin":120241,"position":3},"title":"Luna TV firma acuerdo de transmisi\u00f3n del Baloncesto Superior de Santiago","author":"Nelson Feliz","date":"12 de febrero de 2026","format":false,"excerpt":"Luna TV ampl\u00eda el alcance nacional del torneo m\u00e1s emblem\u00e1tico del Cibao y el pa\u00eds Luna TV, Canal 25 anunci\u00f3 oficialmente a la audiencia nacional la firma de un acuerdo de transmisi\u00f3n del Torneo de Baloncesto Superior de Santiago, organizado por la Asociaci\u00f3n de Baloncesto de Santiago (ABASACA). Mediante este\u2026","rel":"","context":"En \u00abDEPORTES\u00bb","block_context":{"text":"DEPORTES","link":"https:\/\/lasprimeras.com.do\/index.php\/category\/deportes\/"},"img":{"alt_text":"","src":"https:\/\/i0.wp.com\/lasprimeras.com.do\/wp-content\/uploads\/2026\/02\/IMG-20260123-WA0906.jpg?resize=350%2C200&ssl=1","width":350,"height":200,"srcset":"https:\/\/i0.wp.com\/lasprimeras.com.do\/wp-content\/uploads\/2026\/02\/IMG-20260123-WA0906.jpg?resize=350%2C200&ssl=1 1x, https:\/\/i0.wp.com\/lasprimeras.com.do\/wp-content\/uploads\/2026\/02\/IMG-20260123-WA0906.jpg?resize=525%2C300&ssl=1 1.5x, https:\/\/i0.wp.com\/lasprimeras.com.do\/wp-content\/uploads\/2026\/02\/IMG-20260123-WA0906.jpg?resize=700%2C400&ssl=1 2x"},"classes":[]},{"id":53120,"url":"https:\/\/lasprimeras.com.do\/index.php\/2023\/06\/23\/senador-carlos-gomez-resalta-impacto-programaturismo-en-cada-rinconen-moca\/","url_meta":{"origin":120241,"position":4},"title":"Senador Carlos G\u00f3mez resalta impacto programa\u201cTurismo en Cada Rinc\u00f3n\u201den Moca","author":"Nelson Feliz","date":"23 de junio de 2023","format":false,"excerpt":"El senador de la provincia Espaillat, Carlos G\u00f3mez resalt\u00f3 el impacto que tuvo la activaci\u00f3n de \u201cTurismo en cada Rinc\u00f3n\u201d, programa que impulsa el turismo interno de cara al mercado local por medio de la promoci\u00f3n de la cultura, gastronom\u00eda, artesan\u00eda, ecoturismo y la oferta comunitaria complementaria. Carlos G\u00f3mez, destac\u00f3\u2026","rel":"","context":"En \u00abTURISMO\u00bb","block_context":{"text":"TURISMO","link":"https:\/\/lasprimeras.com.do\/index.php\/category\/turismo\/"},"img":{"alt_text":"Carlos G\u00f3mez","src":"https:\/\/i0.wp.com\/lasprimeras.com.do\/wp-content\/uploads\/2023\/06\/Carlos-Gomez.jpg?resize=350%2C200&ssl=1","width":350,"height":200,"srcset":"https:\/\/i0.wp.com\/lasprimeras.com.do\/wp-content\/uploads\/2023\/06\/Carlos-Gomez.jpg?resize=350%2C200&ssl=1 1x, https:\/\/i0.wp.com\/lasprimeras.com.do\/wp-content\/uploads\/2023\/06\/Carlos-Gomez.jpg?resize=525%2C300&ssl=1 1.5x, https:\/\/i0.wp.com\/lasprimeras.com.do\/wp-content\/uploads\/2023\/06\/Carlos-Gomez.jpg?resize=700%2C400&ssl=1 2x"},"classes":[]},{"id":55720,"url":"https:\/\/lasprimeras.com.do\/index.php\/2023\/07\/24\/clausura-del-campamento-cristo-rey-basketball-2023\/","url_meta":{"origin":120241,"position":5},"title":"Clausura del Campamento Cristo Rey Basketball 2023","author":"Nelson Feliz","date":"24 de julio de 2023","format":false,"excerpt":"Transformando vidas de ni\u00f1os del sector de Cristo Rey. Con la entonaci\u00f3n del Himno Nacional dirigido por la banda de m\u00fasica de la Polic\u00eda Nacional y la bendici\u00f3n de Dios de parte del padre Carlos Ml. Pati\u00f1o Rojas, concluy\u00f3 el \"Campamento Cristo Rey Basketball 2023\" (CampCRBasketball), un evento que busca\u2026","rel":"","context":"En \u00abSin categor\u00eda\u00bb","block_context":{"text":"Sin categor\u00eda","link":"https:\/\/lasprimeras.com.do\/index.php\/category\/sin-categoria\/"},"img":{"alt_text":"Clausura","src":"https:\/\/i0.wp.com\/lasprimeras.com.do\/wp-content\/uploads\/2023\/07\/Clausura.jpg?resize=350%2C200&ssl=1","width":350,"height":200,"srcset":"https:\/\/i0.wp.com\/lasprimeras.com.do\/wp-content\/uploads\/2023\/07\/Clausura.jpg?resize=350%2C200&ssl=1 1x, https:\/\/i0.wp.com\/lasprimeras.com.do\/wp-content\/uploads\/2023\/07\/Clausura.jpg?resize=525%2C300&ssl=1 1.5x, https:\/\/i0.wp.com\/lasprimeras.com.do\/wp-content\/uploads\/2023\/07\/Clausura.jpg?resize=700%2C400&ssl=1 2x"},"classes":[]}],"jetpack_sharing_enabled":true,"_links":{"self":[{"href":"https:\/\/lasprimeras.com.do\/index.php\/wp-json\/wp\/v2\/posts\/120241","targetHints":{"allow":["GET"]}}],"collection":[{"href":"https:\/\/lasprimeras.com.do\/index.php\/wp-json\/wp\/v2\/posts"}],"about":[{"href":"https:\/\/lasprimeras.com.do\/index.php\/wp-json\/wp\/v2\/types\/post"}],"author":[{"embeddable":true,"href":"https:\/\/lasprimeras.com.do\/index.php\/wp-json\/wp\/v2\/users\/10"}],"replies":[{"embeddable":true,"href":"https:\/\/lasprimeras.com.do\/index.php\/wp-json\/wp\/v2\/comments?post=120241"}],"version-history":[{"count":1,"href":"https:\/\/lasprimeras.com.do\/index.php\/wp-json\/wp\/v2\/posts\/120241\/revisions"}],"predecessor-version":[{"id":120243,"href":"https:\/\/lasprimeras.com.do\/index.php\/wp-json\/wp\/v2\/posts\/120241\/revisions\/120243"}],"wp:featuredmedia":[{"embeddable":true,"href":"https:\/\/lasprimeras.com.do\/index.php\/wp-json\/wp\/v2\/media\/120242"}],"wp:attachment":[{"href":"https:\/\/lasprimeras.com.do\/index.php\/wp-json\/wp\/v2\/media?parent=120241"}],"wp:term":[{"taxonomy":"category","embeddable":true,"href":"https:\/\/lasprimeras.com.do\/index.php\/wp-json\/wp\/v2\/categories?post=120241"},{"taxonomy":"post_tag","embeddable":true,"href":"https:\/\/lasprimeras.com.do\/index.php\/wp-json\/wp\/v2\/tags?post=120241"}],"curies":[{"name":"wp","href":"https:\/\/api.w.org\/{rel}","templated":true}]}}