{"id":120273,"date":"2026-01-22T07:48:10","date_gmt":"2026-01-22T11:48:10","guid":{"rendered":"https:\/\/lasprimeras.com.do\/?p=120273"},"modified":"2026-01-22T07:48:12","modified_gmt":"2026-01-22T11:48:12","slug":"siguen-las-lluvias-asociadas-a-la-vaguada-y-arrastre-del-viento","status":"publish","type":"post","link":"https:\/\/lasprimeras.com.do\/index.php\/2026\/01\/22\/siguen-las-lluvias-asociadas-a-la-vaguada-y-arrastre-del-viento\/","title":{"rendered":"Siguen las lluvias asociadas a la vaguada y arrastre del viento"},"content":{"rendered":"\n<p>SE MANTIENEN LAS RECOMENDACIONES MAR\u00cdTIMAS POR OLEAJE PELIGROSO<\/p>\n\n\n\n<p>El Instituto Dominicano de Meteorogia informa que desde la madrugada, se han estado registrando lluvias en varias zonas del pa\u00eds debido al ingreso de nubosidad arrastrada por el viento y la influencia de una vaguada, afectando distintas provincias costeras y del interior como: La Altagracia, El Seibo, Hato Mayor, Saman\u00e1, Mar\u00eda Trinidad S\u00e1nchez, entre otras.<\/p>\n\n\n\n<p>Prevemos que en horas de la ma\u00f1ana, las precipitaciones disminuyan en intensidad y frecuencia, sin embargo, en horas de la tarde volver\u00e1n a presentarse como aguaceros que pueden ser moderados, con r\u00e1fagas de viento, afectando el Gran Santo Domingo, San Crist\u00f3bal, San Jos\u00e9 de Ocoa y provincias cercanas.<\/p>\n\n\n\n<p>Ma\u00f1ana viernes, continuar\u00e1n las lluvias desde la madrugada en localidades de la costa Atl\u00e1ntica como: La Altagracia, Saman\u00e1, Mar\u00eda Trinidad S\u00e1nchez, Puerto Plata, entre otras, debido a la influencia de la vaguada y el arrastre del viento.<\/p>\n\n\n\n<p>En horas de la tarde, las lluvias se desplazar\u00e1n hacia el centro, norte y sureste del pa\u00eds, present\u00e1ndose como aguaceros moderados, con posibles tronadas aisladas y r\u00e1fagas de viento, que afectar\u00e1n principalmente al Gran Santo Domingo, S\u00e1nchez Ram\u00edrez, San Crist\u00f3bal, San Jos\u00e9 de Ocoa, Monse\u00f1or Nouel, Santiago, La Vega, San Juan, Dajab\u00f3n, entre otras. Para la noche, las lluvias disminuyen de manera gradual.<\/p>\n\n\n\n<p>En cuanto a las temperaturas, continuar\u00e1n agradables y frescas en la noche y madrugada, especialmente en zonas monta\u00f1osas y valles del interior, debido a la \u00e9poca del a\u00f1o, donde se prev\u00e9n ocurrencias de nieblas y neblinas.<\/p>\n\n\n\n<p>En costa Atl\u00e1ntica, desde Cabo Enga\u00f1o (La Altagracia) hasta Cabo Franc\u00e9s Viejo (Mar\u00eda Trinidad S\u00e1nchez) y la costa Caribe\u00f1a desde Para\u00edso (Barahona) hasta Isla Beata (Pedernales), recomendamos a los operadores de fr\u00e1giles, peque\u00f1as y medianas embarcaciones permanecer en puerto, debido a r\u00e1fagas de viento y olas peligrosas.<\/p>\n\n\n\n<p>Para el resto de per\u00edmetro costero, se recomiendanavegar con precauci\u00f3n, sin aventurarse mar adentro.<\/p>\n\n\n\n<p>Distrito Nacional: Nubes dispersas.<\/p>\n\n\n\n<p>Santo Domingo Norte:Nubes dispersas.<\/p>\n\n\n\n<p>Santo Domingo Este:Nubes dispersas.<\/p>\n\n\n\n<p>Santo Domingo Oeste:Nubes dispersas.<\/p>\n\n\n\n<p>Temperaturas m\u00ednimas entre20 \u00b0C y 22 \u00b0Cy la m\u00e1xima entre29 \u00b0Cy31 \u00b0C.<\/p>\n","protected":false},"excerpt":{"rendered":"<p>SE MANTIENEN LAS RECOMENDACIONES MAR\u00cdTIMAS POR OLEAJE PELIGROSO El Instituto Dominicano de Meteorogia informa que desde la madrugada, se han estado registrando lluvias en varias zonas del pa\u00eds debido al&hellip;<\/p>\n","protected":false},"author":10,"featured_media":55104,"comment_status":"open","ping_status":"open","sticky":false,"template":"","format":"standard","meta":{"content-type":"","jetpack_post_was_ever_published":false,"_jetpack_newsletter_access":"","_jetpack_dont_email_post_to_subs":false,"_jetpack_newsletter_tier_id":0,"_jetpack_memberships_contains_paywalled_content":false,"_jetpack_memberships_contains_paid_content":false,"footnotes":""},"categories":[23530,25],"tags":[13553,2401,1518],"class_list":["post-120273","post","type-post","status-publish","format-standard","has-post-thumbnail","hentry","category-clima","category-portada","tag-indomet","tag-lluvia","tag-vaguada"],"jetpack_featured_media_url":"https:\/\/lasprimeras.com.do\/wp-content\/uploads\/2023\/07\/lluvias-1.jpg","jetpack-related-posts":[{"id":117996,"url":"https:\/\/lasprimeras.com.do\/index.php\/2025\/12\/19\/vaguada-y-viento-del-este-noreste-generan-lluvias-y-tronadas-distanciadas-en-varias-provincias\/","url_meta":{"origin":120273,"position":0},"title":"Vaguada y viento del este\/noreste generan lluvias y tronadas distanciadas en varias provincias","author":"Nelson Feliz","date":"19 de diciembre de 2025","format":false,"excerpt":"El Instituto Dominicano de Meteorolog\u00eda\u00a0(INDOMET) informa que la influencia de una\u00a0vaguada en superficie\u00a0y el viento predominante del este\/noreste mantendr\u00e1n las condiciones atmosf\u00e9ricas favorables para\u00a0lluvias d\u00e9biles a moderadas, r\u00e1fagas de viento aisladas y posibles tronadas en diversas localidades del pa\u00eds. Pron\u00f3stico para Hoy Viernes Zonas Afectadas:\u00a0Las precipitaciones afectar\u00e1n especialmente a las\u2026","rel":"","context":"En \u00abCLIMA\u00bb","block_context":{"text":"CLIMA","link":"https:\/\/lasprimeras.com.do\/index.php\/category\/clima\/"},"img":{"alt_text":"","src":"https:\/\/i0.wp.com\/lasprimeras.com.do\/wp-content\/uploads\/2025\/12\/lluvias.jpeg?resize=350%2C200&ssl=1","width":350,"height":200,"srcset":"https:\/\/i0.wp.com\/lasprimeras.com.do\/wp-content\/uploads\/2025\/12\/lluvias.jpeg?resize=350%2C200&ssl=1 1x, https:\/\/i0.wp.com\/lasprimeras.com.do\/wp-content\/uploads\/2025\/12\/lluvias.jpeg?resize=525%2C300&ssl=1 1.5x, https:\/\/i0.wp.com\/lasprimeras.com.do\/wp-content\/uploads\/2025\/12\/lluvias.jpeg?resize=700%2C400&ssl=1 2x"},"classes":[]},{"id":124803,"url":"https:\/\/lasprimeras.com.do\/index.php\/2026\/03\/17\/debil-vaguada-al-norte-provocara-chubascos-debiles-segun-informa-indomet\/","url_meta":{"origin":120273,"position":1},"title":"D\u00e9bil vaguada al norte provocar\u00e1 chubascos d\u00e9biles, seg\u00fan informa Indomet","author":"Nelson Feliz","date":"17 de marzo de 2026","format":false,"excerpt":"Las condiciones del tiempo est\u00e1n dominadas por un sistema de alta presi\u00f3n que favorece un ambiente mayormente estable y con pocas lluvias. No obstante, una d\u00e9bil vaguada al norte y el arrastre del viento del este\/sureste, provocaran algunos chubascos d\u00e9biles y pasajeros durante la ma\u00f1ana en Saman\u00e1, San Crist\u00f3bal, Peravia,\u2026","rel":"","context":"En \u00abCLIMA\u00bb","block_context":{"text":"CLIMA","link":"https:\/\/lasprimeras.com.do\/index.php\/category\/clima\/"},"img":{"alt_text":"","src":"","width":0,"height":0},"classes":[]},{"id":84259,"url":"https:\/\/lasprimeras.com.do\/index.php\/2024\/06\/04\/vaguada-y-onda-tropical-seguiran-provocando-lluvias-y-fuertes-vientos-hoy\/","url_meta":{"origin":120273,"position":2},"title":"Vaguada y onda tropical seguir\u00e1n provocando lluvias y fuertes vientos hoy","author":"Nelson Feliz","date":"4 de junio de 2024","format":false,"excerpt":"En su \u00faltimo bolet\u00edn, el Centro de Operaciones de Emergencias (COE) inform\u00f3 que hay 13 provincias bajo alerta amarilla, mientras el resto del pa\u00eds se mantiene en alerta verde. La Oficina Nacional de Meteorolog\u00eda (ONAMET) inform\u00f3 que para este martes se mantendr\u00e1n las lluvias acompa\u00f1adas de r\u00e1fagas de viento debido\u2026","rel":"","context":"En \u00abNACIONALES\u00bb","block_context":{"text":"NACIONALES","link":"https:\/\/lasprimeras.com.do\/index.php\/category\/nacionales\/"},"img":{"alt_text":"","src":"https:\/\/i0.wp.com\/lasprimeras.com.do\/wp-content\/uploads\/2023\/07\/lluvias-1.jpg?resize=350%2C200&ssl=1","width":350,"height":200,"srcset":"https:\/\/i0.wp.com\/lasprimeras.com.do\/wp-content\/uploads\/2023\/07\/lluvias-1.jpg?resize=350%2C200&ssl=1 1x, https:\/\/i0.wp.com\/lasprimeras.com.do\/wp-content\/uploads\/2023\/07\/lluvias-1.jpg?resize=525%2C300&ssl=1 1.5x"},"classes":[]},{"id":120895,"url":"https:\/\/lasprimeras.com.do\/index.php\/2026\/01\/29\/salgan-con-sus-paraguas-ocurriran-lluvias-en-horas-de-la-tarde-por-sistema-frontal-y-vaguada\/","url_meta":{"origin":120273,"position":3},"title":"Salgan con sus paraguas : Ocurrir\u00e1n lluvias en horas de la tarde, por sistema frontal y vaguada","author":"Nelson Feliz","date":"29 de enero de 2026","format":false,"excerpt":"El patr\u00f3n meteorol\u00f3gico del territorio dominicano, no presentar\u00e1 cambios apreciables durante el transcurso de las horas matutinas, reinando un cielo poco nuboso y soleado en gran parte de la geograf\u00eda nacional, excepto hacia zonas cercanas a Monte Cristi, Espaillat y Mar\u00eda Trinidad S\u00e1nchez, donde podr\u00edan ocurrir precipitaciones aisladas y pasajeras.\u2026","rel":"","context":"En \u00abCLIMA\u00bb","block_context":{"text":"CLIMA","link":"https:\/\/lasprimeras.com.do\/index.php\/category\/clima\/"},"img":{"alt_text":"Disminuyen las precipitaciones hoy y ma\u00f1ana, las lluvias volver\u00e1n el domingo","src":"https:\/\/i0.wp.com\/lasprimeras.com.do\/wp-content\/uploads\/2026\/01\/LLUVIA.jpg?resize=350%2C200&ssl=1","width":350,"height":200,"srcset":"https:\/\/i0.wp.com\/lasprimeras.com.do\/wp-content\/uploads\/2026\/01\/LLUVIA.jpg?resize=350%2C200&ssl=1 1x, https:\/\/i0.wp.com\/lasprimeras.com.do\/wp-content\/uploads\/2026\/01\/LLUVIA.jpg?resize=525%2C300&ssl=1 1.5x"},"classes":[]},{"id":91124,"url":"https:\/\/lasprimeras.com.do\/index.php\/2024\/11\/10\/onda-tropical-y-vaguada-produciran-aguaceros-tormentas-electricas-en-las-proximas-24-a-48-horas\/","url_meta":{"origin":120273,"position":4},"title":"Onda Tropical y Vaguada producir\u00e1n aguaceros, tormentas el\u00e9ctricas en las pr\u00f3ximas 24 a 48 horas","author":"Nelson Feliz","date":"10 de noviembre de 2024","format":false,"excerpt":"Varias provincias en alertas y avisos meteorol\u00f3gicos. El Instituto Dominicano de Meteorolog\u00eda (INDOMET) informo hoy producto de la inestabilidad de la vaguada y la humedad de la onda tropical, desde la madrugada ocurren nublados con lluvias, tronadas y aisladas r\u00e1fagas de viento, en puntos del sureste caribe\u00f1o y nordeste Atl\u00e1ntico;\u2026","rel":"","context":"En \u00abNACIONALES\u00bb","block_context":{"text":"NACIONALES","link":"https:\/\/lasprimeras.com.do\/index.php\/category\/nacionales\/"},"img":{"alt_text":"","src":"https:\/\/i0.wp.com\/lasprimeras.com.do\/wp-content\/uploads\/2023\/07\/lluvias-1.jpg?resize=350%2C200&ssl=1","width":350,"height":200,"srcset":"https:\/\/i0.wp.com\/lasprimeras.com.do\/wp-content\/uploads\/2023\/07\/lluvias-1.jpg?resize=350%2C200&ssl=1 1x, https:\/\/i0.wp.com\/lasprimeras.com.do\/wp-content\/uploads\/2023\/07\/lluvias-1.jpg?resize=525%2C300&ssl=1 1.5x"},"classes":[]},{"id":121016,"url":"https:\/\/lasprimeras.com.do\/index.php\/2026\/01\/30\/se-aleja-sistema-frontal-y-vaguada-de-nuestra-area-no-habra-lluvias\/","url_meta":{"origin":120273,"position":5},"title":"Se aleja sistema frontal y vaguada de nuestra \u00e1rea &#8221; no habr\u00e1 lluvias &#8220;","author":"Nelson Feliz","date":"30 de enero de 2026","format":false,"excerpt":"El Instituto Dominicano de Meteorogia inform\u00f3 Hoy que contin\u00faan alej\u00e1ndose gradualmente tanto el d\u00e9bil sistema frontal como la vaguada de nuestra \u00e1rea, permitiendo el ingreso de una masa de aire m\u00e1s seca y estable, que provocar\u00e1 un ambiente con pocas nubes y escasas precipitaciones sobre gran parte del pa\u00eds durante\u2026","rel":"","context":"En \u00abNACIONALES\u00bb","block_context":{"text":"NACIONALES","link":"https:\/\/lasprimeras.com.do\/index.php\/category\/nacionales\/"},"img":{"alt_text":"Dia-Soleado","src":"https:\/\/i0.wp.com\/lasprimeras.com.do\/wp-content\/uploads\/2023\/12\/Dia-Soleado.jpg?resize=350%2C200&ssl=1","width":350,"height":200,"srcset":"https:\/\/i0.wp.com\/lasprimeras.com.do\/wp-content\/uploads\/2023\/12\/Dia-Soleado.jpg?resize=350%2C200&ssl=1 1x, https:\/\/i0.wp.com\/lasprimeras.com.do\/wp-content\/uploads\/2023\/12\/Dia-Soleado.jpg?resize=525%2C300&ssl=1 1.5x, https:\/\/i0.wp.com\/lasprimeras.com.do\/wp-content\/uploads\/2023\/12\/Dia-Soleado.jpg?resize=700%2C400&ssl=1 2x"},"classes":[]}],"jetpack_sharing_enabled":true,"_links":{"self":[{"href":"https:\/\/lasprimeras.com.do\/index.php\/wp-json\/wp\/v2\/posts\/120273","targetHints":{"allow":["GET"]}}],"collection":[{"href":"https:\/\/lasprimeras.com.do\/index.php\/wp-json\/wp\/v2\/posts"}],"about":[{"href":"https:\/\/lasprimeras.com.do\/index.php\/wp-json\/wp\/v2\/types\/post"}],"author":[{"embeddable":true,"href":"https:\/\/lasprimeras.com.do\/index.php\/wp-json\/wp\/v2\/users\/10"}],"replies":[{"embeddable":true,"href":"https:\/\/lasprimeras.com.do\/index.php\/wp-json\/wp\/v2\/comments?post=120273"}],"version-history":[{"count":1,"href":"https:\/\/lasprimeras.com.do\/index.php\/wp-json\/wp\/v2\/posts\/120273\/revisions"}],"predecessor-version":[{"id":120274,"href":"https:\/\/lasprimeras.com.do\/index.php\/wp-json\/wp\/v2\/posts\/120273\/revisions\/120274"}],"wp:featuredmedia":[{"embeddable":true,"href":"https:\/\/lasprimeras.com.do\/index.php\/wp-json\/wp\/v2\/media\/55104"}],"wp:attachment":[{"href":"https:\/\/lasprimeras.com.do\/index.php\/wp-json\/wp\/v2\/media?parent=120273"}],"wp:term":[{"taxonomy":"category","embeddable":true,"href":"https:\/\/lasprimeras.com.do\/index.php\/wp-json\/wp\/v2\/categories?post=120273"},{"taxonomy":"post_tag","embeddable":true,"href":"https:\/\/lasprimeras.com.do\/index.php\/wp-json\/wp\/v2\/tags?post=120273"}],"curies":[{"name":"wp","href":"https:\/\/api.w.org\/{rel}","templated":true}]}}