{"id":120284,"date":"2026-01-22T08:57:00","date_gmt":"2026-01-22T12:57:00","guid":{"rendered":"https:\/\/lasprimeras.com.do\/?p=120284"},"modified":"2026-01-22T08:57:02","modified_gmt":"2026-01-22T12:57:02","slug":"google-org-selecciona-plataforma-de-ia-humanitaria-disenada-por-dominicano-entre-mas-de-3000-propuestas","status":"publish","type":"post","link":"https:\/\/lasprimeras.com.do\/index.php\/2026\/01\/22\/google-org-selecciona-plataforma-de-ia-humanitaria-disenada-por-dominicano-entre-mas-de-3000-propuestas\/","title":{"rendered":"Google.org selecciona plataforma de IA humanitaria dise\u00f1ada por dominicano entre m\u00e1s de 3,000 propuestas"},"content":{"rendered":"\n<p>La plataforma de Inteligencia Artificial humanitaria Anticipa, dise\u00f1ada y liderada por el economista y cient\u00edfico de datos dominicano Alberto Castillo Aroca, fue seleccionada por Google.org entre m\u00e1s de 3,000 propuestas globales, posicion\u00e1ndose como una de las 20 iniciativas elegidas a nivel mundial para formar parte de su aceleradora de alto impacto social.<\/p>\n\n\n\n<p>La selecci\u00f3n fue anunciada durante el Demo Day de la aceleradora de Google.org en Silicon Valley, donde Anticipa destac\u00f3 por su enfoque innovador para fortalecer la resiliencia de comunidades vulnerables ante desastres ambientales, mediante el uso de Inteligencia Artificial aplicada a la acci\u00f3n humanitaria.<\/p>\n\n\n\n<p>Anticipa \u2014anteriormente conocida como AREMS\u2014 utiliza la nube de Google y el modelo Gemini para integrar el conocimiento comunitario con informaci\u00f3n cient\u00edfica avanzada, como im\u00e1genes satelitales y datos clim\u00e1ticos.<\/p>\n\n\n\n<p>La plataforma traduce esta informaci\u00f3n compleja en alertas tempranas y planes de acci\u00f3n sencillos, distribuidos a trav\u00e9s de WhatsApp, facilitando la prevenci\u00f3n, preparaci\u00f3n y respuesta ante emergencias.<\/p>\n\n\n\n<p>Lejos de ser una soluci\u00f3n impuesta, el sistema es el resultado de un proceso de co-creaci\u00f3n con comunidades ind\u00edgenas de Colombia, Ecuador y Per\u00fa, adapt\u00e1ndose a sus lenguas, contextos culturales y realidades territoriales.<\/p>\n\n\n\n<p>Anticipa funciona como un verdadero \u201ccopiloto para la resiliencia\u201d, empoderando a las comunidades en tiempos de calma y optimizando la log\u00edstica de los organismos de socorro durante crisis.<\/p>\n\n\n\n<p>El proyecto, respaldado por World Vision y con financiamiento adicional de la Uni\u00f3n Europea, se encuentra en fase de expansi\u00f3n hacia la regi\u00f3n Amaz\u00f3nica (Ecuador, Per\u00fa y Brasil), as\u00ed como Nigeria, con el objetivo de establecer un nuevo est\u00e1ndar internacional en la gesti\u00f3n de riesgos y cooperaci\u00f3n humanitaria.<\/p>\n\n\n\n<p>Dada la ubicaci\u00f3n geogr\u00e1fica de la Rep\u00fablica Dominicana, altamente expuesta a huracanes y eventos clim\u00e1ticos extremos, Anticipa se perfila como una herramienta estrat\u00e9gica complementaria para las instituciones locales de gesti\u00f3n de riesgos, contribuyendo a la reducci\u00f3n de costos operativos y, sobre todo, a salvar vidas mediante la anticipaci\u00f3n.<\/p>\n\n\n\n<p>Trayectoria del creador<\/p>\n\n\n\n<p>Alberto Castillo Aroca cuenta con m\u00e1s de diez a\u00f1os de experiencia en ciencia de datos y acci\u00f3n humanitaria a nivel global. Inici\u00f3 su carrera en la Oficina de las Naciones Unidas para la Coordinaci\u00f3n de Asuntos Humanitarios (OCHA) durante el proceso de paz en Colombia y lider\u00f3 la gesti\u00f3n de informaci\u00f3n en la crisis migratoria colombo-venezolana.<\/p>\n\n\n\n<p>Durante la pandemia de COVID-19, trabaj\u00f3 con la OPS\/OMS en Washington y Ginebra, coordinando datos de cooperaci\u00f3n internacional en cuatro continentes.<\/p>\n\n\n\n<p>Posteriormente se desempe\u00f1\u00f3 como gerente de Programa en Etiop\u00eda para la organizaci\u00f3n 3iS, desde donde impuls\u00f3 el desarrollo de Anticipa.<\/p>\n","protected":false},"excerpt":{"rendered":"<p>La plataforma de Inteligencia Artificial humanitaria Anticipa, dise\u00f1ada y liderada por el economista y cient\u00edfico de datos dominicano Alberto Castillo Aroca, fue seleccionada por Google.org entre m\u00e1s de 3,000 propuestas&hellip;<\/p>\n","protected":false},"author":10,"featured_media":120285,"comment_status":"open","ping_status":"open","sticky":false,"template":"","format":"standard","meta":{"content-type":"","jetpack_post_was_ever_published":false,"_jetpack_newsletter_access":"","_jetpack_dont_email_post_to_subs":false,"_jetpack_newsletter_tier_id":0,"_jetpack_memberships_contains_paywalled_content":false,"_jetpack_memberships_contains_paid_content":false,"footnotes":""},"categories":[25,23746],"tags":[364,1911,15035,7440,29628],"class_list":["post-120284","post","type-post","status-publish","format-standard","has-post-thumbnail","hentry","category-portada","category-tecnologia","tag-dominicano","tag-google","tag-ia","tag-plataforma","tag-selecciona"],"jetpack_featured_media_url":"https:\/\/lasprimeras.com.do\/wp-content\/uploads\/2026\/01\/IMG-20260122-WA02561.jpg","jetpack-related-posts":[{"id":126708,"url":"https:\/\/lasprimeras.com.do\/index.php\/2026\/04\/04\/las-aseguradoras-compiten-por-el-cliente-impulsado-por-ia\/","url_meta":{"origin":120284,"position":0},"title":"Las aseguradoras compiten por el cliente impulsado por IA","author":"Nelson Feliz","date":"4 de abril de 2026","format":false,"excerpt":"La industria aseguradora en Am\u00e9rica Latina est\u00e1 entrando en una nueva etapa de competencia impulsada por la inteligencia artificial. En pa\u00edses de Centroam\u00e9rica y el Caribe, donde la digitalizaci\u00f3n financiera contin\u00faa avanzando y los consumidores adoptan cada vez m\u00e1s canales digitales, esta transformaci\u00f3n cobra especial relevancia. Seg\u00fan el estudio \u201cCompeting\u2026","rel":"","context":"En \u00abTECNOL\u00d3GIA\u00bb","block_context":{"text":"TECNOL\u00d3GIA","link":"https:\/\/lasprimeras.com.do\/index.php\/category\/tecnologia\/"},"img":{"alt_text":"","src":"https:\/\/i0.wp.com\/lasprimeras.com.do\/wp-content\/uploads\/2026\/04\/Las-aseguradoras-compiten-por-el-cliente-impulsado-por-IA.jpg?resize=350%2C200&ssl=1","width":350,"height":200,"srcset":"https:\/\/i0.wp.com\/lasprimeras.com.do\/wp-content\/uploads\/2026\/04\/Las-aseguradoras-compiten-por-el-cliente-impulsado-por-IA.jpg?resize=350%2C200&ssl=1 1x, https:\/\/i0.wp.com\/lasprimeras.com.do\/wp-content\/uploads\/2026\/04\/Las-aseguradoras-compiten-por-el-cliente-impulsado-por-IA.jpg?resize=525%2C300&ssl=1 1.5x, https:\/\/i0.wp.com\/lasprimeras.com.do\/wp-content\/uploads\/2026\/04\/Las-aseguradoras-compiten-por-el-cliente-impulsado-por-IA.jpg?resize=700%2C400&ssl=1 2x"},"classes":[]},{"id":68728,"url":"https:\/\/lasprimeras.com.do\/index.php\/2023\/11\/27\/la-inteligencia-artificial-es-el-futuro-del-sistema-judicial-segun-constitucionalistas\/","url_meta":{"origin":120284,"position":1},"title":"La inteligencia artificial es el futuro del sistema judicial, seg\u00fan constitucionalistas","author":"BIMARY DE JES\u00daS Matos","date":"27 de noviembre de 2023","format":false,"excerpt":"Santo Domingo.-La aplicaci\u00f3n de la Inteligencia Artificial en la justicia, principalmente en la constitucional, presenta ventajas, riesgos y retos. En esto coinciden Paul Enriquez Franco Zamora, presidente del Tribunal Constitucional de Bolivia, Eduardo Andr\u00e9s Velandia Canosa, presidente de la Asociaci\u00f3n Mundial de Justicia Constitucional (AMJC), y el jurista constitucionalista, Namphi\u2026","rel":"","context":"En \u00abNACIONALES\u00bb","block_context":{"text":"NACIONALES","link":"https:\/\/lasprimeras.com.do\/index.php\/category\/nacionales\/"},"img":{"alt_text":"","src":"https:\/\/i0.wp.com\/lasprimeras.com.do\/wp-content\/uploads\/2023\/11\/WhatsApp-Image-2023-11-26-at-2.38.38-PM-5.jpeg?resize=350%2C200&ssl=1","width":350,"height":200,"srcset":"https:\/\/i0.wp.com\/lasprimeras.com.do\/wp-content\/uploads\/2023\/11\/WhatsApp-Image-2023-11-26-at-2.38.38-PM-5.jpeg?resize=350%2C200&ssl=1 1x, https:\/\/i0.wp.com\/lasprimeras.com.do\/wp-content\/uploads\/2023\/11\/WhatsApp-Image-2023-11-26-at-2.38.38-PM-5.jpeg?resize=525%2C300&ssl=1 1.5x"},"classes":[]},{"id":111618,"url":"https:\/\/lasprimeras.com.do\/index.php\/2025\/10\/12\/ia-y-empleo-nuevo-estudio-del-pnud-reafirma-una-vision-positiva-sobre-la-ia-en-economias-en-desarrollo\/","url_meta":{"origin":120284,"position":2},"title":"IA y empleo: Nuevo estudio del PNUD reafirma una visi\u00f3n positiva sobre la IA en econom\u00edas en desarrollo","author":"Nelson Feliz","date":"12 de octubre de 2025","format":false,"excerpt":"Casi siete de cada diez personas en la Rep\u00fablica Dominicana (68.9 %) afirman utilizar la Inteligencia Artificial (IA) m\u00e1s de una vez por semana, seg\u00fan una nueva investigaci\u00f3n publicada hoy por el Programa de las Naciones Unidas para el Desarrollo (PNUD) en la Rep\u00fablica Dominicana y la Oficina del Informe\u2026","rel":"","context":"En \u00abPORTADA\u00bb","block_context":{"text":"PORTADA","link":"https:\/\/lasprimeras.com.do\/index.php\/category\/portada\/"},"img":{"alt_text":"","src":"https:\/\/i0.wp.com\/lasprimeras.com.do\/wp-content\/uploads\/2025\/10\/pnud.jpg?resize=350%2C200&ssl=1","width":350,"height":200,"srcset":"https:\/\/i0.wp.com\/lasprimeras.com.do\/wp-content\/uploads\/2025\/10\/pnud.jpg?resize=350%2C200&ssl=1 1x, https:\/\/i0.wp.com\/lasprimeras.com.do\/wp-content\/uploads\/2025\/10\/pnud.jpg?resize=525%2C300&ssl=1 1.5x, https:\/\/i0.wp.com\/lasprimeras.com.do\/wp-content\/uploads\/2025\/10\/pnud.jpg?resize=700%2C400&ssl=1 2x"},"classes":[]},{"id":112082,"url":"https:\/\/lasprimeras.com.do\/index.php\/2025\/10\/17\/experto-felicita-acuerdo-del-gobierno-con-nvidia-e-insta-crear-un-consejo-de-ia\/","url_meta":{"origin":120284,"position":3},"title":"Experto felicita acuerdo del Gobierno con Nvidia e insta crear un consejo de IA","author":"Nelson Feliz","date":"17 de octubre de 2025","format":false,"excerpt":"El economista y experto en Inteligencia Artificial Humanitaria, Alberto Castillo Aroca, calific\u00f3 como muy positiva la firma del acuerdo entre el Gobierno dominicano y la empresa Nvidia, l\u00edder mundial en computaci\u00f3n acelerada e inteligencia artificial, al considerar que representa un paso estrat\u00e9gico hacia el futuro tecnol\u00f3gico del pa\u00eds. Castillo Aroca\u2026","rel":"","context":"En \u00abPORTADA\u00bb","block_context":{"text":"PORTADA","link":"https:\/\/lasprimeras.com.do\/index.php\/category\/portada\/"},"img":{"alt_text":"Alberto Castillo Aroca","src":"https:\/\/i0.wp.com\/lasprimeras.com.do\/wp-content\/uploads\/2025\/10\/Alberto-Castillo-Aroca.jpg?resize=350%2C200&ssl=1","width":350,"height":200,"srcset":"https:\/\/i0.wp.com\/lasprimeras.com.do\/wp-content\/uploads\/2025\/10\/Alberto-Castillo-Aroca.jpg?resize=350%2C200&ssl=1 1x, https:\/\/i0.wp.com\/lasprimeras.com.do\/wp-content\/uploads\/2025\/10\/Alberto-Castillo-Aroca.jpg?resize=525%2C300&ssl=1 1.5x, https:\/\/i0.wp.com\/lasprimeras.com.do\/wp-content\/uploads\/2025\/10\/Alberto-Castillo-Aroca.jpg?resize=700%2C400&ssl=1 2x"},"classes":[]},{"id":68932,"url":"https:\/\/lasprimeras.com.do\/index.php\/2023\/11\/29\/el-pais-adaptara-ley-de-salud-para-aprovechar-la-inteligencia-artificial\/","url_meta":{"origin":120284,"position":4},"title":"El pa\u00eds adaptar\u00e1 Ley de Salud para aprovechar la Inteligencia Artificial","author":"BIMARY DE JES\u00daS Matos","date":"29 de noviembre de 2023","format":false,"excerpt":"Santo Domingo.-El primer Foro Nacional Salud e Inteligencia Artificial, una iniciativa del List\u00edn Diario, rindi\u00f3 sus frutos ayer martes con las ponencias de diferentes actores del sector salud local e internacional, quienes formularon un escenario de debate que mostr\u00f3 una perspectiva de lo que implica el coincidir del talento humano\u2026","rel":"","context":"En \u00abPORTADA\u00bb","block_context":{"text":"PORTADA","link":"https:\/\/lasprimeras.com.do\/index.php\/category\/portada\/"},"img":{"alt_text":"","src":"https:\/\/i0.wp.com\/lasprimeras.com.do\/wp-content\/uploads\/2023\/11\/PhotoFrame-3.jpg?resize=350%2C200&ssl=1","width":350,"height":200,"srcset":"https:\/\/i0.wp.com\/lasprimeras.com.do\/wp-content\/uploads\/2023\/11\/PhotoFrame-3.jpg?resize=350%2C200&ssl=1 1x, https:\/\/i0.wp.com\/lasprimeras.com.do\/wp-content\/uploads\/2023\/11\/PhotoFrame-3.jpg?resize=525%2C300&ssl=1 1.5x"},"classes":[]},{"id":81593,"url":"https:\/\/lasprimeras.com.do\/index.php\/2024\/04\/22\/doce-aportes-de-la-inteligencia-artificial-al-sector-turistico\/","url_meta":{"origin":120284,"position":5},"title":"Doce aportes de la inteligencia artificial al sector tur\u00edstico","author":"Nelson Feliz","date":"22 de abril de 2024","format":false,"excerpt":"El turismo, una de las industrias m\u00e1s din\u00e1micas y de mayor crecimiento a nivel global, se enfrenta al desaf\u00edo constante de innovar para mejorar la experiencia del viajero y optimizar la gesti\u00f3n de recursos. En un mundo donde los sue\u00f1os y la realidad se entrelazan, la inteligencia artificial (IA) ha\u2026","rel":"","context":"En \u00abSin categor\u00eda\u00bb","block_context":{"text":"Sin categor\u00eda","link":"https:\/\/lasprimeras.com.do\/index.php\/category\/sin-categoria\/"},"img":{"alt_text":"inteligencia artificial","src":"https:\/\/i0.wp.com\/lasprimeras.com.do\/wp-content\/uploads\/2024\/04\/inteligencia-artificial-1.jpg?resize=350%2C200&ssl=1","width":350,"height":200,"srcset":"https:\/\/i0.wp.com\/lasprimeras.com.do\/wp-content\/uploads\/2024\/04\/inteligencia-artificial-1.jpg?resize=350%2C200&ssl=1 1x, https:\/\/i0.wp.com\/lasprimeras.com.do\/wp-content\/uploads\/2024\/04\/inteligencia-artificial-1.jpg?resize=525%2C300&ssl=1 1.5x, https:\/\/i0.wp.com\/lasprimeras.com.do\/wp-content\/uploads\/2024\/04\/inteligencia-artificial-1.jpg?resize=700%2C400&ssl=1 2x"},"classes":[]}],"jetpack_sharing_enabled":true,"_links":{"self":[{"href":"https:\/\/lasprimeras.com.do\/index.php\/wp-json\/wp\/v2\/posts\/120284","targetHints":{"allow":["GET"]}}],"collection":[{"href":"https:\/\/lasprimeras.com.do\/index.php\/wp-json\/wp\/v2\/posts"}],"about":[{"href":"https:\/\/lasprimeras.com.do\/index.php\/wp-json\/wp\/v2\/types\/post"}],"author":[{"embeddable":true,"href":"https:\/\/lasprimeras.com.do\/index.php\/wp-json\/wp\/v2\/users\/10"}],"replies":[{"embeddable":true,"href":"https:\/\/lasprimeras.com.do\/index.php\/wp-json\/wp\/v2\/comments?post=120284"}],"version-history":[{"count":1,"href":"https:\/\/lasprimeras.com.do\/index.php\/wp-json\/wp\/v2\/posts\/120284\/revisions"}],"predecessor-version":[{"id":120286,"href":"https:\/\/lasprimeras.com.do\/index.php\/wp-json\/wp\/v2\/posts\/120284\/revisions\/120286"}],"wp:featuredmedia":[{"embeddable":true,"href":"https:\/\/lasprimeras.com.do\/index.php\/wp-json\/wp\/v2\/media\/120285"}],"wp:attachment":[{"href":"https:\/\/lasprimeras.com.do\/index.php\/wp-json\/wp\/v2\/media?parent=120284"}],"wp:term":[{"taxonomy":"category","embeddable":true,"href":"https:\/\/lasprimeras.com.do\/index.php\/wp-json\/wp\/v2\/categories?post=120284"},{"taxonomy":"post_tag","embeddable":true,"href":"https:\/\/lasprimeras.com.do\/index.php\/wp-json\/wp\/v2\/tags?post=120284"}],"curies":[{"name":"wp","href":"https:\/\/api.w.org\/{rel}","templated":true}]}}