{"id":120287,"date":"2026-01-22T09:14:55","date_gmt":"2026-01-22T13:14:55","guid":{"rendered":"https:\/\/lasprimeras.com.do\/?p=120287"},"modified":"2026-01-22T09:14:58","modified_gmt":"2026-01-22T13:14:58","slug":"dirigente-de-la-fp-afirma-que-gestion-de-collado-es-mas-de-marketing-que-de-resultados","status":"publish","type":"post","link":"https:\/\/lasprimeras.com.do\/index.php\/2026\/01\/22\/dirigente-de-la-fp-afirma-que-gestion-de-collado-es-mas-de-marketing-que-de-resultados\/","title":{"rendered":"Dirigente de la FP afirma que gesti\u00f3n de Collado es m\u00e1s de marketing que de resultados"},"content":{"rendered":"\n<p>El miembro de la Direcci\u00f3n Pol\u00edtica y titular de la Secretar\u00eda de asuntos Tur\u00edsticos de la FP, denunci\u00f3 que el telef\u00e9rico de la Loma Isabel de Torres de Puerto Plata, lleva m\u00e1s de un a\u00f1o sin operar y las actuales autoridades de Turismo, no han sido capaz de ponerlo en funcionamiento.<\/p>\n\n\n\n<p>Esta situaci\u00f3n ha provocado una indignaci\u00f3n social por la importancia de este atractivo tur\u00edstico que ha servido por muchos a\u00f1os para movilizar visitantes tanto locales como del extranjero.<\/p>\n\n\n\n<p>Dijo que la gesti\u00f3n que encabeza Collado al frente del Ministerio de Turismo es m\u00e1s de marketing que de resultados y todo se resume en simples espect\u00e1culos en redes sociales y en medios de comunicaciones.<\/p>\n\n\n\n<p>\u201cPuerto Plata luce abandonada y las autoridades de turismo solo vienen a tomarse y fotos y vender falsas expectativas y prometer cosas que nunca cumplen; la prueba m\u00e1s contundente que demuestra que la gesti\u00f3n de David collado es un fracaso, es el telef\u00e9rico en la Loma Isabel de Torres de esta ciudad, que tiene m\u00e1s de un a\u00f1o sin funcionar y no han sido capaz de resolver esa situaci\u00f3n\u201d, expuso Vargas.<\/p>\n\n\n\n<p>Se\u00f1al\u00f3 que en estos 5 a\u00f1os de gesti\u00f3n del PRM, la provincia de Puerto Plata ha sido abandonada, ya que se prometieron grandes obras y una reactivaci\u00f3n del turismo a gran escala y todo se ha quedado en promesas e incumplimiento a la ciudadan\u00eda.<\/p>\n\n\n\n<p>\u201cPor eso y muchas razones m\u00e1s es que decimos que es esta es una gesti\u00f3n de mucha espuma y poco chocolate, donde impera la improvisaci\u00f3n, la falta de planificaci\u00f3n y el enga\u00f1o a una poblaci\u00f3n que clama por mejoras en la calidad de vida, el empleo y mayores oportunidades\u201d, manifest\u00f3 el secretario de turismo de la FP.<\/p>\n","protected":false},"excerpt":{"rendered":"<p>El miembro de la Direcci\u00f3n Pol\u00edtica y titular de la Secretar\u00eda de asuntos Tur\u00edsticos de la FP, denunci\u00f3 que el telef\u00e9rico de la Loma Isabel de Torres de Puerto Plata,&hellip;<\/p>\n","protected":false},"author":10,"featured_media":120288,"comment_status":"open","ping_status":"open","sticky":false,"template":"","format":"standard","meta":{"content-type":"","jetpack_post_was_ever_published":false,"_jetpack_newsletter_access":"","_jetpack_dont_email_post_to_subs":false,"_jetpack_newsletter_tier_id":0,"_jetpack_memberships_contains_paywalled_content":false,"_jetpack_memberships_contains_paid_content":false,"footnotes":""},"categories":[16559,25],"tags":[1498,29629,4498,212,687,65],"class_list":["post-120287","post","type-post","status-publish","format-standard","has-post-thumbnail","hentry","category-politica","category-portada","tag-david-collado","tag-francis-vargas","tag-fuerza-de-pueblo","tag-gestion","tag-puerto-plata","tag-teleferico-2"],"jetpack_featured_media_url":"https:\/\/lasprimeras.com.do\/wp-content\/uploads\/2026\/01\/IMG-20260122-WA0293.jpg","jetpack-related-posts":[{"id":103581,"url":"https:\/\/lasprimeras.com.do\/index.php\/2025\/07\/16\/abinader-emite-decreto-que-pone-en-manos-de-un-fideicomiso-la-gestion-del-teleferico-de-puerto-plata\/","url_meta":{"origin":120287,"position":0},"title":"Abinader emite decreto que pone en manos de un fideicomiso la gesti\u00f3n del Telef\u00e9rico de Puerto Plata","author":"Nelson Feliz","date":"16 de julio de 2025","format":false,"excerpt":"El presidente Luis Abinader emiti\u00f3 el decreto n\u00fam. 162-25, con el cual ordena la constituci\u00f3n de un fideicomiso p\u00fablico para administrar el telef\u00e9rico de Puerto Plata, cerrado hace m\u00e1s de un a\u00f1o para la instalaci\u00f3n de un sistema de transporte moderno que a\u00fan no ha comenzado. Seg\u00fan consta en el\u2026","rel":"","context":"En \u00abECONOM\u00cdA\u00bb","block_context":{"text":"ECONOM\u00cdA","link":"https:\/\/lasprimeras.com.do\/index.php\/category\/economia\/"},"img":{"alt_text":"","src":"https:\/\/i0.wp.com\/lasprimeras.com.do\/wp-content\/uploads\/2025\/07\/tele.jpg?resize=350%2C200&ssl=1","width":350,"height":200,"srcset":"https:\/\/i0.wp.com\/lasprimeras.com.do\/wp-content\/uploads\/2025\/07\/tele.jpg?resize=350%2C200&ssl=1 1x, https:\/\/i0.wp.com\/lasprimeras.com.do\/wp-content\/uploads\/2025\/07\/tele.jpg?resize=525%2C300&ssl=1 1.5x, https:\/\/i0.wp.com\/lasprimeras.com.do\/wp-content\/uploads\/2025\/07\/tele.jpg?resize=700%2C400&ssl=1 2x"},"classes":[]},{"id":108548,"url":"https:\/\/lasprimeras.com.do\/index.php\/2025\/09\/08\/adompretur-agradece-al-abinader-y-collado-entrega-de-casa-propia-para-su-filial-en-puerto-plata\/","url_meta":{"origin":120287,"position":1},"title":"Adompretur agradece al Abinader y Collado entrega de casa propia para su filial en Puerto Plata","author":"Nelson Feliz","date":"8 de septiembre de 2025","format":false,"excerpt":"Junior Garc\u00eda y Sarah Hern\u00e1ndez destacan el valor simb\u00f3lico de la nueva sede del gremio. El presidente Luis Abinader y el ministro de Turismo David Collado entregaron a la Asociaci\u00f3n Dominicana de Prensa Tur\u00edstica (Adompretur) su primera casa propia: una moderna edificaci\u00f3n de dos niveles que acoger\u00e1 la filial del\u2026","rel":"","context":"En \u00abTURISMO\u00bb","block_context":{"text":"TURISMO","link":"https:\/\/lasprimeras.com.do\/index.php\/category\/turismo\/"},"img":{"alt_text":"","src":"https:\/\/i0.wp.com\/lasprimeras.com.do\/wp-content\/uploads\/2025\/09\/Momento-de-corte-de-la-cinta-que-sella-formalmente-la-entrega-de-la-Casa-Adompretur-Puerto-Plata.jpg?resize=350%2C200&ssl=1","width":350,"height":200,"srcset":"https:\/\/i0.wp.com\/lasprimeras.com.do\/wp-content\/uploads\/2025\/09\/Momento-de-corte-de-la-cinta-que-sella-formalmente-la-entrega-de-la-Casa-Adompretur-Puerto-Plata.jpg?resize=350%2C200&ssl=1 1x, https:\/\/i0.wp.com\/lasprimeras.com.do\/wp-content\/uploads\/2025\/09\/Momento-de-corte-de-la-cinta-que-sella-formalmente-la-entrega-de-la-Casa-Adompretur-Puerto-Plata.jpg?resize=525%2C300&ssl=1 1.5x, https:\/\/i0.wp.com\/lasprimeras.com.do\/wp-content\/uploads\/2025\/09\/Momento-de-corte-de-la-cinta-que-sella-formalmente-la-entrega-de-la-Casa-Adompretur-Puerto-Plata.jpg?resize=700%2C400&ssl=1 2x"},"classes":[]},{"id":100752,"url":"https:\/\/lasprimeras.com.do\/index.php\/2025\/06\/11\/julio-almonte-el-turismo-se-posiciona-en-las-gestiones-del-pld\/","url_meta":{"origin":120287,"position":2},"title":"Julio Almonte: El turismo se posiciona en las gestiones del PLD","author":"Nelson Feliz","date":"11 de junio de 2025","format":false,"excerpt":"El turismo tiene que adoptar iniciativas para recuperar destinos en los que ha perdido visitantes, alerta Julio Almonte, coordinador de Comisi\u00f3n de Turismo del PLD. El titular de la Comisi\u00f3n de Turismo del Partido de la Liberaci\u00f3n Dominicana (PLD), Julio Almonte, alert\u00f3 sobre el riesgo para la econom\u00eda que representa\u2026","rel":"","context":"En \u00abPORTADA\u00bb","block_context":{"text":"PORTADA","link":"https:\/\/lasprimeras.com.do\/index.php\/category\/portada\/"},"img":{"alt_text":"","src":"https:\/\/i0.wp.com\/lasprimeras.com.do\/wp-content\/uploads\/2025\/06\/Julio-Almonte.jpg?resize=350%2C200&ssl=1","width":350,"height":200,"srcset":"https:\/\/i0.wp.com\/lasprimeras.com.do\/wp-content\/uploads\/2025\/06\/Julio-Almonte.jpg?resize=350%2C200&ssl=1 1x, https:\/\/i0.wp.com\/lasprimeras.com.do\/wp-content\/uploads\/2025\/06\/Julio-Almonte.jpg?resize=525%2C300&ssl=1 1.5x, https:\/\/i0.wp.com\/lasprimeras.com.do\/wp-content\/uploads\/2025\/06\/Julio-Almonte.jpg?resize=700%2C400&ssl=1 2x"},"classes":[]},{"id":115808,"url":"https:\/\/lasprimeras.com.do\/index.php\/2025\/11\/25\/asonahores-reconoce-al-ministro-david-collado-por-su-gestion-y-legado-en-el-turismo-dominicano\/","url_meta":{"origin":120287,"position":3},"title":"Asonahores reconoce al ministro David Collado por su gesti\u00f3n y legado en el turismo dominicano","author":"Nelson Feliz","date":"25 de noviembre de 2025","format":false,"excerpt":"La distinci\u00f3n fue entregada durante el Foro de Inversi\u00f3n de Turismo Deportivo La Asociaci\u00f3n de Hoteles y Turismo de la Rep\u00fablica Dominicana (Asonahores) otorg\u00f3 este martes un reconocimiento al ministro de Turismo, David Collado, por la solidez de su gesti\u00f3n y el impacto de su legado en el fortalecimiento y\u2026","rel":"","context":"En \u00abTURISMO\u00bb","block_context":{"text":"TURISMO","link":"https:\/\/lasprimeras.com.do\/index.php\/category\/turismo\/"},"img":{"alt_text":"Paola Rainieri de D\u00edaz, el presidente de Asonahores, Juan Bancalari; el ministro David Collado y la vicepresidenta de Asonahores, Aguie Lendor.","src":"https:\/\/i0.wp.com\/lasprimeras.com.do\/wp-content\/uploads\/2025\/11\/asonahores.jpg?resize=350%2C200&ssl=1","width":350,"height":200,"srcset":"https:\/\/i0.wp.com\/lasprimeras.com.do\/wp-content\/uploads\/2025\/11\/asonahores.jpg?resize=350%2C200&ssl=1 1x, https:\/\/i0.wp.com\/lasprimeras.com.do\/wp-content\/uploads\/2025\/11\/asonahores.jpg?resize=525%2C300&ssl=1 1.5x, https:\/\/i0.wp.com\/lasprimeras.com.do\/wp-content\/uploads\/2025\/11\/asonahores.jpg?resize=700%2C400&ssl=1 2x"},"classes":[]},{"id":52150,"url":"https:\/\/lasprimeras.com.do\/index.php\/2023\/06\/07\/rd-recibe-en-los-primeros-cinco-meses-del-ano-a-mas-de-4-5-millones-de-visitantes\/","url_meta":{"origin":120287,"position":4},"title":"RD recibe en los primeros cinco meses del a\u00f1o a m\u00e1s de 4.5 millones de visitantes","author":"prenxa100","date":"7 de junio de 2023","format":false,"excerpt":"El ministro de Turismo, David Collado, inform\u00f3 que solo en los primeros cinco meses del a\u00f1o 4,503,431 visitantes llegaron al pa\u00eds. \u201cAlgo verdaderamente extraordinario, algo nunca visto en la historia del turismo dominicano. Lo volvimos a hacer\u201d, expres\u00f3. V\u00eda a\u00e9rea llegaron 621,575 personas a Rep\u00fablica Dominicana en el mes de\u2026","rel":"","context":"En \u00abTURISMO\u00bb","block_context":{"text":"TURISMO","link":"https:\/\/lasprimeras.com.do\/index.php\/category\/turismo\/"},"img":{"alt_text":"","src":"","width":0,"height":0},"classes":[]},{"id":112416,"url":"https:\/\/lasprimeras.com.do\/index.php\/2025\/10\/22\/abinader-inicia-trabajos-de-construccion-de-hotel-melia-bergantin-beach\/","url_meta":{"origin":120287,"position":5},"title":"Abinader inicia trabajos de construcci\u00f3n de Hotel Meli\u00e1 Bergant\u00edn Beach","author":"Nelson Feliz","date":"22 de octubre de 2025","format":false,"excerpt":"-. Mandatario destaca relanzamiento tur\u00edstico de Puerto Plata con desarrollo inmobiliario pujante y turismo de cruceros l\u00edder en el pa\u00eds. -. Tambi\u00e9n, anuncia la construcci\u00f3n de dos nuevos hoteles de las cadenas internacionales hoteleras Westin y Hyatt y la licitaci\u00f3n en los pr\u00f3ximos d\u00edas de la carretera \u00c1mbar. El presidente\u2026","rel":"","context":"En \u00abPORTADA\u00bb","block_context":{"text":"PORTADA","link":"https:\/\/lasprimeras.com.do\/index.php\/category\/portada\/"},"img":{"alt_text":"","src":"https:\/\/i0.wp.com\/lasprimeras.com.do\/wp-content\/uploads\/2025\/10\/Luis-Abinader-1-3.jpg?resize=350%2C200&ssl=1","width":350,"height":200,"srcset":"https:\/\/i0.wp.com\/lasprimeras.com.do\/wp-content\/uploads\/2025\/10\/Luis-Abinader-1-3.jpg?resize=350%2C200&ssl=1 1x, https:\/\/i0.wp.com\/lasprimeras.com.do\/wp-content\/uploads\/2025\/10\/Luis-Abinader-1-3.jpg?resize=525%2C300&ssl=1 1.5x, https:\/\/i0.wp.com\/lasprimeras.com.do\/wp-content\/uploads\/2025\/10\/Luis-Abinader-1-3.jpg?resize=700%2C400&ssl=1 2x, https:\/\/i0.wp.com\/lasprimeras.com.do\/wp-content\/uploads\/2025\/10\/Luis-Abinader-1-3.jpg?resize=1050%2C600&ssl=1 3x"},"classes":[]}],"jetpack_sharing_enabled":true,"_links":{"self":[{"href":"https:\/\/lasprimeras.com.do\/index.php\/wp-json\/wp\/v2\/posts\/120287","targetHints":{"allow":["GET"]}}],"collection":[{"href":"https:\/\/lasprimeras.com.do\/index.php\/wp-json\/wp\/v2\/posts"}],"about":[{"href":"https:\/\/lasprimeras.com.do\/index.php\/wp-json\/wp\/v2\/types\/post"}],"author":[{"embeddable":true,"href":"https:\/\/lasprimeras.com.do\/index.php\/wp-json\/wp\/v2\/users\/10"}],"replies":[{"embeddable":true,"href":"https:\/\/lasprimeras.com.do\/index.php\/wp-json\/wp\/v2\/comments?post=120287"}],"version-history":[{"count":1,"href":"https:\/\/lasprimeras.com.do\/index.php\/wp-json\/wp\/v2\/posts\/120287\/revisions"}],"predecessor-version":[{"id":120289,"href":"https:\/\/lasprimeras.com.do\/index.php\/wp-json\/wp\/v2\/posts\/120287\/revisions\/120289"}],"wp:featuredmedia":[{"embeddable":true,"href":"https:\/\/lasprimeras.com.do\/index.php\/wp-json\/wp\/v2\/media\/120288"}],"wp:attachment":[{"href":"https:\/\/lasprimeras.com.do\/index.php\/wp-json\/wp\/v2\/media?parent=120287"}],"wp:term":[{"taxonomy":"category","embeddable":true,"href":"https:\/\/lasprimeras.com.do\/index.php\/wp-json\/wp\/v2\/categories?post=120287"},{"taxonomy":"post_tag","embeddable":true,"href":"https:\/\/lasprimeras.com.do\/index.php\/wp-json\/wp\/v2\/tags?post=120287"}],"curies":[{"name":"wp","href":"https:\/\/api.w.org\/{rel}","templated":true}]}}