{"id":120299,"date":"2026-01-22T15:05:28","date_gmt":"2026-01-22T19:05:28","guid":{"rendered":"https:\/\/lasprimeras.com.do\/?p=120299"},"modified":"2026-01-22T15:05:30","modified_gmt":"2026-01-22T19:05:30","slug":"patana-destruye-parcialmente-una-estacion-de-combustibles-en-santiago","status":"publish","type":"post","link":"https:\/\/lasprimeras.com.do\/index.php\/2026\/01\/22\/patana-destruye-parcialmente-una-estacion-de-combustibles-en-santiago\/","title":{"rendered":"Patana destruye parcialmente una estaci\u00f3n de combustibles en Santiago"},"content":{"rendered":"\n<p>Una patana destruy\u00f3 parcialmente esta madrugada una estaci\u00f3n de expendio de combustibles ubicada en la autopista Joaqu\u00edn Balaguer en Santiago, tras chocar con otro veh\u00edculo, cuyo conductor sali\u00f3 ileso.<\/p>\n\n\n\n<p>El accidente se produjo en las inmediaciones de la empresa Madeco, el conductor de la patana perdi\u00f3 el control de la misma y choc\u00f3 un carro de la marca Mercedes Benz.<\/p>\n\n\n\n<p>El conductor de la patana, que no fue identificado, fue ingresado en un centro de salud de esta ciudad de Santiago.<\/p>\n\n\n\n<p>Jos\u00e9 Almonte, del personal de seguridad de la estaci\u00f3n de combustibles, inform\u00f3 que peri\u00f3dicamente ocurre ese tipo de accidente con veh\u00edculos pesados, pero que el de esta madrugada fue el m\u00e1s fuerte.<\/p>\n\n\n\n<p>Las autoridades policiales y de la Direcci\u00f3n General de Tr\u00e1nsito Terrestre se encontraban en el lugar del accidente, recolectando los datos correspondientes del mismo.<\/p>\n\n\n\n<p>La explosi\u00f3n ocasionada por el accidente, hizo que algunos vecinos del lugar se levantaran.<\/p>\n","protected":false},"excerpt":{"rendered":"<p>Una patana destruy\u00f3 parcialmente esta madrugada una estaci\u00f3n de expendio de combustibles ubicada en la autopista Joaqu\u00edn Balaguer en Santiago, tras chocar con otro veh\u00edculo, cuyo conductor sali\u00f3 ileso. El&hellip;<\/p>\n","protected":false},"author":10,"featured_media":120300,"comment_status":"open","ping_status":"open","sticky":false,"template":"","format":"standard","meta":{"content-type":"","jetpack_post_was_ever_published":false,"_jetpack_newsletter_access":"","_jetpack_dont_email_post_to_subs":false,"_jetpack_newsletter_tier_id":0,"_jetpack_memberships_contains_paywalled_content":false,"_jetpack_memberships_contains_paid_content":false,"footnotes":""},"categories":[35],"tags":[624,29634,4797,2620,1049],"class_list":["post-120299","post","type-post","status-publish","format-standard","has-post-thumbnail","hentry","category-nacionales","tag-combustibles","tag-destruye-parcialmente","tag-estacion","tag-patana","tag-santiago"],"jetpack_featured_media_url":"https:\/\/lasprimeras.com.do\/wp-content\/uploads\/2026\/01\/GASOLINERA.jpg","jetpack-related-posts":[{"id":125712,"url":"https:\/\/lasprimeras.com.do\/index.php\/2026\/03\/25\/patana-aplasta-yipeta-en-el-km-9-de-la-autopista-duarte-conductor-sale-ileso\/","url_meta":{"origin":120299,"position":0},"title":"Patana aplasta yipeta en el KM 9 de la Autopista Duarte; conductor sale ileso","author":"Nelson Feliz","date":"25 de marzo de 2026","format":false,"excerpt":"Por Abd\u00edas Estrella Un aparatoso accidente de tr\u00e1nsito se registr\u00f3 la tarde de este mi\u00e9rcoles en el kil\u00f3metro 9 de la Autopista Duarte, espec\u00edficamente en la entrada de Villa Marina, sector Los R\u00edos, cuando un cami\u00f3n de carga (patana) cargado de barras de hierro se volc\u00f3 sobre una yipeta. El\u2026","rel":"","context":"En \u00abNACIONALES\u00bb","block_context":{"text":"NACIONALES","link":"https:\/\/lasprimeras.com.do\/index.php\/category\/nacionales\/"},"img":{"alt_text":"","src":"https:\/\/i0.wp.com\/lasprimeras.com.do\/wp-content\/uploads\/2026\/03\/port.jpg?resize=350%2C200&ssl=1","width":350,"height":200,"srcset":"https:\/\/i0.wp.com\/lasprimeras.com.do\/wp-content\/uploads\/2026\/03\/port.jpg?resize=350%2C200&ssl=1 1x, https:\/\/i0.wp.com\/lasprimeras.com.do\/wp-content\/uploads\/2026\/03\/port.jpg?resize=525%2C300&ssl=1 1.5x, https:\/\/i0.wp.com\/lasprimeras.com.do\/wp-content\/uploads\/2026\/03\/port.jpg?resize=700%2C400&ssl=1 2x"},"classes":[]},{"id":106939,"url":"https:\/\/lasprimeras.com.do\/index.php\/2025\/08\/21\/digesett-e-intrant-retiran-cabezotes-furgones-y-colas-de-patanas-en-avenidas-y-autopistas-del-gsd\/","url_meta":{"origin":120299,"position":1},"title":"DIGESETT e INTRANT retiran cabezotes, furgones y colas de patanas en avenidas y autopistas del GSD","author":"Nelson Feliz","date":"21 de agosto de 2025","format":false,"excerpt":"La Direcci\u00f3n General de Seguridad de Tr\u00e1nsito y Transporte Terrestre (DIGESETT) junto al Instituto Nacional de Tr\u00e1nsito y Transporte Terrestre (INTRANT), desarrollaron un operativo de retiro de cabezotes, furgones y colas de patanas dejados estacionados de manera indebida en autopistas, avenidas y calles de alto flujo vehicular. La jornada la\u2026","rel":"","context":"En \u00abNACIONALES\u00bb","block_context":{"text":"NACIONALES","link":"https:\/\/lasprimeras.com.do\/index.php\/category\/nacionales\/"},"img":{"alt_text":"","src":"https:\/\/i0.wp.com\/lasprimeras.com.do\/wp-content\/uploads\/2025\/08\/operativo.jpg?resize=350%2C200&ssl=1","width":350,"height":200,"srcset":"https:\/\/i0.wp.com\/lasprimeras.com.do\/wp-content\/uploads\/2025\/08\/operativo.jpg?resize=350%2C200&ssl=1 1x, https:\/\/i0.wp.com\/lasprimeras.com.do\/wp-content\/uploads\/2025\/08\/operativo.jpg?resize=525%2C300&ssl=1 1.5x"},"classes":[]},{"id":115310,"url":"https:\/\/lasprimeras.com.do\/index.php\/2025\/11\/20\/digesett-sustituye-a-agente-involucrado-en-altercado-con-conductor-de-patana\/","url_meta":{"origin":120299,"position":2},"title":"DIGESETT sustituye a agente involucrado en altercado con conductor de patana","author":"Nelson Feliz","date":"20 de noviembre de 2025","format":false,"excerpt":"La medida administrativa se adopta mientras los organismos de control interno profundizan la investigaci\u00f3n del caso. La Direcci\u00f3n General de Seguridad de Tr\u00e1nsito y Transporte Terrestre (DIGESETT) inform\u00f3 que dispuso la sustituci\u00f3n inmediata del agente involucrado en el incidente ocurrido en la entrada de Brisas del Este, en Santo Domingo\u2026","rel":"","context":"En \u00abNACIONALES\u00bb","block_context":{"text":"NACIONALES","link":"https:\/\/lasprimeras.com.do\/index.php\/category\/nacionales\/"},"img":{"alt_text":"","src":"https:\/\/i0.wp.com\/lasprimeras.com.do\/wp-content\/uploads\/2025\/11\/DIGESETT.jpg?resize=350%2C200&ssl=1","width":350,"height":200,"srcset":"https:\/\/i0.wp.com\/lasprimeras.com.do\/wp-content\/uploads\/2025\/11\/DIGESETT.jpg?resize=350%2C200&ssl=1 1x, https:\/\/i0.wp.com\/lasprimeras.com.do\/wp-content\/uploads\/2025\/11\/DIGESETT.jpg?resize=525%2C300&ssl=1 1.5x, https:\/\/i0.wp.com\/lasprimeras.com.do\/wp-content\/uploads\/2025\/11\/DIGESETT.jpg?resize=700%2C400&ssl=1 2x"},"classes":[]},{"id":51441,"url":"https:\/\/lasprimeras.com.do\/index.php\/2023\/05\/31\/se-entrega-conductor-de-la-patana-que-choco-autobus-lleno-de-estudiantes\/","url_meta":{"origin":120299,"position":3},"title":"Se entrega conductor de la patana que choc\u00f3 autob\u00fas lleno de estudiantes","author":"prenxa100","date":"31 de mayo de 2023","format":false,"excerpt":"Hato Mayor.-.Se entreg\u00f3 a las autoridades el conductor de la patana que choc\u00f3 contra un autob\u00fas lleno de estudiantes la ma\u00f1ana de este martes, en la carretera Sabana de la Mar-Hato Mayor. El joven de 24 a\u00f1os de edad fue identificado como Ismael Matos y se encuentra retenido por la\u2026","rel":"","context":"En \u00abNACIONALES\u00bb","block_context":{"text":"NACIONALES","link":"https:\/\/lasprimeras.com.do\/index.php\/category\/nacionales\/"},"img":{"alt_text":"","src":"","width":0,"height":0},"classes":[]},{"id":102713,"url":"https:\/\/lasprimeras.com.do\/index.php\/2025\/07\/07\/ejercito-envia-ante-el-mp450-personas-por-trafico-de-indocumentados-y-contrabando\/","url_meta":{"origin":120299,"position":4},"title":"Ej\u00e9rcito env\u00eda ante el MP,450 personas por tr\u00e1fico de indocumentados y contrabando","author":"Nelson Feliz","date":"7 de julio de 2025","format":false,"excerpt":"Tambi\u00e9n detiene 99,070 inmigrantes indocumentados y retiene 1,343 veh\u00edculos durante el per\u00edodo comprendido entre enero y junio del presente a\u00f1o. El Ej\u00e9rcito de Rep\u00fablica Dominicana ha puesto a disposici\u00f3n del Ministerio P\u00fablico por diferentes delitos a 450 personas, detenido a 99,070 inmigrantes indocumentados y ha retenido 1,343 veh\u00edculos, durante el\u2026","rel":"","context":"En \u00abMILITARES\u00bb","block_context":{"text":"MILITARES","link":"https:\/\/lasprimeras.com.do\/index.php\/category\/militares\/"},"img":{"alt_text":"","src":"https:\/\/i0.wp.com\/lasprimeras.com.do\/wp-content\/uploads\/2025\/07\/ejr.jpg?resize=350%2C200&ssl=1","width":350,"height":200,"srcset":"https:\/\/i0.wp.com\/lasprimeras.com.do\/wp-content\/uploads\/2025\/07\/ejr.jpg?resize=350%2C200&ssl=1 1x, https:\/\/i0.wp.com\/lasprimeras.com.do\/wp-content\/uploads\/2025\/07\/ejr.jpg?resize=525%2C300&ssl=1 1.5x, https:\/\/i0.wp.com\/lasprimeras.com.do\/wp-content\/uploads\/2025\/07\/ejr.jpg?resize=700%2C400&ssl=1 2x"},"classes":[]},{"id":69604,"url":"https:\/\/lasprimeras.com.do\/index.php\/2023\/12\/04\/fiscal-llama-familiares-victimas-de-accidente-de-quita-sueno-querellarse-contra-chofer-de-patana\/","url_meta":{"origin":120299,"position":5},"title":"Fiscal llama familiares v\u00edctimas de accidente de Quita Sue\u00f1o querellarse contra chofer de patana","author":"Nelson Feliz","date":"4 de diciembre de 2023","format":false,"excerpt":"La fiscal que tiene a cargo la investigaci\u00f3n del accidente que cobr\u00f3 la vida de 12 personas en Quita Sue\u00f1o, Haina, exhort\u00f3 hoy a los familiares de las v\u00edctimas querellarse contra el chofer de la patana que arroll\u00f3 el minib\u00fas en que viajaban los hoy fallecidos y los lesionados. La\u2026","rel":"","context":"En \u00abNACIONALES\u00bb","block_context":{"text":"NACIONALES","link":"https:\/\/lasprimeras.com.do\/index.php\/category\/nacionales\/"},"img":{"alt_text":"","src":"https:\/\/i0.wp.com\/lasprimeras.com.do\/wp-content\/uploads\/2023\/12\/accidente.jpg?resize=350%2C200&ssl=1","width":350,"height":200,"srcset":"https:\/\/i0.wp.com\/lasprimeras.com.do\/wp-content\/uploads\/2023\/12\/accidente.jpg?resize=350%2C200&ssl=1 1x, https:\/\/i0.wp.com\/lasprimeras.com.do\/wp-content\/uploads\/2023\/12\/accidente.jpg?resize=525%2C300&ssl=1 1.5x, https:\/\/i0.wp.com\/lasprimeras.com.do\/wp-content\/uploads\/2023\/12\/accidente.jpg?resize=700%2C400&ssl=1 2x"},"classes":[]}],"jetpack_sharing_enabled":true,"_links":{"self":[{"href":"https:\/\/lasprimeras.com.do\/index.php\/wp-json\/wp\/v2\/posts\/120299","targetHints":{"allow":["GET"]}}],"collection":[{"href":"https:\/\/lasprimeras.com.do\/index.php\/wp-json\/wp\/v2\/posts"}],"about":[{"href":"https:\/\/lasprimeras.com.do\/index.php\/wp-json\/wp\/v2\/types\/post"}],"author":[{"embeddable":true,"href":"https:\/\/lasprimeras.com.do\/index.php\/wp-json\/wp\/v2\/users\/10"}],"replies":[{"embeddable":true,"href":"https:\/\/lasprimeras.com.do\/index.php\/wp-json\/wp\/v2\/comments?post=120299"}],"version-history":[{"count":1,"href":"https:\/\/lasprimeras.com.do\/index.php\/wp-json\/wp\/v2\/posts\/120299\/revisions"}],"predecessor-version":[{"id":120301,"href":"https:\/\/lasprimeras.com.do\/index.php\/wp-json\/wp\/v2\/posts\/120299\/revisions\/120301"}],"wp:featuredmedia":[{"embeddable":true,"href":"https:\/\/lasprimeras.com.do\/index.php\/wp-json\/wp\/v2\/media\/120300"}],"wp:attachment":[{"href":"https:\/\/lasprimeras.com.do\/index.php\/wp-json\/wp\/v2\/media?parent=120299"}],"wp:term":[{"taxonomy":"category","embeddable":true,"href":"https:\/\/lasprimeras.com.do\/index.php\/wp-json\/wp\/v2\/categories?post=120299"},{"taxonomy":"post_tag","embeddable":true,"href":"https:\/\/lasprimeras.com.do\/index.php\/wp-json\/wp\/v2\/tags?post=120299"}],"curies":[{"name":"wp","href":"https:\/\/api.w.org\/{rel}","templated":true}]}}