{"id":120302,"date":"2026-01-22T15:46:08","date_gmt":"2026-01-22T19:46:08","guid":{"rendered":"https:\/\/lasprimeras.com.do\/?p=120302"},"modified":"2026-01-22T15:46:10","modified_gmt":"2026-01-22T19:46:10","slug":"stand-dominicano-destaca-en-fitur-2026-por-su-propuesta-turistica-y-vision-de-inversion","status":"publish","type":"post","link":"https:\/\/lasprimeras.com.do\/index.php\/2026\/01\/22\/stand-dominicano-destaca-en-fitur-2026-por-su-propuesta-turistica-y-vision-de-inversion\/","title":{"rendered":"Stand dominicano destaca en FITUR 2026 por su propuesta tur\u00edstica y visi\u00f3n de inversi\u00f3n"},"content":{"rendered":"\n<p>Madrid, Espa\u00f1a.\u2013 El stand de la Rep\u00fablica Dominicana se posiciona como uno de los espacios m\u00e1s visitados de la Feria Internacional de Turismo (FITUR) 2026, al presentar una propuesta integral enfocada en la diversificaci\u00f3n de la oferta tur\u00edstica del pa\u00eds y la atracci\u00f3n de nuevas inversiones.<\/p>\n\n\n\n<p>La exhibici\u00f3n resalta los principales destinos dominicanos y pone en valor la articulaci\u00f3n entre el sector p\u00fablico y privado, sustentada en la estabilidad econ\u00f3mica, la seguridad jur\u00eddica y un modelo de crecimiento orientado a la sostenibilidad.<\/p>\n\n\n\n<p>Uno de los elementos m\u00e1s llamativos del s tand es su creativa propuesta audiovisual, que permite a los visitantes conocer, de manera inmersiva, los distintos destinos y rincones del pa\u00eds, reforzando la imagen de la Rep\u00fablica Dominicana como un destino diverso, moderno y competitivo.<\/p>\n\n\n\n<p>En el marco de FITUR, que re\u00fane en Madrid a autoridades, empresarios e inversionistas de todo el mundo, la participaci\u00f3n dominicana se consolida como una plataforma clave para fortalecer alianzas estrat\u00e9gicas y generar nuevas oportunidades de negocios dentro de la industria tur\u00edstica global.<\/p>\n","protected":false},"excerpt":{"rendered":"<p>Madrid, Espa\u00f1a.\u2013 El stand de la Rep\u00fablica Dominicana se posiciona como uno de los espacios m\u00e1s visitados de la Feria Internacional de Turismo (FITUR) 2026, al presentar una propuesta integral&hellip;<\/p>\n","protected":false},"author":10,"featured_media":120303,"comment_status":"open","ping_status":"open","sticky":false,"template":"","format":"standard","meta":{"content-type":"","jetpack_post_was_ever_published":false,"_jetpack_newsletter_access":"","_jetpack_dont_email_post_to_subs":false,"_jetpack_newsletter_tier_id":0,"_jetpack_memberships_contains_paywalled_content":false,"_jetpack_memberships_contains_paid_content":false,"footnotes":""},"categories":[35],"tags":[29304,1274,29635,2216,29636],"class_list":["post-120302","post","type-post","status-publish","format-standard","has-post-thumbnail","hentry","category-nacionales","tag-fitur-2026","tag-propuesta","tag-stand-dominicano","tag-turistica","tag-vision-de-inversion"],"jetpack_featured_media_url":"https:\/\/lasprimeras.com.do\/wp-content\/uploads\/2026\/01\/stand-rd.jpg","jetpack-related-posts":[{"id":119408,"url":"https:\/\/lasprimeras.com.do\/index.php\/2026\/01\/12\/banreservas-llevara-a-fitur-2026-amplia-agenda-de-negocios-para-seguir-impulsando-inversion-turistica-en-rd\/","url_meta":{"origin":120302,"position":0},"title":"Banreservas llevar\u00e1 a Fitur 2026 amplia agenda de negocios para seguir impulsando inversi\u00f3n tur\u00edstica en RD","author":"Nelson Feliz","date":"12 de enero de 2026","format":false,"excerpt":"El presidente ejecutivo, doctor Leonardo Aguilera, encabezar\u00e1 delegaci\u00f3n de la entidad financiera que se reunir\u00e1 con inversionistas El Banco de Reservas tiene programada una amplia agenda de negocios en la Feria Internacional de Turismo Fitur 2026, donde se proyecta una participaci\u00f3n en la captaci\u00f3n de inversi\u00f3n para la continuaci\u00f3n del\u2026","rel":"","context":"En \u00abECONOM\u00cdA\u00bb","block_context":{"text":"ECONOM\u00cdA","link":"https:\/\/lasprimeras.com.do\/index.php\/category\/economia\/"},"img":{"alt_text":"","src":"https:\/\/i0.wp.com\/lasprimeras.com.do\/wp-content\/uploads\/2025\/12\/Leonardo-Aguilera-1-1.jpg?resize=350%2C200&ssl=1","width":350,"height":200,"srcset":"https:\/\/i0.wp.com\/lasprimeras.com.do\/wp-content\/uploads\/2025\/12\/Leonardo-Aguilera-1-1.jpg?resize=350%2C200&ssl=1 1x, https:\/\/i0.wp.com\/lasprimeras.com.do\/wp-content\/uploads\/2025\/12\/Leonardo-Aguilera-1-1.jpg?resize=525%2C300&ssl=1 1.5x, https:\/\/i0.wp.com\/lasprimeras.com.do\/wp-content\/uploads\/2025\/12\/Leonardo-Aguilera-1-1.jpg?resize=700%2C400&ssl=1 2x"},"classes":[]},{"id":120192,"url":"https:\/\/lasprimeras.com.do\/index.php\/2026\/01\/21\/leonardo-aguilera-afirma-que-banreservas-apuesta-al-fortalecimiento-del-turismo-video\/","url_meta":{"origin":120302,"position":1},"title":"Leonardo Aguilera afirma que Banreservas apuesta al fortalecimiento del turismo \/ Video","author":"Nelson Feliz","date":"21 de enero de 2026","format":false,"excerpt":"Leonardo Aguilera","rel":"","context":"En \u00abECONOM\u00cdA\u00bb","block_context":{"text":"ECONOM\u00cdA","link":"https:\/\/lasprimeras.com.do\/index.php\/category\/economia\/"},"img":{"alt_text":"Leonardo Aguilera","src":"https:\/\/i0.wp.com\/lasprimeras.com.do\/wp-content\/uploads\/2026\/01\/Leonardo-Aguilera.jpg?resize=350%2C200&ssl=1","width":350,"height":200,"srcset":"https:\/\/i0.wp.com\/lasprimeras.com.do\/wp-content\/uploads\/2026\/01\/Leonardo-Aguilera.jpg?resize=350%2C200&ssl=1 1x, https:\/\/i0.wp.com\/lasprimeras.com.do\/wp-content\/uploads\/2026\/01\/Leonardo-Aguilera.jpg?resize=525%2C300&ssl=1 1.5x, https:\/\/i0.wp.com\/lasprimeras.com.do\/wp-content\/uploads\/2026\/01\/Leonardo-Aguilera.jpg?resize=700%2C400&ssl=1 2x"},"classes":[]},{"id":120236,"url":"https:\/\/lasprimeras.com.do\/index.php\/2026\/01\/21\/fernando-hazoury-destaca-unidad-del-sector-turistico-dominicano-en-fitur-2026\/","url_meta":{"origin":120302,"position":2},"title":"Fernando Hazoury destaca unidad del sector tur\u00edstico dominicano en Fitur 2026","author":"Nelson Feliz","date":"21 de enero de 2026","format":false,"excerpt":"Madrid, Espa\u00f1a.\u2013 El presidente del Consejo de Administraci\u00f3n de Cap Cana, Fernando Hazoury, afirm\u00f3 que la Rep\u00fablica Dominicana atraviesa una etapa determinante en la consolidaci\u00f3n de su modelo tur\u00edstico, al exhibir en escenarios internacionales un sector privado cohesionado, articulado y alineado con las pol\u00edticas p\u00fablicas de desarrollo. Durante la apertura\u2026","rel":"","context":"En \u00abTURISMO\u00bb","block_context":{"text":"TURISMO","link":"https:\/\/lasprimeras.com.do\/index.php\/category\/turismo\/"},"img":{"alt_text":"Fernando Hazoury","src":"https:\/\/i0.wp.com\/lasprimeras.com.do\/wp-content\/uploads\/2026\/01\/Fernando-Hazoury.jpg?resize=350%2C200&ssl=1","width":350,"height":200,"srcset":"https:\/\/i0.wp.com\/lasprimeras.com.do\/wp-content\/uploads\/2026\/01\/Fernando-Hazoury.jpg?resize=350%2C200&ssl=1 1x, https:\/\/i0.wp.com\/lasprimeras.com.do\/wp-content\/uploads\/2026\/01\/Fernando-Hazoury.jpg?resize=525%2C300&ssl=1 1.5x, https:\/\/i0.wp.com\/lasprimeras.com.do\/wp-content\/uploads\/2026\/01\/Fernando-Hazoury.jpg?resize=700%2C400&ssl=1 2x"},"classes":[]},{"id":119423,"url":"https:\/\/lasprimeras.com.do\/index.php\/2026\/01\/12\/grupo-puntacana-apuesta-por-el-turismo-deportivo-y-de-lujo-en-fitur-2026\/","url_meta":{"origin":120302,"position":3},"title":"Grupo Puntacana apuesta por el turismo deportivo y de lujo en Fitur 2026","author":"Nelson Feliz","date":"12 de enero de 2026","format":false,"excerpt":"En Fitur 2026, la compa\u00f1\u00eda pondr\u00e1 especial \u00e9nfasis en el deporte como motor de desarrollo tur\u00edstico, econ\u00f3mico y reputacional. El Grupo Puntacana anunci\u00f3 su participaci\u00f3n como parte de la delegaci\u00f3n dominicana en la Feria Internacional de Turismo (Fitur) 2026, que se celebrar\u00e1 del 21 al 25 de enero en Madrid,\u2026","rel":"","context":"En \u00abPORTADA\u00bb","block_context":{"text":"PORTADA","link":"https:\/\/lasprimeras.com.do\/index.php\/category\/portada\/"},"img":{"alt_text":"","src":"https:\/\/i0.wp.com\/lasprimeras.com.do\/wp-content\/uploads\/2026\/01\/padel-week-con-coki-nieto-y-alfonso-sanchez-en-puntacana-resort-f04c03e6.jpg?resize=350%2C200&ssl=1","width":350,"height":200,"srcset":"https:\/\/i0.wp.com\/lasprimeras.com.do\/wp-content\/uploads\/2026\/01\/padel-week-con-coki-nieto-y-alfonso-sanchez-en-puntacana-resort-f04c03e6.jpg?resize=350%2C200&ssl=1 1x, https:\/\/i0.wp.com\/lasprimeras.com.do\/wp-content\/uploads\/2026\/01\/padel-week-con-coki-nieto-y-alfonso-sanchez-en-puntacana-resort-f04c03e6.jpg?resize=525%2C300&ssl=1 1.5x, https:\/\/i0.wp.com\/lasprimeras.com.do\/wp-content\/uploads\/2026\/01\/padel-week-con-coki-nieto-y-alfonso-sanchez-en-puntacana-resort-f04c03e6.jpg?resize=700%2C400&ssl=1 2x"},"classes":[]},{"id":120095,"url":"https:\/\/lasprimeras.com.do\/index.php\/2026\/01\/20\/prodominicana-participara-en-fitur-2026-en-busca-de-atraer-nuevas-inversiones\/","url_meta":{"origin":120302,"position":4},"title":"ProDominicana participar\u00e1 en FITUR 2026 en busca de atraer nuevas inversiones","author":"Nelson Feliz","date":"20 de enero de 2026","format":false,"excerpt":"Biviana Riveiro Disla","rel":"","context":"En \u00abECONOM\u00cdA\u00bb","block_context":{"text":"ECONOM\u00cdA","link":"https:\/\/lasprimeras.com.do\/index.php\/category\/economia\/"},"img":{"alt_text":"Biviana Riveiro Disla","src":"https:\/\/i0.wp.com\/lasprimeras.com.do\/wp-content\/uploads\/2026\/01\/Biviana-Riveiro-Disla-1.jpg?resize=350%2C200&ssl=1","width":350,"height":200,"srcset":"https:\/\/i0.wp.com\/lasprimeras.com.do\/wp-content\/uploads\/2026\/01\/Biviana-Riveiro-Disla-1.jpg?resize=350%2C200&ssl=1 1x, https:\/\/i0.wp.com\/lasprimeras.com.do\/wp-content\/uploads\/2026\/01\/Biviana-Riveiro-Disla-1.jpg?resize=525%2C300&ssl=1 1.5x, https:\/\/i0.wp.com\/lasprimeras.com.do\/wp-content\/uploads\/2026\/01\/Biviana-Riveiro-Disla-1.jpg?resize=700%2C400&ssl=1 2x"},"classes":[]},{"id":120333,"url":"https:\/\/lasprimeras.com.do\/index.php\/2026\/01\/22\/republica-dominicana-asume-presidencias-pro-tempore-en-turismo-regional-durante-fitur-2026\/","url_meta":{"origin":120302,"position":5},"title":"Rep\u00fablica Dominicana asume presidencias Pro T\u00e9mpore en turismo regional durante Fitur 2026","author":"Nelson Feliz","date":"22 de enero de 2026","format":false,"excerpt":"En el centro, el viceministro de Turismo de Rep\u00fablica Dominicana, Carlos Peguero, al recibir ambas presidencias.","rel":"","context":"En \u00abPORTADA\u00bb","block_context":{"text":"PORTADA","link":"https:\/\/lasprimeras.com.do\/index.php\/category\/portada\/"},"img":{"alt_text":"En el centro, el viceministro de Turismo de Rep\u00fablica Dominicana, Carlos Peguero, al recibir ambas presidencias.","src":"https:\/\/i0.wp.com\/lasprimeras.com.do\/wp-content\/uploads\/2026\/01\/Carlos-Peguero.jpg?resize=350%2C200&ssl=1","width":350,"height":200,"srcset":"https:\/\/i0.wp.com\/lasprimeras.com.do\/wp-content\/uploads\/2026\/01\/Carlos-Peguero.jpg?resize=350%2C200&ssl=1 1x, https:\/\/i0.wp.com\/lasprimeras.com.do\/wp-content\/uploads\/2026\/01\/Carlos-Peguero.jpg?resize=525%2C300&ssl=1 1.5x, https:\/\/i0.wp.com\/lasprimeras.com.do\/wp-content\/uploads\/2026\/01\/Carlos-Peguero.jpg?resize=700%2C400&ssl=1 2x"},"classes":[]}],"jetpack_sharing_enabled":true,"_links":{"self":[{"href":"https:\/\/lasprimeras.com.do\/index.php\/wp-json\/wp\/v2\/posts\/120302","targetHints":{"allow":["GET"]}}],"collection":[{"href":"https:\/\/lasprimeras.com.do\/index.php\/wp-json\/wp\/v2\/posts"}],"about":[{"href":"https:\/\/lasprimeras.com.do\/index.php\/wp-json\/wp\/v2\/types\/post"}],"author":[{"embeddable":true,"href":"https:\/\/lasprimeras.com.do\/index.php\/wp-json\/wp\/v2\/users\/10"}],"replies":[{"embeddable":true,"href":"https:\/\/lasprimeras.com.do\/index.php\/wp-json\/wp\/v2\/comments?post=120302"}],"version-history":[{"count":1,"href":"https:\/\/lasprimeras.com.do\/index.php\/wp-json\/wp\/v2\/posts\/120302\/revisions"}],"predecessor-version":[{"id":120304,"href":"https:\/\/lasprimeras.com.do\/index.php\/wp-json\/wp\/v2\/posts\/120302\/revisions\/120304"}],"wp:featuredmedia":[{"embeddable":true,"href":"https:\/\/lasprimeras.com.do\/index.php\/wp-json\/wp\/v2\/media\/120303"}],"wp:attachment":[{"href":"https:\/\/lasprimeras.com.do\/index.php\/wp-json\/wp\/v2\/media?parent=120302"}],"wp:term":[{"taxonomy":"category","embeddable":true,"href":"https:\/\/lasprimeras.com.do\/index.php\/wp-json\/wp\/v2\/categories?post=120302"},{"taxonomy":"post_tag","embeddable":true,"href":"https:\/\/lasprimeras.com.do\/index.php\/wp-json\/wp\/v2\/tags?post=120302"}],"curies":[{"name":"wp","href":"https:\/\/api.w.org\/{rel}","templated":true}]}}