{"id":120308,"date":"2026-01-22T13:06:00","date_gmt":"2026-01-22T17:06:00","guid":{"rendered":"https:\/\/lasprimeras.com.do\/?p=120308"},"modified":"2026-01-22T16:10:03","modified_gmt":"2026-01-22T20:10:03","slug":"coe-reporta-mas-de-4400-asistencias-y-un-fallecido-fuera-del-operativo-altagraciano-2026","status":"publish","type":"post","link":"https:\/\/lasprimeras.com.do\/index.php\/2026\/01\/22\/coe-reporta-mas-de-4400-asistencias-y-un-fallecido-fuera-del-operativo-altagraciano-2026\/","title":{"rendered":"COE reporta m\u00e1s de 4,400 asistencias y un fallecido fuera del Operativo Altagraciano 2026"},"content":{"rendered":"\n<p>Unas 4,493 asistencias al p\u00fablico se registraron durante el \u201cPlan Operativo Altagraciano Conciencia por la Vida 2026\u201d, coordinado por el Centro de Operaciones de Emergencias (COE), entre las 2:00 de la tarde del 20 de enero y las 6:00 de la tarde del 21 de enero.<\/p>\n\n\n\n<p>Del total, 3,995 asistencias fueron viales y 498 m\u00e9dicas, inform\u00f3 el COE en su bolet\u00edn consolidado.<\/p>\n\n\n\n<p>En tanto, el Instituto Nacional de Tr\u00e1nsito y Transporte Terrestre (INTRANT) inspeccion\u00f3 114 intersecciones semaforizadas, monitore\u00f3 las v\u00edas hacia las provincias del interior y solucion\u00f3 33 aver\u00edas en el GSD y el Boulevard del Este.<\/p>\n\n\n\n<p>Adem\u00e1s, realiz\u00f3 19 optimizaciones y gestiones de tr\u00e1fico para garantizar la operaci\u00f3n eficiente del sistema semaf\u00f3rico.<\/p>\n\n\n\n<p>El INTRANT tambi\u00e9n inform\u00f3 que se habilitaron rutas alternas por cierres de v\u00edas en el entorno de la Bas\u00edlica Nuestra Se\u00f1ora de la Altagracia, con presencia de DIGESETT y notificaciones en plataformas tecnol\u00f3gicas como Waze. Estas medidas se extendieron a otras ciudades con alta concentraci\u00f3n de visitantes.<\/p>\n\n\n\n<p>La Direcci\u00f3n General de Seguridad de Tr\u00e1nsito y Transporte Terrestre (DIGESETT) realiz\u00f3 1,335 fiscalizaciones, destacando que 414 conductores de motocicletas transitaban sin casco protector.<\/p>\n\n\n\n<p>Adem\u00e1s, retuvo 19 veh\u00edculos livianos y 122 motocicletas por violaciones a la Ley 63-17, y registr\u00f3 3,463 asistencias viales.<\/p>\n\n\n\n<p><strong>Asistencias viales y seguridad<\/strong><\/p>\n\n\n\n<p>La Comisi\u00f3n Militar y Policial del Ministerio de Obras P\u00fablicas y Comunicaciones (MOPC) report\u00f3 532 asistencias viales, que incluyeron seguridad ciudadana, rescates, asistencias m\u00e9dicas, cambios de gomas, suministro de combustibles, remolques y apoyos mec\u00e1nicos en autopistas, calles y avenidas.<\/p>\n\n\n\n<p><strong>Atenci\u00f3n m\u00e9dica en la regi\u00f3n este<\/strong><\/p>\n\n\n\n<p>El Servicio Nacional de Salud y la Direcci\u00f3n de Atenci\u00f3n a Emergencias Extra Hospitalarias (DAEH) informaron que en los hospitales de la red p\u00fablica de la regi\u00f3n este se atendieron 74 personas.<\/p>\n\n\n\n<p>El Centro de Operaciones de Emergencias Regional Este, instalado dentro del per\u00edmetro de la Bas\u00edlica de Hig\u00fcey, realiz\u00f3 231 asistencias en salud, entre las que se incluyeron tomas de presi\u00f3n, hipertensi\u00f3n, hipoglicemia, crisis de broncoespasmo, cefalea, transporte sanitario y atenci\u00f3n a personas extraviadas.<\/p>\n\n\n\n<p><strong>Defensa Civil y personas extraviadas<\/strong><\/p>\n\n\n\n<p>La Defensa Civil realiz\u00f3 187 asistencias, incluyendo toma de presi\u00f3n, atenci\u00f3n a hipertensi\u00f3n e hipoglicemia, crisis de broncoespasmo, cefalea, transporte sanitario, orientaci\u00f3n y curas. Adem\u00e1s, ubic\u00f3 11 menores extraviados, quienes fueron entregados a sus padres, y 3 adultos mayores extraviados, que fueron devueltos a sus familiares.<\/p>\n\n\n\n<p><strong>Accidentes de tr\u00e1nsito y fallecido<\/strong><\/p>\n\n\n\n<p>Durante el operativo se registraron seis accidentes de tr\u00e1nsito, de los cuales dos involucraron motocicletas, uno un carro, uno un autob\u00fas, una jeepeta y un peat\u00f3n.<\/p>\n\n\n\n<p>El informe indica que hubo un fallecido por accidentes de tr\u00e1nsito, ocurrido fuera del dispositivo de seguridad, y 13 personas afectadas por incidentes viales.<\/p>\n","protected":false},"excerpt":{"rendered":"<p>Unas 4,493 asistencias al p\u00fablico se registraron durante el \u201cPlan Operativo Altagraciano Conciencia por la Vida 2026\u201d, coordinado por el Centro de Operaciones de Emergencias (COE), entre las 2:00 de&hellip;<\/p>\n","protected":false},"author":10,"featured_media":120309,"comment_status":"open","ping_status":"open","sticky":false,"template":"","format":"standard","meta":{"content-type":"","jetpack_post_was_ever_published":false,"_jetpack_newsletter_access":"","_jetpack_dont_email_post_to_subs":false,"_jetpack_newsletter_tier_id":0,"_jetpack_memberships_contains_paywalled_content":false,"_jetpack_memberships_contains_paid_content":false,"footnotes":""},"categories":[35,25],"tags":[13346,2266,5323,29641],"class_list":["post-120308","post","type-post","status-publish","format-standard","has-post-thumbnail","hentry","category-nacionales","category-portada","tag-asistencias","tag-coe","tag-fallecido","tag-operativo-altagraciano-2026"],"jetpack_featured_media_url":"https:\/\/lasprimeras.com.do\/wp-content\/uploads\/2026\/01\/Juan-Manuel-Mendez.jpg","jetpack-related-posts":[{"id":120057,"url":"https:\/\/lasprimeras.com.do\/index.php\/2026\/01\/20\/coe-inicia-operativo-altagraciano-2026-con-mas-de-9000-colaboradores\/","url_meta":{"origin":120308,"position":0},"title":"COE inicia &#8220;Operativo Altagraciano 2026&#8221; con m\u00e1s de 9,000 colaboradores","author":"Nelson Feliz","date":"20 de enero de 2026","format":false,"excerpt":"Juan Manuel M\u00e9ndez Garc\u00eda","rel":"","context":"En \u00abNACIONALES\u00bb","block_context":{"text":"NACIONALES","link":"https:\/\/lasprimeras.com.do\/index.php\/category\/nacionales\/"},"img":{"alt_text":"Juan Manuel M\u00e9ndez Garc\u00eda","src":"https:\/\/i0.wp.com\/lasprimeras.com.do\/wp-content\/uploads\/2024\/12\/Juan-Manuel-Mendez-Garcia.jpg?resize=350%2C200&ssl=1","width":350,"height":200,"srcset":"https:\/\/i0.wp.com\/lasprimeras.com.do\/wp-content\/uploads\/2024\/12\/Juan-Manuel-Mendez-Garcia.jpg?resize=350%2C200&ssl=1 1x, https:\/\/i0.wp.com\/lasprimeras.com.do\/wp-content\/uploads\/2024\/12\/Juan-Manuel-Mendez-Garcia.jpg?resize=525%2C300&ssl=1 1.5x, https:\/\/i0.wp.com\/lasprimeras.com.do\/wp-content\/uploads\/2024\/12\/Juan-Manuel-Mendez-Garcia.jpg?resize=700%2C400&ssl=1 2x"},"classes":[]},{"id":120296,"url":"https:\/\/lasprimeras.com.do\/index.php\/2026\/01\/22\/intrant-inspecciona-tecnicamente-mas-de-553-unidades-de-transporte-interurbano-durante-el-operativo-altagraciano-2026\/","url_meta":{"origin":120308,"position":1},"title":"INTRANT inspecciona t\u00e9cnicamente m\u00e1s de 553 unidades de transporte interurbano durante el Operativo Altagraciano 2026","author":"Nelson Feliz","date":"22 de enero de 2026","format":false,"excerpt":"_M\u00e1s de 200 fallas t\u00e9cnicas detectadas y 9 licencias irregulares retenidas durante despliegue preventivo nacional._ El Instituto Nacional de Tr\u00e1nsito y Transporte Terrestre (INTRANT) inform\u00f3 que, como parte del dispositivo \u201cConciencia por la Vida: Operativo Altagraciano 2026\u201d, coordinado por el Centro de Operaciones de Emergencias (COE), fueron inspeccionadas 553 unidades\u2026","rel":"","context":"En \u00abNACIONALES\u00bb","block_context":{"text":"NACIONALES","link":"https:\/\/lasprimeras.com.do\/index.php\/category\/nacionales\/"},"img":{"alt_text":"","src":"https:\/\/i0.wp.com\/lasprimeras.com.do\/wp-content\/uploads\/2026\/01\/IMG-20260122-WA0663.jpg?resize=350%2C200&ssl=1","width":350,"height":200,"srcset":"https:\/\/i0.wp.com\/lasprimeras.com.do\/wp-content\/uploads\/2026\/01\/IMG-20260122-WA0663.jpg?resize=350%2C200&ssl=1 1x, https:\/\/i0.wp.com\/lasprimeras.com.do\/wp-content\/uploads\/2026\/01\/IMG-20260122-WA0663.jpg?resize=525%2C300&ssl=1 1.5x, https:\/\/i0.wp.com\/lasprimeras.com.do\/wp-content\/uploads\/2026\/01\/IMG-20260122-WA0663.jpg?resize=700%2C400&ssl=1 2x, https:\/\/i0.wp.com\/lasprimeras.com.do\/wp-content\/uploads\/2026\/01\/IMG-20260122-WA0663.jpg?resize=1050%2C600&ssl=1 3x, https:\/\/i0.wp.com\/lasprimeras.com.do\/wp-content\/uploads\/2026\/01\/IMG-20260122-WA0663.jpg?resize=1400%2C800&ssl=1 4x"},"classes":[]},{"id":92860,"url":"https:\/\/lasprimeras.com.do\/index.php\/2025\/01\/17\/coe-pondra-en-marcha-operativo-altagraciano-2025\/","url_meta":{"origin":120308,"position":2},"title":"COE pondr\u00e1 en marcha Operativo Altagraciano 2025","author":"Nelson Feliz","date":"17 de enero de 2025","format":false,"excerpt":"El Operativo iniciar\u00e1 el lunes 20 de enero a las 2:00 pm y concluir\u00e1 el martes 21 a las 6:00pm. El Centro de Operaciones de Emergencias (COE) y la Gobernaci\u00f3n de La Altagracia desplegar\u00e1n a 8, 322 colaboradores y voluntarios para asistir a los ciudadanos que se trasladar\u00e1n hac\u00eda la\u2026","rel":"","context":"En \u00abNACIONALES\u00bb","block_context":{"text":"NACIONALES","link":"https:\/\/lasprimeras.com.do\/index.php\/category\/nacionales\/"},"img":{"alt_text":"","src":"https:\/\/i0.wp.com\/lasprimeras.com.do\/wp-content\/uploads\/2025\/01\/basilica-higuey.jpg?resize=350%2C200&ssl=1","width":350,"height":200,"srcset":"https:\/\/i0.wp.com\/lasprimeras.com.do\/wp-content\/uploads\/2025\/01\/basilica-higuey.jpg?resize=350%2C200&ssl=1 1x, https:\/\/i0.wp.com\/lasprimeras.com.do\/wp-content\/uploads\/2025\/01\/basilica-higuey.jpg?resize=525%2C300&ssl=1 1.5x"},"classes":[]},{"id":74135,"url":"https:\/\/lasprimeras.com.do\/index.php\/2024\/01\/19\/coe-inicia-este-sabado-operativo-altagraciano-2024\/","url_meta":{"origin":120308,"position":3},"title":"COE inicia este s\u00e1bado Operativo Altagraciano 2024","author":"BIMARY DE JES\u00daS Matos","date":"19 de enero de 2024","format":false,"excerpt":"SANTO DOMINGO.- El Centro de Operaciones de Emergencias (COE), conjuntamente con las instituciones que lo conforman, desplegar\u00e1 7, 149 personas para asistir a los ciudadanos que se trasladan hac\u00eda la Bas\u00edlica Nuestra Se\u00f1ora de la Altagracia, en Hig\u00fcey, para conmemorar el aniversario de la madre protectora del pueblo dominicano. El\u2026","rel":"","context":"En \u00abNACIONALES\u00bb","block_context":{"text":"NACIONALES","link":"https:\/\/lasprimeras.com.do\/index.php\/category\/nacionales\/"},"img":{"alt_text":"","src":"https:\/\/i0.wp.com\/lasprimeras.com.do\/wp-content\/uploads\/2024\/01\/Demostenes-Martinez-Al-PRM-le-queda-poco-tiempo-en-el-poder-6.webp?resize=350%2C200&ssl=1","width":350,"height":200},"classes":[]},{"id":120197,"url":"https:\/\/lasprimeras.com.do\/index.php\/2026\/01\/20\/sns-garantiza-asistencia-integral-en-hospitales-durante-feriado-dia-de-la-altagracia\/","url_meta":{"origin":120308,"position":4},"title":"SNS garantiza asistencia integral en hospitales durante feriado D\u00eda de la Altagracia","author":"Nelson Feliz","date":"20 de enero de 2026","format":false,"excerpt":"Medidas buscan asegurar atenci\u00f3n oportuna en hospitales p\u00fablicos ante el aumento de desplazamientos. El director ejecutivo del Servicio Nacional de Salud (SNS), doctor Julio Landr\u00f3n, inform\u00f3 que se tomaron las medidas necesarias para garantizar asistencia oportuna y manejo integral de los usuarios en los hospitales de la Red P\u00fablica, en\u2026","rel":"","context":"En \u00abPORTADA\u00bb","block_context":{"text":"PORTADA","link":"https:\/\/lasprimeras.com.do\/index.php\/category\/portada\/"},"img":{"alt_text":"SNS","src":"https:\/\/i0.wp.com\/lasprimeras.com.do\/wp-content\/uploads\/2026\/01\/SNS.jpg?resize=350%2C200&ssl=1","width":350,"height":200,"srcset":"https:\/\/i0.wp.com\/lasprimeras.com.do\/wp-content\/uploads\/2026\/01\/SNS.jpg?resize=350%2C200&ssl=1 1x, https:\/\/i0.wp.com\/lasprimeras.com.do\/wp-content\/uploads\/2026\/01\/SNS.jpg?resize=525%2C300&ssl=1 1.5x, https:\/\/i0.wp.com\/lasprimeras.com.do\/wp-content\/uploads\/2026\/01\/SNS.jpg?resize=700%2C400&ssl=1 2x"},"classes":[]},{"id":126593,"url":"https:\/\/lasprimeras.com.do\/index.php\/2026\/04\/03\/coe-reporta-tres-fallecidos-y-7205-asistencias-en-operativo-conciencia-por-la-vida-semana-santa-2026\/","url_meta":{"origin":120308,"position":5},"title":"COE reporta tres fallecidos y 7205 asistencias en operativo \u201cConciencia por la Vida, Semana Santa 2026\u201d","author":"Nelson Feliz","date":"3 de abril de 2026","format":false,"excerpt":"El Centro de Operaciones de Emergencias (COE) emiti\u00f3 este viernes el primer bolet\u00edn del operativo \u201cConciencia por la Vida, Semana Santa 2026\u201d, reportando un saldo de tres personas fallecidas y un despliegue masivo de asistencia ciudadana que supera los 7,000 servicios en menos de 24 horas. El director del organismo,\u2026","rel":"","context":"En \u00abNACIONALES\u00bb","block_context":{"text":"NACIONALES","link":"https:\/\/lasprimeras.com.do\/index.php\/category\/nacionales\/"},"img":{"alt_text":"El director del COE, Juan Manuel M\u00e9ndez Garc\u00eda, ley\u00f3 el segundo boleti\u00f3n del Operativo de Navidad Conciencia por la Vida. (DIARIO LIBRE\/DANIA ACEVEDO)","src":"https:\/\/i0.wp.com\/lasprimeras.com.do\/wp-content\/uploads\/2026\/01\/Juan-Manuel-Mendez-Garcia.jpg?resize=350%2C200&ssl=1","width":350,"height":200,"srcset":"https:\/\/i0.wp.com\/lasprimeras.com.do\/wp-content\/uploads\/2026\/01\/Juan-Manuel-Mendez-Garcia.jpg?resize=350%2C200&ssl=1 1x, https:\/\/i0.wp.com\/lasprimeras.com.do\/wp-content\/uploads\/2026\/01\/Juan-Manuel-Mendez-Garcia.jpg?resize=525%2C300&ssl=1 1.5x, https:\/\/i0.wp.com\/lasprimeras.com.do\/wp-content\/uploads\/2026\/01\/Juan-Manuel-Mendez-Garcia.jpg?resize=700%2C400&ssl=1 2x"},"classes":[]}],"jetpack_sharing_enabled":true,"_links":{"self":[{"href":"https:\/\/lasprimeras.com.do\/index.php\/wp-json\/wp\/v2\/posts\/120308","targetHints":{"allow":["GET"]}}],"collection":[{"href":"https:\/\/lasprimeras.com.do\/index.php\/wp-json\/wp\/v2\/posts"}],"about":[{"href":"https:\/\/lasprimeras.com.do\/index.php\/wp-json\/wp\/v2\/types\/post"}],"author":[{"embeddable":true,"href":"https:\/\/lasprimeras.com.do\/index.php\/wp-json\/wp\/v2\/users\/10"}],"replies":[{"embeddable":true,"href":"https:\/\/lasprimeras.com.do\/index.php\/wp-json\/wp\/v2\/comments?post=120308"}],"version-history":[{"count":1,"href":"https:\/\/lasprimeras.com.do\/index.php\/wp-json\/wp\/v2\/posts\/120308\/revisions"}],"predecessor-version":[{"id":120310,"href":"https:\/\/lasprimeras.com.do\/index.php\/wp-json\/wp\/v2\/posts\/120308\/revisions\/120310"}],"wp:featuredmedia":[{"embeddable":true,"href":"https:\/\/lasprimeras.com.do\/index.php\/wp-json\/wp\/v2\/media\/120309"}],"wp:attachment":[{"href":"https:\/\/lasprimeras.com.do\/index.php\/wp-json\/wp\/v2\/media?parent=120308"}],"wp:term":[{"taxonomy":"category","embeddable":true,"href":"https:\/\/lasprimeras.com.do\/index.php\/wp-json\/wp\/v2\/categories?post=120308"},{"taxonomy":"post_tag","embeddable":true,"href":"https:\/\/lasprimeras.com.do\/index.php\/wp-json\/wp\/v2\/tags?post=120308"}],"curies":[{"name":"wp","href":"https:\/\/api.w.org\/{rel}","templated":true}]}}