{"id":120311,"date":"2026-01-22T12:45:00","date_gmt":"2026-01-22T16:45:00","guid":{"rendered":"https:\/\/lasprimeras.com.do\/?p=120311"},"modified":"2026-01-22T16:15:18","modified_gmt":"2026-01-22T20:15:18","slug":"los-reyes-de-espana-inauguran-fitur-2026-en-una-edicion-clave-para-el-turismo-global","status":"publish","type":"post","link":"https:\/\/lasprimeras.com.do\/index.php\/2026\/01\/22\/los-reyes-de-espana-inauguran-fitur-2026-en-una-edicion-clave-para-el-turismo-global\/","title":{"rendered":"Los Reyes de Espa\u00f1a inauguran FITUR 2026 en una edici\u00f3n clave para el turismo global"},"content":{"rendered":"\n<p><strong>MADRID. ESPA\u00d1A. <\/strong>Los Reyes de Espa\u00f1a, Felipe VI y Letizia, encabezaron este jueves la inauguraci\u00f3n oficial de la 46. edici\u00f3n de la Feria Internacional de Turismo (FITUR) 2026, que se celebra en IFEMA Madrid y marca una cita estrat\u00e9gica para la industria tur\u00edstica global, centrada en la generaci\u00f3n de negocios, la innovaci\u00f3n y el fortalecimiento de alianzas internacionales.<\/p>\n\n\n\n<p>La apertura de la feria se produce en un contexto de luto nacional, luego de que el evento iniciara el mi\u00e9rcoles con un minuto de silencio en memoria de las v\u00edctimas del accidente ferroviario ocurrido en Adamuz, C\u00f3rdoba.<\/p>\n\n\n\n<p>La visita de los Reyes tiene lugar en el \u00faltimo de los tres d\u00edas de luto oficial decretados por la tragedia, reafirmando el respaldo de la Casa Real al sector tur\u00edstico y a FITUR como punto de encuentro clave para los profesionales de la industria a nivel mundial.<\/p>\n\n\n\n<p>Durante aproximadamente dos horas, Felipe VI y Letizia recorrieron distintos pabellones de la feria, deteni\u00e9ndose en varios espacios destacados.<\/p>\n\n\n\n<p>Entre ellos, visitaron un estand donde se exhibe un monoplaza de F\u00f3rmula 1, en el marco de la promoci\u00f3n del Gran Premio de Madrid, previsto para celebrarse en septiembre de este a\u00f1o.<\/p>\n\n\n\n<p>Tambi\u00e9n recorrieron los pabellones que agrupan a diversas comunidades aut\u00f3nomas, incluyendo Madrid, Canarias, Pa\u00eds Vasco, Navarra, Extremadura y Andaluc\u00eda.<\/p>\n\n\n\n<p>En este \u00faltimo, los Reyes realizaron una parada no prevista para firmar el libro de condolencias por el accidente de Adamuz, donde expresaron su solidaridad con las v\u00edctimas y sus familias, y sostuvieron un breve intercambio con la secretaria general de Turismo de Andaluc\u00eda.<\/p>\n\n\n\n<p>En su mensaje, dejaron constancia del \u201cdolor compartido con todos los espa\u00f1oles y visitantes de la feria\u201d ante la tragedia ferroviaria.<\/p>\n\n\n\n<p>La visita oficial concluy\u00f3 en el estand de M\u00e9xico, pa\u00eds invitado de honor en FITUR 2026, con una agenda centrada en la promoci\u00f3n cultural, natural y patrimonial, as\u00ed como en el impulso de un turismo sostenible y de experiencias.<\/p>\n\n\n\n<p>M\u00e9xico<\/p>\n\n\n\n<p>Madrid EFE. M\u00e9xico, pa\u00eds invitado de la Feria Internacional de Turismo (FITUR) de Madrid, tiene en la capital espa\u00f1ola el mejor escaparate de sus atractivos tur\u00edsticos.<\/p>\n\n\n\n<p>Ha llegado representado por sus 32 estados y el objetivo de darse a conocer en su totalidad.<\/p>\n\n\n\n<p>Puedes leer: Rep\u00fablica Dominicana inaugura su estand en Fitur 2026 y activa jornada de negocios<\/p>\n\n\n\n<p>La inauguraci\u00f3n de su stand fue con la presencia delos reyes y de la secretaria de Turismo mexicana, Josefina Rodr\u00edguez, quien admiti\u00f3 posteriormente a la prensa que es su despliegue m\u00e1s grande.<\/p>\n","protected":false},"excerpt":{"rendered":"<p>MADRID. ESPA\u00d1A. Los Reyes de Espa\u00f1a, Felipe VI y Letizia, encabezaron este jueves la inauguraci\u00f3n oficial de la 46. edici\u00f3n de la Feria Internacional de Turismo (FITUR) 2026, que se&hellip;<\/p>\n","protected":false},"author":10,"featured_media":120312,"comment_status":"open","ping_status":"open","sticky":false,"template":"","format":"standard","meta":{"content-type":"","jetpack_post_was_ever_published":false,"_jetpack_newsletter_access":"","_jetpack_dont_email_post_to_subs":false,"_jetpack_newsletter_tier_id":0,"_jetpack_memberships_contains_paywalled_content":false,"_jetpack_memberships_contains_paid_content":false,"footnotes":""},"categories":[35,25],"tags":[29642,29304,16281,29643],"class_list":["post-120311","post","type-post","status-publish","format-standard","has-post-thumbnail","hentry","category-nacionales","category-portada","tag-edicion-clave","tag-fitur-2026","tag-los-reyes-de-espana","tag-turismo-global"],"jetpack_featured_media_url":"https:\/\/lasprimeras.com.do\/wp-content\/uploads\/2026\/01\/Los-Reyes-de-Espana.jpg","jetpack-related-posts":[{"id":119924,"url":"https:\/\/lasprimeras.com.do\/index.php\/2026\/01\/18\/fitur-2026-madrid-se-convierte-en-el-epicentro-global-del-turismo-del-21-al-25-de-enero\/","url_meta":{"origin":120311,"position":0},"title":"FITUR 2026: Madrid se convierte en el epicentro global del turismo del 21 al 25 de enero","author":"Nelson Feliz","date":"18 de enero de 2026","format":false,"excerpt":"Con M\u00e9xico como Pa\u00eds Socio, la feria refuerza su papel como el encuentro m\u00e1s influyente para los mercados emisores y receptivos. La sostenibilidad, la Inteligencia Artificial y la digitalizaci\u00f3n marcar\u00e1n la hoja de ruta de una edici\u00f3n que espera superar r\u00e9cords de participaci\u00f3n. MADRID\u2013 La industria tur\u00edstica mundial calienta motores\u2026","rel":"","context":"En \u00abPORTADA\u00bb","block_context":{"text":"PORTADA","link":"https:\/\/lasprimeras.com.do\/index.php\/category\/portada\/"},"img":{"alt_text":"","src":"https:\/\/i0.wp.com\/lasprimeras.com.do\/wp-content\/uploads\/2026\/01\/fitur-1.jpg?resize=350%2C200&ssl=1","width":350,"height":200,"srcset":"https:\/\/i0.wp.com\/lasprimeras.com.do\/wp-content\/uploads\/2026\/01\/fitur-1.jpg?resize=350%2C200&ssl=1 1x, https:\/\/i0.wp.com\/lasprimeras.com.do\/wp-content\/uploads\/2026\/01\/fitur-1.jpg?resize=525%2C300&ssl=1 1.5x, https:\/\/i0.wp.com\/lasprimeras.com.do\/wp-content\/uploads\/2026\/01\/fitur-1.jpg?resize=700%2C400&ssl=1 2x"},"classes":[]},{"id":120095,"url":"https:\/\/lasprimeras.com.do\/index.php\/2026\/01\/20\/prodominicana-participara-en-fitur-2026-en-busca-de-atraer-nuevas-inversiones\/","url_meta":{"origin":120311,"position":1},"title":"ProDominicana participar\u00e1 en FITUR 2026 en busca de atraer nuevas inversiones","author":"Nelson Feliz","date":"20 de enero de 2026","format":false,"excerpt":"Biviana Riveiro Disla","rel":"","context":"En \u00abECONOM\u00cdA\u00bb","block_context":{"text":"ECONOM\u00cdA","link":"https:\/\/lasprimeras.com.do\/index.php\/category\/economia\/"},"img":{"alt_text":"Biviana Riveiro Disla","src":"https:\/\/i0.wp.com\/lasprimeras.com.do\/wp-content\/uploads\/2026\/01\/Biviana-Riveiro-Disla-1.jpg?resize=350%2C200&ssl=1","width":350,"height":200,"srcset":"https:\/\/i0.wp.com\/lasprimeras.com.do\/wp-content\/uploads\/2026\/01\/Biviana-Riveiro-Disla-1.jpg?resize=350%2C200&ssl=1 1x, https:\/\/i0.wp.com\/lasprimeras.com.do\/wp-content\/uploads\/2026\/01\/Biviana-Riveiro-Disla-1.jpg?resize=525%2C300&ssl=1 1.5x, https:\/\/i0.wp.com\/lasprimeras.com.do\/wp-content\/uploads\/2026\/01\/Biviana-Riveiro-Disla-1.jpg?resize=700%2C400&ssl=1 2x"},"classes":[]},{"id":75053,"url":"https:\/\/lasprimeras.com.do\/index.php\/2024\/01\/29\/fitur-cierra-con-mas-de-250-000-visitas\/","url_meta":{"origin":120311,"position":2},"title":"Fitur cierra con m\u00e1s de 250.000 visitas","author":"BIMARY DE JES\u00daS Matos","date":"29 de enero de 2024","format":false,"excerpt":"Madrid, .- La Feria Internacional de Turismo (Fitur) cierra este domingo sus puertas en Madrid tras haber recibido m\u00e1s de 250.000 visitas, con Ecuador como pa\u00eds invitado, al que M\u00e9xico tomar\u00e1 el relevo en la pr\u00f3xima edici\u00f3n. La afluencia de visitantes en esta 44 edici\u00f3n de la primera gran feria\u2026","rel":"","context":"En \u00abPORTADA\u00bb","block_context":{"text":"PORTADA","link":"https:\/\/lasprimeras.com.do\/index.php\/category\/portada\/"},"img":{"alt_text":"","src":"https:\/\/i0.wp.com\/lasprimeras.com.do\/wp-content\/uploads\/2024\/01\/WhatsApp-Image-2024-01-26-at-12.10.49-PM.webp?resize=350%2C200&ssl=1","width":350,"height":200,"srcset":"https:\/\/i0.wp.com\/lasprimeras.com.do\/wp-content\/uploads\/2024\/01\/WhatsApp-Image-2024-01-26-at-12.10.49-PM.webp?resize=350%2C200&ssl=1 1x, https:\/\/i0.wp.com\/lasprimeras.com.do\/wp-content\/uploads\/2024\/01\/WhatsApp-Image-2024-01-26-at-12.10.49-PM.webp?resize=525%2C300&ssl=1 1.5x, https:\/\/i0.wp.com\/lasprimeras.com.do\/wp-content\/uploads\/2024\/01\/WhatsApp-Image-2024-01-26-at-12.10.49-PM.webp?resize=700%2C400&ssl=1 2x, https:\/\/i0.wp.com\/lasprimeras.com.do\/wp-content\/uploads\/2024\/01\/WhatsApp-Image-2024-01-26-at-12.10.49-PM.webp?resize=1050%2C600&ssl=1 3x, https:\/\/i0.wp.com\/lasprimeras.com.do\/wp-content\/uploads\/2024\/01\/WhatsApp-Image-2024-01-26-at-12.10.49-PM.webp?resize=1400%2C800&ssl=1 4x"},"classes":[]},{"id":74513,"url":"https:\/\/lasprimeras.com.do\/index.php\/2024\/01\/24\/fitur-se-inicia-hoy-con-el-90-del-turismo-recuperado-de-pandemia\/","url_meta":{"origin":120311,"position":3},"title":"Fitur se inicia hoy con el 90 % del turismo recuperado de pandemia","author":"BIMARY DE JES\u00daS Matos","date":"24 de enero de 2024","format":false,"excerpt":"Madrid, Espa\u00f1a.-La Feria Internacional del Turismo (Fitur) inicia hoy en esta ciudad espa\u00f1ola cuando se ha logrado la recuperaci\u00f3n de casi el 90 por ciento de la actividad tur\u00edstica despu\u00e9s de la situaci\u00f3n vivida por la pandemia del covid-19 en 2019, con ingresos estimados por encima de los 1.4 billones\u2026","rel":"","context":"En \u00abPORTADA\u00bb","block_context":{"text":"PORTADA","link":"https:\/\/lasprimeras.com.do\/index.php\/category\/portada\/"},"img":{"alt_text":"","src":"https:\/\/i0.wp.com\/lasprimeras.com.do\/wp-content\/uploads\/2024\/01\/WhatsApp-Image-2024-01-22-at-9.27.36-AM-2-1.webp?resize=350%2C200&ssl=1","width":350,"height":200,"srcset":"https:\/\/i0.wp.com\/lasprimeras.com.do\/wp-content\/uploads\/2024\/01\/WhatsApp-Image-2024-01-22-at-9.27.36-AM-2-1.webp?resize=350%2C200&ssl=1 1x, https:\/\/i0.wp.com\/lasprimeras.com.do\/wp-content\/uploads\/2024\/01\/WhatsApp-Image-2024-01-22-at-9.27.36-AM-2-1.webp?resize=525%2C300&ssl=1 1.5x"},"classes":[]},{"id":120302,"url":"https:\/\/lasprimeras.com.do\/index.php\/2026\/01\/22\/stand-dominicano-destaca-en-fitur-2026-por-su-propuesta-turistica-y-vision-de-inversion\/","url_meta":{"origin":120311,"position":4},"title":"Stand dominicano destaca en FITUR 2026 por su propuesta tur\u00edstica y visi\u00f3n de inversi\u00f3n","author":"Nelson Feliz","date":"22 de enero de 2026","format":false,"excerpt":"Madrid, Espa\u00f1a.\u2013 El stand de la Rep\u00fablica Dominicana se posiciona como uno de los espacios m\u00e1s visitados de la Feria Internacional de Turismo (FITUR) 2026, al presentar una propuesta integral enfocada en la diversificaci\u00f3n de la oferta tur\u00edstica del pa\u00eds y la atracci\u00f3n de nuevas inversiones. La exhibici\u00f3n resalta los\u2026","rel":"","context":"En \u00abNACIONALES\u00bb","block_context":{"text":"NACIONALES","link":"https:\/\/lasprimeras.com.do\/index.php\/category\/nacionales\/"},"img":{"alt_text":"","src":"https:\/\/i0.wp.com\/lasprimeras.com.do\/wp-content\/uploads\/2026\/01\/stand-rd.jpg?resize=350%2C200&ssl=1","width":350,"height":200,"srcset":"https:\/\/i0.wp.com\/lasprimeras.com.do\/wp-content\/uploads\/2026\/01\/stand-rd.jpg?resize=350%2C200&ssl=1 1x, https:\/\/i0.wp.com\/lasprimeras.com.do\/wp-content\/uploads\/2026\/01\/stand-rd.jpg?resize=525%2C300&ssl=1 1.5x, https:\/\/i0.wp.com\/lasprimeras.com.do\/wp-content\/uploads\/2026\/01\/stand-rd.jpg?resize=700%2C400&ssl=1 2x"},"classes":[]},{"id":120236,"url":"https:\/\/lasprimeras.com.do\/index.php\/2026\/01\/21\/fernando-hazoury-destaca-unidad-del-sector-turistico-dominicano-en-fitur-2026\/","url_meta":{"origin":120311,"position":5},"title":"Fernando Hazoury destaca unidad del sector tur\u00edstico dominicano en Fitur 2026","author":"Nelson Feliz","date":"21 de enero de 2026","format":false,"excerpt":"Madrid, Espa\u00f1a.\u2013 El presidente del Consejo de Administraci\u00f3n de Cap Cana, Fernando Hazoury, afirm\u00f3 que la Rep\u00fablica Dominicana atraviesa una etapa determinante en la consolidaci\u00f3n de su modelo tur\u00edstico, al exhibir en escenarios internacionales un sector privado cohesionado, articulado y alineado con las pol\u00edticas p\u00fablicas de desarrollo. Durante la apertura\u2026","rel":"","context":"En \u00abTURISMO\u00bb","block_context":{"text":"TURISMO","link":"https:\/\/lasprimeras.com.do\/index.php\/category\/turismo\/"},"img":{"alt_text":"Fernando Hazoury","src":"https:\/\/i0.wp.com\/lasprimeras.com.do\/wp-content\/uploads\/2026\/01\/Fernando-Hazoury.jpg?resize=350%2C200&ssl=1","width":350,"height":200,"srcset":"https:\/\/i0.wp.com\/lasprimeras.com.do\/wp-content\/uploads\/2026\/01\/Fernando-Hazoury.jpg?resize=350%2C200&ssl=1 1x, https:\/\/i0.wp.com\/lasprimeras.com.do\/wp-content\/uploads\/2026\/01\/Fernando-Hazoury.jpg?resize=525%2C300&ssl=1 1.5x, https:\/\/i0.wp.com\/lasprimeras.com.do\/wp-content\/uploads\/2026\/01\/Fernando-Hazoury.jpg?resize=700%2C400&ssl=1 2x"},"classes":[]}],"jetpack_sharing_enabled":true,"_links":{"self":[{"href":"https:\/\/lasprimeras.com.do\/index.php\/wp-json\/wp\/v2\/posts\/120311","targetHints":{"allow":["GET"]}}],"collection":[{"href":"https:\/\/lasprimeras.com.do\/index.php\/wp-json\/wp\/v2\/posts"}],"about":[{"href":"https:\/\/lasprimeras.com.do\/index.php\/wp-json\/wp\/v2\/types\/post"}],"author":[{"embeddable":true,"href":"https:\/\/lasprimeras.com.do\/index.php\/wp-json\/wp\/v2\/users\/10"}],"replies":[{"embeddable":true,"href":"https:\/\/lasprimeras.com.do\/index.php\/wp-json\/wp\/v2\/comments?post=120311"}],"version-history":[{"count":1,"href":"https:\/\/lasprimeras.com.do\/index.php\/wp-json\/wp\/v2\/posts\/120311\/revisions"}],"predecessor-version":[{"id":120313,"href":"https:\/\/lasprimeras.com.do\/index.php\/wp-json\/wp\/v2\/posts\/120311\/revisions\/120313"}],"wp:featuredmedia":[{"embeddable":true,"href":"https:\/\/lasprimeras.com.do\/index.php\/wp-json\/wp\/v2\/media\/120312"}],"wp:attachment":[{"href":"https:\/\/lasprimeras.com.do\/index.php\/wp-json\/wp\/v2\/media?parent=120311"}],"wp:term":[{"taxonomy":"category","embeddable":true,"href":"https:\/\/lasprimeras.com.do\/index.php\/wp-json\/wp\/v2\/categories?post=120311"},{"taxonomy":"post_tag","embeddable":true,"href":"https:\/\/lasprimeras.com.do\/index.php\/wp-json\/wp\/v2\/tags?post=120311"}],"curies":[{"name":"wp","href":"https:\/\/api.w.org\/{rel}","templated":true}]}}