{"id":120319,"date":"2026-01-22T18:59:55","date_gmt":"2026-01-22T22:59:55","guid":{"rendered":"https:\/\/lasprimeras.com.do\/?p=120319"},"modified":"2026-01-22T18:59:57","modified_gmt":"2026-01-22T22:59:57","slug":"arrestan-a-cuatro-personas-vinculadas-a-estafas-en-redes-sociales","status":"publish","type":"post","link":"https:\/\/lasprimeras.com.do\/index.php\/2026\/01\/22\/arrestan-a-cuatro-personas-vinculadas-a-estafas-en-redes-sociales\/","title":{"rendered":"Arrestan a cuatro personas vinculadas a estafas en redes sociales"},"content":{"rendered":"\n<p>La Direcci\u00f3n de \u00c1rea de la Polic\u00eda Cibern\u00e9tica ejecut\u00f3 cuatro \u00f3rdenes de arresto, en hechos separados, contra igual n\u00famero de personas vinculadas a estafas cibern\u00e9ticas cometidas a trav\u00e9s de redes sociales, cuyos montos superan los RD$800,000 en perjuicio de varias v\u00edctimas.<\/p>\n\n\n\n<p>Los operativos fueron realizados en las \u00faltimas 48 horas en distintos puntos del pa\u00eds, como parte de las labores de investigaci\u00f3n y persecuci\u00f3n de los delitos tecnol\u00f3gicos.<\/p>\n\n\n\n<p>Los detenidos son Issamar V\u00e1squez Francisco, Ashley Nicole Javier Duval, Ana Margarita Fern\u00e1ndez Polo y Breyli Mart\u00ednez.<\/p>\n\n\n\n<p>Issamar V\u00e1squez Francisco fue arrestada en la provincia Santiago, tras recibir RD$55,000 en una cuenta bancaria, fondos obtenidos mediante enga\u00f1o a trav\u00e9s de la aplicaci\u00f3n WhatsApp, donde los estafadores se hicieron pasar por otra persona y ofrecieron, de manera fraudulenta, eliminar una supuesta ficha de registro relacionada con la hermana de la v\u00edctima.<\/p>\n\n\n\n<p>Ashley Nicole Javier Duval fue capturada en la avenida George Washington, luego de recibir RD$107,435 en una bancaria, producto de una estafa perpetrada mediante la plataforma Telegram, en la que se ofrec\u00eda un falso modelo de inversi\u00f3n al denunciante.<\/p>\n\n\n\n<p>Ana Margarita Fern\u00e1ndez Polo fue arrestada por el Departamento de B\u00fasqueda y Captura de Pr\u00f3fugos, tras recibir RD$39,900 mediante un esquema de suplantaci\u00f3n de identidad realizado a trav\u00e9s de WhatsApp, en perjuicio de un ciudadano.<\/p>\n\n\n\n<p>En tanto que Breyli Mart\u00ednez fue detenido por recibir RD$100,000, como parte de un monto total de RD$800,000 obtenidos mediante extorsi\u00f3n contra la v\u00edctima, quien fue amenazada con la publicaci\u00f3n de contenido difamatorio en redes sociales, utilizando adem\u00e1s la usurpaci\u00f3n de identidad de supuestos miembros policiales.<\/p>\n\n\n\n<p>Los detenidos fueron puestos bajo control del Ministerio P\u00fablico para los fines legales correspondientes.<\/p>\n","protected":false},"excerpt":{"rendered":"<p>La Direcci\u00f3n de \u00c1rea de la Polic\u00eda Cibern\u00e9tica ejecut\u00f3 cuatro \u00f3rdenes de arresto, en hechos separados, contra igual n\u00famero de personas vinculadas a estafas cibern\u00e9ticas cometidas a trav\u00e9s de redes&hellip;<\/p>\n","protected":false},"author":10,"featured_media":120320,"comment_status":"open","ping_status":"open","sticky":false,"template":"","format":"standard","meta":{"content-type":"","jetpack_post_was_ever_published":false,"_jetpack_newsletter_access":"","_jetpack_dont_email_post_to_subs":false,"_jetpack_newsletter_tier_id":0,"_jetpack_memberships_contains_paywalled_content":false,"_jetpack_memberships_contains_paid_content":false,"footnotes":""},"categories":[35],"tags":[1489,11954,9862,13615,1934],"class_list":["post-120319","post","type-post","status-publish","format-standard","has-post-thumbnail","hentry","category-nacionales","tag-arresta","tag-cuatro-personas","tag-estafas","tag-policia-cibernetica","tag-redes-sociales"],"jetpack_featured_media_url":"https:\/\/lasprimeras.com.do\/wp-content\/uploads\/2026\/01\/Cuatro-Angelitos.jpg","jetpack-related-posts":[{"id":84830,"url":"https:\/\/lasprimeras.com.do\/index.php\/2024\/06\/16\/policia-cibernetica-detiene-a-seis-personas-por-delitos-de-estafa-robo-y-fraude\/","url_meta":{"origin":120319,"position":0},"title":"Polic\u00eda Cibern\u00e9tica detiene a seis personas por delitos de estafa, robo y fraude","author":"Nelson Feliz","date":"16 de junio de 2024","format":false,"excerpt":"La Direcci\u00f3n de \u00c1rea Cibern\u00e9tica de la Polic\u00eda Nacional detuvo seis personas acusadas de estafa, robo y fraude electr\u00f3nico en contra de varios ciudadanos en La Altagracia, Distrito Nacional y San Crist\u00f3bal. Por estas acciones, se encuentra detenido Miguel Eduardo Ram\u00edrez Gonz\u00e1lez, apresado en Haina, provincia de San Crist\u00f3bal, quien\u2026","rel":"","context":"En \u00abMILITARES\u00bb","block_context":{"text":"MILITARES","link":"https:\/\/lasprimeras.com.do\/index.php\/category\/militares\/"},"img":{"alt_text":"","src":"https:\/\/i0.wp.com\/lasprimeras.com.do\/wp-content\/uploads\/2024\/06\/tarjetas-de-credito-dinero-virtual.jpg?resize=350%2C200&ssl=1","width":350,"height":200,"srcset":"https:\/\/i0.wp.com\/lasprimeras.com.do\/wp-content\/uploads\/2024\/06\/tarjetas-de-credito-dinero-virtual.jpg?resize=350%2C200&ssl=1 1x, https:\/\/i0.wp.com\/lasprimeras.com.do\/wp-content\/uploads\/2024\/06\/tarjetas-de-credito-dinero-virtual.jpg?resize=525%2C300&ssl=1 1.5x, https:\/\/i0.wp.com\/lasprimeras.com.do\/wp-content\/uploads\/2024\/06\/tarjetas-de-credito-dinero-virtual.jpg?resize=700%2C400&ssl=1 2x, https:\/\/i0.wp.com\/lasprimeras.com.do\/wp-content\/uploads\/2024\/06\/tarjetas-de-credito-dinero-virtual.jpg?resize=1050%2C600&ssl=1 3x"},"classes":[]},{"id":104996,"url":"https:\/\/lasprimeras.com.do\/index.php\/2025\/07\/29\/policia-cibernetica-ejecuta-multiples-arrestos-por-estafas-electronicas-y-abuso-sexual\/","url_meta":{"origin":120319,"position":1},"title":"Polic\u00eda Cibern\u00e9tica ejecuta m\u00faltiples arrestos por estafas electr\u00f3nicas y abuso sexual","author":"Nelson Feliz","date":"29 de julio de 2025","format":false,"excerpt":"La Direcci\u00f3n de \u00c1rea de Polic\u00eda Cibern\u00e9tica de la Polic\u00eda Nacional inform\u00f3 que, en las \u00faltimas 48 horas, se han ejecutado cinco arrestos por distintos delitos tecnol\u00f3gicos, entre ellos estafas millonarias y un grave caso de abuso sexual a menores, como resultado de operativos realizados en distintas provincias del pa\u00eds\u2026","rel":"","context":"En \u00abMILITARES\u00bb","block_context":{"text":"MILITARES","link":"https:\/\/lasprimeras.com.do\/index.php\/category\/militares\/"},"img":{"alt_text":"","src":"https:\/\/i0.wp.com\/lasprimeras.com.do\/wp-content\/uploads\/2025\/07\/preso-3.jpg?resize=350%2C200&ssl=1","width":350,"height":200,"srcset":"https:\/\/i0.wp.com\/lasprimeras.com.do\/wp-content\/uploads\/2025\/07\/preso-3.jpg?resize=350%2C200&ssl=1 1x, https:\/\/i0.wp.com\/lasprimeras.com.do\/wp-content\/uploads\/2025\/07\/preso-3.jpg?resize=525%2C300&ssl=1 1.5x, https:\/\/i0.wp.com\/lasprimeras.com.do\/wp-content\/uploads\/2025\/07\/preso-3.jpg?resize=700%2C400&ssl=1 2x"},"classes":[]},{"id":115393,"url":"https:\/\/lasprimeras.com.do\/index.php\/2025\/11\/21\/apresan-hombre-requerido-por-estafa-en-santiago\/","url_meta":{"origin":120319,"position":2},"title":"Apresan hombre requerido por estafa en Santiago","author":"Nelson Feliz","date":"21 de noviembre de 2025","format":false,"excerpt":"\u2014 El detenido habr\u00eda recibido m\u00e1s de 856 mil pesos mediante enga\u00f1os cometidos por redes sociales. Miembros de la Direcci\u00f3n de \u00c1rea de Polic\u00eda Cibern\u00e9tica, adscrita a la Direcci\u00f3n Central de Investigaci\u00f3n (DICRIM), apresaron ayer en Santiago de los Caballeros a un hombre requerido por la justicia desde 2023, acusado\u2026","rel":"","context":"En \u00abMILITARES\u00bb","block_context":{"text":"MILITARES","link":"https:\/\/lasprimeras.com.do\/index.php\/category\/militares\/"},"img":{"alt_text":"Polic\u00eda Cibern\u00e9tica","src":"https:\/\/i0.wp.com\/lasprimeras.com.do\/wp-content\/uploads\/2025\/11\/Policia-Cibernetica.jpeg?resize=350%2C200&ssl=1","width":350,"height":200,"srcset":"https:\/\/i0.wp.com\/lasprimeras.com.do\/wp-content\/uploads\/2025\/11\/Policia-Cibernetica.jpeg?resize=350%2C200&ssl=1 1x, https:\/\/i0.wp.com\/lasprimeras.com.do\/wp-content\/uploads\/2025\/11\/Policia-Cibernetica.jpeg?resize=525%2C300&ssl=1 1.5x, https:\/\/i0.wp.com\/lasprimeras.com.do\/wp-content\/uploads\/2025\/11\/Policia-Cibernetica.jpeg?resize=700%2C400&ssl=1 2x, https:\/\/i0.wp.com\/lasprimeras.com.do\/wp-content\/uploads\/2025\/11\/Policia-Cibernetica.jpeg?resize=1050%2C600&ssl=1 3x"},"classes":[]},{"id":115401,"url":"https:\/\/lasprimeras.com.do\/index.php\/2025\/11\/21\/desmantelan-red-dedicada-a-delitos-ciberneticos-y-estafas-electronicas-en-santiago\/","url_meta":{"origin":120319,"position":3},"title":"Desmantelan red dedicada a delitos cibern\u00e9ticos y estafas electr\u00f3nicas en Santiago","author":"Nelson Feliz","date":"21 de noviembre de 2025","format":false,"excerpt":"\u2013 Ocupan computadoras, celulares, chips, pistola sin documentos, sustancias controladas y otros elementos il\u00edcitos. La Polic\u00eda Nacional inform\u00f3 que miembros de la Subdirecci\u00f3n de Inteligencia (DINTEL), en coordinaci\u00f3n con la Polic\u00eda Preventiva, las unidades SWAT y Lince, y el Ministerio P\u00fablico, ejecutaron varios allanamientos simult\u00e1neos en sectores de esta provincia\u2026","rel":"","context":"En \u00abMILITARES\u00bb","block_context":{"text":"MILITARES","link":"https:\/\/lasprimeras.com.do\/index.php\/category\/militares\/"},"img":{"alt_text":"","src":"https:\/\/i0.wp.com\/lasprimeras.com.do\/wp-content\/uploads\/2025\/11\/Allanamientos-1.jpg?resize=350%2C200&ssl=1","width":350,"height":200,"srcset":"https:\/\/i0.wp.com\/lasprimeras.com.do\/wp-content\/uploads\/2025\/11\/Allanamientos-1.jpg?resize=350%2C200&ssl=1 1x, https:\/\/i0.wp.com\/lasprimeras.com.do\/wp-content\/uploads\/2025\/11\/Allanamientos-1.jpg?resize=525%2C300&ssl=1 1.5x, https:\/\/i0.wp.com\/lasprimeras.com.do\/wp-content\/uploads\/2025\/11\/Allanamientos-1.jpg?resize=700%2C400&ssl=1 2x"},"classes":[]},{"id":72955,"url":"https:\/\/lasprimeras.com.do\/index.php\/2024\/01\/04\/desmantelan-red-estafaba-con-supuestos-proyectos-de-viviendas\/","url_meta":{"origin":120319,"position":4},"title":"Desmantelan red estafaba con supuestos proyectos de viviendas","author":"BIMARY DE JES\u00daS Matos","date":"4 de enero de 2024","format":false,"excerpt":"SANTO DOMINGO (EFE).- El Ministerio P\u00fablico inform\u00f3 este mi\u00e9rcoles que arrest\u00f3, en coordinaci\u00f3n con un equipo de la Polic\u00eda Nacional, a Emmanuel Rivera Ledesma y a otros integrantes de una presunta red que estaf\u00f3 con millones de pesos a personas a las que ofertaban viviendas en supuestos proyectos inmobiliarios, a\u2026","rel":"","context":"En \u00abPORTADA\u00bb","block_context":{"text":"PORTADA","link":"https:\/\/lasprimeras.com.do\/index.php\/category\/portada\/"},"img":{"alt_text":"","src":"https:\/\/i0.wp.com\/lasprimeras.com.do\/wp-content\/uploads\/2024\/01\/Noticias-de-energia-2024-01-04T083335.106-3.jpg?resize=350%2C200&ssl=1","width":350,"height":200,"srcset":"https:\/\/i0.wp.com\/lasprimeras.com.do\/wp-content\/uploads\/2024\/01\/Noticias-de-energia-2024-01-04T083335.106-3.jpg?resize=350%2C200&ssl=1 1x, https:\/\/i0.wp.com\/lasprimeras.com.do\/wp-content\/uploads\/2024\/01\/Noticias-de-energia-2024-01-04T083335.106-3.jpg?resize=525%2C300&ssl=1 1.5x, https:\/\/i0.wp.com\/lasprimeras.com.do\/wp-content\/uploads\/2024\/01\/Noticias-de-energia-2024-01-04T083335.106-3.jpg?resize=700%2C400&ssl=1 2x"},"classes":[]},{"id":64755,"url":"https:\/\/lasprimeras.com.do\/index.php\/2023\/10\/23\/decenas-de-miles-de-manifestantes-pro-palestinos-marchan-en-londres-mientras-la-guerra-entre-israel-y-hamas-sacude-al-mundo\/","url_meta":{"origin":120319,"position":5},"title":"Decenas de miles de manifestantes pro palestinos marchan en Londres mientras la guerra entre Israel y Hamas sacude al mundo","author":"Nelson Feliz","date":"23 de octubre de 2023","format":false,"excerpt":"POR HUIZHONG WU BANGKOK (AP) \u2014 Zhang Hongliang, exgerente de un restaurante en el centro de China, acept\u00f3 varios trabajos dentro y fuera de China para mantener a su familia despu\u00e9s de perder su trabajo durante la pandemia de COVID-19. En marzo, una oferta de trabajo para ense\u00f1ar cocina china\u2026","rel":"","context":"En \u00abSin categor\u00eda\u00bb","block_context":{"text":"Sin categor\u00eda","link":"https:\/\/lasprimeras.com.do\/index.php\/category\/sin-categoria\/"},"img":{"alt_text":"","src":"https:\/\/i0.wp.com\/lasprimeras.com.do\/wp-content\/uploads\/2023\/10\/BANDA.jpg?resize=350%2C200&ssl=1","width":350,"height":200,"srcset":"https:\/\/i0.wp.com\/lasprimeras.com.do\/wp-content\/uploads\/2023\/10\/BANDA.jpg?resize=350%2C200&ssl=1 1x, https:\/\/i0.wp.com\/lasprimeras.com.do\/wp-content\/uploads\/2023\/10\/BANDA.jpg?resize=525%2C300&ssl=1 1.5x, https:\/\/i0.wp.com\/lasprimeras.com.do\/wp-content\/uploads\/2023\/10\/BANDA.jpg?resize=700%2C400&ssl=1 2x"},"classes":[]}],"jetpack_sharing_enabled":true,"_links":{"self":[{"href":"https:\/\/lasprimeras.com.do\/index.php\/wp-json\/wp\/v2\/posts\/120319","targetHints":{"allow":["GET"]}}],"collection":[{"href":"https:\/\/lasprimeras.com.do\/index.php\/wp-json\/wp\/v2\/posts"}],"about":[{"href":"https:\/\/lasprimeras.com.do\/index.php\/wp-json\/wp\/v2\/types\/post"}],"author":[{"embeddable":true,"href":"https:\/\/lasprimeras.com.do\/index.php\/wp-json\/wp\/v2\/users\/10"}],"replies":[{"embeddable":true,"href":"https:\/\/lasprimeras.com.do\/index.php\/wp-json\/wp\/v2\/comments?post=120319"}],"version-history":[{"count":1,"href":"https:\/\/lasprimeras.com.do\/index.php\/wp-json\/wp\/v2\/posts\/120319\/revisions"}],"predecessor-version":[{"id":120321,"href":"https:\/\/lasprimeras.com.do\/index.php\/wp-json\/wp\/v2\/posts\/120319\/revisions\/120321"}],"wp:featuredmedia":[{"embeddable":true,"href":"https:\/\/lasprimeras.com.do\/index.php\/wp-json\/wp\/v2\/media\/120320"}],"wp:attachment":[{"href":"https:\/\/lasprimeras.com.do\/index.php\/wp-json\/wp\/v2\/media?parent=120319"}],"wp:term":[{"taxonomy":"category","embeddable":true,"href":"https:\/\/lasprimeras.com.do\/index.php\/wp-json\/wp\/v2\/categories?post=120319"},{"taxonomy":"post_tag","embeddable":true,"href":"https:\/\/lasprimeras.com.do\/index.php\/wp-json\/wp\/v2\/tags?post=120319"}],"curies":[{"name":"wp","href":"https:\/\/api.w.org\/{rel}","templated":true}]}}