{"id":120322,"date":"2026-01-22T19:15:21","date_gmt":"2026-01-22T23:15:21","guid":{"rendered":"https:\/\/lasprimeras.com.do\/?p=120322"},"modified":"2026-01-22T19:15:23","modified_gmt":"2026-01-22T23:15:23","slug":"frank-elias-rainieri-destaca-la-calidad-del-servicio-en-el-aeropuerto-internacional-de-punta-cana","status":"publish","type":"post","link":"https:\/\/lasprimeras.com.do\/index.php\/2026\/01\/22\/frank-elias-rainieri-destaca-la-calidad-del-servicio-en-el-aeropuerto-internacional-de-punta-cana\/","title":{"rendered":"Frank El\u00edas Rainieri destaca la calidad del servicio en el Aeropuerto Internacional de Punta Cana"},"content":{"rendered":"\n<p><strong>Se\u00f1al\u00f3 que la colaboraci\u00f3n entre los sectores p\u00fablico y privado, junto con la planificaci\u00f3n a largo plazo, es clave para el \u00e9xito del turismo y la operaci\u00f3n aeroportuaria.<\/strong><\/p>\n\n\n\n<p>El presidente del Grupo Puntacana, Frank El\u00edas Rainieri, afirm\u00f3 que la experiencia del pasajero ha sido una prioridad para el desarrollo del Aeropuerto Internacional de Punta Cana (PUJ), al considerar que &#8220;la primera y la \u00faltima impresi\u00f3n se da en el aeropuerto&#8221;.<\/p>\n\n\n\n<p>Rainieri explic\u00f3 que el Grupo Puntacana siempre se ha enfocado en que la experiencia del viajero sea &#8220;\u00fanica y verdadera&#8221;, reconociendo que, aunque puedan surgir inconvenientes, las evaluaciones realizadas por empresas extranjeras han sido positivas.<\/p>\n\n\n\n<p>&#8220;Todo el mundo tiene su problemita, pero cuando uno ve las evaluaciones que tenemos por empresas extranjeras, nos da el confort de decir que estamos orgullosos como dominicanos de tener un aeropuerto c\u00f3modo&#8221;, expres\u00f3.<\/p>\n\n\n\n<p>Indic\u00f3 que el objetivo ha sido garantizar una infraestructura \u00fanica, que luzca limpia, atractiva y que funcione correctamente.<\/p>\n\n\n\n<p>Relat\u00f3 que recientemente recibi\u00f3 comentarios de dominicanos que viajaron a la Feria Internacional de Turismo (Fitur) 2026 y utilizaron el Aeropuerto Internacional de Punta Cana, quienes le manifestaron el orgullo que sintieron al transitar por la terminal a\u00e9rea.<\/p>\n\n\n\n<p>&#8220;Me llamaron y me dijeron lo orgullosos que se sent\u00edan de poder volar por este aeropuerto: \u00b4\u00a1Wow! Ten\u00eda a\u00f1os que no volaba por aqu\u00ed, pero \u00a1qu\u00e9 limpio, qu\u00e9 bonito, qu\u00e9 hermoso, qu\u00e9 buena decoraci\u00f3n, qu\u00e9 f\u00e1cil!; todo est\u00e1 se\u00f1alizado, las cosas funcionan y eso es lo que uno busca. Uno tiene que tener una infraestructura correcta\u00b4&#8221;, cit\u00f3.<\/p>\n\n\n\n<p>Las declaraciones fueron ofrecidas ayer durante una entrevista en el programa radial El Sol de la Ma\u00f1ana, realizada desde Fitur, que se celebra en Madrid.<\/p>\n\n\n\n<figure class=\"wp-block-embed is-type-rich is-provider-twitter wp-block-embed-twitter\"><div class=\"wp-block-embed__wrapper\">\n<div class=\"embed-twitter\"><blockquote class=\"twitter-tweet\" data-width=\"500\" data-dnt=\"true\"><p lang=\"es\" dir=\"ltr\">\ud83d\udd34|<a href=\"https:\/\/twitter.com\/hashtag\/VideoDL?src=hash&amp;ref_src=twsrc%5Etfw\">#VideoDL<\/a> |  Desde FITUR 2026, Frank El\u00edas Rainieri, CEO del Grupo Puntacana, expres\u00f3 su orgullo por la eficiencia, limpieza y modernidad del Aeropuerto Internacional de Punta Cana, destacando su infraestructura, se\u00f1alizaci\u00f3n clara y el uso de tecnolog\u00eda de punta en\u2026 <a href=\"https:\/\/t.co\/pYCcrdzdpW\">pic.twitter.com\/pYCcrdzdpW<\/a><\/p>&mdash; Diario Libre (@DiarioLibre) <a href=\"https:\/\/twitter.com\/DiarioLibre\/status\/2014352661194092924?ref_src=twsrc%5Etfw\">January 22, 2026<\/a><\/blockquote><script async src=\"https:\/\/platform.twitter.com\/widgets.js\" charset=\"utf-8\"><\/script><\/div>\n<\/div><\/figure>\n\n\n\n<p><strong>Trabajo conjunto<\/strong><\/p>\n\n\n\n<p>Como segundo aspecto, Rainieri destac\u00f3 el trabajo conjunto que han mantenido con el Gobierno dominicano, principalmente con la Direcci\u00f3n General de Aduanas, la Direcci\u00f3n General de Migraci\u00f3n y el Cuerpo Especializado en Seguridad Aeroportuaria y de la Aviaci\u00f3n Civil (Cesac), a los que defini\u00f3 como &#8220;tres ejes important\u00edsimos&#8221; para la operaci\u00f3n del aeropuerto.<\/p>\n\n\n\n<p>Explic\u00f3 que estas instituciones son las responsables de garantizar la seguridad del pasajero, verificar que las personas que salen del pa\u00eds sean las correctas y asegurar que las mercanc\u00edas que ingresan tambi\u00e9n cumplan con los controles establecidos, lo que ha permitido desarrollar tecnolog\u00edas de punta.<\/p>\n\n\n\n<p>El funcionario explic\u00f3 que, junto a la direcci\u00f3n del Cesac, desarrollaron una tecnolog\u00eda para que los equipos adquiridos por el Aeropuerto de Punta Cana para el chequeo de equipajes no se limiten a detectar explosivos, sino que tambi\u00e9n identifiquen drogas y dinero en efectivo.<\/p>\n\n\n\n<p>Indic\u00f3 que, mediante un algoritmo creado con apoyo de empresas israel\u00edes, las m\u00e1quinas pueden reconocer de forma autom\u00e1tica esos tres elementos, lo que \u2014seg\u00fan sostuvo\u2014 permitir\u00eda que las maletas lleguen &#8220;completamente seguras&#8221; y reduzcan la necesidad de inspecciones manuales.<\/p>\n\n\n\n<p>Explic\u00f3 que, en coordinaci\u00f3n con la Direcci\u00f3n General de Migraci\u00f3n, se implement\u00f3 un sistema moderno que permite a pasajeros extranjeros de 22 nacionalidades ingresar al pa\u00eds mediante un proceso biom\u00e9trico que incluye el escaneo del pasaporte y el reconocimiento facial.<\/p>\n\n\n\n<p>Refiri\u00f3 que este servicio a\u00fan no est\u00e1 disponible para ciudadanos dominicanos, debido a que el pa\u00eds se encuentra en proceso de adopci\u00f3n del pasaporte biom\u00e9trico.<\/p>\n\n\n\n<p>Rainieri destac\u00f3 que la tecnolog\u00eda, as\u00ed como la cooperaci\u00f3n con el Estado, ha sido fundamental para que el Aeropuerto Internacional de Punta Cana funcione de manera eficiente y se proyecte con \u00e9xito a largo plazo.<\/p>\n\n\n\n<p>&#8220;La clave del \u00e9xito en el turismo, e indirectamente en los aeropuertos, es sencilla: la uni\u00f3n entre el sector privado y el sector p\u00fablico&#8221;, afirm\u00f3.<\/p>\n\n\n\n<p>Rainieri explic\u00f3 que los avances logrados responden a una pol\u00edtica de Estado que comprendi\u00f3 la importancia del sector empresarial y a la necesidad de crear una infraestructura de primer nivel, lo que permiti\u00f3 desarrollar obras como el boulevard tur\u00edstico que conecta el aeropuerto con la zona hotelera, facilitando un transporte eficiente para los visitantes.<\/p>\n","protected":false},"excerpt":{"rendered":"<p>Frank El\u00edas Rainieri<\/p>\n","protected":false},"author":10,"featured_media":120323,"comment_status":"open","ping_status":"open","sticky":false,"template":"","format":"standard","meta":{"content-type":"","jetpack_post_was_ever_published":false,"_jetpack_newsletter_access":"","_jetpack_dont_email_post_to_subs":false,"_jetpack_newsletter_tier_id":0,"_jetpack_memberships_contains_paywalled_content":false,"_jetpack_memberships_contains_paid_content":false,"footnotes":""},"categories":[35,25],"tags":[29647,2217,10402,1308,865],"class_list":["post-120322","post","type-post","status-publish","format-standard","has-post-thumbnail","hentry","category-nacionales","category-portada","tag-aeropuerto-internacional","tag-calidad","tag-frank-elias-rainieri","tag-punta-cana","tag-servicio"],"jetpack_featured_media_url":"https:\/\/lasprimeras.com.do\/wp-content\/uploads\/2026\/01\/Frank-Elias-Rainieri.jpg","jetpack-related-posts":[{"id":76101,"url":"https:\/\/lasprimeras.com.do\/index.php\/2024\/02\/07\/grupo-puntacana-firma-acuerdo-para-construir-y-operar-terminal-de-aeropuerto-de-guyana\/","url_meta":{"origin":120322,"position":0},"title":"Grupo Puntacana firma acuerdo para construir y operar terminal de aeropuerto de Guyana","author":"Nelson Feliz","date":"7 de febrero de 2024","format":false,"excerpt":"-El anuncio lo hizo el presidente del grupo, Frank El\u00edas Rainieri. El Grupo Puntacana firm\u00f3 un memor\u00e1ndum de entendimiento para construir y operar una nueva terminal en el Aeropuerto Internacional Cheddi Jagan, en Guyana. La informaci\u00f3n la ofreci\u00f3 Frank El\u00edas Rainieri en su cuenta de X, antiguo Twitter. \"En el\u2026","rel":"","context":"En \u00abECONOM\u00cdA\u00bb","block_context":{"text":"ECONOM\u00cdA","link":"https:\/\/lasprimeras.com.do\/index.php\/category\/economia\/"},"img":{"alt_text":"Momento de la firma del acuerdo del Grupo Puntacana para la nueva terminal en el Aeropuerto Internacional Cheddi Jagan.","src":"https:\/\/i0.wp.com\/lasprimeras.com.do\/wp-content\/uploads\/2024\/02\/acuerdo.jpg?resize=350%2C200&ssl=1","width":350,"height":200,"srcset":"https:\/\/i0.wp.com\/lasprimeras.com.do\/wp-content\/uploads\/2024\/02\/acuerdo.jpg?resize=350%2C200&ssl=1 1x, https:\/\/i0.wp.com\/lasprimeras.com.do\/wp-content\/uploads\/2024\/02\/acuerdo.jpg?resize=525%2C300&ssl=1 1.5x, https:\/\/i0.wp.com\/lasprimeras.com.do\/wp-content\/uploads\/2024\/02\/acuerdo.jpg?resize=700%2C400&ssl=1 2x"},"classes":[]},{"id":81712,"url":"https:\/\/lasprimeras.com.do\/index.php\/2024\/04\/24\/billy-horschel-es-el-campeon-del-corales-punta-cana-championship\/","url_meta":{"origin":120322,"position":1},"title":"Billy Horschel es el campe\u00f3n del Corales Punta Cana Championship","author":"BIMARY DE JES\u00daS Matos","date":"24 de abril de 2024","format":false,"excerpt":"PUNTA CANA. \u2013 El norteamericano Billy Horschel se adjudic\u00f3 su octava victoria en el PGA Tour, tras triunfar en la s\u00e9ptima edici\u00f3n del Corales Puntacana Championship que culmin\u00f3 este domingo. Con su triunfo, Horschel obtiene 300 puntos para la FedEx Cup y un premio en met\u00e1lico de US$720,000.00 de los\u2026","rel":"","context":"En \u00abSin categor\u00eda\u00bb","block_context":{"text":"Sin categor\u00eda","link":"https:\/\/lasprimeras.com.do\/index.php\/category\/sin-categoria\/"},"img":{"alt_text":"","src":"https:\/\/i0.wp.com\/lasprimeras.com.do\/wp-content\/uploads\/2024\/04\/WhatsApp-Image-2024-04-23-at-10.32.54-AM-4.jpeg?resize=350%2C200&ssl=1","width":350,"height":200},"classes":[]},{"id":110553,"url":"https:\/\/lasprimeras.com.do\/index.php\/2025\/09\/29\/el-poder-ejecutivo-concede-a-don-frank-rainieri-la-orden-del-merito-de-duarte-sanchez-y-mella\/","url_meta":{"origin":120322,"position":2},"title":"El Poder Ejecutivo concede a Don Frank Rainieri la Orden del M\u00e9rito de Duarte, S\u00e1nchez y Mella","author":"Nelson Feliz","date":"29 de septiembre de 2025","format":false,"excerpt":"El presidente de la Rep\u00fablica, Luis Abinader, concedi\u00f3 al destacado empresario del sector tur\u00edstico, Frank Rainieri Marranzini, la condecoraci\u00f3n de la Orden del M\u00e9rito de Duarte, S\u00e1nchez y Mella, en el Grado de Gran Cruz Placa de Plata. La decisi\u00f3n, contenida en el decreto 489-25 del pasado 29 de agosto,\u2026","rel":"","context":"En \u00abNACIONALES\u00bb","block_context":{"text":"NACIONALES","link":"https:\/\/lasprimeras.com.do\/index.php\/category\/nacionales\/"},"img":{"alt_text":"","src":"https:\/\/i0.wp.com\/lasprimeras.com.do\/wp-content\/uploads\/2025\/09\/Frank-Rainieri-1.jpg?resize=350%2C200&ssl=1","width":350,"height":200,"srcset":"https:\/\/i0.wp.com\/lasprimeras.com.do\/wp-content\/uploads\/2025\/09\/Frank-Rainieri-1.jpg?resize=350%2C200&ssl=1 1x, https:\/\/i0.wp.com\/lasprimeras.com.do\/wp-content\/uploads\/2025\/09\/Frank-Rainieri-1.jpg?resize=525%2C300&ssl=1 1.5x, https:\/\/i0.wp.com\/lasprimeras.com.do\/wp-content\/uploads\/2025\/09\/Frank-Rainieri-1.jpg?resize=700%2C400&ssl=1 2x"},"classes":[]},{"id":74927,"url":"https:\/\/lasprimeras.com.do\/index.php\/2024\/01\/27\/frank-elias-rainieri-da-forma-a-un-epicentro-de-lujo-en-miches-con-el-hotel-zemi\/","url_meta":{"origin":120322,"position":3},"title":"Frank El\u00edas Rainieri da forma a un Epicentro de Lujo en Miches con el Hotel Zemi","author":"Nelson Feliz","date":"27 de enero de 2024","format":false,"excerpt":"Madrid, Espa\u00f1a.-.En la pr\u00f3spera costa de Miches, la visi\u00f3n innovadora de Frank El\u00edas Rainieri, CEO del Grupo Punta Cana, toma forma con el ambicioso proyecto hotelero e inmobiliario, el hotel Zemi. Con una inversi\u00f3n colosal que supera los US$181 millones, este enclave excepcional se presenta como un hito en el\u2026","rel":"","context":"En \u00abPORTADA\u00bb","block_context":{"text":"PORTADA","link":"https:\/\/lasprimeras.com.do\/index.php\/category\/portada\/"},"img":{"alt_text":"Frank El\u00edas Rainieri","src":"https:\/\/i0.wp.com\/lasprimeras.com.do\/wp-content\/uploads\/2024\/01\/Frank-Elias-Rainieri.jpg?resize=350%2C200&ssl=1","width":350,"height":200,"srcset":"https:\/\/i0.wp.com\/lasprimeras.com.do\/wp-content\/uploads\/2024\/01\/Frank-Elias-Rainieri.jpg?resize=350%2C200&ssl=1 1x, https:\/\/i0.wp.com\/lasprimeras.com.do\/wp-content\/uploads\/2024\/01\/Frank-Elias-Rainieri.jpg?resize=525%2C300&ssl=1 1.5x, https:\/\/i0.wp.com\/lasprimeras.com.do\/wp-content\/uploads\/2024\/01\/Frank-Elias-Rainieri.jpg?resize=700%2C400&ssl=1 2x"},"classes":[]},{"id":93268,"url":"https:\/\/lasprimeras.com.do\/index.php\/2025\/02\/05\/senado-reconoce-a-frank-rainieri-por-su-impulso-al-desarrollo-empresarial-y-turistico\/","url_meta":{"origin":120322,"position":4},"title":"Senado reconoce a Frank Rainieri por su impulso al desarrollo empresarial y tur\u00edstico","author":"Nelson Feliz","date":"5 de febrero de 2025","format":false,"excerpt":"El Senado de la Rep\u00fablica Dominicana reconoci\u00f3 al fundador de Grupo Puntacana, Frank Rainieri, por su impulso al desarrollo empresarial y tur\u00edstico del pa\u00eds. Francesca Rainieri, en nombre de su padre, quien no asisti\u00f3 por razones ajenas a su voluntad, agradeci\u00f3 este reconocimiento. \"Que llegue de este lugar ese reconocimiento,\u2026","rel":"","context":"En \u00abNACIONALES\u00bb","block_context":{"text":"NACIONALES","link":"https:\/\/lasprimeras.com.do\/index.php\/category\/nacionales\/"},"img":{"alt_text":"","src":"https:\/\/i0.wp.com\/lasprimeras.com.do\/wp-content\/uploads\/2025\/02\/ricardo-dl-santos-scaled.jpg?resize=350%2C200&ssl=1","width":350,"height":200,"srcset":"https:\/\/i0.wp.com\/lasprimeras.com.do\/wp-content\/uploads\/2025\/02\/ricardo-dl-santos-scaled.jpg?resize=350%2C200&ssl=1 1x, https:\/\/i0.wp.com\/lasprimeras.com.do\/wp-content\/uploads\/2025\/02\/ricardo-dl-santos-scaled.jpg?resize=525%2C300&ssl=1 1.5x, https:\/\/i0.wp.com\/lasprimeras.com.do\/wp-content\/uploads\/2025\/02\/ricardo-dl-santos-scaled.jpg?resize=700%2C400&ssl=1 2x, https:\/\/i0.wp.com\/lasprimeras.com.do\/wp-content\/uploads\/2025\/02\/ricardo-dl-santos-scaled.jpg?resize=1050%2C600&ssl=1 3x, https:\/\/i0.wp.com\/lasprimeras.com.do\/wp-content\/uploads\/2025\/02\/ricardo-dl-santos-scaled.jpg?resize=1400%2C800&ssl=1 4x"},"classes":[]},{"id":111123,"url":"https:\/\/lasprimeras.com.do\/index.php\/2025\/10\/05\/grupo-punta-cana-marriott-international-y-mac-hotels-inauguran-el-hotel-w-punta-cana-todo-incluido-de-lujo-en-rd\/","url_meta":{"origin":120322,"position":5},"title":"Grupo Punta Cana, Marriott International y Mac Hotels inauguran el hotel W Punta Cana todo incluido de lujo en RD","author":"Nelson Feliz","date":"5 de octubre de 2025","format":false,"excerpt":"El presidente Abinader destaca la inversi\u00f3n en turismo como motor de desarrollo. Al participar este domingo en la inauguraci\u00f3n del hotel W Punta Cana Adult All-Inclusive, con una inversi\u00f3n cercana a los 170 millones de d\u00f3lares, el presidente Luis Abinader asegur\u00f3 que hoy la Rep\u00fablica Dominicana es el mejor lugar\u2026","rel":"","context":"En \u00abPORTADA\u00bb","block_context":{"text":"PORTADA","link":"https:\/\/lasprimeras.com.do\/index.php\/category\/portada\/"},"img":{"alt_text":"","src":"https:\/\/i0.wp.com\/lasprimeras.com.do\/wp-content\/uploads\/2025\/10\/inauguran-el-hotel-w-punta-cana-primer-todo-incluido-de-lujo-en-la-rd-c4758ab7-focus-0-0-896-504.jpg?resize=350%2C200&ssl=1","width":350,"height":200,"srcset":"https:\/\/i0.wp.com\/lasprimeras.com.do\/wp-content\/uploads\/2025\/10\/inauguran-el-hotel-w-punta-cana-primer-todo-incluido-de-lujo-en-la-rd-c4758ab7-focus-0-0-896-504.jpg?resize=350%2C200&ssl=1 1x, https:\/\/i0.wp.com\/lasprimeras.com.do\/wp-content\/uploads\/2025\/10\/inauguran-el-hotel-w-punta-cana-primer-todo-incluido-de-lujo-en-la-rd-c4758ab7-focus-0-0-896-504.jpg?resize=525%2C300&ssl=1 1.5x, https:\/\/i0.wp.com\/lasprimeras.com.do\/wp-content\/uploads\/2025\/10\/inauguran-el-hotel-w-punta-cana-primer-todo-incluido-de-lujo-en-la-rd-c4758ab7-focus-0-0-896-504.jpg?resize=700%2C400&ssl=1 2x"},"classes":[]}],"jetpack_sharing_enabled":true,"_links":{"self":[{"href":"https:\/\/lasprimeras.com.do\/index.php\/wp-json\/wp\/v2\/posts\/120322","targetHints":{"allow":["GET"]}}],"collection":[{"href":"https:\/\/lasprimeras.com.do\/index.php\/wp-json\/wp\/v2\/posts"}],"about":[{"href":"https:\/\/lasprimeras.com.do\/index.php\/wp-json\/wp\/v2\/types\/post"}],"author":[{"embeddable":true,"href":"https:\/\/lasprimeras.com.do\/index.php\/wp-json\/wp\/v2\/users\/10"}],"replies":[{"embeddable":true,"href":"https:\/\/lasprimeras.com.do\/index.php\/wp-json\/wp\/v2\/comments?post=120322"}],"version-history":[{"count":1,"href":"https:\/\/lasprimeras.com.do\/index.php\/wp-json\/wp\/v2\/posts\/120322\/revisions"}],"predecessor-version":[{"id":120324,"href":"https:\/\/lasprimeras.com.do\/index.php\/wp-json\/wp\/v2\/posts\/120322\/revisions\/120324"}],"wp:featuredmedia":[{"embeddable":true,"href":"https:\/\/lasprimeras.com.do\/index.php\/wp-json\/wp\/v2\/media\/120323"}],"wp:attachment":[{"href":"https:\/\/lasprimeras.com.do\/index.php\/wp-json\/wp\/v2\/media?parent=120322"}],"wp:term":[{"taxonomy":"category","embeddable":true,"href":"https:\/\/lasprimeras.com.do\/index.php\/wp-json\/wp\/v2\/categories?post=120322"},{"taxonomy":"post_tag","embeddable":true,"href":"https:\/\/lasprimeras.com.do\/index.php\/wp-json\/wp\/v2\/tags?post=120322"}],"curies":[{"name":"wp","href":"https:\/\/api.w.org\/{rel}","templated":true}]}}