{"id":120327,"date":"2026-01-22T19:25:57","date_gmt":"2026-01-22T23:25:57","guid":{"rendered":"https:\/\/lasprimeras.com.do\/?p=120327"},"modified":"2026-01-22T19:25:59","modified_gmt":"2026-01-22T23:25:59","slug":"tc-admite-recurso-de-la-jce-y-deja-sin-efecto-registro-de-cuatro-menores-haitianos","status":"publish","type":"post","link":"https:\/\/lasprimeras.com.do\/index.php\/2026\/01\/22\/tc-admite-recurso-de-la-jce-y-deja-sin-efecto-registro-de-cuatro-menores-haitianos\/","title":{"rendered":"TC admite recurso de la JCE y deja sin efecto registro de cuatro menores haitianos"},"content":{"rendered":"\n<p><strong>La sentencia fue aprobada por la mayor\u00eda requerida de los jueces que integran el Tribunal Constitucional.<\/strong><\/p>\n\n\n\n<p>El Tribunal Constitucional (TC) declar\u00f3 inadmisible la acci\u00f3n de amparo interpuesta contra la Junta Central Electoral (JCE) que buscaba ordenar el registro de nacimiento de cuatro menores de edad, tras acoger parcialmente un recurso de revisi\u00f3n constitucional presentado por el \u00f3rgano electoral.<\/p>\n\n\n\n<p>El caso se origin\u00f3 a ra\u00edz de una intimaci\u00f3n realizada el 29 de abril de 2021, mediante el acto de alguacil n\u00fam. 494\/2021, por los se\u00f1ores Leonardo Dep\u00e9n Fisi y Denita Petit-Val, quienes solicitaron formalmente a la JCE la admisi\u00f3n del registro de nacimiento de sus cuatro hijos.<\/p>\n\n\n\n<p>Al no obtener una respuesta favorable, acudieron a los tribunales para que se ordenara a la instituci\u00f3n realizar dicho registro<\/p>\n\n\n\n<p>Posteriormente, el \u00f3rgano electoral llev\u00f3 el caso ante el Tribunal Constitucional, solicitando la revisi\u00f3n de una sentencia previa que le ordenaba admitir el registro de los menores.<\/p>\n\n\n\n<p>Tras analizar el expediente, el TC decidi\u00f3 declar\u00f3 inadmisible la acci\u00f3n de amparo de Dep\u00e9n Fisi y Petit-Va, al considerar que no se cumpl\u00edan los presupuestos establecidos para este tipo de acci\u00f3n constitucional.<\/p>\n\n\n\n<p>En su decisi\u00f3n, el Tribunal Constitucional admiti\u00f3 en cuanto a la forma el recurso de revisi\u00f3n constitucional parcial en materia de amparo interpuesto por la JCE contra la sentencia n\u00fam. 0030-04-2021-SSEN-00637, dictada el 16 de noviembre de 2021 por la Tercera Sala del Tribunal Superior Administrativo.<\/p>\n\n\n\n<p>Asimismo, acogi\u00f3 en cuanto al fondo dicho recurso y en consecuencia, revoc\u00f3 parcialmente los ordinales tercero y cuarto de la referida sentencia, \u00fanica y exclusivamente en lo relativo a los menores de edad, conforme a los motivos expuestos en la decisi\u00f3n.<\/p>\n\n\n\n<p><strong>Votos salvados y disidente<\/strong><\/p>\n\n\n\n<p>La sentencia fue aprobada por la mayor\u00eda requerida de los jueces que integran el Tribunal Constitucional. No participaron en la deliberaci\u00f3n ni en la votaci\u00f3n los magistrados Mar\u00eda del Carmen Santana de Cabrera y Jos\u00e9 Alejandro Vargas Guerrero, por causas previstas en la ley.<\/p>\n\n\n\n<p>El fallo incluye los votos salvados de los magistrados Army Ferreira y Amaury A. Reyes Torres, as\u00ed como el voto disidente de la magistrada Sonia D\u00edaz Inoa, el cual consta en acta y ser\u00e1 incorporado formalmente a la sentencia, conforme a lo establecido en el art\u00edculo 16 del Reglamento Jurisdiccional del Tribunal Constitucional.<\/p>\n","protected":false},"excerpt":{"rendered":"<p>La sentencia fue aprobada por la mayor\u00eda requerida de los jueces que integran el Tribunal Constitucional. El Tribunal Constitucional (TC) declar\u00f3 inadmisible la acci\u00f3n de amparo interpuesta contra la Junta&hellip;<\/p>\n","protected":false},"author":10,"featured_media":120328,"comment_status":"open","ping_status":"open","sticky":false,"template":"","format":"standard","meta":{"content-type":"","jetpack_post_was_ever_published":false,"_jetpack_newsletter_access":"","_jetpack_dont_email_post_to_subs":false,"_jetpack_newsletter_tier_id":0,"_jetpack_memberships_contains_paywalled_content":false,"_jetpack_memberships_contains_paid_content":false,"footnotes":""},"categories":[35],"tags":[1397,26842,263,183,3439,1593,4272,2523],"class_list":["post-120327","post","type-post","status-publish","format-standard","has-post-thumbnail","hentry","category-nacionales","tag-cuatro","tag-deja-sin-efecto","tag-haitianos","tag-jce","tag-menores","tag-recurso","tag-registro","tag-tribunal-constitucional"],"jetpack_featured_media_url":"https:\/\/lasprimeras.com.do\/wp-content\/uploads\/2026\/01\/Tribunal-Constitucional.jpg","jetpack-related-posts":[{"id":120325,"url":"https:\/\/lasprimeras.com.do\/index.php\/2026\/01\/22\/roman-jaquez-advierte-portadores-de-cedula-falsa-van-a-caer-presos-si-van-a-renovarla\/","url_meta":{"origin":120327,"position":0},"title":"Rom\u00e1n J\u00e1quez advierte portadores de c\u00e9dula falsa &#8220;van a caer presos&#8221; si van a renovarla","author":"Nelson Feliz","date":"22 de enero de 2026","format":false,"excerpt":"Indic\u00f3 que el nuevo carn\u00e9 s\u00f3lo se entregar\u00e1 a personas con un acta de nacimiento debidamente validada. El presidente de la Junta Central Electoral (JCE), Rom\u00e1n J\u00e1quez Liranzo, advirti\u00f3 que el proceso de renovaci\u00f3n de la c\u00e9dula de identidad y electoral est\u00e1 siendo acompa\u00f1ado de una depuraci\u00f3n del registro civil,\u2026","rel":"","context":"En \u00abNACIONALES\u00bb","block_context":{"text":"NACIONALES","link":"https:\/\/lasprimeras.com.do\/index.php\/category\/nacionales\/"},"img":{"alt_text":"Rom\u00e1n Andr\u00e9s J\u00e1quez Liranzo","src":"https:\/\/i0.wp.com\/lasprimeras.com.do\/wp-content\/uploads\/2025\/08\/Roman-Andres-Jaquez-Liranzo.jpg?resize=350%2C200&ssl=1","width":350,"height":200,"srcset":"https:\/\/i0.wp.com\/lasprimeras.com.do\/wp-content\/uploads\/2025\/08\/Roman-Andres-Jaquez-Liranzo.jpg?resize=350%2C200&ssl=1 1x, https:\/\/i0.wp.com\/lasprimeras.com.do\/wp-content\/uploads\/2025\/08\/Roman-Andres-Jaquez-Liranzo.jpg?resize=525%2C300&ssl=1 1.5x, https:\/\/i0.wp.com\/lasprimeras.com.do\/wp-content\/uploads\/2025\/08\/Roman-Andres-Jaquez-Liranzo.jpg?resize=700%2C400&ssl=1 2x"},"classes":[]},{"id":105212,"url":"https:\/\/lasprimeras.com.do\/index.php\/2025\/07\/31\/isaias-ramos-critica-silencio-de-cupulas-religiosas\/","url_meta":{"origin":120327,"position":1},"title":"Isa\u00edas Ramos critica silencio de c\u00fapulas religiosas","author":"Nelson Feliz","date":"31 de julio de 2025","format":false,"excerpt":"Emplaza a la JCE a reglamentar participaci\u00f3n de candidatos independientes en 2028 El m\u00e9dico y dirigente del Frente C\u00edvico y Social, Dr. Isa\u00edas Ramos, arremeti\u00f3 contra las c\u00fapulas religiosas del pa\u00eds por su silencio ante lo que defini\u00f3 como una \u201cflagrante violaci\u00f3n a la Constituci\u00f3n\u201d, al tiempo que emplaz\u00f3 a\u2026","rel":"","context":"En \u00abPOLITICA\u00bb","block_context":{"text":"POLITICA","link":"https:\/\/lasprimeras.com.do\/index.php\/category\/politica\/"},"img":{"alt_text":"Isa\u00edas Ramos","src":"https:\/\/i0.wp.com\/lasprimeras.com.do\/wp-content\/uploads\/2025\/03\/Isaias-Ramos.jpg?resize=350%2C200&ssl=1","width":350,"height":200,"srcset":"https:\/\/i0.wp.com\/lasprimeras.com.do\/wp-content\/uploads\/2025\/03\/Isaias-Ramos.jpg?resize=350%2C200&ssl=1 1x, https:\/\/i0.wp.com\/lasprimeras.com.do\/wp-content\/uploads\/2025\/03\/Isaias-Ramos.jpg?resize=525%2C300&ssl=1 1.5x, https:\/\/i0.wp.com\/lasprimeras.com.do\/wp-content\/uploads\/2025\/03\/Isaias-Ramos.jpg?resize=700%2C400&ssl=1 2x"},"classes":[]},{"id":88353,"url":"https:\/\/lasprimeras.com.do\/index.php\/2024\/08\/26\/jce-aclara-hijos-de-extranjeros-que-residan-ilegalmente-en-rd-no-deben-registrarse-en-el-libro-de-extranjeria\/","url_meta":{"origin":120327,"position":2},"title":"JCE aclara hijos de extranjeros que residan ilegalmente en RD no deben registrarse en el Libro de Extranjer\u00eda","author":"Nelson Feliz","date":"26 de agosto de 2024","format":false,"excerpt":"La Junta Central Electoral, inform\u00f3 que conforme los art\u00edculos 18 y 25 de la Constituci\u00f3n de la Rep\u00fablica, los hijos e hijas de extranjeros que se hallen en tr\u00e1nsito o residan ilegalmente en territorio dominicano, no son dominicanos y tienen la obligaci\u00f3n de registrarse en el Libro de Extranjer\u00eda, cumpliendo\u2026","rel":"","context":"En \u00abNACIONALES\u00bb","block_context":{"text":"NACIONALES","link":"https:\/\/lasprimeras.com.do\/index.php\/category\/nacionales\/"},"img":{"alt_text":"JCE","src":"https:\/\/i0.wp.com\/lasprimeras.com.do\/wp-content\/uploads\/2024\/04\/img-Fachada-Normal-JCE-1.jpg?resize=350%2C200&ssl=1","width":350,"height":200,"srcset":"https:\/\/i0.wp.com\/lasprimeras.com.do\/wp-content\/uploads\/2024\/04\/img-Fachada-Normal-JCE-1.jpg?resize=350%2C200&ssl=1 1x, https:\/\/i0.wp.com\/lasprimeras.com.do\/wp-content\/uploads\/2024\/04\/img-Fachada-Normal-JCE-1.jpg?resize=525%2C300&ssl=1 1.5x, https:\/\/i0.wp.com\/lasprimeras.com.do\/wp-content\/uploads\/2024\/04\/img-Fachada-Normal-JCE-1.jpg?resize=700%2C400&ssl=1 2x"},"classes":[]},{"id":76160,"url":"https:\/\/lasprimeras.com.do\/index.php\/2024\/02\/07\/tc-ordena-a-la-jce-reconocer-a-camino-nuevo-como-partido-politico\/","url_meta":{"origin":120327,"position":3},"title":"TC ordena a la JCE reconocer a \u201cCamino Nuevo\u201d como partido pol\u00edtico","author":"Nelson Feliz","date":"7 de febrero de 2024","format":false,"excerpt":"El nuevo Tribunal Constitucional en su primera audiencia aprob\u00f3 que la organizaci\u00f3n \u201cCamino Nuevo\u201d que lidera Eglenin Morrison sea reconocida por la Junta Central Electoral como entidad pol\u00edtica, y que de esa forma pueda participar en los comicios presidenciales del pr\u00f3ximo mes de mayo. El organismo que preside el magistrado,\u2026","rel":"","context":"En \u00abNACIONALES\u00bb","block_context":{"text":"NACIONALES","link":"https:\/\/lasprimeras.com.do\/index.php\/category\/nacionales\/"},"img":{"alt_text":"Eglenin Morrison","src":"https:\/\/i0.wp.com\/lasprimeras.com.do\/wp-content\/uploads\/2024\/02\/Eglenin-Morrison.jpg?resize=350%2C200&ssl=1","width":350,"height":200,"srcset":"https:\/\/i0.wp.com\/lasprimeras.com.do\/wp-content\/uploads\/2024\/02\/Eglenin-Morrison.jpg?resize=350%2C200&ssl=1 1x, https:\/\/i0.wp.com\/lasprimeras.com.do\/wp-content\/uploads\/2024\/02\/Eglenin-Morrison.jpg?resize=525%2C300&ssl=1 1.5x, https:\/\/i0.wp.com\/lasprimeras.com.do\/wp-content\/uploads\/2024\/02\/Eglenin-Morrison.jpg?resize=700%2C400&ssl=1 2x"},"classes":[]},{"id":57752,"url":"https:\/\/lasprimeras.com.do\/index.php\/2023\/08\/15\/partidos-de-oposicion-se-pronuncian-contra-prohibicion-jce-sobre-eventos-y-propaganda-en-precampana\/","url_meta":{"origin":120327,"position":4},"title":"Partidos de oposici\u00f3n se pronuncian contra prohibici\u00f3n JCE sobre eventos y propaganda en precampa\u00f1a","author":"Nelson Feliz","date":"15 de agosto de 2023","format":false,"excerpt":"El Partido Revolucionario Dominicano (PRD), junto a la Fuerza del Pueblo (FP) y el Partido de la Liberaci\u00f3n Dominicana (PLD), deposit\u00f3 este lunes un documento ante la Junta Central Electoral (JCE) donde estas tres organizaciones opositoras manifiestan su rechazo al comunicado en el que \u00f3rgano de comicios advirti\u00f3 sobre la\u2026","rel":"","context":"En \u00abPORTADA\u00bb","block_context":{"text":"PORTADA","link":"https:\/\/lasprimeras.com.do\/index.php\/category\/portada\/"},"img":{"alt_text":"JCE","src":"https:\/\/i0.wp.com\/lasprimeras.com.do\/wp-content\/uploads\/2023\/07\/JCE.jpg?resize=350%2C200&ssl=1","width":350,"height":200,"srcset":"https:\/\/i0.wp.com\/lasprimeras.com.do\/wp-content\/uploads\/2023\/07\/JCE.jpg?resize=350%2C200&ssl=1 1x, https:\/\/i0.wp.com\/lasprimeras.com.do\/wp-content\/uploads\/2023\/07\/JCE.jpg?resize=525%2C300&ssl=1 1.5x, https:\/\/i0.wp.com\/lasprimeras.com.do\/wp-content\/uploads\/2023\/07\/JCE.jpg?resize=700%2C400&ssl=1 2x"},"classes":[]},{"id":50087,"url":"https:\/\/lasprimeras.com.do\/index.php\/2023\/05\/17\/ambiguedad-de-texto-legal-genero-interpretacion-sobre-reservas-de-candidaturas\/","url_meta":{"origin":120327,"position":5},"title":"Ambig\u00fcedad de texto legal gener\u00f3 interpretaci\u00f3n sobre reservas de candidaturas","author":"prenxa100","date":"17 de mayo de 2023","format":false,"excerpt":"Santo Domingo, RD.-. El conflicto que enfrenta a varios partidos con la Junta Central Electoral (JCE) por las aplicaci\u00f3n del 20 por ciento de reservas de candidaturas, ha surgido por la ambig\u00fcedad del art\u00edculo 58 de la ley 33-18, de partidos, agrupaciones y movimientos pol\u00edticos, que se presta a interpretaci\u00f3n.\u2026","rel":"","context":"En \u00abNACIONALES\u00bb","block_context":{"text":"NACIONALES","link":"https:\/\/lasprimeras.com.do\/index.php\/category\/nacionales\/"},"img":{"alt_text":"","src":"","width":0,"height":0},"classes":[]}],"jetpack_sharing_enabled":true,"_links":{"self":[{"href":"https:\/\/lasprimeras.com.do\/index.php\/wp-json\/wp\/v2\/posts\/120327","targetHints":{"allow":["GET"]}}],"collection":[{"href":"https:\/\/lasprimeras.com.do\/index.php\/wp-json\/wp\/v2\/posts"}],"about":[{"href":"https:\/\/lasprimeras.com.do\/index.php\/wp-json\/wp\/v2\/types\/post"}],"author":[{"embeddable":true,"href":"https:\/\/lasprimeras.com.do\/index.php\/wp-json\/wp\/v2\/users\/10"}],"replies":[{"embeddable":true,"href":"https:\/\/lasprimeras.com.do\/index.php\/wp-json\/wp\/v2\/comments?post=120327"}],"version-history":[{"count":1,"href":"https:\/\/lasprimeras.com.do\/index.php\/wp-json\/wp\/v2\/posts\/120327\/revisions"}],"predecessor-version":[{"id":120329,"href":"https:\/\/lasprimeras.com.do\/index.php\/wp-json\/wp\/v2\/posts\/120327\/revisions\/120329"}],"wp:featuredmedia":[{"embeddable":true,"href":"https:\/\/lasprimeras.com.do\/index.php\/wp-json\/wp\/v2\/media\/120328"}],"wp:attachment":[{"href":"https:\/\/lasprimeras.com.do\/index.php\/wp-json\/wp\/v2\/media?parent=120327"}],"wp:term":[{"taxonomy":"category","embeddable":true,"href":"https:\/\/lasprimeras.com.do\/index.php\/wp-json\/wp\/v2\/categories?post=120327"},{"taxonomy":"post_tag","embeddable":true,"href":"https:\/\/lasprimeras.com.do\/index.php\/wp-json\/wp\/v2\/tags?post=120327"}],"curies":[{"name":"wp","href":"https:\/\/api.w.org\/{rel}","templated":true}]}}