{"id":120358,"date":"2026-01-22T22:26:33","date_gmt":"2026-01-23T02:26:33","guid":{"rendered":"https:\/\/lasprimeras.com.do\/?p=120358"},"modified":"2026-01-22T22:26:35","modified_gmt":"2026-01-23T02:26:35","slug":"abinader-se-recupera-satisfactoriamente-y-retomara-agenda-oficial-este-viernes","status":"publish","type":"post","link":"https:\/\/lasprimeras.com.do\/index.php\/2026\/01\/22\/abinader-se-recupera-satisfactoriamente-y-retomara-agenda-oficial-este-viernes\/","title":{"rendered":"Abinader se recupera satisfactoriamente y retomar\u00e1 agenda oficial este viernes"},"content":{"rendered":"\n<p>La Direcci\u00f3n de Prensa del Presidente informa que el mandatario Luis Abinader Corona se encuentra en franca recuperaci\u00f3n del resfriado viral que le ha afectado desde la noche del pasado martes.<\/p>\n\n\n\n<p>A pesar del reposo recomendado, el jefe de Estado se ha mantenido activo en sus funciones constitucionales desde su residencia, manteniendo contacto permanente con diversos funcionarios del gabinete para supervisar y dar seguimiento a las acciones prioritarias del Gobierno.<\/p>\n\n\n\n<p><strong>Reactivaci\u00f3n de actividades<\/strong><\/p>\n\n\n\n<p>El director de Prensa, Alberto Caminero, comunic\u00f3 que el presidente Abinader tiene previsto reactivar sus actividades oficiales de manera presencial a partir de ma\u00f1ana viernes y durante todo el fin de semana, retomando los compromisos de su agenda de trabajo.<\/p>\n\n\n\n<p><strong>Agradecimiento<\/strong><\/p>\n\n\n\n<p>El mandatario expres\u00f3 su gratitud hacia el pueblo dominicano y los miembros de los medios de comunicaci\u00f3n por las muestras de afecto, solidaridad y por mantenerse atentos a la evoluci\u00f3n de su estado de salud.<\/p>\n","protected":false},"excerpt":{"rendered":"<p>Luis Abinader<\/p>\n","protected":false},"author":10,"featured_media":113757,"comment_status":"open","ping_status":"open","sticky":false,"template":"","format":"standard","meta":{"content-type":"","jetpack_post_was_ever_published":false,"_jetpack_newsletter_access":"","_jetpack_dont_email_post_to_subs":false,"_jetpack_newsletter_tier_id":0,"_jetpack_memberships_contains_paywalled_content":false,"_jetpack_memberships_contains_paid_content":false,"footnotes":""},"categories":[25,16558],"tags":[29662,67,3373,14375],"class_list":["post-120358","post","type-post","status-publish","format-standard","has-post-thumbnail","hentry","category-portada","category-salud","tag-agenda-oficial","tag-luis-abinader","tag-satisfactoriamente","tag-se-recupera"],"jetpack_featured_media_url":"https:\/\/lasprimeras.com.do\/wp-content\/uploads\/2025\/11\/Luis-Abinader-1.jpg","jetpack-related-posts":[{"id":90543,"url":"https:\/\/lasprimeras.com.do\/index.php\/2024\/10\/23\/presidente-abinader-retoma-actividades-de-fin-de-semana\/","url_meta":{"origin":120358,"position":0},"title":"Presidente Abinader retoma actividades de fin de semana","author":"Nelson Feliz","date":"23 de octubre de 2024","format":false,"excerpt":"El mandatario estar\u00e1 viernes y s\u00e1bado en el Gran Santo Domingo, El Seibo y San Pedro de Macor\u00eds. El presidente Luis Abinader retomar\u00e1 este fin de semana una amplia agenda de inauguraciones, entrega de t\u00edtulos y apartamentos y un primer palazo para obras del sector turismo. Las mismas tendr\u00e1n lugar\u2026","rel":"","context":"En \u00abNACIONALES\u00bb","block_context":{"text":"NACIONALES","link":"https:\/\/lasprimeras.com.do\/index.php\/category\/nacionales\/"},"img":{"alt_text":"Luis Abinader","src":"https:\/\/i0.wp.com\/lasprimeras.com.do\/wp-content\/uploads\/2024\/10\/Luis-Abinader-c.jpg?resize=350%2C200&ssl=1","width":350,"height":200,"srcset":"https:\/\/i0.wp.com\/lasprimeras.com.do\/wp-content\/uploads\/2024\/10\/Luis-Abinader-c.jpg?resize=350%2C200&ssl=1 1x, https:\/\/i0.wp.com\/lasprimeras.com.do\/wp-content\/uploads\/2024\/10\/Luis-Abinader-c.jpg?resize=525%2C300&ssl=1 1.5x, https:\/\/i0.wp.com\/lasprimeras.com.do\/wp-content\/uploads\/2024\/10\/Luis-Abinader-c.jpg?resize=700%2C400&ssl=1 2x"},"classes":[]},{"id":123906,"url":"https:\/\/lasprimeras.com.do\/index.php\/2026\/03\/06\/abinader-en-miami-agenda-para-la-cumbre-convocada-por-trump-este-sabado\/","url_meta":{"origin":120358,"position":1},"title":"Abinader en Miami: Agenda para la cumbre convocada por Trump este s\u00e1bado","author":"Nelson Feliz","date":"6 de marzo de 2026","format":false,"excerpt":"Director de Prensa del presidente detalla agenda de Abinader en cumbre de alto nivel convocada por Donald Trump en Miami para este s\u00e1bado Miami. \u2013 El director de Prensa del presidente, Alberto Caminero, inform\u00f3 este viernes sobre la agenda que desarrollar\u00e1 el presidente Luis Abinader durante la cumbre de alto\u2026","rel":"","context":"En \u00abNACIONALES\u00bb","block_context":{"text":"NACIONALES","link":"https:\/\/lasprimeras.com.do\/index.php\/category\/nacionales\/"},"img":{"alt_text":"Alberto Caminero,","src":"https:\/\/i0.wp.com\/lasprimeras.com.do\/wp-content\/uploads\/2026\/03\/Alberto-Caminero-1.jpg?resize=350%2C200&ssl=1","width":350,"height":200,"srcset":"https:\/\/i0.wp.com\/lasprimeras.com.do\/wp-content\/uploads\/2026\/03\/Alberto-Caminero-1.jpg?resize=350%2C200&ssl=1 1x, https:\/\/i0.wp.com\/lasprimeras.com.do\/wp-content\/uploads\/2026\/03\/Alberto-Caminero-1.jpg?resize=525%2C300&ssl=1 1.5x, https:\/\/i0.wp.com\/lasprimeras.com.do\/wp-content\/uploads\/2026\/03\/Alberto-Caminero-1.jpg?resize=700%2C400&ssl=1 2x"},"classes":[]},{"id":122097,"url":"https:\/\/lasprimeras.com.do\/index.php\/2026\/02\/13\/luis-abinader-desarrollara-agenda-internacional-en-marzo\/","url_meta":{"origin":120358,"position":2},"title":"Luis Abinader desarrollar\u00e1 agenda internacional en marzo","author":"Nelson Feliz","date":"13 de febrero de 2026","format":false,"excerpt":"El director de Prensa del Presidente, Carlos Alberto Caminero, inform\u00f3 que el presidente Luis Abinader agotar\u00e1 una agenda internacional en el mes de marzo que incluye tres encuentros de alto nivel, en los que sostendr\u00e1 reuniones con los presidentes de Estados Unidos, Donald Trump; de Chile, Jos\u00e9 Antonio Kast; y\u2026","rel":"","context":"En \u00abNACIONALES\u00bb","block_context":{"text":"NACIONALES","link":"https:\/\/lasprimeras.com.do\/index.php\/category\/nacionales\/"},"img":{"alt_text":"","src":"https:\/\/i0.wp.com\/lasprimeras.com.do\/wp-content\/uploads\/2026\/01\/Luis-Abinader-2.jpg?resize=350%2C200&ssl=1","width":350,"height":200,"srcset":"https:\/\/i0.wp.com\/lasprimeras.com.do\/wp-content\/uploads\/2026\/01\/Luis-Abinader-2.jpg?resize=350%2C200&ssl=1 1x, https:\/\/i0.wp.com\/lasprimeras.com.do\/wp-content\/uploads\/2026\/01\/Luis-Abinader-2.jpg?resize=525%2C300&ssl=1 1.5x, https:\/\/i0.wp.com\/lasprimeras.com.do\/wp-content\/uploads\/2026\/01\/Luis-Abinader-2.jpg?resize=700%2C400&ssl=1 2x"},"classes":[]},{"id":126226,"url":"https:\/\/lasprimeras.com.do\/index.php\/2026\/03\/31\/abinader-redobla-actividades-en-semana-santa\/","url_meta":{"origin":120358,"position":3},"title":"Abinader redobla actividades en Semana Santa","author":"Nelson Feliz","date":"31 de marzo de 2026","format":false,"excerpt":"Encabezar\u00e1 ma\u00f1ana martes cuatro actos oficiales en Distrito Nacional y Saman\u00e1 El presidente Luis Abinader intensificar\u00e1 su agenda de trabajo durante el periodo de Semana Santa, con la programaci\u00f3n de cuatro actos oficiales que se llevar\u00e1n a cabo este martes entre el Distrito Nacional y la provincia de Saman\u00e1. La\u2026","rel":"","context":"En \u00abNACIONALES\u00bb","block_context":{"text":"NACIONALES","link":"https:\/\/lasprimeras.com.do\/index.php\/category\/nacionales\/"},"img":{"alt_text":"","src":"https:\/\/i0.wp.com\/lasprimeras.com.do\/wp-content\/uploads\/2026\/03\/Luis-Abinader-15.jpg?resize=350%2C200&ssl=1","width":350,"height":200,"srcset":"https:\/\/i0.wp.com\/lasprimeras.com.do\/wp-content\/uploads\/2026\/03\/Luis-Abinader-15.jpg?resize=350%2C200&ssl=1 1x, https:\/\/i0.wp.com\/lasprimeras.com.do\/wp-content\/uploads\/2026\/03\/Luis-Abinader-15.jpg?resize=525%2C300&ssl=1 1.5x, https:\/\/i0.wp.com\/lasprimeras.com.do\/wp-content\/uploads\/2026\/03\/Luis-Abinader-15.jpg?resize=700%2C400&ssl=1 2x"},"classes":[]},{"id":124287,"url":"https:\/\/lasprimeras.com.do\/index.php\/2026\/03\/10\/abinader-viaja-a-chile-para-transmision-de-mando-del-mandatario-electo-jose-antonio-kast-rist\/","url_meta":{"origin":120358,"position":4},"title":"Abinader viaja a Chile para transmisi\u00f3n de mando del mandatario electo Jos\u00e9 Antonio Kast Rist","author":"Nelson Feliz","date":"10 de marzo de 2026","format":false,"excerpt":"El presidente Luis Abinader sali\u00f3 este martes a la Rep\u00fablica de Chile para participar en los actos oficiales de la transmisi\u00f3n de mando presidencial de esa naci\u00f3n sudamericana, donde asumir\u00e1 el nuevo mandatario chileno, Jos\u00e9 Antonio Kast Rist. A su llegada a territorio chileno como parte de la agenda oficial,\u2026","rel":"","context":"En \u00abNACIONALES\u00bb","block_context":{"text":"NACIONALES","link":"https:\/\/lasprimeras.com.do\/index.php\/category\/nacionales\/"},"img":{"alt_text":"Luis Abinader","src":"https:\/\/i0.wp.com\/lasprimeras.com.do\/wp-content\/uploads\/2026\/03\/Luis-Abinader-7.jpg?resize=350%2C200&ssl=1","width":350,"height":200,"srcset":"https:\/\/i0.wp.com\/lasprimeras.com.do\/wp-content\/uploads\/2026\/03\/Luis-Abinader-7.jpg?resize=350%2C200&ssl=1 1x, https:\/\/i0.wp.com\/lasprimeras.com.do\/wp-content\/uploads\/2026\/03\/Luis-Abinader-7.jpg?resize=525%2C300&ssl=1 1.5x, https:\/\/i0.wp.com\/lasprimeras.com.do\/wp-content\/uploads\/2026\/03\/Luis-Abinader-7.jpg?resize=700%2C400&ssl=1 2x"},"classes":[]},{"id":125387,"url":"https:\/\/lasprimeras.com.do\/index.php\/2026\/03\/22\/presidente-abinader-viaja-este-lunes-a-paris-se-reunira-con-su-homologo-emmanuel-macron\/","url_meta":{"origin":120358,"position":5},"title":"Presidente Abinader viaja este lunes a Par\u00eds se reunir\u00e1 con su hom\u00f3logo Emmanuel Macron","author":"Nelson Feliz","date":"22 de marzo de 2026","format":false,"excerpt":"Mandatario participar\u00e1 en Foro Global Anticorrupci\u00f3n de la OCDE y promover\u00e1 nuevas oportunidades de inversi\u00f3n con empresas francesas; se reunir\u00e1 con dominicanos organizados en diversos sectores en ese pa\u00eds Par\u00eds, Francia.\u2013 El presidente Luis Abinader viaja este lunes a Par\u00eds para desarrollar una agenda oficial de dos d\u00edas que incluye\u2026","rel":"","context":"En \u00abNACIONALES\u00bb","block_context":{"text":"NACIONALES","link":"https:\/\/lasprimeras.com.do\/index.php\/category\/nacionales\/"},"img":{"alt_text":"Luis Abinader","src":"https:\/\/i0.wp.com\/lasprimeras.com.do\/wp-content\/uploads\/2023\/07\/Luis-Abinader-viaja.jpg?resize=350%2C200&ssl=1","width":350,"height":200,"srcset":"https:\/\/i0.wp.com\/lasprimeras.com.do\/wp-content\/uploads\/2023\/07\/Luis-Abinader-viaja.jpg?resize=350%2C200&ssl=1 1x, https:\/\/i0.wp.com\/lasprimeras.com.do\/wp-content\/uploads\/2023\/07\/Luis-Abinader-viaja.jpg?resize=525%2C300&ssl=1 1.5x, https:\/\/i0.wp.com\/lasprimeras.com.do\/wp-content\/uploads\/2023\/07\/Luis-Abinader-viaja.jpg?resize=700%2C400&ssl=1 2x"},"classes":[]}],"jetpack_sharing_enabled":true,"_links":{"self":[{"href":"https:\/\/lasprimeras.com.do\/index.php\/wp-json\/wp\/v2\/posts\/120358","targetHints":{"allow":["GET"]}}],"collection":[{"href":"https:\/\/lasprimeras.com.do\/index.php\/wp-json\/wp\/v2\/posts"}],"about":[{"href":"https:\/\/lasprimeras.com.do\/index.php\/wp-json\/wp\/v2\/types\/post"}],"author":[{"embeddable":true,"href":"https:\/\/lasprimeras.com.do\/index.php\/wp-json\/wp\/v2\/users\/10"}],"replies":[{"embeddable":true,"href":"https:\/\/lasprimeras.com.do\/index.php\/wp-json\/wp\/v2\/comments?post=120358"}],"version-history":[{"count":1,"href":"https:\/\/lasprimeras.com.do\/index.php\/wp-json\/wp\/v2\/posts\/120358\/revisions"}],"predecessor-version":[{"id":120359,"href":"https:\/\/lasprimeras.com.do\/index.php\/wp-json\/wp\/v2\/posts\/120358\/revisions\/120359"}],"wp:featuredmedia":[{"embeddable":true,"href":"https:\/\/lasprimeras.com.do\/index.php\/wp-json\/wp\/v2\/media\/113757"}],"wp:attachment":[{"href":"https:\/\/lasprimeras.com.do\/index.php\/wp-json\/wp\/v2\/media?parent=120358"}],"wp:term":[{"taxonomy":"category","embeddable":true,"href":"https:\/\/lasprimeras.com.do\/index.php\/wp-json\/wp\/v2\/categories?post=120358"},{"taxonomy":"post_tag","embeddable":true,"href":"https:\/\/lasprimeras.com.do\/index.php\/wp-json\/wp\/v2\/tags?post=120358"}],"curies":[{"name":"wp","href":"https:\/\/api.w.org\/{rel}","templated":true}]}}