{"id":120374,"date":"2026-01-23T08:13:28","date_gmt":"2026-01-23T12:13:28","guid":{"rendered":"https:\/\/lasprimeras.com.do\/?p=120374"},"modified":"2026-01-23T08:13:31","modified_gmt":"2026-01-23T12:13:31","slug":"caasd-inaugurara-saneamiento-de-la-canada-los-peralejos-con-la-presencia-del-presidente-abinader","status":"publish","type":"post","link":"https:\/\/lasprimeras.com.do\/index.php\/2026\/01\/23\/caasd-inaugurara-saneamiento-de-la-canada-los-peralejos-con-la-presencia-del-presidente-abinader\/","title":{"rendered":"CAASD inaugurar\u00e1 saneamiento de la ca\u00f1ada Los Peralejos, con la presencia del presidente Abinader"},"content":{"rendered":"\n<p>La Corporaci\u00f3n del Acueducto y Alcantarillado de Santo Domingo (CAASD) inaugurara hoy el saneamiento pluvial y sanitario de la ca\u00f1ada Los Peralejos, un proyecto clave para mejorar la calidad de vida de los residentes de la zona.<\/p>\n\n\n\n<p>El acto contar\u00e1 con la presencia del presidente de la Rep\u00fablica Dominicana, Luis Abinader Corona, y se llevar\u00e1 a cabo el viernes 23 de enero de 2026 a las 4:00 p.m.<\/p>\n\n\n\n<p>Esta obra es parte de los esfuerzos de la CAASD para mejorar la infraestructura de saneamiento y proteger el medio ambiente en la regi\u00f3n.<\/p>\n","protected":false},"excerpt":{"rendered":"<p>La Corporaci\u00f3n del Acueducto y Alcantarillado de Santo Domingo (CAASD) inaugurara hoy el saneamiento pluvial y sanitario de la ca\u00f1ada Los Peralejos, un proyecto clave para mejorar la calidad de&hellip;<\/p>\n","protected":false},"author":10,"featured_media":97743,"comment_status":"open","ping_status":"open","sticky":false,"template":"","format":"standard","meta":{"content-type":"","jetpack_post_was_ever_published":false,"_jetpack_newsletter_access":"","_jetpack_dont_email_post_to_subs":false,"_jetpack_newsletter_tier_id":0,"_jetpack_memberships_contains_paywalled_content":false,"_jetpack_memberships_contains_paid_content":false,"footnotes":""},"categories":[35,25],"tags":[697,3630,2200,7049,67],"class_list":["post-120374","post","type-post","status-publish","format-standard","has-post-thumbnail","hentry","category-nacionales","category-portada","tag-caasd","tag-canada","tag-fellito-subervi","tag-los-peralejos","tag-luis-abinader"],"jetpack_featured_media_url":"https:\/\/lasprimeras.com.do\/wp-content\/uploads\/2025\/04\/Director-de-la-CAASD-en-la-canada-de-Guajimia-3.jpg","jetpack-related-posts":[{"id":121066,"url":"https:\/\/lasprimeras.com.do\/index.php\/2026\/01\/31\/intervencion-fue-ejecutada-con-una-inversion-superior-a-los-rd223-millones\/","url_meta":{"origin":120374,"position":0},"title":"Intervenci\u00f3n fue ejecutada con una inversi\u00f3n superior a los RD$223 millones","author":"Nelson Feliz","date":"31 de enero de 2026","format":false,"excerpt":"El presidente Luis Abinader, junto al director general de la Corporaci\u00f3n del Acueducto y Alcantarillado de Santo Domingo (CAASD), Fellito Suberv\u00ed, entreg\u00f3 completamente saneada la ca\u00f1ada Los Peralejos, con una inversi\u00f3n superior a RD$223 millones. El ingeniero Suberv\u00ed inform\u00f3 que el proyecto incluy\u00f3 el encajonamiento de la ca\u00f1ada, la colocaci\u00f3n\u2026","rel":"","context":"En \u00abECONOM\u00cdA\u00bb","block_context":{"text":"ECONOM\u00cdA","link":"https:\/\/lasprimeras.com.do\/index.php\/category\/economia\/"},"img":{"alt_text":"","src":"https:\/\/i0.wp.com\/lasprimeras.com.do\/wp-content\/uploads\/2026\/01\/caasd-3.jpg?resize=350%2C200&ssl=1","width":350,"height":200,"srcset":"https:\/\/i0.wp.com\/lasprimeras.com.do\/wp-content\/uploads\/2026\/01\/caasd-3.jpg?resize=350%2C200&ssl=1 1x, https:\/\/i0.wp.com\/lasprimeras.com.do\/wp-content\/uploads\/2026\/01\/caasd-3.jpg?resize=525%2C300&ssl=1 1.5x, https:\/\/i0.wp.com\/lasprimeras.com.do\/wp-content\/uploads\/2026\/01\/caasd-3.jpg?resize=700%2C400&ssl=1 2x"},"classes":[]},{"id":124065,"url":"https:\/\/lasprimeras.com.do\/index.php\/2026\/03\/08\/caasd-asfalta-5000-metros-cuadrados-en-el-gran-santo-domingo-en-primeros-dos-meses-de-2026\/","url_meta":{"origin":120374,"position":1},"title":"CAASD asfalta 5,000 metros cuadrados en el Gran Santo Domingo en primeros dos meses de 2026","author":"Nelson Feliz","date":"8 de marzo de 2026","format":false,"excerpt":"Felipe -Fellito- Suberv\u00ed dice que adem\u00e1s de la instalaci\u00f3n de nuevas tuber\u00edas y correcci\u00f3n de aver\u00edas, la CAASD se ocupa de embellecer y, cuidar en ornato y la salud visual de los sectores intervenidos Durante los meses de enero y febrero de 2026, la Corporaci\u00f3n del Acueducto y Alcantarillado de\u2026","rel":"","context":"En \u00abNACIONALES\u00bb","block_context":{"text":"NACIONALES","link":"https:\/\/lasprimeras.com.do\/index.php\/category\/nacionales\/"},"img":{"alt_text":"","src":"https:\/\/i0.wp.com\/lasprimeras.com.do\/wp-content\/uploads\/2026\/03\/CAASD-3.jpg?resize=350%2C200&ssl=1","width":350,"height":200,"srcset":"https:\/\/i0.wp.com\/lasprimeras.com.do\/wp-content\/uploads\/2026\/03\/CAASD-3.jpg?resize=350%2C200&ssl=1 1x, https:\/\/i0.wp.com\/lasprimeras.com.do\/wp-content\/uploads\/2026\/03\/CAASD-3.jpg?resize=525%2C300&ssl=1 1.5x, https:\/\/i0.wp.com\/lasprimeras.com.do\/wp-content\/uploads\/2026\/03\/CAASD-3.jpg?resize=700%2C400&ssl=1 2x"},"classes":[]},{"id":127905,"url":"https:\/\/lasprimeras.com.do\/index.php\/2026\/04\/17\/subervi-destaca-que-las-zonas-intervenidas-por-la-caasd-no-se-inundaron-con-las-ultimas-lluvias\/","url_meta":{"origin":120374,"position":2},"title":"Suberv\u00ed destaca que las zonas intervenidas por la CAASD no se inundaron con las \u00faltimas lluvias","author":"Nelson Feliz","date":"17 de abril de 2026","format":false,"excerpt":"En el marco de la celebraci\u00f3n del 53 aniversario de la Corporaci\u00f3n del Acueducto y Alcantarillado de Santo Domingo (CAASD), el ingeniero Felipe - =Fellito Suberv\u00ed= destac\u00f3 los avances logrados durante cinco a\u00f1os de gesti\u00f3n que han transformado ca\u00f1adas, mejorado drenajes y reforzado el sistema de agua potable en el\u2026","rel":"","context":"En \u00abNACIONALES\u00bb","block_context":{"text":"NACIONALES","link":"https:\/\/lasprimeras.com.do\/index.php\/category\/nacionales\/"},"img":{"alt_text":"","src":"https:\/\/i0.wp.com\/lasprimeras.com.do\/wp-content\/uploads\/2026\/04\/IMG-20260416-WA1146.jpg?resize=350%2C200&ssl=1","width":350,"height":200,"srcset":"https:\/\/i0.wp.com\/lasprimeras.com.do\/wp-content\/uploads\/2026\/04\/IMG-20260416-WA1146.jpg?resize=350%2C200&ssl=1 1x, https:\/\/i0.wp.com\/lasprimeras.com.do\/wp-content\/uploads\/2026\/04\/IMG-20260416-WA1146.jpg?resize=525%2C300&ssl=1 1.5x, https:\/\/i0.wp.com\/lasprimeras.com.do\/wp-content\/uploads\/2026\/04\/IMG-20260416-WA1146.jpg?resize=700%2C400&ssl=1 2x, https:\/\/i0.wp.com\/lasprimeras.com.do\/wp-content\/uploads\/2026\/04\/IMG-20260416-WA1146.jpg?resize=1050%2C600&ssl=1 3x, https:\/\/i0.wp.com\/lasprimeras.com.do\/wp-content\/uploads\/2026\/04\/IMG-20260416-WA1146.jpg?resize=1400%2C800&ssl=1 4x"},"classes":[]},{"id":114677,"url":"https:\/\/lasprimeras.com.do\/index.php\/2025\/11\/16\/fellito-subervi-supervisa-avances-en-trabajos-canada-guajimia\/","url_meta":{"origin":120374,"position":3},"title":"Fellito Suberv\u00ed supervisa avances en trabajos ca\u00f1ada Guajim\u00eda","author":"Nelson Feliz","date":"16 de noviembre de 2025","format":false,"excerpt":"Asegura que, para mediados de 2026, la importante ca\u00f1ada ser\u00e1 entregada, beneficiando a m\u00e1s de 350 mil personas El director general de la Corporaci\u00f3n del Acueducto y Alcantarillado de Santo Domingo (CAASD), ingeniero Fellito Suberv\u00ed, realiz\u00f3 un recorrido de supervisi\u00f3n de los trabajos de saneamiento de la ca\u00f1ada Guajim\u00eda, que\u2026","rel":"","context":"En \u00abNACIONALES\u00bb","block_context":{"text":"NACIONALES","link":"https:\/\/lasprimeras.com.do\/index.php\/category\/nacionales\/"},"img":{"alt_text":"","src":"https:\/\/i0.wp.com\/lasprimeras.com.do\/wp-content\/uploads\/2025\/11\/El-director-de-la-CAASD-en-Guajimia-2.jpg?resize=350%2C200&ssl=1","width":350,"height":200,"srcset":"https:\/\/i0.wp.com\/lasprimeras.com.do\/wp-content\/uploads\/2025\/11\/El-director-de-la-CAASD-en-Guajimia-2.jpg?resize=350%2C200&ssl=1 1x, https:\/\/i0.wp.com\/lasprimeras.com.do\/wp-content\/uploads\/2025\/11\/El-director-de-la-CAASD-en-Guajimia-2.jpg?resize=525%2C300&ssl=1 1.5x, https:\/\/i0.wp.com\/lasprimeras.com.do\/wp-content\/uploads\/2025\/11\/El-director-de-la-CAASD-en-Guajimia-2.jpg?resize=700%2C400&ssl=1 2x"},"classes":[]},{"id":105119,"url":"https:\/\/lasprimeras.com.do\/index.php\/2025\/07\/30\/caasd-avanza-trabajos-de-saneamiento-canada-los-girasoles\/","url_meta":{"origin":120374,"position":4},"title":"CAASD avanza trabajos de saneamiento ca\u00f1ada Los Girasoles","author":"Nelson Feliz","date":"30 de julio de 2025","format":false,"excerpt":"Actualmente, los ingenieros supervisan el acondicionamiento del afluente, armado de zapata, muros, losas, vaciado y canales tipo caj\u00f3n. La Corporaci\u00f3n del Acueducto y Alcantarillado de Santo Domingo (CAASD) inform\u00f3 que se encuentra trabajando en la construcci\u00f3n del caj\u00f3n del tramo A de la ca\u00f1ada Los Girasoles para su saneamiento definitivo,\u2026","rel":"","context":"En \u00abNACIONALES\u00bb","block_context":{"text":"NACIONALES","link":"https:\/\/lasprimeras.com.do\/index.php\/category\/nacionales\/"},"img":{"alt_text":"","src":"https:\/\/i0.wp.com\/lasprimeras.com.do\/wp-content\/uploads\/2025\/07\/saneamiento-canada.jpg?resize=350%2C200&ssl=1","width":350,"height":200,"srcset":"https:\/\/i0.wp.com\/lasprimeras.com.do\/wp-content\/uploads\/2025\/07\/saneamiento-canada.jpg?resize=350%2C200&ssl=1 1x, https:\/\/i0.wp.com\/lasprimeras.com.do\/wp-content\/uploads\/2025\/07\/saneamiento-canada.jpg?resize=525%2C300&ssl=1 1.5x, https:\/\/i0.wp.com\/lasprimeras.com.do\/wp-content\/uploads\/2025\/07\/saneamiento-canada.jpg?resize=700%2C400&ssl=1 2x"},"classes":[]},{"id":112871,"url":"https:\/\/lasprimeras.com.do\/index.php\/2025\/10\/27\/presidente-abinader-destaca-saneamiento-de-canadas-salva-vidas\/","url_meta":{"origin":120374,"position":5},"title":"Presidente Abinader destaca saneamiento de ca\u00f1adas salva vidas","author":"Nelson Feliz","date":"27 de octubre de 2025","format":false,"excerpt":"CAASD entrega 20 ca\u00f1adas en el GSD con inversi\u00f3n superior a RD$2,800,901,708.08 millones, impactando directamente a m\u00e1s de 461,500 personas. \u201cEs la acci\u00f3n m\u00e1s importante que se puede hacer para evitar muertes durante estas inundaciones\u201d, manifiesta el jefe de Estado al rendir informe tras paso tormenta Melissa. El presidente Luis\u2026","rel":"","context":"En \u00abECONOM\u00cdA\u00bb","block_context":{"text":"ECONOM\u00cdA","link":"https:\/\/lasprimeras.com.do\/index.php\/category\/economia\/"},"img":{"alt_text":"","src":"https:\/\/i0.wp.com\/lasprimeras.com.do\/wp-content\/uploads\/2025\/10\/fellito.jpg?resize=350%2C200&ssl=1","width":350,"height":200,"srcset":"https:\/\/i0.wp.com\/lasprimeras.com.do\/wp-content\/uploads\/2025\/10\/fellito.jpg?resize=350%2C200&ssl=1 1x, https:\/\/i0.wp.com\/lasprimeras.com.do\/wp-content\/uploads\/2025\/10\/fellito.jpg?resize=525%2C300&ssl=1 1.5x, https:\/\/i0.wp.com\/lasprimeras.com.do\/wp-content\/uploads\/2025\/10\/fellito.jpg?resize=700%2C400&ssl=1 2x"},"classes":[]}],"jetpack_sharing_enabled":true,"_links":{"self":[{"href":"https:\/\/lasprimeras.com.do\/index.php\/wp-json\/wp\/v2\/posts\/120374","targetHints":{"allow":["GET"]}}],"collection":[{"href":"https:\/\/lasprimeras.com.do\/index.php\/wp-json\/wp\/v2\/posts"}],"about":[{"href":"https:\/\/lasprimeras.com.do\/index.php\/wp-json\/wp\/v2\/types\/post"}],"author":[{"embeddable":true,"href":"https:\/\/lasprimeras.com.do\/index.php\/wp-json\/wp\/v2\/users\/10"}],"replies":[{"embeddable":true,"href":"https:\/\/lasprimeras.com.do\/index.php\/wp-json\/wp\/v2\/comments?post=120374"}],"version-history":[{"count":1,"href":"https:\/\/lasprimeras.com.do\/index.php\/wp-json\/wp\/v2\/posts\/120374\/revisions"}],"predecessor-version":[{"id":120375,"href":"https:\/\/lasprimeras.com.do\/index.php\/wp-json\/wp\/v2\/posts\/120374\/revisions\/120375"}],"wp:featuredmedia":[{"embeddable":true,"href":"https:\/\/lasprimeras.com.do\/index.php\/wp-json\/wp\/v2\/media\/97743"}],"wp:attachment":[{"href":"https:\/\/lasprimeras.com.do\/index.php\/wp-json\/wp\/v2\/media?parent=120374"}],"wp:term":[{"taxonomy":"category","embeddable":true,"href":"https:\/\/lasprimeras.com.do\/index.php\/wp-json\/wp\/v2\/categories?post=120374"},{"taxonomy":"post_tag","embeddable":true,"href":"https:\/\/lasprimeras.com.do\/index.php\/wp-json\/wp\/v2\/tags?post=120374"}],"curies":[{"name":"wp","href":"https:\/\/api.w.org\/{rel}","templated":true}]}}