{"id":120398,"date":"2026-01-23T09:49:12","date_gmt":"2026-01-23T13:49:12","guid":{"rendered":"https:\/\/lasprimeras.com.do\/?p=120398"},"modified":"2026-01-23T09:49:15","modified_gmt":"2026-01-23T13:49:15","slug":"dominguez-brito-la-corrupcion-es-el-pecado-social-que-mas-duele-al-pueblo-dominicano","status":"publish","type":"post","link":"https:\/\/lasprimeras.com.do\/index.php\/2026\/01\/23\/dominguez-brito-la-corrupcion-es-el-pecado-social-que-mas-duele-al-pueblo-dominicano\/","title":{"rendered":"Dom\u00ednguez Brito: La corrupci\u00f3n es el pecado social que m\u00e1s duele al pueblo dominicano"},"content":{"rendered":"\n<p>El precandidato presidencial por el Partido de la Liberaci\u00f3n Dominicana (PLD), Francisco Dom\u00ednguez Brito, valor\u00f3 la carta pastoral emitida por la Conferencia del Episcopado Dominicano y los pronunciamientos realizados con motivo del &#8220;D\u00eda de Nuestra Se\u00f1ora de la Altagracia &#8221; , destacando el llamado firme de la Iglesia a la conciencia nacional frente a la corrupci\u00f3n y la indiferencia social.<\/p>\n\n\n\n<p>\u201cCuando los obispos hablan con claridad, el pa\u00eds entero debe escuchar. Sus palabras recogen el sentimiento de millones de dominicanos que trabajan con honestidad, pero sienten que la impunidad contin\u00faa premiando a los mismos de siempre\u201d, expres\u00f3 Francisco Dom\u00ednguez Brito.<\/p>\n\n\n\n<p>El aspirante presidencial subray\u00f3 que la corrupci\u00f3n no es un concepto abstracto, sino una realidad que impacta directamente la vida de la gente.<\/p>\n\n\n\n<p>\u201cLa corrupci\u00f3n se traduce en hospitales sin medicamentos, escuelas sin calidad, obras sobrevaluadas y familias que pierden la esperanza. Es un robo directo al futuro de nuestros j\u00f3venes\u201d, afirm\u00f3.<\/p>\n\n\n\n<p>Francisco Dom\u00ednguez Brito llam\u00f3 a asumir este mensaje como una causa nacional que trascienda partidos pol\u00edticos e intereses particulares.<\/p>\n\n\n\n<p>\u201cNo basta con indignarnos ante cada esc\u00e1ndalo. Es necesario transformar el sistema que permite la impunidad y aplicar sanciones ejemplares a quienes traicionan la confianza p\u00fablica\u201d, sostuvo.<\/p>\n","protected":false},"excerpt":{"rendered":"<p>El precandidato presidencial por el Partido de la Liberaci\u00f3n Dominicana (PLD), Francisco Dom\u00ednguez Brito, valor\u00f3 la carta pastoral emitida por la Conferencia del Episcopado Dominicano y los pronunciamientos realizados con&hellip;<\/p>\n","protected":false},"author":10,"featured_media":100881,"comment_status":"open","ping_status":"open","sticky":false,"template":"","format":"standard","meta":{"content-type":"","jetpack_post_was_ever_published":false,"_jetpack_newsletter_access":"","_jetpack_dont_email_post_to_subs":false,"_jetpack_newsletter_tier_id":0,"_jetpack_memberships_contains_paywalled_content":false,"_jetpack_memberships_contains_paid_content":false,"footnotes":""},"categories":[16559,25],"tags":[1841,29669,7940,11483],"class_list":["post-120398","post","type-post","status-publish","format-standard","has-post-thumbnail","hentry","category-politica","category-portada","tag-corrupcion","tag-duele","tag-francisco-dominguez-brito","tag-pueblo-dominicano"],"jetpack_featured_media_url":"https:\/\/lasprimeras.com.do\/wp-content\/uploads\/2025\/06\/Francisco-Dominguez-Brito.jpg","jetpack-related-posts":[{"id":98832,"url":"https:\/\/lasprimeras.com.do\/index.php\/2025\/05\/13\/dominguez-brito-para-que-cumbre-si-lo-que-hiede-es-la-corrupcion-en-la-frontera-de-politicos-y-militares\/","url_meta":{"origin":120398,"position":0},"title":"Dom\u00ednguez Brito: \u201c\u00bfPara qu\u00e9 cumbre, si lo que hiede es la corrupci\u00f3n en la frontera de pol\u00edticos y militares?\u201d","author":"Nelson Feliz","date":"13 de mayo de 2025","format":false,"excerpt":"El ex Procurador General de la Rep\u00fablica, Francisco Dom\u00ednguez Brito, cuestion\u00f3 con firmeza la realizaci\u00f3n de cumbres y el encuentro con expresidentes sobre la crisis fronteriza y la migraci\u00f3n haitiana desordenada, cuando el verdadero problema sigue sin enfrentarse: \u201cLa corrupci\u00f3n enquistada entre pol\u00edticos y militares en consulados y fronteras. \u201c\u00bfDe\u2026","rel":"","context":"En \u00abPOLITICA\u00bb","block_context":{"text":"POLITICA","link":"https:\/\/lasprimeras.com.do\/index.php\/category\/politica\/"},"img":{"alt_text":"","src":"https:\/\/i0.wp.com\/lasprimeras.com.do\/wp-content\/uploads\/2025\/05\/Francisco-Dominguez-Brito.jpg?resize=350%2C200&ssl=1","width":350,"height":200,"srcset":"https:\/\/i0.wp.com\/lasprimeras.com.do\/wp-content\/uploads\/2025\/05\/Francisco-Dominguez-Brito.jpg?resize=350%2C200&ssl=1 1x, https:\/\/i0.wp.com\/lasprimeras.com.do\/wp-content\/uploads\/2025\/05\/Francisco-Dominguez-Brito.jpg?resize=525%2C300&ssl=1 1.5x"},"classes":[]},{"id":111329,"url":"https:\/\/lasprimeras.com.do\/index.php\/2025\/10\/07\/dominguez-brito-abinader-busca-desviar-la-atencion-de-los-escandalos-de-su-gobierno-y-el-colapso-de-los-servicios-publicos\/","url_meta":{"origin":120398,"position":1},"title":"Dom\u00ednguez Brito: \u201c Abinader busca desviar la atenci\u00f3n de los esc\u00e1ndalos de su gobierno y el colapso de los servicios p\u00fablicos\u201d.","author":"Nelson Feliz","date":"7 de octubre de 2025","format":false,"excerpt":"El dirigente pol\u00edtico Francisco Dom\u00ednguez Brito asegur\u00f3 que las recientes declaraciones del presidente Luis Abinader sobre el endeudamiento p\u00fablico no solo son falsas, sino que pretenden distraer al pa\u00eds de los verdaderos problemas que enfrenta la Rep\u00fablica Dominicana: el aumento de la corrupci\u00f3n en sus gobiernos, el colapso de los\u2026","rel":"","context":"En \u00abPOLITICA\u00bb","block_context":{"text":"POLITICA","link":"https:\/\/lasprimeras.com.do\/index.php\/category\/politica\/"},"img":{"alt_text":"","src":"","width":0,"height":0},"classes":[]},{"id":100880,"url":"https:\/\/lasprimeras.com.do\/index.php\/2025\/06\/13\/dominguez-brito-exhorta-al-gobierno-a-proteger-al-pueblo-de-irregularidades-ambientales-y-judiciales\/","url_meta":{"origin":120398,"position":2},"title":"Dom\u00ednguez Brito exhorta al gobierno a proteger al pueblo de irregularidades ambientales y judiciales","author":"Nelson Feliz","date":"13 de junio de 2025","format":false,"excerpt":"\u201cEste es el gobierno m\u00e1s inepto e ineficaz en la historia del manejo de los recursos nacionales\u201d, afirm\u00f3 Francisco Dom\u00ednguez Brito. El miembro del Comit\u00e9 Pol\u00edtico del Partido de la Liberaci\u00f3n Dominicana (PLD) y exprocurador General de la Rep\u00fablica, Francisco Dom\u00ednguez Brito, denunci\u00f3 serias irregularidades en el manejo de temas\u2026","rel":"","context":"En \u00abPOLITICA\u00bb","block_context":{"text":"POLITICA","link":"https:\/\/lasprimeras.com.do\/index.php\/category\/politica\/"},"img":{"alt_text":"Francisco Dom\u00ednguez Brito","src":"https:\/\/i0.wp.com\/lasprimeras.com.do\/wp-content\/uploads\/2025\/06\/Francisco-Dominguez-Brito.jpg?resize=350%2C200&ssl=1","width":350,"height":200,"srcset":"https:\/\/i0.wp.com\/lasprimeras.com.do\/wp-content\/uploads\/2025\/06\/Francisco-Dominguez-Brito.jpg?resize=350%2C200&ssl=1 1x, https:\/\/i0.wp.com\/lasprimeras.com.do\/wp-content\/uploads\/2025\/06\/Francisco-Dominguez-Brito.jpg?resize=525%2C300&ssl=1 1.5x, https:\/\/i0.wp.com\/lasprimeras.com.do\/wp-content\/uploads\/2025\/06\/Francisco-Dominguez-Brito.jpg?resize=700%2C400&ssl=1 2x"},"classes":[]},{"id":123006,"url":"https:\/\/lasprimeras.com.do\/index.php\/2026\/02\/24\/francisco-dominguez-brito-responde-a-celso-marranzini-denuncia-colapso-del-sistema-electrico\/","url_meta":{"origin":120398,"position":3},"title":"Francisco Dom\u00ednguez Brito responde a Celso Marranzini: Denuncia colapso del sistema el\u00e9ctrico","author":"Nelson Feliz","date":"24 de febrero de 2026","format":false,"excerpt":"El miembro del Comit\u00e9 Politico del Partido de la Liberaci\u00f3n Dominicana (PLD), Francisco Dom\u00ednguez Brito, dijo acepta el reto planteado por el presidente del Consejo Unificado de las Empresas Distribuidoras de Electricidad, Celso Marranzini, asegurando que asumir\u00e1 el control del sistema el\u00e9ctrico nacional \u201ca partir del 2028, cuando el PLD\u2026","rel":"","context":"En \u00abPOLITICA\u00bb","block_context":{"text":"POLITICA","link":"https:\/\/lasprimeras.com.do\/index.php\/category\/politica\/"},"img":{"alt_text":"Francisco Dom\u00ednguez Brito","src":"https:\/\/i0.wp.com\/lasprimeras.com.do\/wp-content\/uploads\/2026\/02\/Francisco-Dominguez-Brito-2.jpg?resize=350%2C200&ssl=1","width":350,"height":200,"srcset":"https:\/\/i0.wp.com\/lasprimeras.com.do\/wp-content\/uploads\/2026\/02\/Francisco-Dominguez-Brito-2.jpg?resize=350%2C200&ssl=1 1x, https:\/\/i0.wp.com\/lasprimeras.com.do\/wp-content\/uploads\/2026\/02\/Francisco-Dominguez-Brito-2.jpg?resize=525%2C300&ssl=1 1.5x"},"classes":[]},{"id":119685,"url":"https:\/\/lasprimeras.com.do\/index.php\/2026\/01\/15\/francisco-dominguez-brito-fusionar-los-ministerios-de-educacion-seria-un-grave-retroceso\/","url_meta":{"origin":120398,"position":4},"title":"Francisco Dom\u00ednguez Brito: Fusionar los ministerios de Educaci\u00f3n ser\u00eda un grave retroceso","author":"Nelson Feliz","date":"15 de enero de 2026","format":false,"excerpt":"El miembro del Comit\u00e9 Pol\u00edtico del Partido de la Liberaci\u00f3n Dominicana (PLD), Francisco Dom\u00ednguez Brito, advirti\u00f3 sobre las consecuencias que tendr\u00eda la eventual fusi\u00f3n del Ministerio de Educaci\u00f3n con el Ministerio de Educaci\u00f3n Superior, al considerar que no se trata de un simple ajuste administrativo, sino de una decisi\u00f3n con\u2026","rel":"","context":"En \u00abPOLITICA\u00bb","block_context":{"text":"POLITICA","link":"https:\/\/lasprimeras.com.do\/index.php\/category\/politica\/"},"img":{"alt_text":"","src":"https:\/\/i0.wp.com\/lasprimeras.com.do\/wp-content\/uploads\/2026\/01\/fusion.jpg?resize=350%2C200&ssl=1","width":350,"height":200,"srcset":"https:\/\/i0.wp.com\/lasprimeras.com.do\/wp-content\/uploads\/2026\/01\/fusion.jpg?resize=350%2C200&ssl=1 1x, https:\/\/i0.wp.com\/lasprimeras.com.do\/wp-content\/uploads\/2026\/01\/fusion.jpg?resize=525%2C300&ssl=1 1.5x, https:\/\/i0.wp.com\/lasprimeras.com.do\/wp-content\/uploads\/2026\/01\/fusion.jpg?resize=700%2C400&ssl=1 2x, https:\/\/i0.wp.com\/lasprimeras.com.do\/wp-content\/uploads\/2026\/01\/fusion.jpg?resize=1050%2C600&ssl=1 3x"},"classes":[]},{"id":109980,"url":"https:\/\/lasprimeras.com.do\/index.php\/2025\/09\/24\/francisco-dominguez-brito-advierte-sobre-deterioro-institucional-por-intercambios-de-disparos-y-ejecuciones-extrajudiciales\/","url_meta":{"origin":120398,"position":5},"title":"Francisco Dom\u00ednguez Brito advierte sobre deterioro institucional por intercambios de disparos y ejecuciones extrajudiciales","author":"Nelson Feliz","date":"24 de septiembre de 2025","format":false,"excerpt":"El miembro del Comit\u00e9 Politico del Partido de la Liberaci\u00f3n Dominicana (PLD) Francisco Dom\u00ednguez Brito, expres\u00f3 su profunda preocupaci\u00f3n ante la creciente ocurrencia de intercambios de disparos y ejecuciones extrajudiciales en el pa\u00eds, advirtiendo que estas pr\u00e1cticas representan una amenaza directa al Estado de derecho y a la pol\u00edtica criminal\u2026","rel":"","context":"En \u00abPOLITICA\u00bb","block_context":{"text":"POLITICA","link":"https:\/\/lasprimeras.com.do\/index.php\/category\/politica\/"},"img":{"alt_text":"Francisco Dom\u00ednguez Brito","src":"https:\/\/i0.wp.com\/lasprimeras.com.do\/wp-content\/uploads\/2025\/09\/Francisco-Dominguez-Brito.jpg?resize=350%2C200&ssl=1","width":350,"height":200,"srcset":"https:\/\/i0.wp.com\/lasprimeras.com.do\/wp-content\/uploads\/2025\/09\/Francisco-Dominguez-Brito.jpg?resize=350%2C200&ssl=1 1x, https:\/\/i0.wp.com\/lasprimeras.com.do\/wp-content\/uploads\/2025\/09\/Francisco-Dominguez-Brito.jpg?resize=525%2C300&ssl=1 1.5x, https:\/\/i0.wp.com\/lasprimeras.com.do\/wp-content\/uploads\/2025\/09\/Francisco-Dominguez-Brito.jpg?resize=700%2C400&ssl=1 2x"},"classes":[]}],"jetpack_sharing_enabled":true,"_links":{"self":[{"href":"https:\/\/lasprimeras.com.do\/index.php\/wp-json\/wp\/v2\/posts\/120398","targetHints":{"allow":["GET"]}}],"collection":[{"href":"https:\/\/lasprimeras.com.do\/index.php\/wp-json\/wp\/v2\/posts"}],"about":[{"href":"https:\/\/lasprimeras.com.do\/index.php\/wp-json\/wp\/v2\/types\/post"}],"author":[{"embeddable":true,"href":"https:\/\/lasprimeras.com.do\/index.php\/wp-json\/wp\/v2\/users\/10"}],"replies":[{"embeddable":true,"href":"https:\/\/lasprimeras.com.do\/index.php\/wp-json\/wp\/v2\/comments?post=120398"}],"version-history":[{"count":1,"href":"https:\/\/lasprimeras.com.do\/index.php\/wp-json\/wp\/v2\/posts\/120398\/revisions"}],"predecessor-version":[{"id":120399,"href":"https:\/\/lasprimeras.com.do\/index.php\/wp-json\/wp\/v2\/posts\/120398\/revisions\/120399"}],"wp:featuredmedia":[{"embeddable":true,"href":"https:\/\/lasprimeras.com.do\/index.php\/wp-json\/wp\/v2\/media\/100881"}],"wp:attachment":[{"href":"https:\/\/lasprimeras.com.do\/index.php\/wp-json\/wp\/v2\/media?parent=120398"}],"wp:term":[{"taxonomy":"category","embeddable":true,"href":"https:\/\/lasprimeras.com.do\/index.php\/wp-json\/wp\/v2\/categories?post=120398"},{"taxonomy":"post_tag","embeddable":true,"href":"https:\/\/lasprimeras.com.do\/index.php\/wp-json\/wp\/v2\/tags?post=120398"}],"curies":[{"name":"wp","href":"https:\/\/api.w.org\/{rel}","templated":true}]}}