{"id":120400,"date":"2026-01-23T11:12:55","date_gmt":"2026-01-23T15:12:55","guid":{"rendered":"https:\/\/lasprimeras.com.do\/?p=120400"},"modified":"2026-01-23T11:12:57","modified_gmt":"2026-01-23T15:12:57","slug":"ito-bisono-irrumpe-en-el-escenario-presidencial-de-2028","status":"publish","type":"post","link":"https:\/\/lasprimeras.com.do\/index.php\/2026\/01\/23\/ito-bisono-irrumpe-en-el-escenario-presidencial-de-2028\/","title":{"rendered":"Ito Bison\u00f3 irrumpe en el escenario presidencial de 2028"},"content":{"rendered":"\n<p>Desde esta tribuna sostenemos que las aspiraciones de Ito son leg\u00edtimas, siempre que respeten la institucionalidad y no confundan la gesti\u00f3n p\u00fablica con el proselitismo.<\/p>\n\n\n\n<p>Por: Roberto Valenzuela<\/p>\n\n\n\n<p>La pol\u00edtica dominicana entra en una nueva fase. Por primera vez, y con informaci\u00f3n confirmada desde distintos sectores de poder pol\u00edtico y econ\u00f3mico, se coloca sobre la mesa un nombre que hasta ahora se hab\u00eda movido con cautela: V\u00edctor (Ito) Bison\u00f3.<\/p>\n\n\n\n<p>Su eventual proyecci\u00f3n presidencial ya no es un rumor de pasillos, sino un hecho pol\u00edtico en construcci\u00f3n que comienza a alterar el tablero rumbo a las elecciones de 2028.<\/p>\n\n\n\n<p>Dentro del Partido Revolucionario Moderno (PRM), as\u00ed como en un sector influyente del Partido Reformista Social Cristiano (PRSC), partidos emergentes y un n\u00facleo empresarial de peso, se consolida la percepci\u00f3n de que Bison\u00f3 representa hoy la carta m\u00e1s segura para garantizar la continuidad del oficialismo.<\/p>\n\n\n\n<p>No se trata de una apuesta emocional ni coyuntural, sino de un c\u00e1lculo fr\u00edo sustentado en encuestas, imagen p\u00fablica y capacidad de articulaci\u00f3n pol\u00edtica.<\/p>\n\n\n\n<p>Quienes impulsan su nombre coinciden en varios puntos clave: Bison\u00f3 aglutina a las fuerzas conservadoras y moderadas del sistema pol\u00edtico; posee una imagen s\u00f3lida, sin desgaste; y, en cinco a\u00f1os de gesti\u00f3n gubernamental, no ha estado vinculado a esc\u00e1ndalos de corrupci\u00f3n ni a crisis institucionales.<\/p>\n\n\n\n<p>En un pa\u00eds donde la desconfianza ciudadana hacia la clase pol\u00edtica crece, ese capital \u00e9tico adquiere un valor estrat\u00e9gico.<\/p>\n\n\n\n<p>No es casual que antiguos dirigentes reformistas, hoy integrados al PRM o aliados circunstanciales, vuelvan a ver en Bison\u00f3 un referente natural.<\/p>\n\n\n\n<p>Tampoco sorprende que sectores empresariales \u2014tradicionalmente reacios a la improvisaci\u00f3n\u2014 comiencen a mencionarlo como una figura confiable para preservar estabilidad, gobernabilidad y reglas claras.<\/p>\n\n\n\n<p>Aunque el propio Bison\u00f3 no ha anunciado formalmente aspiraciones presidenciales, sus seguidores en todo el pa\u00eds ya act\u00faan como si el proceso estuviera en marcha.<\/p>\n\n\n\n<p>La consigna de que \u201cel 28 es de Ito\u201d empieza a ganar espacio, rompiendo la narrativa de que el relevo presidencial dentro del PRM est\u00e1 limitado a los nombres que tradicionalmente ocupan titulares.<\/p>\n\n\n\n<p>Desde esta tribuna sostenemos una posici\u00f3n clara: las aspiraciones de Ito Bison\u00f3, como las de cualquier funcionario p\u00fablico, son leg\u00edtimas.<\/p>\n\n\n\n<p>Sin embargo, esa legitimidad est\u00e1 condicionada al respeto absoluto de la institucionalidad.<\/p>\n\n\n\n<p>No debe interferir con sus funciones, ni utilizar su cargo para promoverse, ni mucho menos emplear recursos del Estado para competir interna o externamente.<\/p>\n\n\n\n<p>La l\u00ednea entre gesti\u00f3n y proselitismo debe mantenerse firme y visible.<\/p>\n\n\n\n<p>Si decide avanzar en una promoci\u00f3n pol\u00edtica, esta debe hacerse con prudencia, fuera del horario oficial, sin uso de veh\u00edculos, personal o facilidades p\u00fablicas.<\/p>\n\n\n\n<p>El pa\u00eds no puede aceptar \u2014ni normalizar\u2014 que la administraci\u00f3n del Estado se confunda con la construcci\u00f3n de proyectos personales.<\/p>\n\n\n\n<p>El movimiento que impulsa a Bison\u00f3 se fortalece, adem\u00e1s, bajo la premisa de que estar\u00eda en capacidad de enfrentar con solvencia a cualquiera de las principales figuras de la Fuerza del Pueblo, incluido el expresidente Leonel Fern\u00e1ndez o el senador Omar Fern\u00e1ndez.<\/p>\n\n\n\n<p>Ese dato, m\u00e1s que una especulaci\u00f3n, es el que explica la inquietud y el reacomodo temprano dentro del sistema pol\u00edtico.<\/p>\n\n\n\n<p>La irrupci\u00f3n de Ito Bison\u00f3 en el debate presidencial confirma una verdad ineludible: la sucesi\u00f3n en el PRM ya comenz\u00f3.<\/p>\n\n\n\n<p>Y cuando los sectores de poder empiezan a moverse antes de tiempo, no es por improvisaci\u00f3n, sino porque entienden que el escenario de 2028 se est\u00e1 definiendo desde ahora.<\/p>\n","protected":false},"excerpt":{"rendered":"<p>Desde esta tribuna sostenemos que las aspiraciones de Ito son leg\u00edtimas, siempre que respeten la institucionalidad y no confundan la gesti\u00f3n p\u00fablica con el proselitismo. Por: Roberto Valenzuela La pol\u00edtica&hellip;<\/p>\n","protected":false},"author":10,"featured_media":119048,"comment_status":"open","ping_status":"open","sticky":false,"template":"","format":"standard","meta":{"content-type":"","jetpack_post_was_ever_published":false,"_jetpack_newsletter_access":"","_jetpack_dont_email_post_to_subs":false,"_jetpack_newsletter_tier_id":0,"_jetpack_memberships_contains_paywalled_content":false,"_jetpack_memberships_contains_paid_content":false,"footnotes":""},"categories":[16559],"tags":[8164,8033,2588,31,5340],"class_list":["post-120400","post","type-post","status-publish","format-standard","has-post-thumbnail","hentry","category-politica","tag-escenario","tag-ito-bisono","tag-presidencial","tag-prm","tag-prsc"],"jetpack_featured_media_url":"https:\/\/lasprimeras.com.do\/wp-content\/uploads\/2026\/01\/Victor-Ito-Bisono.jpeg","jetpack-related-posts":[{"id":101366,"url":"https:\/\/lasprimeras.com.do\/index.php\/2025\/06\/20\/ito-bisono-revela-industria-local-tiene-capacidad-para-competir-en-mercados-internacionales\/","url_meta":{"origin":120400,"position":0},"title":"Ito Bison\u00f3 revela industria local tiene capacidad para competir en mercados internacionales","author":"Nelson Feliz","date":"20 de junio de 2025","format":false,"excerpt":"El ministro de Industria, Comercio y Mipymes, Victor (Ito) Bison\u00f3, expres\u00f3 que entre 2020 y 2024, el valor exportado del r\u00e9gimen nacional pas\u00f3 de 3,668 millones a 3,997 millones de d\u00f3lares, reflejando una industria local cada vez m\u00e1s activa y con mayor capacidad de competir en los mercados internacionales. \u201cAl\u2026","rel":"","context":"En \u00abECONOM\u00cdA\u00bb","block_context":{"text":"ECONOM\u00cdA","link":"https:\/\/lasprimeras.com.do\/index.php\/category\/economia\/"},"img":{"alt_text":"Ito Bison\u00f3","src":"https:\/\/i0.wp.com\/lasprimeras.com.do\/wp-content\/uploads\/2025\/06\/Ito-Bisono.jpg?resize=350%2C200&ssl=1","width":350,"height":200,"srcset":"https:\/\/i0.wp.com\/lasprimeras.com.do\/wp-content\/uploads\/2025\/06\/Ito-Bisono.jpg?resize=350%2C200&ssl=1 1x, https:\/\/i0.wp.com\/lasprimeras.com.do\/wp-content\/uploads\/2025\/06\/Ito-Bisono.jpg?resize=525%2C300&ssl=1 1.5x, https:\/\/i0.wp.com\/lasprimeras.com.do\/wp-content\/uploads\/2025\/06\/Ito-Bisono.jpg?resize=700%2C400&ssl=1 2x"},"classes":[]},{"id":72434,"url":"https:\/\/lasprimeras.com.do\/index.php\/2023\/12\/29\/ito-bisono-afirma-que-economia-rep-dom-va-por-camino-correcto\/","url_meta":{"origin":120400,"position":1},"title":"Ito Bison\u00f3 afirma que econom\u00eda Rep. Dom. va por camino correcto","author":"BIMARY DE JES\u00daS Matos","date":"29 de diciembre de 2023","format":false,"excerpt":"SANTO DOMINGO.- El ministro de Industria, Comercio y Mipymes, V\u00edctor (Ito) Bison\u00f3, afirm\u00f3 que los datos publicados por el Banco Central de la Rep\u00fablica Dominicana (BCRD) demuestran que el pa\u00eds avanza por el camino correcto, en medio de los desaf\u00edos globales. El BCRD dijo que la econom\u00eda registr\u00f3 un alza\u2026","rel":"","context":"En \u00abNACIONALES\u00bb","block_context":{"text":"NACIONALES","link":"https:\/\/lasprimeras.com.do\/index.php\/category\/nacionales\/"},"img":{"alt_text":"","src":"https:\/\/i0.wp.com\/lasprimeras.com.do\/wp-content\/uploads\/2023\/12\/Noticias-de-energia-2023-12-29T093126.065.jpg?resize=350%2C200&ssl=1","width":350,"height":200,"srcset":"https:\/\/i0.wp.com\/lasprimeras.com.do\/wp-content\/uploads\/2023\/12\/Noticias-de-energia-2023-12-29T093126.065.jpg?resize=350%2C200&ssl=1 1x, https:\/\/i0.wp.com\/lasprimeras.com.do\/wp-content\/uploads\/2023\/12\/Noticias-de-energia-2023-12-29T093126.065.jpg?resize=525%2C300&ssl=1 1.5x, https:\/\/i0.wp.com\/lasprimeras.com.do\/wp-content\/uploads\/2023\/12\/Noticias-de-energia-2023-12-29T093126.065.jpg?resize=700%2C400&ssl=1 2x"},"classes":[]},{"id":119047,"url":"https:\/\/lasprimeras.com.do\/index.php\/2026\/01\/06\/abinader-designo-a-ito-bisono-como-nuevo-ministro-de-vivienda\/","url_meta":{"origin":120400,"position":2},"title":"Abinader design\u00f3 a Ito Bison\u00f3 como nuevo ministro de Vivienda","author":"Nelson Feliz","date":"6 de enero de 2026","format":false,"excerpt":"Entre la noche del lunes y el transcurso de este martes, el presidente Abinader ha realizado 10 movimientos en su tren gubernamental y se apresta a realizar m\u00e1s durante la semana. El presidente Luis Abinader design\u00f3 a V\u00edctor \u201cIto\u201d Bison\u00f3 como el nuevo ministro de Viviendas y Edificaciones, en sustituci\u00f3n\u2026","rel":"","context":"En \u00abNACIONALES\u00bb","block_context":{"text":"NACIONALES","link":"https:\/\/lasprimeras.com.do\/index.php\/category\/nacionales\/"},"img":{"alt_text":"V\u00edctor Ito Bison\u00f3","src":"https:\/\/i0.wp.com\/lasprimeras.com.do\/wp-content\/uploads\/2026\/01\/Victor-Ito-Bisono.jpeg?resize=350%2C200&ssl=1","width":350,"height":200,"srcset":"https:\/\/i0.wp.com\/lasprimeras.com.do\/wp-content\/uploads\/2026\/01\/Victor-Ito-Bisono.jpeg?resize=350%2C200&ssl=1 1x, https:\/\/i0.wp.com\/lasprimeras.com.do\/wp-content\/uploads\/2026\/01\/Victor-Ito-Bisono.jpeg?resize=525%2C300&ssl=1 1.5x, https:\/\/i0.wp.com\/lasprimeras.com.do\/wp-content\/uploads\/2026\/01\/Victor-Ito-Bisono.jpeg?resize=700%2C400&ssl=1 2x"},"classes":[]},{"id":105884,"url":"https:\/\/lasprimeras.com.do\/index.php\/2025\/08\/08\/gobierno-sostiene-dialogo-con-mipymes-para-impulsar-el-tejido-productivo-nacional\/","url_meta":{"origin":120400,"position":3},"title":"Gobierno sostiene di\u00e1logo con mipymes para impulsar el tejido productivo nacional","author":"Nelson Feliz","date":"8 de agosto de 2025","format":false,"excerpt":"Mag\u00edn D\u00edaz e Ito Bison\u00f3 reafirmaron su compromiso de articular pol\u00edticas p\u00fablicas que promuevan el crecimiento y sostenibilidad de las Mipymes Los ministros de Hacienda y Econom\u00eda (MHE), Mag\u00edn D\u00edaz, y de Industria, Comercio y Mipymes (MICM), V\u00edctor -Ito- Bison\u00f3, sostuvieron un encuentro con representantes del sector Mipymes a nivel\u2026","rel":"","context":"En \u00abECONOM\u00cdA\u00bb","block_context":{"text":"ECONOM\u00cdA","link":"https:\/\/lasprimeras.com.do\/index.php\/category\/economia\/"},"img":{"alt_text":"","src":"https:\/\/i0.wp.com\/lasprimeras.com.do\/wp-content\/uploads\/2025\/08\/Los-ministros-Diaz-y-Bisono-se-comprometieron-a-mantener-un-canal-de-comunicacion-directo-y-permanente-con-actores-de-sector-Mypimes.jpg?resize=350%2C200&ssl=1","width":350,"height":200,"srcset":"https:\/\/i0.wp.com\/lasprimeras.com.do\/wp-content\/uploads\/2025\/08\/Los-ministros-Diaz-y-Bisono-se-comprometieron-a-mantener-un-canal-de-comunicacion-directo-y-permanente-con-actores-de-sector-Mypimes.jpg?resize=350%2C200&ssl=1 1x, https:\/\/i0.wp.com\/lasprimeras.com.do\/wp-content\/uploads\/2025\/08\/Los-ministros-Diaz-y-Bisono-se-comprometieron-a-mantener-un-canal-de-comunicacion-directo-y-permanente-con-actores-de-sector-Mypimes.jpg?resize=525%2C300&ssl=1 1.5x, https:\/\/i0.wp.com\/lasprimeras.com.do\/wp-content\/uploads\/2025\/08\/Los-ministros-Diaz-y-Bisono-se-comprometieron-a-mantener-un-canal-de-comunicacion-directo-y-permanente-con-actores-de-sector-Mypimes.jpg?resize=700%2C400&ssl=1 2x"},"classes":[]},{"id":84078,"url":"https:\/\/lasprimeras.com.do\/index.php\/2024\/05\/30\/los-presidenciables-del-prm\/","url_meta":{"origin":120400,"position":4},"title":"Los presidenciables del PRM","author":"Nelson Feliz","date":"30 de mayo de 2024","format":false,"excerpt":"Danilo Cruz Pichardo \u00bfPara qu\u00e9 el presidente de la Rep\u00fablica, la misma noche del 19 de mayo, expres\u00f3 que no optar\u00eda por otro mandato, enti\u00e9ndase para el per\u00edodo 2028-2032? Se supone que para el 2028 el jefe de Estado tendr\u00eda un impedimento, al menos que se habilite mediante una reforma\u2026","rel":"","context":"En \u00abOPINI\u00d3N\u00bb","block_context":{"text":"OPINI\u00d3N","link":"https:\/\/lasprimeras.com.do\/index.php\/category\/opinion\/"},"img":{"alt_text":"","src":"https:\/\/i0.wp.com\/lasprimeras.com.do\/wp-content\/uploads\/2023\/09\/Danilo-Cruz-Pichardo.jpg?resize=350%2C200&ssl=1","width":350,"height":200},"classes":[]},{"id":119053,"url":"https:\/\/lasprimeras.com.do\/index.php\/2026\/01\/06\/decreto-abinader-cambia-los-ministros-de-industria-vivienda-y-al-director-de-aduanas\/","url_meta":{"origin":120400,"position":5},"title":"Decreto: Abinader cambia los ministros de Industria, Vivienda y al director de Aduanas","author":"Nelson Feliz","date":"6 de enero de 2026","format":false,"excerpt":"La designaci\u00f3n se produjo con el decreto 3-26, firmado por el presidente Luis Abinader. El presidente Luis Abinader firm\u00f3 el decreto 3-26, con el que fueron designados Eduardo \u201cYayo\u201d Sanz Lovat\u00f3n como ministro de Industria, Comercio y Mipymes; Nelson Arroyo como director general de Aduanas; y V\u00edctor \u201cIto\u201d Bison\u00f3 como\u2026","rel":"","context":"En \u00abNACIONALES\u00bb","block_context":{"text":"NACIONALES","link":"https:\/\/lasprimeras.com.do\/index.php\/category\/nacionales\/"},"img":{"alt_text":"Ministerio Administrativo de la Presidencia","src":"https:\/\/i0.wp.com\/lasprimeras.com.do\/wp-content\/uploads\/2023\/06\/Presidencia-1.jpg?resize=350%2C200&ssl=1","width":350,"height":200,"srcset":"https:\/\/i0.wp.com\/lasprimeras.com.do\/wp-content\/uploads\/2023\/06\/Presidencia-1.jpg?resize=350%2C200&ssl=1 1x, https:\/\/i0.wp.com\/lasprimeras.com.do\/wp-content\/uploads\/2023\/06\/Presidencia-1.jpg?resize=525%2C300&ssl=1 1.5x, https:\/\/i0.wp.com\/lasprimeras.com.do\/wp-content\/uploads\/2023\/06\/Presidencia-1.jpg?resize=700%2C400&ssl=1 2x"},"classes":[]}],"jetpack_sharing_enabled":true,"_links":{"self":[{"href":"https:\/\/lasprimeras.com.do\/index.php\/wp-json\/wp\/v2\/posts\/120400","targetHints":{"allow":["GET"]}}],"collection":[{"href":"https:\/\/lasprimeras.com.do\/index.php\/wp-json\/wp\/v2\/posts"}],"about":[{"href":"https:\/\/lasprimeras.com.do\/index.php\/wp-json\/wp\/v2\/types\/post"}],"author":[{"embeddable":true,"href":"https:\/\/lasprimeras.com.do\/index.php\/wp-json\/wp\/v2\/users\/10"}],"replies":[{"embeddable":true,"href":"https:\/\/lasprimeras.com.do\/index.php\/wp-json\/wp\/v2\/comments?post=120400"}],"version-history":[{"count":1,"href":"https:\/\/lasprimeras.com.do\/index.php\/wp-json\/wp\/v2\/posts\/120400\/revisions"}],"predecessor-version":[{"id":120401,"href":"https:\/\/lasprimeras.com.do\/index.php\/wp-json\/wp\/v2\/posts\/120400\/revisions\/120401"}],"wp:featuredmedia":[{"embeddable":true,"href":"https:\/\/lasprimeras.com.do\/index.php\/wp-json\/wp\/v2\/media\/119048"}],"wp:attachment":[{"href":"https:\/\/lasprimeras.com.do\/index.php\/wp-json\/wp\/v2\/media?parent=120400"}],"wp:term":[{"taxonomy":"category","embeddable":true,"href":"https:\/\/lasprimeras.com.do\/index.php\/wp-json\/wp\/v2\/categories?post=120400"},{"taxonomy":"post_tag","embeddable":true,"href":"https:\/\/lasprimeras.com.do\/index.php\/wp-json\/wp\/v2\/tags?post=120400"}],"curies":[{"name":"wp","href":"https:\/\/api.w.org\/{rel}","templated":true}]}}