{"id":120405,"date":"2026-01-23T11:46:05","date_gmt":"2026-01-23T15:46:05","guid":{"rendered":"https:\/\/lasprimeras.com.do\/?p=120405"},"modified":"2026-01-23T11:46:08","modified_gmt":"2026-01-23T15:46:08","slug":"miguel-florentino-ratifica-victor-pavon-seria-la-mejor-oferta-electoral-a-la-acaldia-de-sdn","status":"publish","type":"post","link":"https:\/\/lasprimeras.com.do\/index.php\/2026\/01\/23\/miguel-florentino-ratifica-victor-pavon-seria-la-mejor-oferta-electoral-a-la-acaldia-de-sdn\/","title":{"rendered":"Miguel Florentino ratifica V\u00edctor Pav\u00f3n ser\u00eda la mejor oferta electoral a la acaldia de SDN"},"content":{"rendered":"\n<p>El miembro de la Direcci\u00f3n Central del partido Fuerza del Pueblo (FP), Miguel Florentino, ratific\u00f3 su respaldo irrestricto a V\u00edctor Pav\u00f3n como potencial aspirante alcalde de Santo Domingo Norte.<\/p>\n\n\n\n<p>Florentino expres\u00f3 sus consideraciones en el marco de una entrevista realizada en el programa televisivo \u00abComentando lo que Pas\u00f3\u00bb, que produce el comunicador Jos\u00e9 La Hoz en SDN.<\/p>\n\n\n\n<p>Expres\u00f3 que el liderazgo de Pav\u00f3n ha sido determinante para el desarrollo y crecimiento de la Fuerza del Pueblo en SDN.<\/p>\n\n\n\n<p>Destac\u00f3 que Pav\u00f3n es la mejor propuesta con que cuenta el partido en SDN, ya que lo ha demostrado como empresario solidario y como comunitario que ha estado al servicio de la comunidad: iglesias, el deporte y la gente en lo particular.<\/p>\n\n\n\n<p>\u00bb La base del partido no puede equivocarse cuando le toque elegir el candidato a la Alcald\u00eda, debido a que si comete ese error podr\u00eda dar paso a que cont\u00ednue el desorden, la incapacidad y el desprecio a SDN encarnado en la actual alcaldesa\u00bb, manifest\u00f3.<\/p>\n\n\n\n<p>Acot\u00f3 que el prop\u00f3sito debe ser siempre el de contribuir sin dividir y V\u00edctor Pav\u00f3n es un ente de unidad e integraci\u00f3n.<\/p>\n\n\n\n<p>\u00abReitero mi apoyo al aspirante a la Alcald\u00eda V\u00edctor Pav\u00f3n y a la visi\u00f3n de desarrollo que impulsa desde la Fuerza del Pueblo\u00bb, ponder\u00f3.<\/p>\n\n\n\n<p>Florentino, reafirma su compromiso con la estabilidad institucional y el fortalecimiento del liderazgo local en Santo Domingo Norte, resaltando la importancia de promover el debate con altura y el respeto mutuo.<\/p>\n","protected":false},"excerpt":{"rendered":"<p>El miembro de la Direcci\u00f3n Central del partido Fuerza del Pueblo (FP), Miguel Florentino, ratific\u00f3 su respaldo irrestricto a V\u00edctor Pav\u00f3n como potencial aspirante alcalde de Santo Domingo Norte. Florentino&hellip;<\/p>\n","protected":false},"author":10,"featured_media":120406,"comment_status":"open","ping_status":"open","sticky":false,"template":"","format":"standard","meta":{"content-type":"","jetpack_post_was_ever_published":false,"_jetpack_newsletter_access":"","_jetpack_dont_email_post_to_subs":false,"_jetpack_newsletter_tier_id":0,"_jetpack_memberships_contains_paywalled_content":false,"_jetpack_memberships_contains_paid_content":false,"footnotes":""},"categories":[16559],"tags":[869,158,16977,2092,2942],"class_list":["post-120405","post","type-post","status-publish","format-standard","has-post-thumbnail","hentry","category-politica","tag-alcaldia","tag-fuerza-del-pueblo","tag-miguel-florentino","tag-sdn","tag-victor-pavon"],"jetpack_featured_media_url":"https:\/\/lasprimeras.com.do\/wp-content\/uploads\/2026\/01\/1481af94bb024dce829d817cea529fc8.jpg","jetpack-related-posts":[{"id":114318,"url":"https:\/\/lasprimeras.com.do\/index.php\/2025\/11\/12\/miguel-florentino-favorece-victor-pavon-sea-proximo-candidato-alcalde-sdn\/","url_meta":{"origin":120405,"position":0},"title":"Miguel Florentino favorece V\u00edctor Pav\u00f3n sea pr\u00f3ximo candidato alcalde SDN","author":"Nelson Feliz","date":"12 de noviembre de 2025","format":false,"excerpt":"El miembro de la Direcci\u00f3n Central del Partido Fuerza del Pueblo (FP) y dirigente fundador de esa organizaci\u00f3n en Santo Domingo Norte (SDN), Miguel Florentino, favoreci\u00f3 que para el pr\u00f3ximo torneo electoral municipal sea escogido como candidato a alcalde el empresario V\u00edctor Pav\u00f3n. Florentino dijo que V\u00edctor Pav\u00f3n viene trabajando\u2026","rel":"","context":"En \u00abPOLITICA\u00bb","block_context":{"text":"POLITICA","link":"https:\/\/lasprimeras.com.do\/index.php\/category\/politica\/"},"img":{"alt_text":"","src":"https:\/\/i0.wp.com\/lasprimeras.com.do\/wp-content\/uploads\/2025\/11\/Miguel-Florentino.jpg?resize=350%2C200&ssl=1","width":350,"height":200,"srcset":"https:\/\/i0.wp.com\/lasprimeras.com.do\/wp-content\/uploads\/2025\/11\/Miguel-Florentino.jpg?resize=350%2C200&ssl=1 1x, https:\/\/i0.wp.com\/lasprimeras.com.do\/wp-content\/uploads\/2025\/11\/Miguel-Florentino.jpg?resize=525%2C300&ssl=1 1.5x, https:\/\/i0.wp.com\/lasprimeras.com.do\/wp-content\/uploads\/2025\/11\/Miguel-Florentino.jpg?resize=700%2C400&ssl=1 2x"},"classes":[]},{"id":121796,"url":"https:\/\/lasprimeras.com.do\/index.php\/2026\/02\/10\/fuerza-del-pueblo-realiza-con-exito-pleno-de-dirigentes-en-sdn\/","url_meta":{"origin":120405,"position":1},"title":"Fuerza del Pueblo realiza con \u00e9xito pleno de dirigentes en SDN","author":"Nelson Feliz","date":"10 de febrero de 2026","format":false,"excerpt":"El partido Fuerza del Pueblo (FP) realiz\u00f3 un pleno de dirigentes en Santo Domingo Norte (SDN) en el que se escogieron los dirigentes faltantes de la direcci\u00f3n ejecutiva de esa demarcaci\u00f3n. El pleno que hab\u00eda sido aperturado el 29 de enero, pero suspendido en esa ocasi\u00f3n, finaliz\u00f3 hoy con la\u2026","rel":"","context":"En \u00abPOLITICA\u00bb","block_context":{"text":"POLITICA","link":"https:\/\/lasprimeras.com.do\/index.php\/category\/politica\/"},"img":{"alt_text":"","src":"https:\/\/i0.wp.com\/lasprimeras.com.do\/wp-content\/uploads\/2026\/02\/IMG-20260208-WA0940.jpg?resize=350%2C200&ssl=1","width":350,"height":200,"srcset":"https:\/\/i0.wp.com\/lasprimeras.com.do\/wp-content\/uploads\/2026\/02\/IMG-20260208-WA0940.jpg?resize=350%2C200&ssl=1 1x, https:\/\/i0.wp.com\/lasprimeras.com.do\/wp-content\/uploads\/2026\/02\/IMG-20260208-WA0940.jpg?resize=525%2C300&ssl=1 1.5x, https:\/\/i0.wp.com\/lasprimeras.com.do\/wp-content\/uploads\/2026\/02\/IMG-20260208-WA0940.jpg?resize=700%2C400&ssl=1 2x, https:\/\/i0.wp.com\/lasprimeras.com.do\/wp-content\/uploads\/2026\/02\/IMG-20260208-WA0940.jpg?resize=1050%2C600&ssl=1 3x"},"classes":[]},{"id":121708,"url":"https:\/\/lasprimeras.com.do\/index.php\/2026\/02\/09\/dirigente-de-la-fp-valora-como-positivo-pleno-realizado-en-sdn\/","url_meta":{"origin":120405,"position":2},"title":"Dirigente de la FP valora como positivo pleno realizado en SDN","author":"Nelson Feliz","date":"9 de febrero de 2026","format":false,"excerpt":"El dirigente de la Fuerza del Pueblo (FP), Miguel Florentino, ponder\u00f3 de manera positiva la continuaci\u00f3n del pleno de dirigentes realizado ayer por esa organizaci\u00f3n pol\u00edtica en el municipio Santo Domingo Norte, destacando que el proceso se desarroll\u00f3 con amplia mayor\u00eda, transparencia y un profundo sentido democr\u00e1tico. Florentino explic\u00f3 que\u2026","rel":"","context":"En \u00abPOLITICA\u00bb","block_context":{"text":"POLITICA","link":"https:\/\/lasprimeras.com.do\/index.php\/category\/politica\/"},"img":{"alt_text":"","src":"https:\/\/i0.wp.com\/lasprimeras.com.do\/wp-content\/uploads\/2025\/01\/Miguel-Florentino-Jimenez.webp?resize=350%2C200&ssl=1","width":350,"height":200},"classes":[]},{"id":124094,"url":"https:\/\/lasprimeras.com.do\/index.php\/2026\/03\/06\/victor-pavon-califica-como-abuso-de-betty-geronimo-no-pagar-prestaciones-a-ex-empleados-alcaldia-sdn\/","url_meta":{"origin":120405,"position":3},"title":"V\u00edctor Pav\u00f3n califica como abuso de Betty Ger\u00f3nimo no pagar prestaciones a ex empleados Alcald\u00eda SDN","author":"Nelson Feliz","date":"6 de marzo de 2026","format":false,"excerpt":"El aspirante a alcalde por la Fuerza del Pueblo en Santo Domingo Norte, V\u00edctor Pav\u00f3n, acus\u00f3 a la alcaldesa de esa demarcaci\u00f3n, Betty Ger\u00f3nimo de violar la ley de prestaciones laborales al no entregarles el dinero correspondiente por los a\u00f1os de servicio a los ex empleados de la Alcald\u00eda. Pav\u00f3n\u2026","rel":"","context":"En \u00abPOLITICA\u00bb","block_context":{"text":"POLITICA","link":"https:\/\/lasprimeras.com.do\/index.php\/category\/politica\/"},"img":{"alt_text":"V\u00edctor Pav\u00f3n","src":"https:\/\/i0.wp.com\/lasprimeras.com.do\/wp-content\/uploads\/2026\/01\/Victor-Pavon.jpg?resize=350%2C200&ssl=1","width":350,"height":200,"srcset":"https:\/\/i0.wp.com\/lasprimeras.com.do\/wp-content\/uploads\/2026\/01\/Victor-Pavon.jpg?resize=350%2C200&ssl=1 1x, https:\/\/i0.wp.com\/lasprimeras.com.do\/wp-content\/uploads\/2026\/01\/Victor-Pavon.jpg?resize=525%2C300&ssl=1 1.5x, https:\/\/i0.wp.com\/lasprimeras.com.do\/wp-content\/uploads\/2026\/01\/Victor-Pavon.jpg?resize=700%2C400&ssl=1 2x"},"classes":[]},{"id":113427,"url":"https:\/\/lasprimeras.com.do\/index.php\/2025\/11\/02\/dirigente-fp-pide-a-presidentes-de-bases-en-sdn-escoger-a-pavon-como-secretario-general\/","url_meta":{"origin":120405,"position":4},"title":"Dirigente FP pide a presidentes de bases en SDN escoger a Pav\u00f3n como secretario general","author":"Nelson Feliz","date":"2 de noviembre de 2025","format":false,"excerpt":"El miembro de la Direcci\u00f3n Central del Partido Fuerza del Pueblo (FP9 y encargado del bloque 6 del sector Los Guaricanos en Santo Domingo Norte, \u00c9ramos Brito, sugiri\u00f3 a los presidentes bases de esa entidad en Santo Domingo Norte (SDN) escoger de manera un\u00e1nime a V\u00edctor Pav\u00f3n como secretario general\u2026","rel":"","context":"En \u00abPOLITICA\u00bb","block_context":{"text":"POLITICA","link":"https:\/\/lasprimeras.com.do\/index.php\/category\/politica\/"},"img":{"alt_text":"Victor Pav\u00f3n","src":"https:\/\/i0.wp.com\/lasprimeras.com.do\/wp-content\/uploads\/2024\/10\/Victor-Pavon.jpg?resize=350%2C200&ssl=1","width":350,"height":200,"srcset":"https:\/\/i0.wp.com\/lasprimeras.com.do\/wp-content\/uploads\/2024\/10\/Victor-Pavon.jpg?resize=350%2C200&ssl=1 1x, https:\/\/i0.wp.com\/lasprimeras.com.do\/wp-content\/uploads\/2024\/10\/Victor-Pavon.jpg?resize=525%2C300&ssl=1 1.5x, https:\/\/i0.wp.com\/lasprimeras.com.do\/wp-content\/uploads\/2024\/10\/Victor-Pavon.jpg?resize=700%2C400&ssl=1 2x"},"classes":[]},{"id":126091,"url":"https:\/\/lasprimeras.com.do\/index.php\/2026\/03\/29\/victor-pavon-invita-a-jornada-educativa-a-favor-mujeres-de-sdn\/","url_meta":{"origin":120405,"position":5},"title":"V\u00edctor Pav\u00f3n invita a jornada educativa a favor mujeres de SDN","author":"Nelson Feliz","date":"29 de marzo de 2026","format":false,"excerpt":"El aspirante a alcalde de la Fuerza del Pueblo (FP), V\u00edctor Pav\u00f3n, particip\u00f3 en el inicio de varias jornadas educativas que efect\u00faa esa organizaci\u00f3n con el objetivo de orientar y reafirmar la salud mental de las mujeres de Santo Domingo Norte. \u201cMe apasiona el tema que tiene que ver con\u2026","rel":"","context":"En \u00abPOLITICA\u00bb","block_context":{"text":"POLITICA","link":"https:\/\/lasprimeras.com.do\/index.php\/category\/politica\/"},"img":{"alt_text":"V\u00edctor Pav\u00f3n","src":"https:\/\/i0.wp.com\/lasprimeras.com.do\/wp-content\/uploads\/2026\/01\/Victor-Pavon.jpg?resize=350%2C200&ssl=1","width":350,"height":200,"srcset":"https:\/\/i0.wp.com\/lasprimeras.com.do\/wp-content\/uploads\/2026\/01\/Victor-Pavon.jpg?resize=350%2C200&ssl=1 1x, https:\/\/i0.wp.com\/lasprimeras.com.do\/wp-content\/uploads\/2026\/01\/Victor-Pavon.jpg?resize=525%2C300&ssl=1 1.5x, https:\/\/i0.wp.com\/lasprimeras.com.do\/wp-content\/uploads\/2026\/01\/Victor-Pavon.jpg?resize=700%2C400&ssl=1 2x"},"classes":[]}],"jetpack_sharing_enabled":true,"_links":{"self":[{"href":"https:\/\/lasprimeras.com.do\/index.php\/wp-json\/wp\/v2\/posts\/120405","targetHints":{"allow":["GET"]}}],"collection":[{"href":"https:\/\/lasprimeras.com.do\/index.php\/wp-json\/wp\/v2\/posts"}],"about":[{"href":"https:\/\/lasprimeras.com.do\/index.php\/wp-json\/wp\/v2\/types\/post"}],"author":[{"embeddable":true,"href":"https:\/\/lasprimeras.com.do\/index.php\/wp-json\/wp\/v2\/users\/10"}],"replies":[{"embeddable":true,"href":"https:\/\/lasprimeras.com.do\/index.php\/wp-json\/wp\/v2\/comments?post=120405"}],"version-history":[{"count":1,"href":"https:\/\/lasprimeras.com.do\/index.php\/wp-json\/wp\/v2\/posts\/120405\/revisions"}],"predecessor-version":[{"id":120407,"href":"https:\/\/lasprimeras.com.do\/index.php\/wp-json\/wp\/v2\/posts\/120405\/revisions\/120407"}],"wp:featuredmedia":[{"embeddable":true,"href":"https:\/\/lasprimeras.com.do\/index.php\/wp-json\/wp\/v2\/media\/120406"}],"wp:attachment":[{"href":"https:\/\/lasprimeras.com.do\/index.php\/wp-json\/wp\/v2\/media?parent=120405"}],"wp:term":[{"taxonomy":"category","embeddable":true,"href":"https:\/\/lasprimeras.com.do\/index.php\/wp-json\/wp\/v2\/categories?post=120405"},{"taxonomy":"post_tag","embeddable":true,"href":"https:\/\/lasprimeras.com.do\/index.php\/wp-json\/wp\/v2\/tags?post=120405"}],"curies":[{"name":"wp","href":"https:\/\/api.w.org\/{rel}","templated":true}]}}