{"id":120408,"date":"2026-01-23T12:02:03","date_gmt":"2026-01-23T16:02:03","guid":{"rendered":"https:\/\/lasprimeras.com.do\/?p=120408"},"modified":"2026-01-23T12:02:06","modified_gmt":"2026-01-23T16:02:06","slug":"danilo-medina-juramentara-direccion-de-dignidad-juridica","status":"publish","type":"post","link":"https:\/\/lasprimeras.com.do\/index.php\/2026\/01\/23\/danilo-medina-juramentara-direccion-de-dignidad-juridica\/","title":{"rendered":"Danilo Medina juramentar\u00e1 direcci\u00f3n de Dignidad Jur\u00eddica"},"content":{"rendered":"\n<p>Con la juramentaci\u00f3n de Dignidad Jur\u00eddica, el PLD fortalece su estructura gremial y defiende el ejercicio del derecho.<\/p>\n\n\n\n<p>Con la juramentaci\u00f3n de la nueva direcci\u00f3n nacional de la corriente gremial Dignidad Jur\u00eddica, el Partido de la Liberaci\u00f3n Dominicana fortalece su estructura gremial y se prepara para defender el ejercicio del derecho.<\/p>\n\n\n\n<p>En una promoci\u00f3n audiovisual colocada en los portales y redes sociales del PLD, en la que se invita a participar en el acto programado para este s\u00e1bado, se confirma la presencia del ex presidente de la Rep\u00fablica, Danilo Medina, quien, en su calidad de presidente del PLD, tomar\u00e1 el juramento al equipo que pasar\u00e1 a dirigir la corriente gremial.<\/p>\n\n\n\n<p>La actividad est\u00e1 pautada para desarrollarse en el Gran Sal\u00f3n Bienvenido Sandoval de la Casa Nacional Reinaldo Pared P\u00e9rez, a partir de las nueve de la ma\u00f1ana de este s\u00e1bado 24 de enero, con la participaci\u00f3n de delegaciones de abogados y abogadas provenientes de todas las provincias del pa\u00eds.<\/p>\n\n\n\n<p>En un proceso electoral a nivel nacional fue seleccionado el abogado Leonardo Reynoso, reconocido dirigente del Partido de la Liberaci\u00f3n Dominicana, presidente de Dignidad Jur\u00eddica, junto a la directiva que le acompa\u00f1ar\u00e1 en la direcci\u00f3n de la corriente gremial.<\/p>\n\n\n\n<p>Con el acto de juramentaci\u00f3n de la direcci\u00f3n de Dignidad Jur\u00eddica concluy\u00f3 el proceso de reestructuraci\u00f3n del corriente impulsado por la Secretar\u00eda de Asuntos Gremiales y Profesionales, que se desarroll\u00f3 con la designaci\u00f3n de un Comit\u00e9 de Coordinaci\u00f3n, que realiz\u00f3 asambleas y encuentros regionales, que culminaron con la celebraci\u00f3n de elecciones en todo el pa\u00eds.<\/p>\n\n\n\n<p>La nueva direcci\u00f3n ha hecho el compromiso de fortalecer y reivindicar los aportes de la estupenda corriente gremial con m\u00e1s de tres d\u00e9cadas de existencia.<\/p>\n","protected":false},"excerpt":{"rendered":"<p>Con la juramentaci\u00f3n de Dignidad Jur\u00eddica, el PLD fortalece su estructura gremial y defiende el ejercicio del derecho. Con la juramentaci\u00f3n de la nueva direcci\u00f3n nacional de la corriente gremial&hellip;<\/p>\n","protected":false},"author":10,"featured_media":111681,"comment_status":"open","ping_status":"open","sticky":false,"template":"","format":"standard","meta":{"content-type":"","jetpack_post_was_ever_published":false,"_jetpack_newsletter_access":"","_jetpack_dont_email_post_to_subs":false,"_jetpack_newsletter_tier_id":0,"_jetpack_memberships_contains_paywalled_content":false,"_jetpack_memberships_contains_paid_content":false,"footnotes":""},"categories":[16559,25],"tags":[501,19411,29670,269],"class_list":["post-120408","post","type-post","status-publish","format-standard","has-post-thumbnail","hentry","category-politica","category-portada","tag-danilo-medina","tag-dignidad-juridica","tag-juramentacion-2","tag-pld"],"jetpack_featured_media_url":"https:\/\/lasprimeras.com.do\/wp-content\/uploads\/2025\/10\/Danilo-Medina-1.jpg","jetpack-related-posts":[{"id":98690,"url":"https:\/\/lasprimeras.com.do\/index.php\/2025\/05\/10\/profesionales-del-derecho-del-pld-en-la-region-norte-fortalecen-dignidad-juridica\/","url_meta":{"origin":120408,"position":0},"title":"Profesionales del Derecho del PLD en la regi\u00f3n Norte fortalecen Dignidad Jur\u00eddica","author":"Nelson Feliz","date":"10 de mayo de 2025","format":false,"excerpt":"Con una participaci\u00f3n masiva y entusiasta, el Partido de la Liberaci\u00f3n Dominicana (PLD) celebr\u00f3 en Santiago la Segunda Gran Asamblea Regional de Abogadas y Abogados pelede\u00edstas, encabezada por el secretario general del partido, Jhonny Pujols, la representaci\u00f3n de la Secretar\u00eda de Asuntos Gremiales y Profesionales y el Comit\u00e9 de Reestructuraci\u00f3n\u2026","rel":"","context":"En \u00abPOLITICA\u00bb","block_context":{"text":"POLITICA","link":"https:\/\/lasprimeras.com.do\/index.php\/category\/politica\/"},"img":{"alt_text":"Dignidad Jur\u00eddica","src":"https:\/\/i0.wp.com\/lasprimeras.com.do\/wp-content\/uploads\/2025\/05\/Dignidad-Juridica-2.jpg?resize=350%2C200&ssl=1","width":350,"height":200,"srcset":"https:\/\/i0.wp.com\/lasprimeras.com.do\/wp-content\/uploads\/2025\/05\/Dignidad-Juridica-2.jpg?resize=350%2C200&ssl=1 1x, https:\/\/i0.wp.com\/lasprimeras.com.do\/wp-content\/uploads\/2025\/05\/Dignidad-Juridica-2.jpg?resize=525%2C300&ssl=1 1.5x, https:\/\/i0.wp.com\/lasprimeras.com.do\/wp-content\/uploads\/2025\/05\/Dignidad-Juridica-2.jpg?resize=700%2C400&ssl=1 2x"},"classes":[]},{"id":111029,"url":"https:\/\/lasprimeras.com.do\/index.php\/2025\/10\/03\/dignidad-juridica-convoca-su-asamblea-nacional-para-el-9-de-noviembre-proximo\/","url_meta":{"origin":120408,"position":1},"title":"Dignidad Jur\u00eddica convoca su asamblea nacional para el 9 de noviembre pr\u00f3ximo","author":"Nelson Feliz","date":"3 de octubre de 2025","format":false,"excerpt":"El Comit\u00e9 Nacional de Reestructuraci\u00f3n de Dignidad Jur\u00eddica, orientada por el Partido de la Liberaci\u00f3n Dominicana (PLD), convoc\u00f3 para el domingo 9 de noviembre a la Gran Asamblea Nacional de Abogados Pelede\u00edstas con la misi\u00f3n de dejar consolidada la nueva estructura de esa corriente de profesionales del Derecho. \u201cQued\u00f3 aprobada\u2026","rel":"","context":"En \u00abPOLITICA\u00bb","block_context":{"text":"POLITICA","link":"https:\/\/lasprimeras.com.do\/index.php\/category\/politica\/"},"img":{"alt_text":"","src":"https:\/\/i0.wp.com\/lasprimeras.com.do\/wp-content\/uploads\/2025\/10\/Dignidad-Juridica.jpg?resize=350%2C200&ssl=1","width":350,"height":200,"srcset":"https:\/\/i0.wp.com\/lasprimeras.com.do\/wp-content\/uploads\/2025\/10\/Dignidad-Juridica.jpg?resize=350%2C200&ssl=1 1x, https:\/\/i0.wp.com\/lasprimeras.com.do\/wp-content\/uploads\/2025\/10\/Dignidad-Juridica.jpg?resize=525%2C300&ssl=1 1.5x, https:\/\/i0.wp.com\/lasprimeras.com.do\/wp-content\/uploads\/2025\/10\/Dignidad-Juridica.jpg?resize=700%2C400&ssl=1 2x"},"classes":[]},{"id":128561,"url":"https:\/\/lasprimeras.com.do\/index.php\/2026\/04\/24\/pld-juramenta-equipo-de-contadores-de-santo-domingo-norte-y-la-victoria\/","url_meta":{"origin":120408,"position":2},"title":"PLD juramenta Equipo de Contadores de Santo Domingo Norte y La Victoria","author":"Nelson Feliz","date":"24 de abril de 2026","format":false,"excerpt":"La Secretar\u00eda de Asuntos Gremiales y Profesionales (SAGP) del Partido de la Liberaci\u00f3n Dominicana (PLD) dej\u00f3 constituida la direcci\u00f3n de la corriente gremial de Contadores en el municipio Santo Domingo Norte. El titular de la SAGP, Francisco Mosquea, tom\u00f3 el juramento al equipo directivo de los profesionales de la contadur\u00eda,\u2026","rel":"","context":"En \u00abPOLITICA\u00bb","block_context":{"text":"POLITICA","link":"https:\/\/lasprimeras.com.do\/index.php\/category\/politica\/"},"img":{"alt_text":"","src":"https:\/\/i0.wp.com\/lasprimeras.com.do\/wp-content\/uploads\/2026\/04\/Corriente-gremial-de-Contadores-1.jpeg?resize=350%2C200&ssl=1","width":350,"height":200,"srcset":"https:\/\/i0.wp.com\/lasprimeras.com.do\/wp-content\/uploads\/2026\/04\/Corriente-gremial-de-Contadores-1.jpeg?resize=350%2C200&ssl=1 1x, https:\/\/i0.wp.com\/lasprimeras.com.do\/wp-content\/uploads\/2026\/04\/Corriente-gremial-de-Contadores-1.jpeg?resize=525%2C300&ssl=1 1.5x, https:\/\/i0.wp.com\/lasprimeras.com.do\/wp-content\/uploads\/2026\/04\/Corriente-gremial-de-Contadores-1.jpeg?resize=700%2C400&ssl=1 2x"},"classes":[]},{"id":117857,"url":"https:\/\/lasprimeras.com.do\/index.php\/2025\/12\/16\/dignidad-juridica-del-pld-en-defensa-de-los-afectados-del-caso-senasa\/","url_meta":{"origin":120408,"position":3},"title":"Dignidad Jur\u00eddica del PLD en defensa de los afectados del caso SeNaSa","author":"Nelson Feliz","date":"16 de diciembre de 2025","format":false,"excerpt":"El PLD pone a disposici\u00f3n de los afectados el caso SeNaSa sus abogados y abogadas para la asistencia legal requerida sin costo alguno. La Corriente Gremial Dignidad Jur\u00eddica, orientada por el Partido de la Liberaci\u00f3n Dominicana, (PLD) pone a disposici\u00f3n de los afectados el caso SeNaSa los m\u00e1s de diez\u2026","rel":"","context":"En \u00abPOLITICA\u00bb","block_context":{"text":"POLITICA","link":"https:\/\/lasprimeras.com.do\/index.php\/category\/politica\/"},"img":{"alt_text":"","src":"https:\/\/i0.wp.com\/lasprimeras.com.do\/wp-content\/uploads\/2025\/12\/PLD.jpg?resize=350%2C200&ssl=1","width":350,"height":200,"srcset":"https:\/\/i0.wp.com\/lasprimeras.com.do\/wp-content\/uploads\/2025\/12\/PLD.jpg?resize=350%2C200&ssl=1 1x, https:\/\/i0.wp.com\/lasprimeras.com.do\/wp-content\/uploads\/2025\/12\/PLD.jpg?resize=525%2C300&ssl=1 1.5x, https:\/\/i0.wp.com\/lasprimeras.com.do\/wp-content\/uploads\/2025\/12\/PLD.jpg?resize=700%2C400&ssl=1 2x, https:\/\/i0.wp.com\/lasprimeras.com.do\/wp-content\/uploads\/2025\/12\/PLD.jpg?resize=1050%2C600&ssl=1 3x, https:\/\/i0.wp.com\/lasprimeras.com.do\/wp-content\/uploads\/2025\/12\/PLD.jpg?resize=1400%2C800&ssl=1 4x"},"classes":[]},{"id":128698,"url":"https:\/\/lasprimeras.com.do\/index.php\/2026\/04\/25\/danilo-medina-encabezara-actos-de-juramentacion-del-pld-este-domingo\/","url_meta":{"origin":120408,"position":4},"title":"Danilo Medina encabezar\u00e1 actos de juramentaci\u00f3n del PLD este domingo","author":"Nelson Feliz","date":"25 de abril de 2026","format":false,"excerpt":"Danilo Medina encabezar\u00e1 este domingo sendas actividades de juramentaci\u00f3n: la primera en Mao en la ma\u00f1ana y la segunda en Santiago en horas de la tarde. El expresidente Danilo Medina, presidente del Partido de la Liberaci\u00f3n Dominicana (PLD), participar\u00e1 este domingo en sendos actos de juramentaci\u00f3n de ciudadanos que apoyan\u2026","rel":"","context":"En \u00abPOLITICA\u00bb","block_context":{"text":"POLITICA","link":"https:\/\/lasprimeras.com.do\/index.php\/category\/politica\/"},"img":{"alt_text":"Danilo Medina","src":"https:\/\/i0.wp.com\/lasprimeras.com.do\/wp-content\/uploads\/2026\/04\/Danilo-Medina-2.jpg?resize=350%2C200&ssl=1","width":350,"height":200,"srcset":"https:\/\/i0.wp.com\/lasprimeras.com.do\/wp-content\/uploads\/2026\/04\/Danilo-Medina-2.jpg?resize=350%2C200&ssl=1 1x, https:\/\/i0.wp.com\/lasprimeras.com.do\/wp-content\/uploads\/2026\/04\/Danilo-Medina-2.jpg?resize=525%2C300&ssl=1 1.5x, https:\/\/i0.wp.com\/lasprimeras.com.do\/wp-content\/uploads\/2026\/04\/Danilo-Medina-2.jpg?resize=700%2C400&ssl=1 2x"},"classes":[]},{"id":116114,"url":"https:\/\/lasprimeras.com.do\/index.php\/2025\/11\/27\/pld-celebrara-el-congresoescogera-direccion-de-la-corriente-dignidad-juridica\/","url_meta":{"origin":120408,"position":5},"title":"PLD celebrar\u00e1 el Congreso;escoger\u00e1 direcci\u00f3n de la corriente Dignidad Jur\u00eddica","author":"Nelson Feliz","date":"27 de noviembre de 2025","format":false,"excerpt":"El Partido de la Liberaci\u00f3n Dominicana (PLD) program\u00f3 para el fin de semana dos importantes actividades en el cumplimiento de su l\u00ednea estrat\u00e9gica de fortalecimiento institucional. El s\u00e1bado 29 de noviembre la Secretar\u00eda de Relaciones Laborales del PLD realizar\u00e1 el Congreso Fundacional de la Corriente Sindical Miguel Soto, mediante un\u2026","rel":"","context":"En \u00abPOLITICA\u00bb","block_context":{"text":"POLITICA","link":"https:\/\/lasprimeras.com.do\/index.php\/category\/politica\/"},"img":{"alt_text":"","src":"https:\/\/i0.wp.com\/lasprimeras.com.do\/wp-content\/uploads\/2024\/05\/CN-PLD.jpg?resize=350%2C200&ssl=1","width":350,"height":200,"srcset":"https:\/\/i0.wp.com\/lasprimeras.com.do\/wp-content\/uploads\/2024\/05\/CN-PLD.jpg?resize=350%2C200&ssl=1 1x, https:\/\/i0.wp.com\/lasprimeras.com.do\/wp-content\/uploads\/2024\/05\/CN-PLD.jpg?resize=525%2C300&ssl=1 1.5x, https:\/\/i0.wp.com\/lasprimeras.com.do\/wp-content\/uploads\/2024\/05\/CN-PLD.jpg?resize=700%2C400&ssl=1 2x"},"classes":[]}],"jetpack_sharing_enabled":true,"_links":{"self":[{"href":"https:\/\/lasprimeras.com.do\/index.php\/wp-json\/wp\/v2\/posts\/120408","targetHints":{"allow":["GET"]}}],"collection":[{"href":"https:\/\/lasprimeras.com.do\/index.php\/wp-json\/wp\/v2\/posts"}],"about":[{"href":"https:\/\/lasprimeras.com.do\/index.php\/wp-json\/wp\/v2\/types\/post"}],"author":[{"embeddable":true,"href":"https:\/\/lasprimeras.com.do\/index.php\/wp-json\/wp\/v2\/users\/10"}],"replies":[{"embeddable":true,"href":"https:\/\/lasprimeras.com.do\/index.php\/wp-json\/wp\/v2\/comments?post=120408"}],"version-history":[{"count":1,"href":"https:\/\/lasprimeras.com.do\/index.php\/wp-json\/wp\/v2\/posts\/120408\/revisions"}],"predecessor-version":[{"id":120409,"href":"https:\/\/lasprimeras.com.do\/index.php\/wp-json\/wp\/v2\/posts\/120408\/revisions\/120409"}],"wp:featuredmedia":[{"embeddable":true,"href":"https:\/\/lasprimeras.com.do\/index.php\/wp-json\/wp\/v2\/media\/111681"}],"wp:attachment":[{"href":"https:\/\/lasprimeras.com.do\/index.php\/wp-json\/wp\/v2\/media?parent=120408"}],"wp:term":[{"taxonomy":"category","embeddable":true,"href":"https:\/\/lasprimeras.com.do\/index.php\/wp-json\/wp\/v2\/categories?post=120408"},{"taxonomy":"post_tag","embeddable":true,"href":"https:\/\/lasprimeras.com.do\/index.php\/wp-json\/wp\/v2\/tags?post=120408"}],"curies":[{"name":"wp","href":"https:\/\/api.w.org\/{rel}","templated":true}]}}